{"id":1258,"date":"2020-04-06T23:02:10","date_gmt":"2020-04-06T21:02:10","guid":{"rendered":"http:\/\/apeimeudon.fr\/Blog-APEI\/?p=1258"},"modified":"2020-04-20T17:45:33","modified_gmt":"2020-04-20T15:45:33","slug":"confinement-au-foyer-fleury-les-jours-se-suivent-mais","status":"publish","type":"post","link":"http:\/\/apeimeudon.fr\/Blog-APEI\/confinement-au-foyer-fleury-les-jours-se-suivent-mais\/","title":{"rendered":"Confinement au foyer Fleury &#8211; Les jours se suivent mais &#8230;"},"content":{"rendered":"\n<h4 class=\"wp-block-heading\">Le corona virus a aussi oblig\u00e9 le foyer de Fleury \u00e0 rester confiner<\/h4>\n\n\n\n<!--more-->\n\n\n\n<p><strong><em>Le 19 mars<\/em><\/strong><\/p>\n\n\n\n<p>Pour ne pas perdre la forme nous faisons du sport.<\/p>\n\n\n\n<p>S\u00e9ance d\u2019\u00e9tirements pour Eric, Alexis, Yazid, Sarah, Alexa, Jocelin et David. \u00c7a tire&nbsp;sur les muscles !! Anne qui les encourage&nbsp;!!<\/p>\n\n\n<p>\r\n\t\t\t\t\t\n\r\n\t\t\t\t\t<!-- START UNITE GALLERY 1.7.62 -->\r\n\t\t\t\t\t\r\n\t\t\t\t\n\t\t\t<div id='unitegallery_68_1' class='unite-gallery' style='margin:0px auto;'>\n\t\t\t\t\n\n\t\t\t\t\t\t<img alt=\"Sport 1\"\n\t\t\t\t\t\t     src=\"\" data-image=\"http:\/\/apeimeudon.fr\/Blog-APEI\/wp-content\/uploads\/2020\/04\/Sport-1.jpg\"\n\t\t\t\t\t\t     data-thumb=\"http:\/\/apeimeudon.fr\/Blog-APEI\/wp-content\/uploads\/2020\/04\/Sport-1-225x300.jpg\"\n\t\t\t\t\t\t     title=\"\"\n\t\t\t\t\t\t     style=\"display:none\">\n\n\t\t\t\t\t\t<img alt=\"Sport 2\"\n\t\t\t\t\t\t     src=\"\" data-image=\"http:\/\/apeimeudon.fr\/Blog-APEI\/wp-content\/uploads\/2020\/04\/Sport-2.jpg\"\n\t\t\t\t\t\t     data-thumb=\"http:\/\/apeimeudon.fr\/Blog-APEI\/wp-content\/uploads\/2020\/04\/Sport-2-162x300.jpg\"\n\t\t\t\t\t\t     title=\"\"\n\t\t\t\t\t\t     style=\"display:none\">\n\t\t\t<\/div>\n\n\t\t\t<script type='text\/javascript'>\n\t\t\t\twindow.onload = function(e) {\n\t\t\t\t\tif(typeof ugCheckForErrors == \"undefined\"){\n\t\t\t\t\t\tdocument.getElementById(\"unitegallery_68_1\").innerHTML = \"<span style='color:red'>Unite Gallery Error - gallery js and css files not included in the footer. Please make sure that wp_footer() function is added to your theme.<\/span>\";}\n\t\t\t\t\telse{ ugCheckForErrors(\"unitegallery_68_1\", \"jquery\");}\n\t\t\t\t};\n\t\t\t<\/script>\n\n\t\t\t<!-- END UNITEGALLERY --><\/p>\n\n\n\n<figure class=\"wp-block-video aligncenter\"><video height=\"640\" style=\"aspect-ratio: 336 \/ 640;\" width=\"336\" controls src=\"http:\/\/apeimeudon.fr\/Blog-APEI\/wp-content\/uploads\/2020\/04\/2ef05b39-a011-468a-8644-c4ad5f26a0ca.mp4\"><\/video><\/figure>\n\n\n\n<p><strong><em>Le 24 Mars 2020 <\/em><\/strong><\/p>\n\n\n\n<p>Apr\u00e8s l\u2019effort, le r\u00e9confort par une petite mise en beaut\u00e9. <\/p>\n\n\n\n<p>Pose de vernis \u00e0 ongles pour Sarah et Alexa, masque du visage pour Yazid.<\/p>\n\n\n<p>\r\n\t\t\t\t\t\n\r\n\t\t\t\t\t<!-- START UNITE GALLERY 1.7.62 -->\r\n\t\t\t\t\t\r\n\t\t\t\t\n\t\t\t<div id='unitegallery_69_2' class='unite-gallery' style='margin:0px auto;'>\n\t\t\t\t\n\n\t\t\t\t\t\t<img alt=\"Esthetique 1\"\n\t\t\t\t\t\t     src=\"\" data-image=\"http:\/\/apeimeudon.fr\/Blog-APEI\/wp-content\/uploads\/2020\/04\/Esthetique-1.jpg\"\n\t\t\t\t\t\t     data-thumb=\"http:\/\/apeimeudon.fr\/Blog-APEI\/wp-content\/uploads\/2020\/04\/Esthetique-1-225x300.jpg\"\n\t\t\t\t\t\t     title=\"\"\n\t\t\t\t\t\t     style=\"display:none\">\n\n\t\t\t\t\t\t<img alt=\"Esthetique 2\"\n\t\t\t\t\t\t     src=\"\" data-image=\"http:\/\/apeimeudon.fr\/Blog-APEI\/wp-content\/uploads\/2020\/04\/Esthetique-2.jpg\"\n\t\t\t\t\t\t     data-thumb=\"http:\/\/apeimeudon.fr\/Blog-APEI\/wp-content\/uploads\/2020\/04\/Esthetique-2-225x300.jpg\"\n\t\t\t\t\t\t     title=\"\"\n\t\t\t\t\t\t     style=\"display:none\">\n\n\t\t\t\t\t\t<img alt=\"Esthetique 3\"\n\t\t\t\t\t\t     src=\"\" data-image=\"http:\/\/apeimeudon.fr\/Blog-APEI\/wp-content\/uploads\/2020\/04\/Esthetique-3.jpg\"\n\t\t\t\t\t\t     data-thumb=\"http:\/\/apeimeudon.fr\/Blog-APEI\/wp-content\/uploads\/2020\/04\/Esthetique-3-225x300.jpg\"\n\t\t\t\t\t\t     title=\"\"\n\t\t\t\t\t\t     style=\"display:none\">\n\n\t\t\t\t\t\t<img alt=\"Esthetique 4\"\n\t\t\t\t\t\t     src=\"\" data-image=\"http:\/\/apeimeudon.fr\/Blog-APEI\/wp-content\/uploads\/2020\/04\/Esthetique-4.jpg\"\n\t\t\t\t\t\t     data-thumb=\"http:\/\/apeimeudon.fr\/Blog-APEI\/wp-content\/uploads\/2020\/04\/Esthetique-4-225x300.jpg\"\n\t\t\t\t\t\t     title=\"\"\n\t\t\t\t\t\t     style=\"display:none\">\n\t\t\t<\/div>\n\n\n\t\t\t<!-- END UNITEGALLERY --><\/p>\n\n\n\n<p>Pendant ce temps, Eric et St\u00e9phane en profitent pour aller en for\u00eat\u2026<\/p>\n\n\n\n<div class=\"wp-block-image\"><figure class=\"aligncenter size-full is-resized\"><img loading=\"lazy\" decoding=\"async\" src=\"http:\/\/apeimeudon.fr\/Blog-APEI\/wp-content\/uploads\/2020\/04\/Balade-en-for\u00eat-1.jpg\" alt=\"\" class=\"wp-image-1264\" width=\"288\" height=\"512\" srcset=\"http:\/\/apeimeudon.fr\/Blog-APEI\/wp-content\/uploads\/2020\/04\/Balade-en-for\u00eat-1.jpg 576w, http:\/\/apeimeudon.fr\/Blog-APEI\/wp-content\/uploads\/2020\/04\/Balade-en-for\u00eat-1-169x300.jpg 169w, http:\/\/apeimeudon.fr\/Blog-APEI\/wp-content\/uploads\/2020\/04\/Balade-en-for\u00eat-1-432x768.jpg 432w\" sizes=\"auto, (max-width: 288px) 100vw, 288px\" \/><\/figure><\/div>\n\n\n\n<p><strong><em>Le 28 mars<\/em><\/strong><\/p>\n\n\n\n<figure class=\"wp-block-video aligncenter\"><video height=\"1936\" style=\"aspect-ratio: 1040 \/ 1936;\" width=\"1040\" controls src=\"http:\/\/apeimeudon.fr\/Blog-APEI\/wp-content\/uploads\/2020\/04\/Snapchat-18152133.mp4\"><\/video><figcaption><br>Fin de repas dans la joie et la bonne humeur pour St\u00e9phane !<\/figcaption><\/figure>\n\n\n\n<p>Apr\u00e8s-midi sur la WII, avec le jeu \u00ab\u00a0Just Dance\u00a0\u00bb\u00a0: Alexa et Alexis s\u2019en donnent \u00e0 c\u0153ur joie\u00a0!<\/p>\n\n\n\n<figure class=\"wp-block-video\"><video height=\"1936\" style=\"aspect-ratio: 1040 \/ 1936;\" width=\"1040\" controls src=\"http:\/\/apeimeudon.fr\/Blog-APEI\/wp-content\/uploads\/2020\/04\/Snapchat-821338775.mp4\"><\/video><figcaption><br>Alexa et Alexis s\u2019en donnent \u00e0 c\u0153ur joie\u00a0!<br><\/figcaption><\/figure>\n\n\n\n<p><strong><em>Le 29 Mars<\/em><\/strong><\/p>\n\n\n\n<p>Nous prolongeons les petits plaisirs avec un atelier cuisine. <\/p>\n\n\n\n<p>Confection des diff\u00e9rentes quiches avec St\u00e9phane, Eric, Alexis, Yazid, Alexa et Jocelin.<\/p>\n\n\n\n<p>Puis d\u00e9gustation des tiramisus\u2026<\/p>\n\n\n<p>\r\n\t\t\t\t\t\n\r\n\t\t\t\t\t<!-- START UNITE GALLERY 1.7.62 -->\r\n\t\t\t\t\t\r\n\t\t\t\t\n\t\t\t<div id='unitegallery_70_3' class='unite-gallery' style='margin:0px auto;'>\n\t\t\t\t\n\n\t\t\t\t\t\t<img alt=\"Atelier cuisine 1\"\n\t\t\t\t\t\t     src=\"\" data-image=\"http:\/\/apeimeudon.fr\/Blog-APEI\/wp-content\/uploads\/2020\/04\/Atelier-cuisine-1.jpg\"\n\t\t\t\t\t\t     data-thumb=\"http:\/\/apeimeudon.fr\/Blog-APEI\/wp-content\/uploads\/2020\/04\/Atelier-cuisine-1-161x300.jpg\"\n\t\t\t\t\t\t     title=\"\"\n\t\t\t\t\t\t     style=\"display:none\">\n\n\t\t\t\t\t\t<img alt=\"Atelier cuisine 2\"\n\t\t\t\t\t\t     src=\"\" data-image=\"http:\/\/apeimeudon.fr\/Blog-APEI\/wp-content\/uploads\/2020\/04\/Atelier-cuisine-2.jpg\"\n\t\t\t\t\t\t     data-thumb=\"http:\/\/apeimeudon.fr\/Blog-APEI\/wp-content\/uploads\/2020\/04\/Atelier-cuisine-2-169x300.jpg\"\n\t\t\t\t\t\t     title=\"\"\n\t\t\t\t\t\t     style=\"display:none\">\n\t\t\t<\/div>\n\n\n\t\t\t<!-- END UNITEGALLERY --><\/p>\n\n\n\n<p>Mais qu\u2019est-ce que c\u2019est bon&nbsp;!! C\u2019est m\u00eame meilleur dans le plat, n\u2019est-ce pas Yazid et Mehdi&nbsp;??<\/p>\n\n\n\n<div class=\"wp-block-image\"><figure class=\"aligncenter size-full is-resized\"><img loading=\"lazy\" decoding=\"async\" src=\"http:\/\/apeimeudon.fr\/Blog-APEI\/wp-content\/uploads\/2020\/04\/Atelier-cuisine-3.jpg\" alt=\"\" class=\"wp-image-1242\" width=\"384\" height=\"512\" srcset=\"http:\/\/apeimeudon.fr\/Blog-APEI\/wp-content\/uploads\/2020\/04\/Atelier-cuisine-3.jpg 768w, http:\/\/apeimeudon.fr\/Blog-APEI\/wp-content\/uploads\/2020\/04\/Atelier-cuisine-3-225x300.jpg 225w, http:\/\/apeimeudon.fr\/Blog-APEI\/wp-content\/uploads\/2020\/04\/Atelier-cuisine-3-576x768.jpg 576w\" sizes=\"auto, (max-width: 384px) 100vw, 384px\" \/><\/figure><\/div>\n\n\n\n<figure class=\"wp-block-video aligncenter\"><video height=\"640\" style=\"aspect-ratio: 336 \/ 640;\" width=\"336\" controls src=\"http:\/\/apeimeudon.fr\/Blog-APEI\/wp-content\/uploads\/2020\/04\/vid\u00e9o-Mehdi.mp4\"><\/video><figcaption>C&rsquo;est meilleur dans le plat !<\/figcaption><\/figure>\n\n\n\n<p><strong><em>Le 01 Avril<\/em><\/strong><\/p>\n\n\n\n<p>Pour que le temps soit moins long. Nous avons mis en place des olympiades. Tous les jours, nous aurons des \u00e9preuves diff\u00e9rentes. Les premi\u00e8res \u00e9preuves ont \u00e9t\u00e9 un dessin\u00e9, c\u2019est gagn\u00e9. Suivi d\u2019un mim\u00e9, c\u2019est gagn\u00e9.<\/p>\n\n\n\n<figure class=\"wp-block-video aligncenter\"><video height=\"1344\" style=\"aspect-ratio: 720 \/ 1344;\" width=\"720\" controls src=\"http:\/\/apeimeudon.fr\/Blog-APEI\/wp-content\/uploads\/2020\/04\/Snapchat-848322971.mp4\"><\/video><figcaption>David<\/figcaption><\/figure>\n\n\n\n<p><strong><em>Le 02 Avril<\/em><\/strong><\/p>\n\n\n\n<p>Ce matin, activit\u00e9 coloriage pour Anne, sequins ou perles pour St\u00e9phane et Mehdi. <\/p>\n\n\n\n<p>La concentration est de rigueur.<\/p>\n\n\n\n<div class=\"wp-block-image\"><figure class=\"aligncenter size-full is-resized\"><img loading=\"lazy\" decoding=\"async\" src=\"http:\/\/apeimeudon.fr\/Blog-APEI\/wp-content\/uploads\/2020\/04\/Olympiades-1.jpg\" alt=\"\" class=\"wp-image-1248\" width=\"288\" height=\"512\" srcset=\"http:\/\/apeimeudon.fr\/Blog-APEI\/wp-content\/uploads\/2020\/04\/Olympiades-1.jpg 575w, http:\/\/apeimeudon.fr\/Blog-APEI\/wp-content\/uploads\/2020\/04\/Olympiades-1-168x300.jpg 168w, http:\/\/apeimeudon.fr\/Blog-APEI\/wp-content\/uploads\/2020\/04\/Olympiades-1-431x768.jpg 431w\" sizes=\"auto, (max-width: 288px) 100vw, 288px\" \/><\/figure><\/div>\n\n\n\n<p>L\u2019apr\u00e8s-midi, les \u00e9ducatrices sont all\u00e9es faire des courses. <\/p>\n\n\n\n<p>L\u2019\u00e9preuve du jour est de rapidit\u00e9\u00a0! <\/p>\n\n\n\n<p>Les concurrents sont Sarah, Alexa, David, Jocelin et Alexis.<\/p>\n\n\n\n<figure class=\"wp-block-video aligncenter\"><video height=\"352\" style=\"aspect-ratio: 640 \/ 352;\" width=\"640\" controls src=\"http:\/\/apeimeudon.fr\/Blog-APEI\/wp-content\/uploads\/2020\/04\/VID-20200402-WA0001.mp4\"><\/video><\/figure>\n\n\n\n<figure class=\"wp-block-video aligncenter\"><video height=\"352\" style=\"aspect-ratio: 640 \/ 352;\" width=\"640\" controls src=\"http:\/\/apeimeudon.fr\/Blog-APEI\/wp-content\/uploads\/2020\/04\/VID-20200402-WA0002.mp4\"><\/video><\/figure>\n\n\n\n<p><strong><em>Le 03 Avril<\/em><\/strong><\/p>\n\n\n\n<p>Cet apr\u00e8s-midi \u00e9pluchage des l\u00e9gumes en vue d\u2019une soupe maison par Mehdi, Sarah, Yazid et Alexis.<\/p>\n\n\n\n<div class=\"wp-block-image\"><figure class=\"aligncenter size-full is-resized\"><img loading=\"lazy\" decoding=\"async\" src=\"http:\/\/apeimeudon.fr\/Blog-APEI\/wp-content\/uploads\/2020\/04\/D\u00e9coupe-des-l\u00e9gumes-1.jpg\" alt=\"\" class=\"wp-image-1243\" width=\"384\" height=\"512\" srcset=\"http:\/\/apeimeudon.fr\/Blog-APEI\/wp-content\/uploads\/2020\/04\/D\u00e9coupe-des-l\u00e9gumes-1.jpg 768w, http:\/\/apeimeudon.fr\/Blog-APEI\/wp-content\/uploads\/2020\/04\/D\u00e9coupe-des-l\u00e9gumes-1-225x300.jpg 225w, http:\/\/apeimeudon.fr\/Blog-APEI\/wp-content\/uploads\/2020\/04\/D\u00e9coupe-des-l\u00e9gumes-1-577x768.jpg 577w\" sizes=\"auto, (max-width: 384px) 100vw, 384px\" \/><\/figure><\/div>\n","protected":false},"excerpt":{"rendered":"<p>Le corona virus a aussi oblig\u00e9 le foyer de Fleury \u00e0 rester confiner<\/p>\n","protected":false},"author":2,"featured_media":1257,"comment_status":"open","ping_status":"open","sticky":false,"template":"","format":"standard","meta":{"_acf_changed":false,"_monsterinsights_skip_tracking":false,"_monsterinsights_sitenote_active":false,"_monsterinsights_sitenote_note":"","_monsterinsights_sitenote_category":0,"ngg_post_thumbnail":0,"footnotes":""},"categories":[43,44,32],"tags":[],"class_list":["post-1258","post","type-post","status-publish","format-standard","has-post-thumbnail","hentry","category-confinement","category-coronavirus","category-foyer-fleury"],"acf":[],"yoast_head":"<!-- This site is optimized with the Yoast SEO plugin v27.3 - https:\/\/yoast.com\/product\/yoast-seo-wordpress\/ -->\n<title>Confinement au foyer Fleury - Les jours se suivent mais ... - La Gazette des Foyers de l&#039;APEI de Meudon<\/title>\n<meta name=\"robots\" content=\"index, follow, max-snippet:-1, max-image-preview:large, max-video-preview:-1\" \/>\n<link rel=\"canonical\" href=\"http:\/\/apeimeudon.fr\/Blog-APEI\/confinement-au-foyer-fleury-les-jours-se-suivent-mais\/\" \/>\n<meta property=\"og:locale\" content=\"fr_FR\" \/>\n<meta property=\"og:type\" content=\"article\" \/>\n<meta property=\"og:title\" content=\"Confinement au foyer Fleury - Les jours se suivent mais ... - La Gazette des Foyers de l&#039;APEI de Meudon\" \/>\n<meta property=\"og:description\" content=\"Le corona virus a aussi oblig\u00e9 le foyer de Fleury \u00e0 rester confiner\" \/>\n<meta property=\"og:url\" content=\"http:\/\/apeimeudon.fr\/Blog-APEI\/confinement-au-foyer-fleury-les-jours-se-suivent-mais\/\" \/>\n<meta property=\"og:site_name\" content=\"La Gazette des Foyers de l&#039;APEI de Meudon\" \/>\n<meta property=\"article:published_time\" content=\"2020-04-06T21:02:10+00:00\" \/>\n<meta property=\"article:modified_time\" content=\"2020-04-20T15:45:33+00:00\" \/>\n<meta property=\"og:image\" content=\"http:\/\/apeimeudon.fr\/Blog-APEI\/wp-content\/uploads\/2020\/04\/Miniature-activit\u00e9s-au-foyer.jpg\" \/>\n\t<meta property=\"og:image:width\" content=\"595\" \/>\n\t<meta property=\"og:image:height\" content=\"414\" \/>\n\t<meta property=\"og:image:type\" content=\"image\/jpeg\" \/>\n<meta name=\"author\" content=\"Equipe r\u00e9dactionnelle Foyer FLEURY\" \/>\n<meta name=\"twitter:card\" content=\"summary_large_image\" \/>\n<meta name=\"twitter:label1\" content=\"\u00c9crit par\" \/>\n\t<meta name=\"twitter:data1\" content=\"Equipe r\u00e9dactionnelle Foyer FLEURY\" \/>\n\t<meta name=\"twitter:label2\" content=\"Dur\u00e9e de lecture estim\u00e9e\" \/>\n\t<meta name=\"twitter:data2\" content=\"2 minutes\" \/>\n<script type=\"application\/ld+json\" class=\"yoast-schema-graph\">{\"@context\":\"https:\\\/\\\/schema.org\",\"@graph\":[{\"@type\":\"Article\",\"@id\":\"http:\\\/\\\/apeimeudon.fr\\\/Blog-APEI\\\/confinement-au-foyer-fleury-les-jours-se-suivent-mais\\\/#article\",\"isPartOf\":{\"@id\":\"http:\\\/\\\/apeimeudon.fr\\\/Blog-APEI\\\/confinement-au-foyer-fleury-les-jours-se-suivent-mais\\\/\"},\"author\":{\"name\":\"Equipe r\u00e9dactionnelle Foyer FLEURY\",\"@id\":\"https:\\\/\\\/apeimeudon.fr\\\/Blog-APEI\\\/#\\\/schema\\\/person\\\/a81a31019e8af8065790f5c6acfdc547\"},\"headline\":\"Confinement au foyer Fleury &#8211; Les jours se suivent mais &#8230;\",\"datePublished\":\"2020-04-06T21:02:10+00:00\",\"dateModified\":\"2020-04-20T15:45:33+00:00\",\"mainEntityOfPage\":{\"@id\":\"http:\\\/\\\/apeimeudon.fr\\\/Blog-APEI\\\/confinement-au-foyer-fleury-les-jours-se-suivent-mais\\\/\"},\"wordCount\":327,\"commentCount\":0,\"publisher\":{\"@id\":\"https:\\\/\\\/apeimeudon.fr\\\/Blog-APEI\\\/#organization\"},\"image\":{\"@id\":\"http:\\\/\\\/apeimeudon.fr\\\/Blog-APEI\\\/confinement-au-foyer-fleury-les-jours-se-suivent-mais\\\/#primaryimage\"},\"thumbnailUrl\":\"http:\\\/\\\/apeimeudon.fr\\\/Blog-APEI\\\/wp-content\\\/uploads\\\/2020\\\/04\\\/Miniature-activit\u00e9s-au-foyer.jpg\",\"articleSection\":[\"Confinement\",\"coronavirus\",\"Foyer Fleury\"],\"inLanguage\":\"fr-FR\",\"potentialAction\":[{\"@type\":\"CommentAction\",\"name\":\"Comment\",\"target\":[\"http:\\\/\\\/apeimeudon.fr\\\/Blog-APEI\\\/confinement-au-foyer-fleury-les-jours-se-suivent-mais\\\/#respond\"]}]},{\"@type\":\"WebPage\",\"@id\":\"http:\\\/\\\/apeimeudon.fr\\\/Blog-APEI\\\/confinement-au-foyer-fleury-les-jours-se-suivent-mais\\\/\",\"url\":\"http:\\\/\\\/apeimeudon.fr\\\/Blog-APEI\\\/confinement-au-foyer-fleury-les-jours-se-suivent-mais\\\/\",\"name\":\"Confinement au foyer Fleury - Les jours se suivent mais ... - La Gazette des Foyers de l&#039;APEI de Meudon\",\"isPartOf\":{\"@id\":\"https:\\\/\\\/apeimeudon.fr\\\/Blog-APEI\\\/#website\"},\"primaryImageOfPage\":{\"@id\":\"http:\\\/\\\/apeimeudon.fr\\\/Blog-APEI\\\/confinement-au-foyer-fleury-les-jours-se-suivent-mais\\\/#primaryimage\"},\"image\":{\"@id\":\"http:\\\/\\\/apeimeudon.fr\\\/Blog-APEI\\\/confinement-au-foyer-fleury-les-jours-se-suivent-mais\\\/#primaryimage\"},\"thumbnailUrl\":\"http:\\\/\\\/apeimeudon.fr\\\/Blog-APEI\\\/wp-content\\\/uploads\\\/2020\\\/04\\\/Miniature-activit\u00e9s-au-foyer.jpg\",\"datePublished\":\"2020-04-06T21:02:10+00:00\",\"dateModified\":\"2020-04-20T15:45:33+00:00\",\"breadcrumb\":{\"@id\":\"http:\\\/\\\/apeimeudon.fr\\\/Blog-APEI\\\/confinement-au-foyer-fleury-les-jours-se-suivent-mais\\\/#breadcrumb\"},\"inLanguage\":\"fr-FR\",\"potentialAction\":[{\"@type\":\"ReadAction\",\"target\":[\"http:\\\/\\\/apeimeudon.fr\\\/Blog-APEI\\\/confinement-au-foyer-fleury-les-jours-se-suivent-mais\\\/\"]}]},{\"@type\":\"ImageObject\",\"inLanguage\":\"fr-FR\",\"@id\":\"http:\\\/\\\/apeimeudon.fr\\\/Blog-APEI\\\/confinement-au-foyer-fleury-les-jours-se-suivent-mais\\\/#primaryimage\",\"url\":\"http:\\\/\\\/apeimeudon.fr\\\/Blog-APEI\\\/wp-content\\\/uploads\\\/2020\\\/04\\\/Miniature-activit\u00e9s-au-foyer.jpg\",\"contentUrl\":\"http:\\\/\\\/apeimeudon.fr\\\/Blog-APEI\\\/wp-content\\\/uploads\\\/2020\\\/04\\\/Miniature-activit\u00e9s-au-foyer.jpg\",\"width\":595,\"height\":414},{\"@type\":\"BreadcrumbList\",\"@id\":\"http:\\\/\\\/apeimeudon.fr\\\/Blog-APEI\\\/confinement-au-foyer-fleury-les-jours-se-suivent-mais\\\/#breadcrumb\",\"itemListElement\":[{\"@type\":\"ListItem\",\"position\":1,\"name\":\"Accueil\",\"item\":\"https:\\\/\\\/apeimeudon.fr\\\/Blog-APEI\\\/\"},{\"@type\":\"ListItem\",\"position\":2,\"name\":\"Confinement au foyer Fleury &#8211; Les jours se suivent mais &#8230;\"}]},{\"@type\":\"WebSite\",\"@id\":\"https:\\\/\\\/apeimeudon.fr\\\/Blog-APEI\\\/#website\",\"url\":\"https:\\\/\\\/apeimeudon.fr\\\/Blog-APEI\\\/\",\"name\":\"La Gazette des Foyers de l&#039;APEI de Meudon\",\"description\":\"Nos diff\u00e9rences loin de nous l\u00e9ser doivent nous enrichir -  Antoine de Saint-Exup\u00e9ry\",\"publisher\":{\"@id\":\"https:\\\/\\\/apeimeudon.fr\\\/Blog-APEI\\\/#organization\"},\"potentialAction\":[{\"@type\":\"SearchAction\",\"target\":{\"@type\":\"EntryPoint\",\"urlTemplate\":\"https:\\\/\\\/apeimeudon.fr\\\/Blog-APEI\\\/?s={search_term_string}\"},\"query-input\":{\"@type\":\"PropertyValueSpecification\",\"valueRequired\":true,\"valueName\":\"search_term_string\"}}],\"inLanguage\":\"fr-FR\"},{\"@type\":\"Organization\",\"@id\":\"https:\\\/\\\/apeimeudon.fr\\\/Blog-APEI\\\/#organization\",\"name\":\"APEI de Meudon\",\"url\":\"https:\\\/\\\/apeimeudon.fr\\\/Blog-APEI\\\/\",\"logo\":{\"@type\":\"ImageObject\",\"inLanguage\":\"fr-FR\",\"@id\":\"https:\\\/\\\/apeimeudon.fr\\\/Blog-APEI\\\/#\\\/schema\\\/logo\\\/image\\\/\",\"url\":\"https:\\\/\\\/apeimeudon.fr\\\/Blog-APEI\\\/wp-content\\\/uploads\\\/2017\\\/10\\\/Icone-APEI.png\",\"contentUrl\":\"https:\\\/\\\/apeimeudon.fr\\\/Blog-APEI\\\/wp-content\\\/uploads\\\/2017\\\/10\\\/Icone-APEI.png\",\"width\":128,\"height\":128,\"caption\":\"APEI de Meudon\"},\"image\":{\"@id\":\"https:\\\/\\\/apeimeudon.fr\\\/Blog-APEI\\\/#\\\/schema\\\/logo\\\/image\\\/\"}},{\"@type\":\"Person\",\"@id\":\"https:\\\/\\\/apeimeudon.fr\\\/Blog-APEI\\\/#\\\/schema\\\/person\\\/a81a31019e8af8065790f5c6acfdc547\",\"name\":\"Equipe r\u00e9dactionnelle Foyer FLEURY\",\"image\":{\"@type\":\"ImageObject\",\"inLanguage\":\"fr-FR\",\"@id\":\"https:\\\/\\\/secure.gravatar.com\\\/avatar\\\/077b0b63c066e0ecf5a8ce55f379e3e6cc4cee7cb3fc656a19335177af2035da?s=96&d=mm&r=g\",\"url\":\"https:\\\/\\\/secure.gravatar.com\\\/avatar\\\/077b0b63c066e0ecf5a8ce55f379e3e6cc4cee7cb3fc656a19335177af2035da?s=96&d=mm&r=g\",\"contentUrl\":\"https:\\\/\\\/secure.gravatar.com\\\/avatar\\\/077b0b63c066e0ecf5a8ce55f379e3e6cc4cee7cb3fc656a19335177af2035da?s=96&d=mm&r=g\",\"caption\":\"Equipe r\u00e9dactionnelle Foyer FLEURY\"},\"url\":\"http:\\\/\\\/apeimeudon.fr\\\/Blog-APEI\\\/author\\\/fleury\\\/\"}]}<\/script>\n<!-- \/ Yoast SEO plugin. -->","yoast_head_json":{"title":"Confinement au foyer Fleury - Les jours se suivent mais ... - La Gazette des Foyers de l&#039;APEI de Meudon","robots":{"index":"index","follow":"follow","max-snippet":"max-snippet:-1","max-image-preview":"max-image-preview:large","max-video-preview":"max-video-preview:-1"},"canonical":"http:\/\/apeimeudon.fr\/Blog-APEI\/confinement-au-foyer-fleury-les-jours-se-suivent-mais\/","og_locale":"fr_FR","og_type":"article","og_title":"Confinement au foyer Fleury - Les jours se suivent mais ... - La Gazette des Foyers de l&#039;APEI de Meudon","og_description":"Le corona virus a aussi oblig\u00e9 le foyer de Fleury \u00e0 rester confiner","og_url":"http:\/\/apeimeudon.fr\/Blog-APEI\/confinement-au-foyer-fleury-les-jours-se-suivent-mais\/","og_site_name":"La Gazette des Foyers de l&#039;APEI de Meudon","article_published_time":"2020-04-06T21:02:10+00:00","article_modified_time":"2020-04-20T15:45:33+00:00","og_image":[{"width":595,"height":414,"url":"http:\/\/apeimeudon.fr\/Blog-APEI\/wp-content\/uploads\/2020\/04\/Miniature-activit\u00e9s-au-foyer.jpg","type":"image\/jpeg"}],"author":"Equipe r\u00e9dactionnelle Foyer FLEURY","twitter_card":"summary_large_image","twitter_misc":{"\u00c9crit par":"Equipe r\u00e9dactionnelle Foyer FLEURY","Dur\u00e9e de lecture estim\u00e9e":"2 minutes"},"schema":{"@context":"https:\/\/schema.org","@graph":[{"@type":"Article","@id":"http:\/\/apeimeudon.fr\/Blog-APEI\/confinement-au-foyer-fleury-les-jours-se-suivent-mais\/#article","isPartOf":{"@id":"http:\/\/apeimeudon.fr\/Blog-APEI\/confinement-au-foyer-fleury-les-jours-se-suivent-mais\/"},"author":{"name":"Equipe r\u00e9dactionnelle Foyer FLEURY","@id":"https:\/\/apeimeudon.fr\/Blog-APEI\/#\/schema\/person\/a81a31019e8af8065790f5c6acfdc547"},"headline":"Confinement au foyer Fleury &#8211; Les jours se suivent mais &#8230;","datePublished":"2020-04-06T21:02:10+00:00","dateModified":"2020-04-20T15:45:33+00:00","mainEntityOfPage":{"@id":"http:\/\/apeimeudon.fr\/Blog-APEI\/confinement-au-foyer-fleury-les-jours-se-suivent-mais\/"},"wordCount":327,"commentCount":0,"publisher":{"@id":"https:\/\/apeimeudon.fr\/Blog-APEI\/#organization"},"image":{"@id":"http:\/\/apeimeudon.fr\/Blog-APEI\/confinement-au-foyer-fleury-les-jours-se-suivent-mais\/#primaryimage"},"thumbnailUrl":"http:\/\/apeimeudon.fr\/Blog-APEI\/wp-content\/uploads\/2020\/04\/Miniature-activit\u00e9s-au-foyer.jpg","articleSection":["Confinement","coronavirus","Foyer Fleury"],"inLanguage":"fr-FR","potentialAction":[{"@type":"CommentAction","name":"Comment","target":["http:\/\/apeimeudon.fr\/Blog-APEI\/confinement-au-foyer-fleury-les-jours-se-suivent-mais\/#respond"]}]},{"@type":"WebPage","@id":"http:\/\/apeimeudon.fr\/Blog-APEI\/confinement-au-foyer-fleury-les-jours-se-suivent-mais\/","url":"http:\/\/apeimeudon.fr\/Blog-APEI\/confinement-au-foyer-fleury-les-jours-se-suivent-mais\/","name":"Confinement au foyer Fleury - Les jours se suivent mais ... - La Gazette des Foyers de l&#039;APEI de Meudon","isPartOf":{"@id":"https:\/\/apeimeudon.fr\/Blog-APEI\/#website"},"primaryImageOfPage":{"@id":"http:\/\/apeimeudon.fr\/Blog-APEI\/confinement-au-foyer-fleury-les-jours-se-suivent-mais\/#primaryimage"},"image":{"@id":"http:\/\/apeimeudon.fr\/Blog-APEI\/confinement-au-foyer-fleury-les-jours-se-suivent-mais\/#primaryimage"},"thumbnailUrl":"http:\/\/apeimeudon.fr\/Blog-APEI\/wp-content\/uploads\/2020\/04\/Miniature-activit\u00e9s-au-foyer.jpg","datePublished":"2020-04-06T21:02:10+00:00","dateModified":"2020-04-20T15:45:33+00:00","breadcrumb":{"@id":"http:\/\/apeimeudon.fr\/Blog-APEI\/confinement-au-foyer-fleury-les-jours-se-suivent-mais\/#breadcrumb"},"inLanguage":"fr-FR","potentialAction":[{"@type":"ReadAction","target":["http:\/\/apeimeudon.fr\/Blog-APEI\/confinement-au-foyer-fleury-les-jours-se-suivent-mais\/"]}]},{"@type":"ImageObject","inLanguage":"fr-FR","@id":"http:\/\/apeimeudon.fr\/Blog-APEI\/confinement-au-foyer-fleury-les-jours-se-suivent-mais\/#primaryimage","url":"http:\/\/apeimeudon.fr\/Blog-APEI\/wp-content\/uploads\/2020\/04\/Miniature-activit\u00e9s-au-foyer.jpg","contentUrl":"http:\/\/apeimeudon.fr\/Blog-APEI\/wp-content\/uploads\/2020\/04\/Miniature-activit\u00e9s-au-foyer.jpg","width":595,"height":414},{"@type":"BreadcrumbList","@id":"http:\/\/apeimeudon.fr\/Blog-APEI\/confinement-au-foyer-fleury-les-jours-se-suivent-mais\/#breadcrumb","itemListElement":[{"@type":"ListItem","position":1,"name":"Accueil","item":"https:\/\/apeimeudon.fr\/Blog-APEI\/"},{"@type":"ListItem","position":2,"name":"Confinement au foyer Fleury &#8211; Les jours se suivent mais &#8230;"}]},{"@type":"WebSite","@id":"https:\/\/apeimeudon.fr\/Blog-APEI\/#website","url":"https:\/\/apeimeudon.fr\/Blog-APEI\/","name":"La Gazette des Foyers de l&#039;APEI de Meudon","description":"Nos diff\u00e9rences loin de nous l\u00e9ser doivent nous enrichir -  Antoine de Saint-Exup\u00e9ry","publisher":{"@id":"https:\/\/apeimeudon.fr\/Blog-APEI\/#organization"},"potentialAction":[{"@type":"SearchAction","target":{"@type":"EntryPoint","urlTemplate":"https:\/\/apeimeudon.fr\/Blog-APEI\/?s={search_term_string}"},"query-input":{"@type":"PropertyValueSpecification","valueRequired":true,"valueName":"search_term_string"}}],"inLanguage":"fr-FR"},{"@type":"Organization","@id":"https:\/\/apeimeudon.fr\/Blog-APEI\/#organization","name":"APEI de Meudon","url":"https:\/\/apeimeudon.fr\/Blog-APEI\/","logo":{"@type":"ImageObject","inLanguage":"fr-FR","@id":"https:\/\/apeimeudon.fr\/Blog-APEI\/#\/schema\/logo\/image\/","url":"https:\/\/apeimeudon.fr\/Blog-APEI\/wp-content\/uploads\/2017\/10\/Icone-APEI.png","contentUrl":"https:\/\/apeimeudon.fr\/Blog-APEI\/wp-content\/uploads\/2017\/10\/Icone-APEI.png","width":128,"height":128,"caption":"APEI de Meudon"},"image":{"@id":"https:\/\/apeimeudon.fr\/Blog-APEI\/#\/schema\/logo\/image\/"}},{"@type":"Person","@id":"https:\/\/apeimeudon.fr\/Blog-APEI\/#\/schema\/person\/a81a31019e8af8065790f5c6acfdc547","name":"Equipe r\u00e9dactionnelle Foyer FLEURY","image":{"@type":"ImageObject","inLanguage":"fr-FR","@id":"https:\/\/secure.gravatar.com\/avatar\/077b0b63c066e0ecf5a8ce55f379e3e6cc4cee7cb3fc656a19335177af2035da?s=96&d=mm&r=g","url":"https:\/\/secure.gravatar.com\/avatar\/077b0b63c066e0ecf5a8ce55f379e3e6cc4cee7cb3fc656a19335177af2035da?s=96&d=mm&r=g","contentUrl":"https:\/\/secure.gravatar.com\/avatar\/077b0b63c066e0ecf5a8ce55f379e3e6cc4cee7cb3fc656a19335177af2035da?s=96&d=mm&r=g","caption":"Equipe r\u00e9dactionnelle Foyer FLEURY"},"url":"http:\/\/apeimeudon.fr\/Blog-APEI\/author\/fleury\/"}]}},"_links":{"self":[{"href":"http:\/\/apeimeudon.fr\/Blog-APEI\/wp-json\/wp\/v2\/posts\/1258","targetHints":{"allow":["GET"]}}],"collection":[{"href":"http:\/\/apeimeudon.fr\/Blog-APEI\/wp-json\/wp\/v2\/posts"}],"about":[{"href":"http:\/\/apeimeudon.fr\/Blog-APEI\/wp-json\/wp\/v2\/types\/post"}],"author":[{"embeddable":true,"href":"http:\/\/apeimeudon.fr\/Blog-APEI\/wp-json\/wp\/v2\/users\/2"}],"replies":[{"embeddable":true,"href":"http:\/\/apeimeudon.fr\/Blog-APEI\/wp-json\/wp\/v2\/comments?post=1258"}],"version-history":[{"count":12,"href":"http:\/\/apeimeudon.fr\/Blog-APEI\/wp-json\/wp\/v2\/posts\/1258\/revisions"}],"predecessor-version":[{"id":1478,"href":"http:\/\/apeimeudon.fr\/Blog-APEI\/wp-json\/wp\/v2\/posts\/1258\/revisions\/1478"}],"wp:featuredmedia":[{"embeddable":true,"href":"http:\/\/apeimeudon.fr\/Blog-APEI\/wp-json\/wp\/v2\/media\/1257"}],"wp:attachment":[{"href":"http:\/\/apeimeudon.fr\/Blog-APEI\/wp-json\/wp\/v2\/media?parent=1258"}],"wp:term":[{"taxonomy":"category","embeddable":true,"href":"http:\/\/apeimeudon.fr\/Blog-APEI\/wp-json\/wp\/v2\/categories?post=1258"},{"taxonomy":"post_tag","embeddable":true,"href":"http:\/\/apeimeudon.fr\/Blog-APEI\/wp-json\/wp\/v2\/tags?post=1258"}],"curies":[{"name":"wp","href":"https:\/\/api.w.org\/{rel}","templated":true}]}}