{"id":4712,"date":"2024-01-26T17:11:59","date_gmt":"2024-01-26T16:11:59","guid":{"rendered":"https:\/\/apeimeudon.fr\/Blog-APEI\/?p=4712"},"modified":"2024-01-29T16:34:45","modified_gmt":"2024-01-29T15:34:45","slug":"galette-2024-au-foyer-des-lampes-et-depart-diwona","status":"publish","type":"post","link":"http:\/\/apeimeudon.fr\/Blog-APEI\/galette-2024-au-foyer-des-lampes-et-depart-diwona\/","title":{"rendered":"Galette 2024 au Foyer des Lampes et changement pour Iwona\u00a0"},"content":{"rendered":"\n<p>Le partage d\u2019une bonne galette ce dernier lundi a \u00e9t\u00e9 pour nous l\u2019occasion d\u2019inviter Iwona.<\/p>\n\n\n\n<!--more-->\n\n\n\n<p>Iwona est ling\u00e8re et s\u2019occupe du linge des r\u00e9sidents des Foyers (apr\u00e8s avoir \u00e9t\u00e9 en charge de l\u2019entretien des locaux des Lampes pendant de nombreuses ann\u00e9es). Elle travaillait jusqu\u2019au mois de d\u00e9cembre sur le site du Foyer des Lampes o\u00f9 les r\u00e9sidents profitaient quotidiennement de son sourire et de sa p\u00e9tillance. Depuis janvier, elle \u0153uvre depuis le local de lingerie moderne et plus lumineux de l\u2019EAM de la For\u00eat et nous laisse un vide ! Nous avons \u00e9t\u00e9 heureux de lui offrir un grand citronnier pour lui dire un grand merci. Nous connaissons trop bien son talent pour s\u2019occuper des plantes et sommes bien sur qu\u2019elle saura en prendre soin.<\/p>\n\n\n\n<p>H\u00e2te de la voir arriver de temps en temps au volant d\u2019un v\u00e9hicule pour nous livrer le linge. <\/p>\n\n\n\n<p>A bon entendeur ! <\/p>\n\n\n\n<p class=\"has-text-align-right\">Anne LOZAC\u2019H<\/p>\n\n\n\n<p><\/p>\n\n\n<p>\r\n\t\t\t\t\t\n\r\n\t\t\t\t\t<!-- START UNITE GALLERY 1.7.62 -->\r\n\t\t\t\t\t\r\n\t\t\t\t\n\t\t\t<div id='unitegallery_211_1' class='unite-gallery' style='margin:0px auto;'>\n\t\t\t\t\n\n\t\t\t\t\t\t<img alt=\"CARTES LAMPES\"\n\t\t\t\t\t\t     src=\"\" data-image=\"http:\/\/apeimeudon.fr\/Blog-APEI\/wp-content\/uploads\/2024\/01\/CARTES-LAMPES-scaled.jpg\"\n\t\t\t\t\t\t     data-thumb=\"http:\/\/apeimeudon.fr\/Blog-APEI\/wp-content\/uploads\/2024\/01\/CARTES-LAMPES-300x212.jpg\"\n\t\t\t\t\t\t     title=\"\"\n\t\t\t\t\t\t     style=\"display:none\">\n\n\t\t\t\t\t\t<img alt=\"20240122_180906\"\n\t\t\t\t\t\t     src=\"\" data-image=\"http:\/\/apeimeudon.fr\/Blog-APEI\/wp-content\/uploads\/2024\/01\/20240122_180906-scaled.jpg\"\n\t\t\t\t\t\t     data-thumb=\"http:\/\/apeimeudon.fr\/Blog-APEI\/wp-content\/uploads\/2024\/01\/20240122_180906-225x300.jpg\"\n\t\t\t\t\t\t     title=\"\"\n\t\t\t\t\t\t     style=\"display:none\">\n\n\t\t\t\t\t\t<img alt=\"20240122_181613(4)\"\n\t\t\t\t\t\t     src=\"\" data-image=\"http:\/\/apeimeudon.fr\/Blog-APEI\/wp-content\/uploads\/2024\/01\/20240122_1816134-scaled.jpg\"\n\t\t\t\t\t\t     data-thumb=\"http:\/\/apeimeudon.fr\/Blog-APEI\/wp-content\/uploads\/2024\/01\/20240122_1816134-225x300.jpg\"\n\t\t\t\t\t\t     title=\"\"\n\t\t\t\t\t\t     style=\"display:none\">\n\n\t\t\t\t\t\t<img alt=\"1706024108509\"\n\t\t\t\t\t\t     src=\"\" data-image=\"http:\/\/apeimeudon.fr\/Blog-APEI\/wp-content\/uploads\/2024\/01\/1706024108509-scaled.jpg\"\n\t\t\t\t\t\t     data-thumb=\"http:\/\/apeimeudon.fr\/Blog-APEI\/wp-content\/uploads\/2024\/01\/1706024108509-225x300.jpg\"\n\t\t\t\t\t\t     title=\"\"\n\t\t\t\t\t\t     style=\"display:none\">\n\n\t\t\t\t\t\t<img alt=\"1706024146639\"\n\t\t\t\t\t\t     src=\"\" data-image=\"http:\/\/apeimeudon.fr\/Blog-APEI\/wp-content\/uploads\/2024\/01\/1706024146639-scaled.jpg\"\n\t\t\t\t\t\t     data-thumb=\"http:\/\/apeimeudon.fr\/Blog-APEI\/wp-content\/uploads\/2024\/01\/1706024146639-225x300.jpg\"\n\t\t\t\t\t\t     title=\"\"\n\t\t\t\t\t\t     style=\"display:none\">\n\n\t\t\t\t\t\t<img alt=\"1706024202616\"\n\t\t\t\t\t\t     src=\"\" data-image=\"http:\/\/apeimeudon.fr\/Blog-APEI\/wp-content\/uploads\/2024\/01\/1706024202616.jpg\"\n\t\t\t\t\t\t     data-thumb=\"http:\/\/apeimeudon.fr\/Blog-APEI\/wp-content\/uploads\/2024\/01\/1706024202616-300x225.jpg\"\n\t\t\t\t\t\t     title=\"\"\n\t\t\t\t\t\t     style=\"display:none\">\n\n\t\t\t\t\t\t<img alt=\"1706024202699\"\n\t\t\t\t\t\t     src=\"\" data-image=\"http:\/\/apeimeudon.fr\/Blog-APEI\/wp-content\/uploads\/2024\/01\/1706024202699.jpg\"\n\t\t\t\t\t\t     data-thumb=\"http:\/\/apeimeudon.fr\/Blog-APEI\/wp-content\/uploads\/2024\/01\/1706024202699-225x300.jpg\"\n\t\t\t\t\t\t     title=\"\"\n\t\t\t\t\t\t     style=\"display:none\">\n\n\t\t\t\t\t\t<img alt=\"1706024202713\"\n\t\t\t\t\t\t     src=\"\" data-image=\"http:\/\/apeimeudon.fr\/Blog-APEI\/wp-content\/uploads\/2024\/01\/1706024202713.jpg\"\n\t\t\t\t\t\t     data-thumb=\"http:\/\/apeimeudon.fr\/Blog-APEI\/wp-content\/uploads\/2024\/01\/1706024202713-225x300.jpg\"\n\t\t\t\t\t\t     title=\"\"\n\t\t\t\t\t\t     style=\"display:none\">\n\n\t\t\t\t\t\t<img alt=\"1706024202728\"\n\t\t\t\t\t\t     src=\"\" data-image=\"http:\/\/apeimeudon.fr\/Blog-APEI\/wp-content\/uploads\/2024\/01\/1706024202728.jpg\"\n\t\t\t\t\t\t     data-thumb=\"http:\/\/apeimeudon.fr\/Blog-APEI\/wp-content\/uploads\/2024\/01\/1706024202728-225x300.jpg\"\n\t\t\t\t\t\t     title=\"\"\n\t\t\t\t\t\t     style=\"display:none\">\n\t\t\t<\/div>\n\n\t\t\t<script type='text\/javascript'>\n\t\t\t\twindow.onload = function(e) {\n\t\t\t\t\tif(typeof ugCheckForErrors == \"undefined\"){\n\t\t\t\t\t\tdocument.getElementById(\"unitegallery_211_1\").innerHTML = \"<span style='color:red'>Unite Gallery Error - gallery js and css files not included in the footer. Please make sure that wp_footer() function is added to your theme.<\/span>\";}\n\t\t\t\t\telse{ ugCheckForErrors(\"unitegallery_211_1\", \"jquery\");}\n\t\t\t\t};\n\t\t\t<\/script>\n\n\t\t\t<!-- END UNITEGALLERY --><\/p>\n","protected":false},"excerpt":{"rendered":"<p>Le partage d\u2019une bonne galette ce dernier lundi a \u00e9t\u00e9 pour nous l\u2019occasion d\u2019inviter Iwona.<\/p>\n","protected":false},"author":3,"featured_media":4711,"comment_status":"open","ping_status":"open","sticky":false,"template":"","format":"standard","meta":{"_acf_changed":false,"_monsterinsights_skip_tracking":false,"_monsterinsights_sitenote_active":false,"_monsterinsights_sitenote_note":"","_monsterinsights_sitenote_category":0,"ngg_post_thumbnail":0,"footnotes":""},"categories":[52,34,65],"tags":[],"class_list":["post-4712","post","type-post","status-publish","format-standard","has-post-thumbnail","hentry","category-fete","category-foyer-des-lampes","category-galette"],"acf":[],"yoast_head":"<!-- This site is optimized with the Yoast SEO plugin v27.5 - https:\/\/yoast.com\/product\/yoast-seo-wordpress\/ -->\n<title>Galette 2024 au Foyer des Lampes et changement pour Iwona\u00a0 - La Gazette des Foyers de l&#039;APEI de Meudon<\/title>\n<meta name=\"robots\" content=\"index, follow, max-snippet:-1, max-image-preview:large, max-video-preview:-1\" \/>\n<link rel=\"canonical\" href=\"https:\/\/apeimeudon.fr\/Blog-APEI\/galette-2024-au-foyer-des-lampes-et-depart-diwona\/\" \/>\n<meta property=\"og:locale\" content=\"fr_FR\" \/>\n<meta property=\"og:type\" content=\"article\" \/>\n<meta property=\"og:title\" content=\"Galette 2024 au Foyer des Lampes et changement pour Iwona\u00a0 - La Gazette des Foyers de l&#039;APEI de Meudon\" \/>\n<meta property=\"og:description\" content=\"Le partage d\u2019une bonne galette ce dernier lundi a \u00e9t\u00e9 pour nous l\u2019occasion d\u2019inviter Iwona.\" \/>\n<meta property=\"og:url\" content=\"https:\/\/apeimeudon.fr\/Blog-APEI\/galette-2024-au-foyer-des-lampes-et-depart-diwona\/\" \/>\n<meta property=\"og:site_name\" content=\"La Gazette des Foyers de l&#039;APEI de Meudon\" \/>\n<meta property=\"article:published_time\" content=\"2024-01-26T16:11:59+00:00\" \/>\n<meta property=\"article:modified_time\" content=\"2024-01-29T15:34:45+00:00\" \/>\n<meta property=\"og:image\" content=\"https:\/\/apeimeudon.fr\/Blog-APEI\/wp-content\/uploads\/2024\/01\/Miniature-2-rotated.jpg\" \/>\n\t<meta property=\"og:image:width\" content=\"400\" \/>\n\t<meta property=\"og:image:height\" content=\"283\" \/>\n\t<meta property=\"og:image:type\" content=\"image\/jpeg\" \/>\n<meta name=\"author\" content=\"Equipe r\u00e9dactionnelle Foyer des Lampes\" \/>\n<meta name=\"twitter:card\" content=\"summary_large_image\" \/>\n<meta name=\"twitter:label1\" content=\"\u00c9crit par\" \/>\n\t<meta name=\"twitter:data1\" content=\"Equipe r\u00e9dactionnelle Foyer des Lampes\" \/>\n\t<meta name=\"twitter:label2\" content=\"Dur\u00e9e de lecture estim\u00e9e\" \/>\n\t<meta name=\"twitter:data2\" content=\"1 minute\" \/>\n<script type=\"application\/ld+json\" class=\"yoast-schema-graph\">{\"@context\":\"https:\\\/\\\/schema.org\",\"@graph\":[{\"@type\":\"Article\",\"@id\":\"https:\\\/\\\/apeimeudon.fr\\\/Blog-APEI\\\/galette-2024-au-foyer-des-lampes-et-depart-diwona\\\/#article\",\"isPartOf\":{\"@id\":\"https:\\\/\\\/apeimeudon.fr\\\/Blog-APEI\\\/galette-2024-au-foyer-des-lampes-et-depart-diwona\\\/\"},\"author\":{\"name\":\"Equipe r\u00e9dactionnelle Foyer des Lampes\",\"@id\":\"https:\\\/\\\/apeimeudon.fr\\\/Blog-APEI\\\/#\\\/schema\\\/person\\\/536e2dc69b6d8456308013bd9a7b762b\"},\"headline\":\"Galette 2024 au Foyer des Lampes et changement pour Iwona\u00a0\",\"datePublished\":\"2024-01-26T16:11:59+00:00\",\"dateModified\":\"2024-01-29T15:34:45+00:00\",\"mainEntityOfPage\":{\"@id\":\"https:\\\/\\\/apeimeudon.fr\\\/Blog-APEI\\\/galette-2024-au-foyer-des-lampes-et-depart-diwona\\\/\"},\"wordCount\":180,\"commentCount\":0,\"publisher\":{\"@id\":\"https:\\\/\\\/apeimeudon.fr\\\/Blog-APEI\\\/#organization\"},\"image\":{\"@id\":\"https:\\\/\\\/apeimeudon.fr\\\/Blog-APEI\\\/galette-2024-au-foyer-des-lampes-et-depart-diwona\\\/#primaryimage\"},\"thumbnailUrl\":\"http:\\\/\\\/apeimeudon.fr\\\/Blog-APEI\\\/wp-content\\\/uploads\\\/2024\\\/01\\\/Miniature-2-rotated.jpg\",\"articleSection\":[\"F\u00eate\",\"Foyer des Lampes\",\"Galette\"],\"inLanguage\":\"fr-FR\",\"potentialAction\":[{\"@type\":\"CommentAction\",\"name\":\"Comment\",\"target\":[\"https:\\\/\\\/apeimeudon.fr\\\/Blog-APEI\\\/galette-2024-au-foyer-des-lampes-et-depart-diwona\\\/#respond\"]}]},{\"@type\":\"WebPage\",\"@id\":\"https:\\\/\\\/apeimeudon.fr\\\/Blog-APEI\\\/galette-2024-au-foyer-des-lampes-et-depart-diwona\\\/\",\"url\":\"https:\\\/\\\/apeimeudon.fr\\\/Blog-APEI\\\/galette-2024-au-foyer-des-lampes-et-depart-diwona\\\/\",\"name\":\"Galette 2024 au Foyer des Lampes et changement pour Iwona\u00a0 - La Gazette des Foyers de l&#039;APEI de Meudon\",\"isPartOf\":{\"@id\":\"https:\\\/\\\/apeimeudon.fr\\\/Blog-APEI\\\/#website\"},\"primaryImageOfPage\":{\"@id\":\"https:\\\/\\\/apeimeudon.fr\\\/Blog-APEI\\\/galette-2024-au-foyer-des-lampes-et-depart-diwona\\\/#primaryimage\"},\"image\":{\"@id\":\"https:\\\/\\\/apeimeudon.fr\\\/Blog-APEI\\\/galette-2024-au-foyer-des-lampes-et-depart-diwona\\\/#primaryimage\"},\"thumbnailUrl\":\"http:\\\/\\\/apeimeudon.fr\\\/Blog-APEI\\\/wp-content\\\/uploads\\\/2024\\\/01\\\/Miniature-2-rotated.jpg\",\"datePublished\":\"2024-01-26T16:11:59+00:00\",\"dateModified\":\"2024-01-29T15:34:45+00:00\",\"breadcrumb\":{\"@id\":\"https:\\\/\\\/apeimeudon.fr\\\/Blog-APEI\\\/galette-2024-au-foyer-des-lampes-et-depart-diwona\\\/#breadcrumb\"},\"inLanguage\":\"fr-FR\",\"potentialAction\":[{\"@type\":\"ReadAction\",\"target\":[\"https:\\\/\\\/apeimeudon.fr\\\/Blog-APEI\\\/galette-2024-au-foyer-des-lampes-et-depart-diwona\\\/\"]}]},{\"@type\":\"ImageObject\",\"inLanguage\":\"fr-FR\",\"@id\":\"https:\\\/\\\/apeimeudon.fr\\\/Blog-APEI\\\/galette-2024-au-foyer-des-lampes-et-depart-diwona\\\/#primaryimage\",\"url\":\"http:\\\/\\\/apeimeudon.fr\\\/Blog-APEI\\\/wp-content\\\/uploads\\\/2024\\\/01\\\/Miniature-2-rotated.jpg\",\"contentUrl\":\"http:\\\/\\\/apeimeudon.fr\\\/Blog-APEI\\\/wp-content\\\/uploads\\\/2024\\\/01\\\/Miniature-2-rotated.jpg\",\"width\":400,\"height\":283},{\"@type\":\"BreadcrumbList\",\"@id\":\"https:\\\/\\\/apeimeudon.fr\\\/Blog-APEI\\\/galette-2024-au-foyer-des-lampes-et-depart-diwona\\\/#breadcrumb\",\"itemListElement\":[{\"@type\":\"ListItem\",\"position\":1,\"name\":\"Accueil\",\"item\":\"https:\\\/\\\/apeimeudon.fr\\\/Blog-APEI\\\/\"},{\"@type\":\"ListItem\",\"position\":2,\"name\":\"Galette 2024 au Foyer des Lampes et changement pour Iwona\u00a0\"}]},{\"@type\":\"WebSite\",\"@id\":\"https:\\\/\\\/apeimeudon.fr\\\/Blog-APEI\\\/#website\",\"url\":\"https:\\\/\\\/apeimeudon.fr\\\/Blog-APEI\\\/\",\"name\":\"La Gazette des Foyers de l&#039;APEI de Meudon\",\"description\":\"Nos diff\u00e9rences loin de nous l\u00e9ser doivent nous enrichir -  Antoine de Saint-Exup\u00e9ry\",\"publisher\":{\"@id\":\"https:\\\/\\\/apeimeudon.fr\\\/Blog-APEI\\\/#organization\"},\"potentialAction\":[{\"@type\":\"SearchAction\",\"target\":{\"@type\":\"EntryPoint\",\"urlTemplate\":\"https:\\\/\\\/apeimeudon.fr\\\/Blog-APEI\\\/?s={search_term_string}\"},\"query-input\":{\"@type\":\"PropertyValueSpecification\",\"valueRequired\":true,\"valueName\":\"search_term_string\"}}],\"inLanguage\":\"fr-FR\"},{\"@type\":\"Organization\",\"@id\":\"https:\\\/\\\/apeimeudon.fr\\\/Blog-APEI\\\/#organization\",\"name\":\"APEI de Meudon\",\"url\":\"https:\\\/\\\/apeimeudon.fr\\\/Blog-APEI\\\/\",\"logo\":{\"@type\":\"ImageObject\",\"inLanguage\":\"fr-FR\",\"@id\":\"https:\\\/\\\/apeimeudon.fr\\\/Blog-APEI\\\/#\\\/schema\\\/logo\\\/image\\\/\",\"url\":\"https:\\\/\\\/apeimeudon.fr\\\/Blog-APEI\\\/wp-content\\\/uploads\\\/2017\\\/10\\\/Icone-APEI.png\",\"contentUrl\":\"https:\\\/\\\/apeimeudon.fr\\\/Blog-APEI\\\/wp-content\\\/uploads\\\/2017\\\/10\\\/Icone-APEI.png\",\"width\":128,\"height\":128,\"caption\":\"APEI de Meudon\"},\"image\":{\"@id\":\"https:\\\/\\\/apeimeudon.fr\\\/Blog-APEI\\\/#\\\/schema\\\/logo\\\/image\\\/\"}},{\"@type\":\"Person\",\"@id\":\"https:\\\/\\\/apeimeudon.fr\\\/Blog-APEI\\\/#\\\/schema\\\/person\\\/536e2dc69b6d8456308013bd9a7b762b\",\"name\":\"Equipe r\u00e9dactionnelle Foyer des Lampes\",\"image\":{\"@type\":\"ImageObject\",\"inLanguage\":\"fr-FR\",\"@id\":\"https:\\\/\\\/secure.gravatar.com\\\/avatar\\\/c64021a86f77cc135da78b91677b4c8cb3c2882fad89dba6a7a7defab5e64683?s=96&d=mm&r=g\",\"url\":\"https:\\\/\\\/secure.gravatar.com\\\/avatar\\\/c64021a86f77cc135da78b91677b4c8cb3c2882fad89dba6a7a7defab5e64683?s=96&d=mm&r=g\",\"contentUrl\":\"https:\\\/\\\/secure.gravatar.com\\\/avatar\\\/c64021a86f77cc135da78b91677b4c8cb3c2882fad89dba6a7a7defab5e64683?s=96&d=mm&r=g\",\"caption\":\"Equipe r\u00e9dactionnelle Foyer des Lampes\"},\"url\":\"http:\\\/\\\/apeimeudon.fr\\\/Blog-APEI\\\/author\\\/lampes\\\/\"}]}<\/script>\n<!-- \/ Yoast SEO plugin. -->","yoast_head_json":{"title":"Galette 2024 au Foyer des Lampes et changement pour Iwona\u00a0 - La Gazette des Foyers de l&#039;APEI de Meudon","robots":{"index":"index","follow":"follow","max-snippet":"max-snippet:-1","max-image-preview":"max-image-preview:large","max-video-preview":"max-video-preview:-1"},"canonical":"https:\/\/apeimeudon.fr\/Blog-APEI\/galette-2024-au-foyer-des-lampes-et-depart-diwona\/","og_locale":"fr_FR","og_type":"article","og_title":"Galette 2024 au Foyer des Lampes et changement pour Iwona\u00a0 - La Gazette des Foyers de l&#039;APEI de Meudon","og_description":"Le partage d\u2019une bonne galette ce dernier lundi a \u00e9t\u00e9 pour nous l\u2019occasion d\u2019inviter Iwona.","og_url":"https:\/\/apeimeudon.fr\/Blog-APEI\/galette-2024-au-foyer-des-lampes-et-depart-diwona\/","og_site_name":"La Gazette des Foyers de l&#039;APEI de Meudon","article_published_time":"2024-01-26T16:11:59+00:00","article_modified_time":"2024-01-29T15:34:45+00:00","og_image":[{"width":400,"height":283,"url":"https:\/\/apeimeudon.fr\/Blog-APEI\/wp-content\/uploads\/2024\/01\/Miniature-2-rotated.jpg","type":"image\/jpeg"}],"author":"Equipe r\u00e9dactionnelle Foyer des Lampes","twitter_card":"summary_large_image","twitter_misc":{"\u00c9crit par":"Equipe r\u00e9dactionnelle Foyer des Lampes","Dur\u00e9e de lecture estim\u00e9e":"1 minute"},"schema":{"@context":"https:\/\/schema.org","@graph":[{"@type":"Article","@id":"https:\/\/apeimeudon.fr\/Blog-APEI\/galette-2024-au-foyer-des-lampes-et-depart-diwona\/#article","isPartOf":{"@id":"https:\/\/apeimeudon.fr\/Blog-APEI\/galette-2024-au-foyer-des-lampes-et-depart-diwona\/"},"author":{"name":"Equipe r\u00e9dactionnelle Foyer des Lampes","@id":"https:\/\/apeimeudon.fr\/Blog-APEI\/#\/schema\/person\/536e2dc69b6d8456308013bd9a7b762b"},"headline":"Galette 2024 au Foyer des Lampes et changement pour Iwona\u00a0","datePublished":"2024-01-26T16:11:59+00:00","dateModified":"2024-01-29T15:34:45+00:00","mainEntityOfPage":{"@id":"https:\/\/apeimeudon.fr\/Blog-APEI\/galette-2024-au-foyer-des-lampes-et-depart-diwona\/"},"wordCount":180,"commentCount":0,"publisher":{"@id":"https:\/\/apeimeudon.fr\/Blog-APEI\/#organization"},"image":{"@id":"https:\/\/apeimeudon.fr\/Blog-APEI\/galette-2024-au-foyer-des-lampes-et-depart-diwona\/#primaryimage"},"thumbnailUrl":"http:\/\/apeimeudon.fr\/Blog-APEI\/wp-content\/uploads\/2024\/01\/Miniature-2-rotated.jpg","articleSection":["F\u00eate","Foyer des Lampes","Galette"],"inLanguage":"fr-FR","potentialAction":[{"@type":"CommentAction","name":"Comment","target":["https:\/\/apeimeudon.fr\/Blog-APEI\/galette-2024-au-foyer-des-lampes-et-depart-diwona\/#respond"]}]},{"@type":"WebPage","@id":"https:\/\/apeimeudon.fr\/Blog-APEI\/galette-2024-au-foyer-des-lampes-et-depart-diwona\/","url":"https:\/\/apeimeudon.fr\/Blog-APEI\/galette-2024-au-foyer-des-lampes-et-depart-diwona\/","name":"Galette 2024 au Foyer des Lampes et changement pour Iwona\u00a0 - La Gazette des Foyers de l&#039;APEI de Meudon","isPartOf":{"@id":"https:\/\/apeimeudon.fr\/Blog-APEI\/#website"},"primaryImageOfPage":{"@id":"https:\/\/apeimeudon.fr\/Blog-APEI\/galette-2024-au-foyer-des-lampes-et-depart-diwona\/#primaryimage"},"image":{"@id":"https:\/\/apeimeudon.fr\/Blog-APEI\/galette-2024-au-foyer-des-lampes-et-depart-diwona\/#primaryimage"},"thumbnailUrl":"http:\/\/apeimeudon.fr\/Blog-APEI\/wp-content\/uploads\/2024\/01\/Miniature-2-rotated.jpg","datePublished":"2024-01-26T16:11:59+00:00","dateModified":"2024-01-29T15:34:45+00:00","breadcrumb":{"@id":"https:\/\/apeimeudon.fr\/Blog-APEI\/galette-2024-au-foyer-des-lampes-et-depart-diwona\/#breadcrumb"},"inLanguage":"fr-FR","potentialAction":[{"@type":"ReadAction","target":["https:\/\/apeimeudon.fr\/Blog-APEI\/galette-2024-au-foyer-des-lampes-et-depart-diwona\/"]}]},{"@type":"ImageObject","inLanguage":"fr-FR","@id":"https:\/\/apeimeudon.fr\/Blog-APEI\/galette-2024-au-foyer-des-lampes-et-depart-diwona\/#primaryimage","url":"http:\/\/apeimeudon.fr\/Blog-APEI\/wp-content\/uploads\/2024\/01\/Miniature-2-rotated.jpg","contentUrl":"http:\/\/apeimeudon.fr\/Blog-APEI\/wp-content\/uploads\/2024\/01\/Miniature-2-rotated.jpg","width":400,"height":283},{"@type":"BreadcrumbList","@id":"https:\/\/apeimeudon.fr\/Blog-APEI\/galette-2024-au-foyer-des-lampes-et-depart-diwona\/#breadcrumb","itemListElement":[{"@type":"ListItem","position":1,"name":"Accueil","item":"https:\/\/apeimeudon.fr\/Blog-APEI\/"},{"@type":"ListItem","position":2,"name":"Galette 2024 au Foyer des Lampes et changement pour Iwona\u00a0"}]},{"@type":"WebSite","@id":"https:\/\/apeimeudon.fr\/Blog-APEI\/#website","url":"https:\/\/apeimeudon.fr\/Blog-APEI\/","name":"La Gazette des Foyers de l&#039;APEI de Meudon","description":"Nos diff\u00e9rences loin de nous l\u00e9ser doivent nous enrichir -  Antoine de Saint-Exup\u00e9ry","publisher":{"@id":"https:\/\/apeimeudon.fr\/Blog-APEI\/#organization"},"potentialAction":[{"@type":"SearchAction","target":{"@type":"EntryPoint","urlTemplate":"https:\/\/apeimeudon.fr\/Blog-APEI\/?s={search_term_string}"},"query-input":{"@type":"PropertyValueSpecification","valueRequired":true,"valueName":"search_term_string"}}],"inLanguage":"fr-FR"},{"@type":"Organization","@id":"https:\/\/apeimeudon.fr\/Blog-APEI\/#organization","name":"APEI de Meudon","url":"https:\/\/apeimeudon.fr\/Blog-APEI\/","logo":{"@type":"ImageObject","inLanguage":"fr-FR","@id":"https:\/\/apeimeudon.fr\/Blog-APEI\/#\/schema\/logo\/image\/","url":"https:\/\/apeimeudon.fr\/Blog-APEI\/wp-content\/uploads\/2017\/10\/Icone-APEI.png","contentUrl":"https:\/\/apeimeudon.fr\/Blog-APEI\/wp-content\/uploads\/2017\/10\/Icone-APEI.png","width":128,"height":128,"caption":"APEI de Meudon"},"image":{"@id":"https:\/\/apeimeudon.fr\/Blog-APEI\/#\/schema\/logo\/image\/"}},{"@type":"Person","@id":"https:\/\/apeimeudon.fr\/Blog-APEI\/#\/schema\/person\/536e2dc69b6d8456308013bd9a7b762b","name":"Equipe r\u00e9dactionnelle Foyer des Lampes","image":{"@type":"ImageObject","inLanguage":"fr-FR","@id":"https:\/\/secure.gravatar.com\/avatar\/c64021a86f77cc135da78b91677b4c8cb3c2882fad89dba6a7a7defab5e64683?s=96&d=mm&r=g","url":"https:\/\/secure.gravatar.com\/avatar\/c64021a86f77cc135da78b91677b4c8cb3c2882fad89dba6a7a7defab5e64683?s=96&d=mm&r=g","contentUrl":"https:\/\/secure.gravatar.com\/avatar\/c64021a86f77cc135da78b91677b4c8cb3c2882fad89dba6a7a7defab5e64683?s=96&d=mm&r=g","caption":"Equipe r\u00e9dactionnelle Foyer des Lampes"},"url":"http:\/\/apeimeudon.fr\/Blog-APEI\/author\/lampes\/"}]}},"_links":{"self":[{"href":"http:\/\/apeimeudon.fr\/Blog-APEI\/wp-json\/wp\/v2\/posts\/4712","targetHints":{"allow":["GET"]}}],"collection":[{"href":"http:\/\/apeimeudon.fr\/Blog-APEI\/wp-json\/wp\/v2\/posts"}],"about":[{"href":"http:\/\/apeimeudon.fr\/Blog-APEI\/wp-json\/wp\/v2\/types\/post"}],"author":[{"embeddable":true,"href":"http:\/\/apeimeudon.fr\/Blog-APEI\/wp-json\/wp\/v2\/users\/3"}],"replies":[{"embeddable":true,"href":"http:\/\/apeimeudon.fr\/Blog-APEI\/wp-json\/wp\/v2\/comments?post=4712"}],"version-history":[{"count":3,"href":"http:\/\/apeimeudon.fr\/Blog-APEI\/wp-json\/wp\/v2\/posts\/4712\/revisions"}],"predecessor-version":[{"id":4776,"href":"http:\/\/apeimeudon.fr\/Blog-APEI\/wp-json\/wp\/v2\/posts\/4712\/revisions\/4776"}],"wp:featuredmedia":[{"embeddable":true,"href":"http:\/\/apeimeudon.fr\/Blog-APEI\/wp-json\/wp\/v2\/media\/4711"}],"wp:attachment":[{"href":"http:\/\/apeimeudon.fr\/Blog-APEI\/wp-json\/wp\/v2\/media?parent=4712"}],"wp:term":[{"taxonomy":"category","embeddable":true,"href":"http:\/\/apeimeudon.fr\/Blog-APEI\/wp-json\/wp\/v2\/categories?post=4712"},{"taxonomy":"post_tag","embeddable":true,"href":"http:\/\/apeimeudon.fr\/Blog-APEI\/wp-json\/wp\/v2\/tags?post=4712"}],"curies":[{"name":"wp","href":"https:\/\/api.w.org\/{rel}","templated":true}]}}