{"id":10996,"date":"2025-07-07T13:44:14","date_gmt":"2025-07-07T11:44:14","guid":{"rendered":"https:\/\/apeimeudon.fr\/Blog-APEI\/?p=10996"},"modified":"2025-07-07T13:44:15","modified_gmt":"2025-07-07T11:44:15","slug":"sejour-a-amboise","status":"publish","type":"post","link":"https:\/\/apeimeudon.fr\/Blog-APEI\/sejour-a-amboise\/","title":{"rendered":"S\u00e9jour \u00e0 Amboise"},"content":{"rendered":"\n<p>Une semaine apr\u00e8s le s\u00e9jour dans les Vosges, un deuxi\u00e8me groupe de r\u00e9sidents du Foyer des Lampes quittait la r\u00e9gion parisienne pour rallier la ville d\u2019Amboise dans la vall\u00e9e de la Loire. Qui dit Vall\u00e9e de la Loire dit ch\u00e2teaux de la Loire, magnifique r\u00e9gion avec plus de 400 ch\u00e2teaux \u00e0 visiter (de quoi remplir les week-ends !).<\/p>\n\n\n\n<!--more-->\n\n\n\n<p>D\u00e9part pr\u00e9vu en d\u00e9but d\u2019apr\u00e8s-midi, apr\u00e8s avoir charg\u00e9 les v\u00e9hicules, circulation fluide et arriv\u00e9e vers 16h30 dans une magnifique demeure, entour\u00e9e de verdure : un tr\u00e8s beau cadre, tr\u00e8s reposant.<\/p>\n\n\n\n<p>Installation rapide dans les chambres, courses faites par un petit groupe de r\u00e9sidents avec les \u00e9ducateurs et d\u00e9j\u00e0 l\u2019heure de passer aux choses s\u00e9rieuses, c\u2019est-\u00e0-dire pr\u00e9parer le diner ! Malgr\u00e9 le d\u00e9but de soir\u00e9e la chaleur est encore \u00e9touffante, ce qui inqui\u00e8te un peu l\u2019\u00e9quipe \u00e9ducative vu le programme charg\u00e9e de la journ\u00e9e de samedi.<\/p>\n\n\n\n<p>Apr\u00e8s une bonne nuit, r\u00e9veil pour tous vers 7h30\/ 8h00 et chacun vaque \u00e0 ses occupations avant le d\u00e9part vers 10h pour Amboise. Il fait d\u00e9j\u00e0 tr\u00e8s chaud, nous arrivons devant le ch\u00e2teau et gagnons l\u2019ombre le plus rapidement possible. La visite du ch\u00e2teau permet aux r\u00e9sidents d\u2019\u00eatre au frais ce qui n\u2019est pas n\u00e9gligeable vu les temp\u00e9ratures. La visite plait \u00e0 tout le monde puis nous trouvons un joli coin d\u2019ombre pour pique-niquer.<\/p>\n\n\n\n<p>Cr\u00e8me solaire, casquette, hydratation et nous partons pour une balade en bateau sur la Loire. Le bateau est couvert ce qui permet d\u2019\u00e9viter que le soleil ne frappe trop fort. Le personnel naviguant \u00e0 la bonne id\u00e9e d\u2019arroser les r\u00e9sidents avec des pistolets \u00e0 eau : rafraichissement tr\u00e8s appr\u00e9ci\u00e9 par les r\u00e9sidents et les \u00e9ducateurs !<\/p>\n\n\n\n<p>Apr\u00e8s cette journ\u00e9e chaude et charg\u00e9e, retour au gite, o\u00f9 la temp\u00e9rature ext\u00e9rieure ne permet toujours pas de diner dehors. Mais nous profitons d\u2019une belle salle \u00e0 manger rest\u00e9e relativement fraiche gr\u00e2ce aux \u00e9pais murs de pierre.<\/p>\n\n\n\n<p>Nuit calme et r\u00e9paratrice pour tout le monde et d\u00e9j\u00e0 la derni\u00e8re ligne droite du s\u00e9jour pointe le bout de son nez. Dimanche est le jour du d\u00e9part, mais impossible de quitter Amboise sans une balade dans cette ville magnifique :&nbsp; achats de souvenirs pour certains et d\u00e9part pour le restaurant dans le centre-ville d\u2019Amboise. Moment agr\u00e9able pour tous, surtout que la chaleur est moins pesante que samedi. Nouvelle petite balade avant le retour vers notre quartier g\u00e9n\u00e9ral des Lampes.<\/p>\n\n\n\n<p>Tr\u00e8s bon s\u00e9jour pour les r\u00e9sidents qui ont vraiment appr\u00e9ci\u00e9 cette petite escapade, ils sont 8 \u00e0 avoir tenu t\u00eate au soleil et aux 38 degr\u00e9s : Anna, Sol\u00e8ne, Diane, Nathalie, Antoine, Olivier, Melvyn, Anne.<\/p>\n\n\n\n<p class=\"has-text-align-right\">Eric<\/p>\n\n\n\n<p class=\"has-text-align-center\"><strong><em>Souvenirs en image de ce s\u00e9jour : montage sign\u00e9 Alexia<\/em><\/strong><\/p>\n\n\n\n<figure class=\"wp-block-video\"><video controls src=\"http:\/\/apeimeudon.fr\/Blog-APEI\/wp-content\/uploads\/2025\/07\/CHATEAU-DE-LA-LOIRE-juin-2025-\u2010-Realisee-avec-Clipchamp.mp4\"><\/video><\/figure>\n","protected":false},"excerpt":{"rendered":"<p>Une semaine apr\u00e8s le s\u00e9jour dans les Vosges, un deuxi\u00e8me groupe de r\u00e9sidents du Foyer des Lampes quittait la r\u00e9gion parisienne pour rallier la ville d\u2019Amboise dans la vall\u00e9e de la Loire. Qui dit Vall\u00e9e de la Loire dit ch\u00e2teaux de la Loire, magnifique r\u00e9gion avec plus de 400 ch\u00e2teaux \u00e0 visiter (de quoi remplir [&hellip;]<\/p>\n","protected":false},"author":3,"featured_media":10995,"comment_status":"open","ping_status":"open","sticky":false,"template":"","format":"standard","meta":{"_acf_changed":false,"_monsterinsights_skip_tracking":false,"_monsterinsights_sitenote_active":false,"_monsterinsights_sitenote_note":"","_monsterinsights_sitenote_category":0,"ngg_post_thumbnail":0,"footnotes":""},"categories":[34,76,51],"tags":[],"class_list":["post-10996","post","type-post","status-publish","format-standard","has-post-thumbnail","hentry","category-foyer-des-lampes","category-sejour","category-transfert"],"acf":[],"yoast_head":"<!-- This site is optimized with the Yoast SEO plugin v27.3 - https:\/\/yoast.com\/product\/yoast-seo-wordpress\/ -->\n<title>S\u00e9jour \u00e0 Amboise - La Gazette des Foyers de l&#039;APEI de Meudon<\/title>\n<meta name=\"robots\" content=\"index, follow, max-snippet:-1, max-image-preview:large, max-video-preview:-1\" \/>\n<link rel=\"canonical\" href=\"https:\/\/apeimeudon.fr\/Blog-APEI\/sejour-a-amboise\/\" \/>\n<meta property=\"og:locale\" content=\"fr_FR\" \/>\n<meta property=\"og:type\" content=\"article\" \/>\n<meta property=\"og:title\" content=\"S\u00e9jour \u00e0 Amboise - La Gazette des Foyers de l&#039;APEI de Meudon\" \/>\n<meta property=\"og:description\" content=\"Une semaine apr\u00e8s le s\u00e9jour dans les Vosges, un deuxi\u00e8me groupe de r\u00e9sidents du Foyer des Lampes quittait la r\u00e9gion parisienne pour rallier la ville d\u2019Amboise dans la vall\u00e9e de la Loire. Qui dit Vall\u00e9e de la Loire dit ch\u00e2teaux de la Loire, magnifique r\u00e9gion avec plus de 400 ch\u00e2teaux \u00e0 visiter (de quoi remplir [&hellip;]\" \/>\n<meta property=\"og:url\" content=\"https:\/\/apeimeudon.fr\/Blog-APEI\/sejour-a-amboise\/\" \/>\n<meta property=\"og:site_name\" content=\"La Gazette des Foyers de l&#039;APEI de Meudon\" \/>\n<meta property=\"article:published_time\" content=\"2025-07-07T11:44:14+00:00\" \/>\n<meta property=\"article:modified_time\" content=\"2025-07-07T11:44:15+00:00\" \/>\n<meta property=\"og:image\" content=\"https:\/\/apeimeudon.fr\/Blog-APEI\/wp-content\/uploads\/2025\/07\/Miniature-Amboise.jpg\" \/>\n\t<meta property=\"og:image:width\" content=\"400\" \/>\n\t<meta property=\"og:image:height\" content=\"220\" \/>\n\t<meta property=\"og:image:type\" content=\"image\/jpeg\" \/>\n<meta name=\"author\" content=\"Equipe r\u00e9dactionnelle Foyer des Lampes\" \/>\n<meta name=\"twitter:card\" content=\"summary_large_image\" \/>\n<meta name=\"twitter:label1\" content=\"\u00c9crit par\" \/>\n\t<meta name=\"twitter:data1\" content=\"Equipe r\u00e9dactionnelle Foyer des Lampes\" \/>\n\t<meta name=\"twitter:label2\" content=\"Dur\u00e9e de lecture estim\u00e9e\" \/>\n\t<meta name=\"twitter:data2\" content=\"3 minutes\" \/>\n<script type=\"application\/ld+json\" class=\"yoast-schema-graph\">{\"@context\":\"https:\\\/\\\/schema.org\",\"@graph\":[{\"@type\":\"Article\",\"@id\":\"https:\\\/\\\/apeimeudon.fr\\\/Blog-APEI\\\/sejour-a-amboise\\\/#article\",\"isPartOf\":{\"@id\":\"https:\\\/\\\/apeimeudon.fr\\\/Blog-APEI\\\/sejour-a-amboise\\\/\"},\"author\":{\"name\":\"Equipe r\u00e9dactionnelle Foyer des Lampes\",\"@id\":\"https:\\\/\\\/apeimeudon.fr\\\/Blog-APEI\\\/#\\\/schema\\\/person\\\/536e2dc69b6d8456308013bd9a7b762b\"},\"headline\":\"S\u00e9jour \u00e0 Amboise\",\"datePublished\":\"2025-07-07T11:44:14+00:00\",\"dateModified\":\"2025-07-07T11:44:15+00:00\",\"mainEntityOfPage\":{\"@id\":\"https:\\\/\\\/apeimeudon.fr\\\/Blog-APEI\\\/sejour-a-amboise\\\/\"},\"wordCount\":505,\"commentCount\":0,\"publisher\":{\"@id\":\"https:\\\/\\\/apeimeudon.fr\\\/Blog-APEI\\\/#organization\"},\"image\":{\"@id\":\"https:\\\/\\\/apeimeudon.fr\\\/Blog-APEI\\\/sejour-a-amboise\\\/#primaryimage\"},\"thumbnailUrl\":\"https:\\\/\\\/apeimeudon.fr\\\/Blog-APEI\\\/wp-content\\\/uploads\\\/2025\\\/07\\\/Miniature-Amboise.jpg\",\"articleSection\":[\"Foyer des Lampes\",\"S\u00e9jour\",\"Transfert\"],\"inLanguage\":\"fr-FR\",\"potentialAction\":[{\"@type\":\"CommentAction\",\"name\":\"Comment\",\"target\":[\"https:\\\/\\\/apeimeudon.fr\\\/Blog-APEI\\\/sejour-a-amboise\\\/#respond\"]}]},{\"@type\":\"WebPage\",\"@id\":\"https:\\\/\\\/apeimeudon.fr\\\/Blog-APEI\\\/sejour-a-amboise\\\/\",\"url\":\"https:\\\/\\\/apeimeudon.fr\\\/Blog-APEI\\\/sejour-a-amboise\\\/\",\"name\":\"S\u00e9jour \u00e0 Amboise - La Gazette des Foyers de l&#039;APEI de Meudon\",\"isPartOf\":{\"@id\":\"https:\\\/\\\/apeimeudon.fr\\\/Blog-APEI\\\/#website\"},\"primaryImageOfPage\":{\"@id\":\"https:\\\/\\\/apeimeudon.fr\\\/Blog-APEI\\\/sejour-a-amboise\\\/#primaryimage\"},\"image\":{\"@id\":\"https:\\\/\\\/apeimeudon.fr\\\/Blog-APEI\\\/sejour-a-amboise\\\/#primaryimage\"},\"thumbnailUrl\":\"https:\\\/\\\/apeimeudon.fr\\\/Blog-APEI\\\/wp-content\\\/uploads\\\/2025\\\/07\\\/Miniature-Amboise.jpg\",\"datePublished\":\"2025-07-07T11:44:14+00:00\",\"dateModified\":\"2025-07-07T11:44:15+00:00\",\"breadcrumb\":{\"@id\":\"https:\\\/\\\/apeimeudon.fr\\\/Blog-APEI\\\/sejour-a-amboise\\\/#breadcrumb\"},\"inLanguage\":\"fr-FR\",\"potentialAction\":[{\"@type\":\"ReadAction\",\"target\":[\"https:\\\/\\\/apeimeudon.fr\\\/Blog-APEI\\\/sejour-a-amboise\\\/\"]}]},{\"@type\":\"ImageObject\",\"inLanguage\":\"fr-FR\",\"@id\":\"https:\\\/\\\/apeimeudon.fr\\\/Blog-APEI\\\/sejour-a-amboise\\\/#primaryimage\",\"url\":\"https:\\\/\\\/apeimeudon.fr\\\/Blog-APEI\\\/wp-content\\\/uploads\\\/2025\\\/07\\\/Miniature-Amboise.jpg\",\"contentUrl\":\"https:\\\/\\\/apeimeudon.fr\\\/Blog-APEI\\\/wp-content\\\/uploads\\\/2025\\\/07\\\/Miniature-Amboise.jpg\",\"width\":400,\"height\":220},{\"@type\":\"BreadcrumbList\",\"@id\":\"https:\\\/\\\/apeimeudon.fr\\\/Blog-APEI\\\/sejour-a-amboise\\\/#breadcrumb\",\"itemListElement\":[{\"@type\":\"ListItem\",\"position\":1,\"name\":\"Accueil\",\"item\":\"https:\\\/\\\/apeimeudon.fr\\\/Blog-APEI\\\/\"},{\"@type\":\"ListItem\",\"position\":2,\"name\":\"S\u00e9jour \u00e0 Amboise\"}]},{\"@type\":\"WebSite\",\"@id\":\"https:\\\/\\\/apeimeudon.fr\\\/Blog-APEI\\\/#website\",\"url\":\"https:\\\/\\\/apeimeudon.fr\\\/Blog-APEI\\\/\",\"name\":\"La Gazette des Foyers de l&#039;APEI de Meudon\",\"description\":\"Nos diff\u00e9rences loin de nous l\u00e9ser doivent nous enrichir -  Antoine de Saint-Exup\u00e9ry\",\"publisher\":{\"@id\":\"https:\\\/\\\/apeimeudon.fr\\\/Blog-APEI\\\/#organization\"},\"potentialAction\":[{\"@type\":\"SearchAction\",\"target\":{\"@type\":\"EntryPoint\",\"urlTemplate\":\"https:\\\/\\\/apeimeudon.fr\\\/Blog-APEI\\\/?s={search_term_string}\"},\"query-input\":{\"@type\":\"PropertyValueSpecification\",\"valueRequired\":true,\"valueName\":\"search_term_string\"}}],\"inLanguage\":\"fr-FR\"},{\"@type\":\"Organization\",\"@id\":\"https:\\\/\\\/apeimeudon.fr\\\/Blog-APEI\\\/#organization\",\"name\":\"APEI de Meudon\",\"url\":\"https:\\\/\\\/apeimeudon.fr\\\/Blog-APEI\\\/\",\"logo\":{\"@type\":\"ImageObject\",\"inLanguage\":\"fr-FR\",\"@id\":\"https:\\\/\\\/apeimeudon.fr\\\/Blog-APEI\\\/#\\\/schema\\\/logo\\\/image\\\/\",\"url\":\"https:\\\/\\\/apeimeudon.fr\\\/Blog-APEI\\\/wp-content\\\/uploads\\\/2017\\\/10\\\/Icone-APEI.png\",\"contentUrl\":\"https:\\\/\\\/apeimeudon.fr\\\/Blog-APEI\\\/wp-content\\\/uploads\\\/2017\\\/10\\\/Icone-APEI.png\",\"width\":128,\"height\":128,\"caption\":\"APEI de Meudon\"},\"image\":{\"@id\":\"https:\\\/\\\/apeimeudon.fr\\\/Blog-APEI\\\/#\\\/schema\\\/logo\\\/image\\\/\"}},{\"@type\":\"Person\",\"@id\":\"https:\\\/\\\/apeimeudon.fr\\\/Blog-APEI\\\/#\\\/schema\\\/person\\\/536e2dc69b6d8456308013bd9a7b762b\",\"name\":\"Equipe r\u00e9dactionnelle Foyer des Lampes\",\"image\":{\"@type\":\"ImageObject\",\"inLanguage\":\"fr-FR\",\"@id\":\"https:\\\/\\\/secure.gravatar.com\\\/avatar\\\/c64021a86f77cc135da78b91677b4c8cb3c2882fad89dba6a7a7defab5e64683?s=96&d=mm&r=g\",\"url\":\"https:\\\/\\\/secure.gravatar.com\\\/avatar\\\/c64021a86f77cc135da78b91677b4c8cb3c2882fad89dba6a7a7defab5e64683?s=96&d=mm&r=g\",\"contentUrl\":\"https:\\\/\\\/secure.gravatar.com\\\/avatar\\\/c64021a86f77cc135da78b91677b4c8cb3c2882fad89dba6a7a7defab5e64683?s=96&d=mm&r=g\",\"caption\":\"Equipe r\u00e9dactionnelle Foyer des Lampes\"},\"url\":\"https:\\\/\\\/apeimeudon.fr\\\/Blog-APEI\\\/author\\\/lampes\\\/\"}]}<\/script>\n<!-- \/ Yoast SEO plugin. -->","yoast_head_json":{"title":"S\u00e9jour \u00e0 Amboise - La Gazette des Foyers de l&#039;APEI de Meudon","robots":{"index":"index","follow":"follow","max-snippet":"max-snippet:-1","max-image-preview":"max-image-preview:large","max-video-preview":"max-video-preview:-1"},"canonical":"https:\/\/apeimeudon.fr\/Blog-APEI\/sejour-a-amboise\/","og_locale":"fr_FR","og_type":"article","og_title":"S\u00e9jour \u00e0 Amboise - La Gazette des Foyers de l&#039;APEI de Meudon","og_description":"Une semaine apr\u00e8s le s\u00e9jour dans les Vosges, un deuxi\u00e8me groupe de r\u00e9sidents du Foyer des Lampes quittait la r\u00e9gion parisienne pour rallier la ville d\u2019Amboise dans la vall\u00e9e de la Loire. Qui dit Vall\u00e9e de la Loire dit ch\u00e2teaux de la Loire, magnifique r\u00e9gion avec plus de 400 ch\u00e2teaux \u00e0 visiter (de quoi remplir [&hellip;]","og_url":"https:\/\/apeimeudon.fr\/Blog-APEI\/sejour-a-amboise\/","og_site_name":"La Gazette des Foyers de l&#039;APEI de Meudon","article_published_time":"2025-07-07T11:44:14+00:00","article_modified_time":"2025-07-07T11:44:15+00:00","og_image":[{"width":400,"height":220,"url":"https:\/\/apeimeudon.fr\/Blog-APEI\/wp-content\/uploads\/2025\/07\/Miniature-Amboise.jpg","type":"image\/jpeg"}],"author":"Equipe r\u00e9dactionnelle Foyer des Lampes","twitter_card":"summary_large_image","twitter_misc":{"\u00c9crit par":"Equipe r\u00e9dactionnelle Foyer des Lampes","Dur\u00e9e de lecture estim\u00e9e":"3 minutes"},"schema":{"@context":"https:\/\/schema.org","@graph":[{"@type":"Article","@id":"https:\/\/apeimeudon.fr\/Blog-APEI\/sejour-a-amboise\/#article","isPartOf":{"@id":"https:\/\/apeimeudon.fr\/Blog-APEI\/sejour-a-amboise\/"},"author":{"name":"Equipe r\u00e9dactionnelle Foyer des Lampes","@id":"https:\/\/apeimeudon.fr\/Blog-APEI\/#\/schema\/person\/536e2dc69b6d8456308013bd9a7b762b"},"headline":"S\u00e9jour \u00e0 Amboise","datePublished":"2025-07-07T11:44:14+00:00","dateModified":"2025-07-07T11:44:15+00:00","mainEntityOfPage":{"@id":"https:\/\/apeimeudon.fr\/Blog-APEI\/sejour-a-amboise\/"},"wordCount":505,"commentCount":0,"publisher":{"@id":"https:\/\/apeimeudon.fr\/Blog-APEI\/#organization"},"image":{"@id":"https:\/\/apeimeudon.fr\/Blog-APEI\/sejour-a-amboise\/#primaryimage"},"thumbnailUrl":"https:\/\/apeimeudon.fr\/Blog-APEI\/wp-content\/uploads\/2025\/07\/Miniature-Amboise.jpg","articleSection":["Foyer des Lampes","S\u00e9jour","Transfert"],"inLanguage":"fr-FR","potentialAction":[{"@type":"CommentAction","name":"Comment","target":["https:\/\/apeimeudon.fr\/Blog-APEI\/sejour-a-amboise\/#respond"]}]},{"@type":"WebPage","@id":"https:\/\/apeimeudon.fr\/Blog-APEI\/sejour-a-amboise\/","url":"https:\/\/apeimeudon.fr\/Blog-APEI\/sejour-a-amboise\/","name":"S\u00e9jour \u00e0 Amboise - La Gazette des Foyers de l&#039;APEI de Meudon","isPartOf":{"@id":"https:\/\/apeimeudon.fr\/Blog-APEI\/#website"},"primaryImageOfPage":{"@id":"https:\/\/apeimeudon.fr\/Blog-APEI\/sejour-a-amboise\/#primaryimage"},"image":{"@id":"https:\/\/apeimeudon.fr\/Blog-APEI\/sejour-a-amboise\/#primaryimage"},"thumbnailUrl":"https:\/\/apeimeudon.fr\/Blog-APEI\/wp-content\/uploads\/2025\/07\/Miniature-Amboise.jpg","datePublished":"2025-07-07T11:44:14+00:00","dateModified":"2025-07-07T11:44:15+00:00","breadcrumb":{"@id":"https:\/\/apeimeudon.fr\/Blog-APEI\/sejour-a-amboise\/#breadcrumb"},"inLanguage":"fr-FR","potentialAction":[{"@type":"ReadAction","target":["https:\/\/apeimeudon.fr\/Blog-APEI\/sejour-a-amboise\/"]}]},{"@type":"ImageObject","inLanguage":"fr-FR","@id":"https:\/\/apeimeudon.fr\/Blog-APEI\/sejour-a-amboise\/#primaryimage","url":"https:\/\/apeimeudon.fr\/Blog-APEI\/wp-content\/uploads\/2025\/07\/Miniature-Amboise.jpg","contentUrl":"https:\/\/apeimeudon.fr\/Blog-APEI\/wp-content\/uploads\/2025\/07\/Miniature-Amboise.jpg","width":400,"height":220},{"@type":"BreadcrumbList","@id":"https:\/\/apeimeudon.fr\/Blog-APEI\/sejour-a-amboise\/#breadcrumb","itemListElement":[{"@type":"ListItem","position":1,"name":"Accueil","item":"https:\/\/apeimeudon.fr\/Blog-APEI\/"},{"@type":"ListItem","position":2,"name":"S\u00e9jour \u00e0 Amboise"}]},{"@type":"WebSite","@id":"https:\/\/apeimeudon.fr\/Blog-APEI\/#website","url":"https:\/\/apeimeudon.fr\/Blog-APEI\/","name":"La Gazette des Foyers de l&#039;APEI de Meudon","description":"Nos diff\u00e9rences loin de nous l\u00e9ser doivent nous enrichir -  Antoine de Saint-Exup\u00e9ry","publisher":{"@id":"https:\/\/apeimeudon.fr\/Blog-APEI\/#organization"},"potentialAction":[{"@type":"SearchAction","target":{"@type":"EntryPoint","urlTemplate":"https:\/\/apeimeudon.fr\/Blog-APEI\/?s={search_term_string}"},"query-input":{"@type":"PropertyValueSpecification","valueRequired":true,"valueName":"search_term_string"}}],"inLanguage":"fr-FR"},{"@type":"Organization","@id":"https:\/\/apeimeudon.fr\/Blog-APEI\/#organization","name":"APEI de Meudon","url":"https:\/\/apeimeudon.fr\/Blog-APEI\/","logo":{"@type":"ImageObject","inLanguage":"fr-FR","@id":"https:\/\/apeimeudon.fr\/Blog-APEI\/#\/schema\/logo\/image\/","url":"https:\/\/apeimeudon.fr\/Blog-APEI\/wp-content\/uploads\/2017\/10\/Icone-APEI.png","contentUrl":"https:\/\/apeimeudon.fr\/Blog-APEI\/wp-content\/uploads\/2017\/10\/Icone-APEI.png","width":128,"height":128,"caption":"APEI de Meudon"},"image":{"@id":"https:\/\/apeimeudon.fr\/Blog-APEI\/#\/schema\/logo\/image\/"}},{"@type":"Person","@id":"https:\/\/apeimeudon.fr\/Blog-APEI\/#\/schema\/person\/536e2dc69b6d8456308013bd9a7b762b","name":"Equipe r\u00e9dactionnelle Foyer des Lampes","image":{"@type":"ImageObject","inLanguage":"fr-FR","@id":"https:\/\/secure.gravatar.com\/avatar\/c64021a86f77cc135da78b91677b4c8cb3c2882fad89dba6a7a7defab5e64683?s=96&d=mm&r=g","url":"https:\/\/secure.gravatar.com\/avatar\/c64021a86f77cc135da78b91677b4c8cb3c2882fad89dba6a7a7defab5e64683?s=96&d=mm&r=g","contentUrl":"https:\/\/secure.gravatar.com\/avatar\/c64021a86f77cc135da78b91677b4c8cb3c2882fad89dba6a7a7defab5e64683?s=96&d=mm&r=g","caption":"Equipe r\u00e9dactionnelle Foyer des Lampes"},"url":"https:\/\/apeimeudon.fr\/Blog-APEI\/author\/lampes\/"}]}},"_links":{"self":[{"href":"https:\/\/apeimeudon.fr\/Blog-APEI\/wp-json\/wp\/v2\/posts\/10996","targetHints":{"allow":["GET"]}}],"collection":[{"href":"https:\/\/apeimeudon.fr\/Blog-APEI\/wp-json\/wp\/v2\/posts"}],"about":[{"href":"https:\/\/apeimeudon.fr\/Blog-APEI\/wp-json\/wp\/v2\/types\/post"}],"author":[{"embeddable":true,"href":"https:\/\/apeimeudon.fr\/Blog-APEI\/wp-json\/wp\/v2\/users\/3"}],"replies":[{"embeddable":true,"href":"https:\/\/apeimeudon.fr\/Blog-APEI\/wp-json\/wp\/v2\/comments?post=10996"}],"version-history":[{"count":2,"href":"https:\/\/apeimeudon.fr\/Blog-APEI\/wp-json\/wp\/v2\/posts\/10996\/revisions"}],"predecessor-version":[{"id":10998,"href":"https:\/\/apeimeudon.fr\/Blog-APEI\/wp-json\/wp\/v2\/posts\/10996\/revisions\/10998"}],"wp:featuredmedia":[{"embeddable":true,"href":"https:\/\/apeimeudon.fr\/Blog-APEI\/wp-json\/wp\/v2\/media\/10995"}],"wp:attachment":[{"href":"https:\/\/apeimeudon.fr\/Blog-APEI\/wp-json\/wp\/v2\/media?parent=10996"}],"wp:term":[{"taxonomy":"category","embeddable":true,"href":"https:\/\/apeimeudon.fr\/Blog-APEI\/wp-json\/wp\/v2\/categories?post=10996"},{"taxonomy":"post_tag","embeddable":true,"href":"https:\/\/apeimeudon.fr\/Blog-APEI\/wp-json\/wp\/v2\/tags?post=10996"}],"curies":[{"name":"wp","href":"https:\/\/api.w.org\/{rel}","templated":true}]}}