{"id":11609,"date":"2025-09-29T09:06:32","date_gmt":"2025-09-29T07:06:32","guid":{"rendered":"https:\/\/apeimeudon.fr\/Blog-APEI\/?p=11609"},"modified":"2025-09-29T09:06:33","modified_gmt":"2025-09-29T07:06:33","slug":"trois-jours-devasion-au-puy-du-fou","status":"publish","type":"post","link":"https:\/\/apeimeudon.fr\/Blog-APEI\/trois-jours-devasion-au-puy-du-fou\/","title":{"rendered":"Trois jours d\u2019\u00e9vasion au Puy du Fou"},"content":{"rendered":"\n<p>Du 17 au 19 septembre, un petit groupe de 6 r\u00e9sidents, accompagn\u00e9s de 4 \u00e9ducateurs, a pris la route pour une destination pas comme les autres : le Puy du Fou.<\/p>\n\n\n\n<p>Un voyage dans le temps<\/p>\n\n\n\n<!--more-->\n\n\n\n<p>D\u00e8s l\u2019arriv\u00e9e, l\u2019ambiance \u00e9tait pos\u00e9e : ici, chaque pas plonge dans une \u00e9poque diff\u00e9rente. Les premiers regards \u00e9merveill\u00e9s se sont tourn\u00e9s vers les villages reconstitu\u00e9s, les costumes d\u2019\u00e9poque et les d\u00e9cors grandeur nature. Tr\u00e8s vite, le groupe s\u2019est laiss\u00e9 emporter par les spectacles de jour, tous plus impressionnants les uns que les autres : combats de gladiateurs, attaques de vikings, chevauch\u00e9es de chevaliers et vols majestueux de rapaces. Chaque repr\u00e9sentation a su captiver l\u2019attention et susciter l\u2019\u00e9tonnement.<\/p>\n\n\n\n<p>Des soir\u00e9es magiques<\/p>\n\n\n\n<p>Le soir venu, la magie s\u2019est prolong\u00e9e avec les spectacles nocturnes, o\u00f9 lumi\u00e8res, musiques et effets sp\u00e9ciaux ont transport\u00e9 tout le monde dans une atmosph\u00e8re unique. Les r\u00e9sidents, fascin\u00e9s, n\u2019avaient pas assez d\u2019yeux pour tout voir et sont repartis avec des \u00e9toiles plein la t\u00eate.<\/p>\n\n\n\n<p>Des moments partag\u00e9s<\/p>\n\n\n\n<p>Au-del\u00e0 des repr\u00e9sentations, le s\u00e9jour a \u00e9t\u00e9 ponctu\u00e9 de temps conviviaux. Le repas pris ensemble au restaurant Buffalo restera un souvenir chaleureux : discussions anim\u00e9es, rires partag\u00e9s et complicit\u00e9 \u00e9vidente entre r\u00e9sidents et \u00e9ducateurs.<\/p>\n\n\n\n<p>Des souvenirs inoubliables<\/p>\n\n\n\n<p>En trois jours, chacun a pu s\u2019\u00e9vader, d\u00e9couvrir, apprendre et surtout partager. Ce s\u00e9jour restera grav\u00e9 dans les m\u00e9moires comme une parenth\u00e8se enchant\u00e9e, faite d\u2019\u00e9motions, de d\u00e9couvertes et de belles rencontres.<\/p>\n\n\n\n<p class=\"has-text-align-right\">Equipe r\u00e9dactionnelle de l&rsquo;EAM<\/p>\n\n\n\n<p><\/p>\n\n\n<p>\r\n\t\t\t\t\t\n\r\n\t\t\t\t\t<!-- START UNITE GALLERY 1.7.62 -->\r\n\t\t\t\t\t\r\n\t\t\t\t\n\t\t\t<div id='unitegallery_254_1' class='unite-gallery' style='margin:0px auto;'>\n\t\t\t\t\n\n\t\t\t\t\t\t<img alt=\"PUY DU FOU 1\"\n\t\t\t\t\t\t     src=\"\" data-image=\"https:\/\/apeimeudon.fr\/Blog-APEI\/wp-content\/uploads\/2025\/09\/PUY-DU-FOU-1.jpg\"\n\t\t\t\t\t\t     data-thumb=\"https:\/\/apeimeudon.fr\/Blog-APEI\/wp-content\/uploads\/2025\/09\/PUY-DU-FOU-1-225x300.jpg\"\n\t\t\t\t\t\t     title=\"\"\n\t\t\t\t\t\t     style=\"display:none\">\n\n\t\t\t\t\t\t<img alt=\"PUY DU FOU 2\"\n\t\t\t\t\t\t     src=\"\" data-image=\"https:\/\/apeimeudon.fr\/Blog-APEI\/wp-content\/uploads\/2025\/09\/PUY-DU-FOU-2.jpg\"\n\t\t\t\t\t\t     data-thumb=\"https:\/\/apeimeudon.fr\/Blog-APEI\/wp-content\/uploads\/2025\/09\/PUY-DU-FOU-2-225x300.jpg\"\n\t\t\t\t\t\t     title=\"\"\n\t\t\t\t\t\t     style=\"display:none\">\n\n\t\t\t\t\t\t<img alt=\"PUY DU FOU 3\"\n\t\t\t\t\t\t     src=\"\" data-image=\"https:\/\/apeimeudon.fr\/Blog-APEI\/wp-content\/uploads\/2025\/09\/PUY-DU-FOU-3.jpg\"\n\t\t\t\t\t\t     data-thumb=\"https:\/\/apeimeudon.fr\/Blog-APEI\/wp-content\/uploads\/2025\/09\/PUY-DU-FOU-3-225x300.jpg\"\n\t\t\t\t\t\t     title=\"\"\n\t\t\t\t\t\t     style=\"display:none\">\n\t\t\t<\/div>\n\n\t\t\t<script type='text\/javascript'>\n\t\t\t\twindow.onload = function(e) {\n\t\t\t\t\tif(typeof ugCheckForErrors == \"undefined\"){\n\t\t\t\t\t\tdocument.getElementById(\"unitegallery_254_1\").innerHTML = \"<span style='color:red'>Unite Gallery Error - gallery js and css files not included in the footer. Please make sure that wp_footer() function is added to your theme.<\/span>\";}\n\t\t\t\t\telse{ ugCheckForErrors(\"unitegallery_254_1\", \"jquery\");}\n\t\t\t\t};\n\t\t\t<\/script>\n\n\t\t\t<!-- END UNITEGALLERY --><\/p>\n\n\n\n<p><\/p>\n","protected":false},"excerpt":{"rendered":"<p>Du 17 au 19 septembre, un petit groupe de 6 r\u00e9sidents, accompagn\u00e9s de 4 \u00e9ducateurs, a pris la route pour une destination pas comme les autres : le Puy du Fou. Un voyage dans le temps<\/p>\n","protected":false},"author":12,"featured_media":11607,"comment_status":"open","ping_status":"open","sticky":false,"template":"","format":"standard","meta":{"_acf_changed":false,"_monsterinsights_skip_tracking":false,"_monsterinsights_sitenote_active":false,"_monsterinsights_sitenote_note":"","_monsterinsights_sitenote_category":0,"ngg_post_thumbnail":0,"footnotes":""},"categories":[63,50,76,51],"tags":[],"class_list":["post-11609","post","type-post","status-publish","format-standard","has-post-thumbnail","hentry","category-eam","category-eam-meudon-la-foret","category-sejour","category-transfert"],"acf":[],"yoast_head":"<!-- This site is optimized with the Yoast SEO plugin v27.3 - https:\/\/yoast.com\/product\/yoast-seo-wordpress\/ -->\n<title>Trois jours d\u2019\u00e9vasion au Puy du Fou - La Gazette des Foyers de l&#039;APEI de Meudon<\/title>\n<meta name=\"robots\" content=\"index, follow, max-snippet:-1, max-image-preview:large, max-video-preview:-1\" \/>\n<link rel=\"canonical\" href=\"https:\/\/apeimeudon.fr\/Blog-APEI\/trois-jours-devasion-au-puy-du-fou\/\" \/>\n<meta property=\"og:locale\" content=\"fr_FR\" \/>\n<meta property=\"og:type\" content=\"article\" \/>\n<meta property=\"og:title\" content=\"Trois jours d\u2019\u00e9vasion au Puy du Fou - La Gazette des Foyers de l&#039;APEI de Meudon\" \/>\n<meta property=\"og:description\" content=\"Du 17 au 19 septembre, un petit groupe de 6 r\u00e9sidents, accompagn\u00e9s de 4 \u00e9ducateurs, a pris la route pour une destination pas comme les autres : le Puy du Fou. Un voyage dans le temps\" \/>\n<meta property=\"og:url\" content=\"https:\/\/apeimeudon.fr\/Blog-APEI\/trois-jours-devasion-au-puy-du-fou\/\" \/>\n<meta property=\"og:site_name\" content=\"La Gazette des Foyers de l&#039;APEI de Meudon\" \/>\n<meta property=\"article:published_time\" content=\"2025-09-29T07:06:32+00:00\" \/>\n<meta property=\"article:modified_time\" content=\"2025-09-29T07:06:33+00:00\" \/>\n<meta property=\"og:image\" content=\"https:\/\/apeimeudon.fr\/Blog-APEI\/wp-content\/uploads\/2025\/09\/Miniature-PdF.jpg\" \/>\n\t<meta property=\"og:image:width\" content=\"400\" \/>\n\t<meta property=\"og:image:height\" content=\"163\" \/>\n\t<meta property=\"og:image:type\" content=\"image\/jpeg\" \/>\n<meta name=\"author\" content=\"Equipe r\u00e9dactionnelle de l&#039;EAM\" \/>\n<meta name=\"twitter:card\" content=\"summary_large_image\" \/>\n<meta name=\"twitter:label1\" content=\"\u00c9crit par\" \/>\n\t<meta name=\"twitter:data1\" content=\"Equipe r\u00e9dactionnelle de l&#039;EAM\" \/>\n\t<meta name=\"twitter:label2\" content=\"Dur\u00e9e de lecture estim\u00e9e\" \/>\n\t<meta name=\"twitter:data2\" content=\"2 minutes\" \/>\n<script type=\"application\/ld+json\" class=\"yoast-schema-graph\">{\"@context\":\"https:\\\/\\\/schema.org\",\"@graph\":[{\"@type\":\"Article\",\"@id\":\"https:\\\/\\\/apeimeudon.fr\\\/Blog-APEI\\\/trois-jours-devasion-au-puy-du-fou\\\/#article\",\"isPartOf\":{\"@id\":\"https:\\\/\\\/apeimeudon.fr\\\/Blog-APEI\\\/trois-jours-devasion-au-puy-du-fou\\\/\"},\"author\":{\"name\":\"Equipe r\u00e9dactionnelle de l'EAM\",\"@id\":\"https:\\\/\\\/apeimeudon.fr\\\/Blog-APEI\\\/#\\\/schema\\\/person\\\/a15b457343f8d37c1aa7c552ad0b58d7\"},\"headline\":\"Trois jours d\u2019\u00e9vasion au Puy du Fou\",\"datePublished\":\"2025-09-29T07:06:32+00:00\",\"dateModified\":\"2025-09-29T07:06:33+00:00\",\"mainEntityOfPage\":{\"@id\":\"https:\\\/\\\/apeimeudon.fr\\\/Blog-APEI\\\/trois-jours-devasion-au-puy-du-fou\\\/\"},\"wordCount\":286,\"commentCount\":2,\"publisher\":{\"@id\":\"https:\\\/\\\/apeimeudon.fr\\\/Blog-APEI\\\/#organization\"},\"image\":{\"@id\":\"https:\\\/\\\/apeimeudon.fr\\\/Blog-APEI\\\/trois-jours-devasion-au-puy-du-fou\\\/#primaryimage\"},\"thumbnailUrl\":\"https:\\\/\\\/apeimeudon.fr\\\/Blog-APEI\\\/wp-content\\\/uploads\\\/2025\\\/09\\\/Miniature-PdF.jpg\",\"articleSection\":[\"EAM\",\"EAM Meudon la For\u00eat\",\"S\u00e9jour\",\"Transfert\"],\"inLanguage\":\"fr-FR\",\"potentialAction\":[{\"@type\":\"CommentAction\",\"name\":\"Comment\",\"target\":[\"https:\\\/\\\/apeimeudon.fr\\\/Blog-APEI\\\/trois-jours-devasion-au-puy-du-fou\\\/#respond\"]}]},{\"@type\":\"WebPage\",\"@id\":\"https:\\\/\\\/apeimeudon.fr\\\/Blog-APEI\\\/trois-jours-devasion-au-puy-du-fou\\\/\",\"url\":\"https:\\\/\\\/apeimeudon.fr\\\/Blog-APEI\\\/trois-jours-devasion-au-puy-du-fou\\\/\",\"name\":\"Trois jours d\u2019\u00e9vasion au Puy du Fou - La Gazette des Foyers de l&#039;APEI de Meudon\",\"isPartOf\":{\"@id\":\"https:\\\/\\\/apeimeudon.fr\\\/Blog-APEI\\\/#website\"},\"primaryImageOfPage\":{\"@id\":\"https:\\\/\\\/apeimeudon.fr\\\/Blog-APEI\\\/trois-jours-devasion-au-puy-du-fou\\\/#primaryimage\"},\"image\":{\"@id\":\"https:\\\/\\\/apeimeudon.fr\\\/Blog-APEI\\\/trois-jours-devasion-au-puy-du-fou\\\/#primaryimage\"},\"thumbnailUrl\":\"https:\\\/\\\/apeimeudon.fr\\\/Blog-APEI\\\/wp-content\\\/uploads\\\/2025\\\/09\\\/Miniature-PdF.jpg\",\"datePublished\":\"2025-09-29T07:06:32+00:00\",\"dateModified\":\"2025-09-29T07:06:33+00:00\",\"breadcrumb\":{\"@id\":\"https:\\\/\\\/apeimeudon.fr\\\/Blog-APEI\\\/trois-jours-devasion-au-puy-du-fou\\\/#breadcrumb\"},\"inLanguage\":\"fr-FR\",\"potentialAction\":[{\"@type\":\"ReadAction\",\"target\":[\"https:\\\/\\\/apeimeudon.fr\\\/Blog-APEI\\\/trois-jours-devasion-au-puy-du-fou\\\/\"]}]},{\"@type\":\"ImageObject\",\"inLanguage\":\"fr-FR\",\"@id\":\"https:\\\/\\\/apeimeudon.fr\\\/Blog-APEI\\\/trois-jours-devasion-au-puy-du-fou\\\/#primaryimage\",\"url\":\"https:\\\/\\\/apeimeudon.fr\\\/Blog-APEI\\\/wp-content\\\/uploads\\\/2025\\\/09\\\/Miniature-PdF.jpg\",\"contentUrl\":\"https:\\\/\\\/apeimeudon.fr\\\/Blog-APEI\\\/wp-content\\\/uploads\\\/2025\\\/09\\\/Miniature-PdF.jpg\",\"width\":400,\"height\":163},{\"@type\":\"BreadcrumbList\",\"@id\":\"https:\\\/\\\/apeimeudon.fr\\\/Blog-APEI\\\/trois-jours-devasion-au-puy-du-fou\\\/#breadcrumb\",\"itemListElement\":[{\"@type\":\"ListItem\",\"position\":1,\"name\":\"Accueil\",\"item\":\"https:\\\/\\\/apeimeudon.fr\\\/Blog-APEI\\\/\"},{\"@type\":\"ListItem\",\"position\":2,\"name\":\"Trois jours d\u2019\u00e9vasion au Puy du Fou\"}]},{\"@type\":\"WebSite\",\"@id\":\"https:\\\/\\\/apeimeudon.fr\\\/Blog-APEI\\\/#website\",\"url\":\"https:\\\/\\\/apeimeudon.fr\\\/Blog-APEI\\\/\",\"name\":\"La Gazette des Foyers de l&#039;APEI de Meudon\",\"description\":\"Nos diff\u00e9rences loin de nous l\u00e9ser doivent nous enrichir -  Antoine de Saint-Exup\u00e9ry\",\"publisher\":{\"@id\":\"https:\\\/\\\/apeimeudon.fr\\\/Blog-APEI\\\/#organization\"},\"potentialAction\":[{\"@type\":\"SearchAction\",\"target\":{\"@type\":\"EntryPoint\",\"urlTemplate\":\"https:\\\/\\\/apeimeudon.fr\\\/Blog-APEI\\\/?s={search_term_string}\"},\"query-input\":{\"@type\":\"PropertyValueSpecification\",\"valueRequired\":true,\"valueName\":\"search_term_string\"}}],\"inLanguage\":\"fr-FR\"},{\"@type\":\"Organization\",\"@id\":\"https:\\\/\\\/apeimeudon.fr\\\/Blog-APEI\\\/#organization\",\"name\":\"APEI de Meudon\",\"url\":\"https:\\\/\\\/apeimeudon.fr\\\/Blog-APEI\\\/\",\"logo\":{\"@type\":\"ImageObject\",\"inLanguage\":\"fr-FR\",\"@id\":\"https:\\\/\\\/apeimeudon.fr\\\/Blog-APEI\\\/#\\\/schema\\\/logo\\\/image\\\/\",\"url\":\"https:\\\/\\\/apeimeudon.fr\\\/Blog-APEI\\\/wp-content\\\/uploads\\\/2017\\\/10\\\/Icone-APEI.png\",\"contentUrl\":\"https:\\\/\\\/apeimeudon.fr\\\/Blog-APEI\\\/wp-content\\\/uploads\\\/2017\\\/10\\\/Icone-APEI.png\",\"width\":128,\"height\":128,\"caption\":\"APEI de Meudon\"},\"image\":{\"@id\":\"https:\\\/\\\/apeimeudon.fr\\\/Blog-APEI\\\/#\\\/schema\\\/logo\\\/image\\\/\"}},{\"@type\":\"Person\",\"@id\":\"https:\\\/\\\/apeimeudon.fr\\\/Blog-APEI\\\/#\\\/schema\\\/person\\\/a15b457343f8d37c1aa7c552ad0b58d7\",\"name\":\"Equipe r\u00e9dactionnelle de l'EAM\",\"image\":{\"@type\":\"ImageObject\",\"inLanguage\":\"fr-FR\",\"@id\":\"https:\\\/\\\/secure.gravatar.com\\\/avatar\\\/6d4d63d9ff35694f3fb0a8e870df7631acf9597653445e607d41102b18f06f4c?s=96&d=mm&r=g\",\"url\":\"https:\\\/\\\/secure.gravatar.com\\\/avatar\\\/6d4d63d9ff35694f3fb0a8e870df7631acf9597653445e607d41102b18f06f4c?s=96&d=mm&r=g\",\"contentUrl\":\"https:\\\/\\\/secure.gravatar.com\\\/avatar\\\/6d4d63d9ff35694f3fb0a8e870df7631acf9597653445e607d41102b18f06f4c?s=96&d=mm&r=g\",\"caption\":\"Equipe r\u00e9dactionnelle de l'EAM\"},\"url\":\"https:\\\/\\\/apeimeudon.fr\\\/Blog-APEI\\\/author\\\/eam\\\/\"}]}<\/script>\n<!-- \/ Yoast SEO plugin. -->","yoast_head_json":{"title":"Trois jours d\u2019\u00e9vasion au Puy du Fou - La Gazette des Foyers de l&#039;APEI de Meudon","robots":{"index":"index","follow":"follow","max-snippet":"max-snippet:-1","max-image-preview":"max-image-preview:large","max-video-preview":"max-video-preview:-1"},"canonical":"https:\/\/apeimeudon.fr\/Blog-APEI\/trois-jours-devasion-au-puy-du-fou\/","og_locale":"fr_FR","og_type":"article","og_title":"Trois jours d\u2019\u00e9vasion au Puy du Fou - La Gazette des Foyers de l&#039;APEI de Meudon","og_description":"Du 17 au 19 septembre, un petit groupe de 6 r\u00e9sidents, accompagn\u00e9s de 4 \u00e9ducateurs, a pris la route pour une destination pas comme les autres : le Puy du Fou. Un voyage dans le temps","og_url":"https:\/\/apeimeudon.fr\/Blog-APEI\/trois-jours-devasion-au-puy-du-fou\/","og_site_name":"La Gazette des Foyers de l&#039;APEI de Meudon","article_published_time":"2025-09-29T07:06:32+00:00","article_modified_time":"2025-09-29T07:06:33+00:00","og_image":[{"width":400,"height":163,"url":"https:\/\/apeimeudon.fr\/Blog-APEI\/wp-content\/uploads\/2025\/09\/Miniature-PdF.jpg","type":"image\/jpeg"}],"author":"Equipe r\u00e9dactionnelle de l'EAM","twitter_card":"summary_large_image","twitter_misc":{"\u00c9crit par":"Equipe r\u00e9dactionnelle de l'EAM","Dur\u00e9e de lecture estim\u00e9e":"2 minutes"},"schema":{"@context":"https:\/\/schema.org","@graph":[{"@type":"Article","@id":"https:\/\/apeimeudon.fr\/Blog-APEI\/trois-jours-devasion-au-puy-du-fou\/#article","isPartOf":{"@id":"https:\/\/apeimeudon.fr\/Blog-APEI\/trois-jours-devasion-au-puy-du-fou\/"},"author":{"name":"Equipe r\u00e9dactionnelle de l'EAM","@id":"https:\/\/apeimeudon.fr\/Blog-APEI\/#\/schema\/person\/a15b457343f8d37c1aa7c552ad0b58d7"},"headline":"Trois jours d\u2019\u00e9vasion au Puy du Fou","datePublished":"2025-09-29T07:06:32+00:00","dateModified":"2025-09-29T07:06:33+00:00","mainEntityOfPage":{"@id":"https:\/\/apeimeudon.fr\/Blog-APEI\/trois-jours-devasion-au-puy-du-fou\/"},"wordCount":286,"commentCount":2,"publisher":{"@id":"https:\/\/apeimeudon.fr\/Blog-APEI\/#organization"},"image":{"@id":"https:\/\/apeimeudon.fr\/Blog-APEI\/trois-jours-devasion-au-puy-du-fou\/#primaryimage"},"thumbnailUrl":"https:\/\/apeimeudon.fr\/Blog-APEI\/wp-content\/uploads\/2025\/09\/Miniature-PdF.jpg","articleSection":["EAM","EAM Meudon la For\u00eat","S\u00e9jour","Transfert"],"inLanguage":"fr-FR","potentialAction":[{"@type":"CommentAction","name":"Comment","target":["https:\/\/apeimeudon.fr\/Blog-APEI\/trois-jours-devasion-au-puy-du-fou\/#respond"]}]},{"@type":"WebPage","@id":"https:\/\/apeimeudon.fr\/Blog-APEI\/trois-jours-devasion-au-puy-du-fou\/","url":"https:\/\/apeimeudon.fr\/Blog-APEI\/trois-jours-devasion-au-puy-du-fou\/","name":"Trois jours d\u2019\u00e9vasion au Puy du Fou - La Gazette des Foyers de l&#039;APEI de Meudon","isPartOf":{"@id":"https:\/\/apeimeudon.fr\/Blog-APEI\/#website"},"primaryImageOfPage":{"@id":"https:\/\/apeimeudon.fr\/Blog-APEI\/trois-jours-devasion-au-puy-du-fou\/#primaryimage"},"image":{"@id":"https:\/\/apeimeudon.fr\/Blog-APEI\/trois-jours-devasion-au-puy-du-fou\/#primaryimage"},"thumbnailUrl":"https:\/\/apeimeudon.fr\/Blog-APEI\/wp-content\/uploads\/2025\/09\/Miniature-PdF.jpg","datePublished":"2025-09-29T07:06:32+00:00","dateModified":"2025-09-29T07:06:33+00:00","breadcrumb":{"@id":"https:\/\/apeimeudon.fr\/Blog-APEI\/trois-jours-devasion-au-puy-du-fou\/#breadcrumb"},"inLanguage":"fr-FR","potentialAction":[{"@type":"ReadAction","target":["https:\/\/apeimeudon.fr\/Blog-APEI\/trois-jours-devasion-au-puy-du-fou\/"]}]},{"@type":"ImageObject","inLanguage":"fr-FR","@id":"https:\/\/apeimeudon.fr\/Blog-APEI\/trois-jours-devasion-au-puy-du-fou\/#primaryimage","url":"https:\/\/apeimeudon.fr\/Blog-APEI\/wp-content\/uploads\/2025\/09\/Miniature-PdF.jpg","contentUrl":"https:\/\/apeimeudon.fr\/Blog-APEI\/wp-content\/uploads\/2025\/09\/Miniature-PdF.jpg","width":400,"height":163},{"@type":"BreadcrumbList","@id":"https:\/\/apeimeudon.fr\/Blog-APEI\/trois-jours-devasion-au-puy-du-fou\/#breadcrumb","itemListElement":[{"@type":"ListItem","position":1,"name":"Accueil","item":"https:\/\/apeimeudon.fr\/Blog-APEI\/"},{"@type":"ListItem","position":2,"name":"Trois jours d\u2019\u00e9vasion au Puy du Fou"}]},{"@type":"WebSite","@id":"https:\/\/apeimeudon.fr\/Blog-APEI\/#website","url":"https:\/\/apeimeudon.fr\/Blog-APEI\/","name":"La Gazette des Foyers de l&#039;APEI de Meudon","description":"Nos diff\u00e9rences loin de nous l\u00e9ser doivent nous enrichir -  Antoine de Saint-Exup\u00e9ry","publisher":{"@id":"https:\/\/apeimeudon.fr\/Blog-APEI\/#organization"},"potentialAction":[{"@type":"SearchAction","target":{"@type":"EntryPoint","urlTemplate":"https:\/\/apeimeudon.fr\/Blog-APEI\/?s={search_term_string}"},"query-input":{"@type":"PropertyValueSpecification","valueRequired":true,"valueName":"search_term_string"}}],"inLanguage":"fr-FR"},{"@type":"Organization","@id":"https:\/\/apeimeudon.fr\/Blog-APEI\/#organization","name":"APEI de Meudon","url":"https:\/\/apeimeudon.fr\/Blog-APEI\/","logo":{"@type":"ImageObject","inLanguage":"fr-FR","@id":"https:\/\/apeimeudon.fr\/Blog-APEI\/#\/schema\/logo\/image\/","url":"https:\/\/apeimeudon.fr\/Blog-APEI\/wp-content\/uploads\/2017\/10\/Icone-APEI.png","contentUrl":"https:\/\/apeimeudon.fr\/Blog-APEI\/wp-content\/uploads\/2017\/10\/Icone-APEI.png","width":128,"height":128,"caption":"APEI de Meudon"},"image":{"@id":"https:\/\/apeimeudon.fr\/Blog-APEI\/#\/schema\/logo\/image\/"}},{"@type":"Person","@id":"https:\/\/apeimeudon.fr\/Blog-APEI\/#\/schema\/person\/a15b457343f8d37c1aa7c552ad0b58d7","name":"Equipe r\u00e9dactionnelle de l'EAM","image":{"@type":"ImageObject","inLanguage":"fr-FR","@id":"https:\/\/secure.gravatar.com\/avatar\/6d4d63d9ff35694f3fb0a8e870df7631acf9597653445e607d41102b18f06f4c?s=96&d=mm&r=g","url":"https:\/\/secure.gravatar.com\/avatar\/6d4d63d9ff35694f3fb0a8e870df7631acf9597653445e607d41102b18f06f4c?s=96&d=mm&r=g","contentUrl":"https:\/\/secure.gravatar.com\/avatar\/6d4d63d9ff35694f3fb0a8e870df7631acf9597653445e607d41102b18f06f4c?s=96&d=mm&r=g","caption":"Equipe r\u00e9dactionnelle de l'EAM"},"url":"https:\/\/apeimeudon.fr\/Blog-APEI\/author\/eam\/"}]}},"_links":{"self":[{"href":"https:\/\/apeimeudon.fr\/Blog-APEI\/wp-json\/wp\/v2\/posts\/11609","targetHints":{"allow":["GET"]}}],"collection":[{"href":"https:\/\/apeimeudon.fr\/Blog-APEI\/wp-json\/wp\/v2\/posts"}],"about":[{"href":"https:\/\/apeimeudon.fr\/Blog-APEI\/wp-json\/wp\/v2\/types\/post"}],"author":[{"embeddable":true,"href":"https:\/\/apeimeudon.fr\/Blog-APEI\/wp-json\/wp\/v2\/users\/12"}],"replies":[{"embeddable":true,"href":"https:\/\/apeimeudon.fr\/Blog-APEI\/wp-json\/wp\/v2\/comments?post=11609"}],"version-history":[{"count":2,"href":"https:\/\/apeimeudon.fr\/Blog-APEI\/wp-json\/wp\/v2\/posts\/11609\/revisions"}],"predecessor-version":[{"id":11612,"href":"https:\/\/apeimeudon.fr\/Blog-APEI\/wp-json\/wp\/v2\/posts\/11609\/revisions\/11612"}],"wp:featuredmedia":[{"embeddable":true,"href":"https:\/\/apeimeudon.fr\/Blog-APEI\/wp-json\/wp\/v2\/media\/11607"}],"wp:attachment":[{"href":"https:\/\/apeimeudon.fr\/Blog-APEI\/wp-json\/wp\/v2\/media?parent=11609"}],"wp:term":[{"taxonomy":"category","embeddable":true,"href":"https:\/\/apeimeudon.fr\/Blog-APEI\/wp-json\/wp\/v2\/categories?post=11609"},{"taxonomy":"post_tag","embeddable":true,"href":"https:\/\/apeimeudon.fr\/Blog-APEI\/wp-json\/wp\/v2\/tags?post=11609"}],"curies":[{"name":"wp","href":"https:\/\/api.w.org\/{rel}","templated":true}]}}