{"id":11707,"date":"2025-10-06T18:37:00","date_gmt":"2025-10-06T16:37:00","guid":{"rendered":"https:\/\/apeimeudon.fr\/Blog-APEI\/?p=11707"},"modified":"2025-10-06T18:57:26","modified_gmt":"2025-10-06T16:57:26","slug":"brocante-au-foyer-des-lampes-septembre-2025","status":"publish","type":"post","link":"https:\/\/apeimeudon.fr\/Blog-APEI\/brocante-au-foyer-des-lampes-septembre-2025\/","title":{"rendered":"Brocante au Foyer des Lampes septembre 2025"},"content":{"rendered":"\n<p>Les r\u00e9sidents \u00e9taient nombreux cette ann\u00e9e encore \u00e0 avoir r\u00e9pondu pr\u00e9sents pour participer au Vide Grenier de la rue. Les bureaux et greniers de Foyers \u00e9taient plein \u00e0 craquer des dons de parents, de professionnels et de r\u00e9sidents qui en avaient profit\u00e9 pour faire un petit tri chez eux. Les r\u00e9frig\u00e9rateurs \u00e9taient charg\u00e9s de g\u00e2teaux, cookies et madeleines pr\u00e9par\u00e9s sur les foyers depuis plusieurs jours.<\/p>\n\n\n\n<!--more-->\n\n\n\n<p>Nous \u00e9tions donc dans les starting blocks quand nous avons appris, la veille le report de l\u2019\u00e9v\u00e8nement pour des raisons de \u00ab contraintes r\u00e9glementaires \u2639<\/p>\n\n\n\n<p>Mais nous ne sommes pas d\u00e9courag\u00e9s pour autant !<\/p>\n\n\n\n<p>Seul stand de la rue et profitant d\u2019une campagne de communication qui n\u2019avait pas eu le temps d\u2019informer du report, les clients n\u2019ont pas manqu\u00e9s et nous n\u2019avions pas de concurrents !<\/p>\n\n\n\n<p>Une belle r\u00e9ussite finalement. Et, on remet \u00e7a, en miniature ce week-end : le vide grenier est report\u00e9 ce dimanche 5 octobre et quelques courageux de nos r\u00e9sidents vont y tenir, de nouveau, un petit stand. Avis aux amateurs de bijoux et douceurs !<\/p>\n\n\n\n<p class=\"has-text-align-right\">Anne LOZAC&rsquo;H<\/p>\n\n\n\n<p class=\"has-text-align-right\">Cheffe de service Lampes-Hourdin<\/p>\n\n\n\n<p><\/p>\n\n\n\nngg_shortcode_0_placeholder\n","protected":false},"excerpt":{"rendered":"<p>Les r\u00e9sidents \u00e9taient nombreux cette ann\u00e9e encore \u00e0 avoir r\u00e9pondu pr\u00e9sents pour participer au Vide Grenier de la rue. Les bureaux et greniers de Foyers \u00e9taient plein \u00e0 craquer des dons de parents, de professionnels et de r\u00e9sidents qui en avaient profit\u00e9 pour faire un petit tri chez eux. Les r\u00e9frig\u00e9rateurs \u00e9taient charg\u00e9s de g\u00e2teaux, [&hellip;]<\/p>\n","protected":false},"author":3,"featured_media":11664,"comment_status":"open","ping_status":"open","sticky":false,"template":"","format":"standard","meta":{"_acf_changed":false,"_monsterinsights_skip_tracking":false,"_monsterinsights_sitenote_active":false,"_monsterinsights_sitenote_note":"","_monsterinsights_sitenote_category":0,"ngg_post_thumbnail":0,"footnotes":""},"categories":[54,34,42,1],"tags":[],"class_list":["post-11707","post","type-post","status-publish","format-standard","has-post-thumbnail","hentry","category-brocante","category-foyer-des-lampes","category-foyer-hourdin","category-non-classe"],"acf":[],"yoast_head":"<!-- This site is optimized with the Yoast SEO plugin v27.3 - https:\/\/yoast.com\/product\/yoast-seo-wordpress\/ -->\n<title>Brocante au Foyer des Lampes septembre 2025 - La Gazette des Foyers de l&#039;APEI de Meudon<\/title>\n<meta name=\"robots\" content=\"index, follow, max-snippet:-1, max-image-preview:large, max-video-preview:-1\" \/>\n<link rel=\"canonical\" href=\"https:\/\/apeimeudon.fr\/Blog-APEI\/brocante-au-foyer-des-lampes-septembre-2025\/\" \/>\n<meta property=\"og:locale\" content=\"fr_FR\" \/>\n<meta property=\"og:type\" content=\"article\" \/>\n<meta property=\"og:title\" content=\"Brocante au Foyer des Lampes septembre 2025 - La Gazette des Foyers de l&#039;APEI de Meudon\" \/>\n<meta property=\"og:description\" content=\"Les r\u00e9sidents \u00e9taient nombreux cette ann\u00e9e encore \u00e0 avoir r\u00e9pondu pr\u00e9sents pour participer au Vide Grenier de la rue. Les bureaux et greniers de Foyers \u00e9taient plein \u00e0 craquer des dons de parents, de professionnels et de r\u00e9sidents qui en avaient profit\u00e9 pour faire un petit tri chez eux. Les r\u00e9frig\u00e9rateurs \u00e9taient charg\u00e9s de g\u00e2teaux, [&hellip;]\" \/>\n<meta property=\"og:url\" content=\"https:\/\/apeimeudon.fr\/Blog-APEI\/brocante-au-foyer-des-lampes-septembre-2025\/\" \/>\n<meta property=\"og:site_name\" content=\"La Gazette des Foyers de l&#039;APEI de Meudon\" \/>\n<meta property=\"article:published_time\" content=\"2025-10-06T16:37:00+00:00\" \/>\n<meta property=\"article:modified_time\" content=\"2025-10-06T16:57:26+00:00\" \/>\n<meta property=\"og:image\" content=\"https:\/\/apeimeudon.fr\/Blog-APEI\/wp-content\/uploads\/2025\/10\/Miniature.jpg\" \/>\n\t<meta property=\"og:image:width\" content=\"400\" \/>\n\t<meta property=\"og:image:height\" content=\"240\" \/>\n\t<meta property=\"og:image:type\" content=\"image\/jpeg\" \/>\n<meta name=\"author\" content=\"Equipe r\u00e9dactionnelle Foyer des Lampes\" \/>\n<meta name=\"twitter:card\" content=\"summary_large_image\" \/>\n<meta name=\"twitter:label1\" content=\"\u00c9crit par\" \/>\n\t<meta name=\"twitter:data1\" content=\"Equipe r\u00e9dactionnelle Foyer des Lampes\" \/>\n\t<meta name=\"twitter:label2\" content=\"Dur\u00e9e de lecture estim\u00e9e\" \/>\n\t<meta name=\"twitter:data2\" content=\"2 minutes\" \/>\n<script type=\"application\/ld+json\" class=\"yoast-schema-graph\">{\"@context\":\"https:\\\/\\\/schema.org\",\"@graph\":[{\"@type\":\"Article\",\"@id\":\"https:\\\/\\\/apeimeudon.fr\\\/Blog-APEI\\\/brocante-au-foyer-des-lampes-septembre-2025\\\/#article\",\"isPartOf\":{\"@id\":\"https:\\\/\\\/apeimeudon.fr\\\/Blog-APEI\\\/brocante-au-foyer-des-lampes-septembre-2025\\\/\"},\"author\":{\"name\":\"Equipe r\u00e9dactionnelle Foyer des Lampes\",\"@id\":\"https:\\\/\\\/apeimeudon.fr\\\/Blog-APEI\\\/#\\\/schema\\\/person\\\/536e2dc69b6d8456308013bd9a7b762b\"},\"headline\":\"Brocante au Foyer des Lampes septembre 2025\",\"datePublished\":\"2025-10-06T16:37:00+00:00\",\"dateModified\":\"2025-10-06T16:57:26+00:00\",\"mainEntityOfPage\":{\"@id\":\"https:\\\/\\\/apeimeudon.fr\\\/Blog-APEI\\\/brocante-au-foyer-des-lampes-septembre-2025\\\/\"},\"wordCount\":209,\"commentCount\":0,\"publisher\":{\"@id\":\"https:\\\/\\\/apeimeudon.fr\\\/Blog-APEI\\\/#organization\"},\"image\":{\"@id\":\"https:\\\/\\\/apeimeudon.fr\\\/Blog-APEI\\\/brocante-au-foyer-des-lampes-septembre-2025\\\/#primaryimage\"},\"thumbnailUrl\":\"https:\\\/\\\/apeimeudon.fr\\\/Blog-APEI\\\/wp-content\\\/uploads\\\/2025\\\/10\\\/Miniature.jpg\",\"articleSection\":[\"Brocante\",\"Foyer des Lampes\",\"Foyer Hourdin\"],\"inLanguage\":\"fr-FR\",\"potentialAction\":[{\"@type\":\"CommentAction\",\"name\":\"Comment\",\"target\":[\"https:\\\/\\\/apeimeudon.fr\\\/Blog-APEI\\\/brocante-au-foyer-des-lampes-septembre-2025\\\/#respond\"]}]},{\"@type\":\"WebPage\",\"@id\":\"https:\\\/\\\/apeimeudon.fr\\\/Blog-APEI\\\/brocante-au-foyer-des-lampes-septembre-2025\\\/\",\"url\":\"https:\\\/\\\/apeimeudon.fr\\\/Blog-APEI\\\/brocante-au-foyer-des-lampes-septembre-2025\\\/\",\"name\":\"Brocante au Foyer des Lampes septembre 2025 - La Gazette des Foyers de l&#039;APEI de Meudon\",\"isPartOf\":{\"@id\":\"https:\\\/\\\/apeimeudon.fr\\\/Blog-APEI\\\/#website\"},\"primaryImageOfPage\":{\"@id\":\"https:\\\/\\\/apeimeudon.fr\\\/Blog-APEI\\\/brocante-au-foyer-des-lampes-septembre-2025\\\/#primaryimage\"},\"image\":{\"@id\":\"https:\\\/\\\/apeimeudon.fr\\\/Blog-APEI\\\/brocante-au-foyer-des-lampes-septembre-2025\\\/#primaryimage\"},\"thumbnailUrl\":\"https:\\\/\\\/apeimeudon.fr\\\/Blog-APEI\\\/wp-content\\\/uploads\\\/2025\\\/10\\\/Miniature.jpg\",\"datePublished\":\"2025-10-06T16:37:00+00:00\",\"dateModified\":\"2025-10-06T16:57:26+00:00\",\"breadcrumb\":{\"@id\":\"https:\\\/\\\/apeimeudon.fr\\\/Blog-APEI\\\/brocante-au-foyer-des-lampes-septembre-2025\\\/#breadcrumb\"},\"inLanguage\":\"fr-FR\",\"potentialAction\":[{\"@type\":\"ReadAction\",\"target\":[\"https:\\\/\\\/apeimeudon.fr\\\/Blog-APEI\\\/brocante-au-foyer-des-lampes-septembre-2025\\\/\"]}]},{\"@type\":\"ImageObject\",\"inLanguage\":\"fr-FR\",\"@id\":\"https:\\\/\\\/apeimeudon.fr\\\/Blog-APEI\\\/brocante-au-foyer-des-lampes-septembre-2025\\\/#primaryimage\",\"url\":\"https:\\\/\\\/apeimeudon.fr\\\/Blog-APEI\\\/wp-content\\\/uploads\\\/2025\\\/10\\\/Miniature.jpg\",\"contentUrl\":\"https:\\\/\\\/apeimeudon.fr\\\/Blog-APEI\\\/wp-content\\\/uploads\\\/2025\\\/10\\\/Miniature.jpg\",\"width\":400,\"height\":240},{\"@type\":\"BreadcrumbList\",\"@id\":\"https:\\\/\\\/apeimeudon.fr\\\/Blog-APEI\\\/brocante-au-foyer-des-lampes-septembre-2025\\\/#breadcrumb\",\"itemListElement\":[{\"@type\":\"ListItem\",\"position\":1,\"name\":\"Accueil\",\"item\":\"https:\\\/\\\/apeimeudon.fr\\\/Blog-APEI\\\/\"},{\"@type\":\"ListItem\",\"position\":2,\"name\":\"Brocante au Foyer des Lampes septembre 2025\"}]},{\"@type\":\"WebSite\",\"@id\":\"https:\\\/\\\/apeimeudon.fr\\\/Blog-APEI\\\/#website\",\"url\":\"https:\\\/\\\/apeimeudon.fr\\\/Blog-APEI\\\/\",\"name\":\"La Gazette des Foyers de l&#039;APEI de Meudon\",\"description\":\"Nos diff\u00e9rences loin de nous l\u00e9ser doivent nous enrichir -  Antoine de Saint-Exup\u00e9ry\",\"publisher\":{\"@id\":\"https:\\\/\\\/apeimeudon.fr\\\/Blog-APEI\\\/#organization\"},\"potentialAction\":[{\"@type\":\"SearchAction\",\"target\":{\"@type\":\"EntryPoint\",\"urlTemplate\":\"https:\\\/\\\/apeimeudon.fr\\\/Blog-APEI\\\/?s={search_term_string}\"},\"query-input\":{\"@type\":\"PropertyValueSpecification\",\"valueRequired\":true,\"valueName\":\"search_term_string\"}}],\"inLanguage\":\"fr-FR\"},{\"@type\":\"Organization\",\"@id\":\"https:\\\/\\\/apeimeudon.fr\\\/Blog-APEI\\\/#organization\",\"name\":\"APEI de Meudon\",\"url\":\"https:\\\/\\\/apeimeudon.fr\\\/Blog-APEI\\\/\",\"logo\":{\"@type\":\"ImageObject\",\"inLanguage\":\"fr-FR\",\"@id\":\"https:\\\/\\\/apeimeudon.fr\\\/Blog-APEI\\\/#\\\/schema\\\/logo\\\/image\\\/\",\"url\":\"https:\\\/\\\/apeimeudon.fr\\\/Blog-APEI\\\/wp-content\\\/uploads\\\/2017\\\/10\\\/Icone-APEI.png\",\"contentUrl\":\"https:\\\/\\\/apeimeudon.fr\\\/Blog-APEI\\\/wp-content\\\/uploads\\\/2017\\\/10\\\/Icone-APEI.png\",\"width\":128,\"height\":128,\"caption\":\"APEI de Meudon\"},\"image\":{\"@id\":\"https:\\\/\\\/apeimeudon.fr\\\/Blog-APEI\\\/#\\\/schema\\\/logo\\\/image\\\/\"}},{\"@type\":\"Person\",\"@id\":\"https:\\\/\\\/apeimeudon.fr\\\/Blog-APEI\\\/#\\\/schema\\\/person\\\/536e2dc69b6d8456308013bd9a7b762b\",\"name\":\"Equipe r\u00e9dactionnelle Foyer des Lampes\",\"image\":{\"@type\":\"ImageObject\",\"inLanguage\":\"fr-FR\",\"@id\":\"https:\\\/\\\/secure.gravatar.com\\\/avatar\\\/c64021a86f77cc135da78b91677b4c8cb3c2882fad89dba6a7a7defab5e64683?s=96&d=mm&r=g\",\"url\":\"https:\\\/\\\/secure.gravatar.com\\\/avatar\\\/c64021a86f77cc135da78b91677b4c8cb3c2882fad89dba6a7a7defab5e64683?s=96&d=mm&r=g\",\"contentUrl\":\"https:\\\/\\\/secure.gravatar.com\\\/avatar\\\/c64021a86f77cc135da78b91677b4c8cb3c2882fad89dba6a7a7defab5e64683?s=96&d=mm&r=g\",\"caption\":\"Equipe r\u00e9dactionnelle Foyer des Lampes\"},\"url\":\"https:\\\/\\\/apeimeudon.fr\\\/Blog-APEI\\\/author\\\/lampes\\\/\"}]}<\/script>\n<!-- \/ Yoast SEO plugin. -->","yoast_head_json":{"title":"Brocante au Foyer des Lampes septembre 2025 - La Gazette des Foyers de l&#039;APEI de Meudon","robots":{"index":"index","follow":"follow","max-snippet":"max-snippet:-1","max-image-preview":"max-image-preview:large","max-video-preview":"max-video-preview:-1"},"canonical":"https:\/\/apeimeudon.fr\/Blog-APEI\/brocante-au-foyer-des-lampes-septembre-2025\/","og_locale":"fr_FR","og_type":"article","og_title":"Brocante au Foyer des Lampes septembre 2025 - La Gazette des Foyers de l&#039;APEI de Meudon","og_description":"Les r\u00e9sidents \u00e9taient nombreux cette ann\u00e9e encore \u00e0 avoir r\u00e9pondu pr\u00e9sents pour participer au Vide Grenier de la rue. Les bureaux et greniers de Foyers \u00e9taient plein \u00e0 craquer des dons de parents, de professionnels et de r\u00e9sidents qui en avaient profit\u00e9 pour faire un petit tri chez eux. Les r\u00e9frig\u00e9rateurs \u00e9taient charg\u00e9s de g\u00e2teaux, [&hellip;]","og_url":"https:\/\/apeimeudon.fr\/Blog-APEI\/brocante-au-foyer-des-lampes-septembre-2025\/","og_site_name":"La Gazette des Foyers de l&#039;APEI de Meudon","article_published_time":"2025-10-06T16:37:00+00:00","article_modified_time":"2025-10-06T16:57:26+00:00","og_image":[{"width":400,"height":240,"url":"https:\/\/apeimeudon.fr\/Blog-APEI\/wp-content\/uploads\/2025\/10\/Miniature.jpg","type":"image\/jpeg"}],"author":"Equipe r\u00e9dactionnelle Foyer des Lampes","twitter_card":"summary_large_image","twitter_misc":{"\u00c9crit par":"Equipe r\u00e9dactionnelle Foyer des Lampes","Dur\u00e9e de lecture estim\u00e9e":"2 minutes"},"schema":{"@context":"https:\/\/schema.org","@graph":[{"@type":"Article","@id":"https:\/\/apeimeudon.fr\/Blog-APEI\/brocante-au-foyer-des-lampes-septembre-2025\/#article","isPartOf":{"@id":"https:\/\/apeimeudon.fr\/Blog-APEI\/brocante-au-foyer-des-lampes-septembre-2025\/"},"author":{"name":"Equipe r\u00e9dactionnelle Foyer des Lampes","@id":"https:\/\/apeimeudon.fr\/Blog-APEI\/#\/schema\/person\/536e2dc69b6d8456308013bd9a7b762b"},"headline":"Brocante au Foyer des Lampes septembre 2025","datePublished":"2025-10-06T16:37:00+00:00","dateModified":"2025-10-06T16:57:26+00:00","mainEntityOfPage":{"@id":"https:\/\/apeimeudon.fr\/Blog-APEI\/brocante-au-foyer-des-lampes-septembre-2025\/"},"wordCount":209,"commentCount":0,"publisher":{"@id":"https:\/\/apeimeudon.fr\/Blog-APEI\/#organization"},"image":{"@id":"https:\/\/apeimeudon.fr\/Blog-APEI\/brocante-au-foyer-des-lampes-septembre-2025\/#primaryimage"},"thumbnailUrl":"https:\/\/apeimeudon.fr\/Blog-APEI\/wp-content\/uploads\/2025\/10\/Miniature.jpg","articleSection":["Brocante","Foyer des Lampes","Foyer Hourdin"],"inLanguage":"fr-FR","potentialAction":[{"@type":"CommentAction","name":"Comment","target":["https:\/\/apeimeudon.fr\/Blog-APEI\/brocante-au-foyer-des-lampes-septembre-2025\/#respond"]}]},{"@type":"WebPage","@id":"https:\/\/apeimeudon.fr\/Blog-APEI\/brocante-au-foyer-des-lampes-septembre-2025\/","url":"https:\/\/apeimeudon.fr\/Blog-APEI\/brocante-au-foyer-des-lampes-septembre-2025\/","name":"Brocante au Foyer des Lampes septembre 2025 - La Gazette des Foyers de l&#039;APEI de Meudon","isPartOf":{"@id":"https:\/\/apeimeudon.fr\/Blog-APEI\/#website"},"primaryImageOfPage":{"@id":"https:\/\/apeimeudon.fr\/Blog-APEI\/brocante-au-foyer-des-lampes-septembre-2025\/#primaryimage"},"image":{"@id":"https:\/\/apeimeudon.fr\/Blog-APEI\/brocante-au-foyer-des-lampes-septembre-2025\/#primaryimage"},"thumbnailUrl":"https:\/\/apeimeudon.fr\/Blog-APEI\/wp-content\/uploads\/2025\/10\/Miniature.jpg","datePublished":"2025-10-06T16:37:00+00:00","dateModified":"2025-10-06T16:57:26+00:00","breadcrumb":{"@id":"https:\/\/apeimeudon.fr\/Blog-APEI\/brocante-au-foyer-des-lampes-septembre-2025\/#breadcrumb"},"inLanguage":"fr-FR","potentialAction":[{"@type":"ReadAction","target":["https:\/\/apeimeudon.fr\/Blog-APEI\/brocante-au-foyer-des-lampes-septembre-2025\/"]}]},{"@type":"ImageObject","inLanguage":"fr-FR","@id":"https:\/\/apeimeudon.fr\/Blog-APEI\/brocante-au-foyer-des-lampes-septembre-2025\/#primaryimage","url":"https:\/\/apeimeudon.fr\/Blog-APEI\/wp-content\/uploads\/2025\/10\/Miniature.jpg","contentUrl":"https:\/\/apeimeudon.fr\/Blog-APEI\/wp-content\/uploads\/2025\/10\/Miniature.jpg","width":400,"height":240},{"@type":"BreadcrumbList","@id":"https:\/\/apeimeudon.fr\/Blog-APEI\/brocante-au-foyer-des-lampes-septembre-2025\/#breadcrumb","itemListElement":[{"@type":"ListItem","position":1,"name":"Accueil","item":"https:\/\/apeimeudon.fr\/Blog-APEI\/"},{"@type":"ListItem","position":2,"name":"Brocante au Foyer des Lampes septembre 2025"}]},{"@type":"WebSite","@id":"https:\/\/apeimeudon.fr\/Blog-APEI\/#website","url":"https:\/\/apeimeudon.fr\/Blog-APEI\/","name":"La Gazette des Foyers de l&#039;APEI de Meudon","description":"Nos diff\u00e9rences loin de nous l\u00e9ser doivent nous enrichir -  Antoine de Saint-Exup\u00e9ry","publisher":{"@id":"https:\/\/apeimeudon.fr\/Blog-APEI\/#organization"},"potentialAction":[{"@type":"SearchAction","target":{"@type":"EntryPoint","urlTemplate":"https:\/\/apeimeudon.fr\/Blog-APEI\/?s={search_term_string}"},"query-input":{"@type":"PropertyValueSpecification","valueRequired":true,"valueName":"search_term_string"}}],"inLanguage":"fr-FR"},{"@type":"Organization","@id":"https:\/\/apeimeudon.fr\/Blog-APEI\/#organization","name":"APEI de Meudon","url":"https:\/\/apeimeudon.fr\/Blog-APEI\/","logo":{"@type":"ImageObject","inLanguage":"fr-FR","@id":"https:\/\/apeimeudon.fr\/Blog-APEI\/#\/schema\/logo\/image\/","url":"https:\/\/apeimeudon.fr\/Blog-APEI\/wp-content\/uploads\/2017\/10\/Icone-APEI.png","contentUrl":"https:\/\/apeimeudon.fr\/Blog-APEI\/wp-content\/uploads\/2017\/10\/Icone-APEI.png","width":128,"height":128,"caption":"APEI de Meudon"},"image":{"@id":"https:\/\/apeimeudon.fr\/Blog-APEI\/#\/schema\/logo\/image\/"}},{"@type":"Person","@id":"https:\/\/apeimeudon.fr\/Blog-APEI\/#\/schema\/person\/536e2dc69b6d8456308013bd9a7b762b","name":"Equipe r\u00e9dactionnelle Foyer des Lampes","image":{"@type":"ImageObject","inLanguage":"fr-FR","@id":"https:\/\/secure.gravatar.com\/avatar\/c64021a86f77cc135da78b91677b4c8cb3c2882fad89dba6a7a7defab5e64683?s=96&d=mm&r=g","url":"https:\/\/secure.gravatar.com\/avatar\/c64021a86f77cc135da78b91677b4c8cb3c2882fad89dba6a7a7defab5e64683?s=96&d=mm&r=g","contentUrl":"https:\/\/secure.gravatar.com\/avatar\/c64021a86f77cc135da78b91677b4c8cb3c2882fad89dba6a7a7defab5e64683?s=96&d=mm&r=g","caption":"Equipe r\u00e9dactionnelle Foyer des Lampes"},"url":"https:\/\/apeimeudon.fr\/Blog-APEI\/author\/lampes\/"}]}},"_links":{"self":[{"href":"https:\/\/apeimeudon.fr\/Blog-APEI\/wp-json\/wp\/v2\/posts\/11707","targetHints":{"allow":["GET"]}}],"collection":[{"href":"https:\/\/apeimeudon.fr\/Blog-APEI\/wp-json\/wp\/v2\/posts"}],"about":[{"href":"https:\/\/apeimeudon.fr\/Blog-APEI\/wp-json\/wp\/v2\/types\/post"}],"author":[{"embeddable":true,"href":"https:\/\/apeimeudon.fr\/Blog-APEI\/wp-json\/wp\/v2\/users\/3"}],"replies":[{"embeddable":true,"href":"https:\/\/apeimeudon.fr\/Blog-APEI\/wp-json\/wp\/v2\/comments?post=11707"}],"version-history":[{"count":3,"href":"https:\/\/apeimeudon.fr\/Blog-APEI\/wp-json\/wp\/v2\/posts\/11707\/revisions"}],"predecessor-version":[{"id":11718,"href":"https:\/\/apeimeudon.fr\/Blog-APEI\/wp-json\/wp\/v2\/posts\/11707\/revisions\/11718"}],"wp:featuredmedia":[{"embeddable":true,"href":"https:\/\/apeimeudon.fr\/Blog-APEI\/wp-json\/wp\/v2\/media\/11664"}],"wp:attachment":[{"href":"https:\/\/apeimeudon.fr\/Blog-APEI\/wp-json\/wp\/v2\/media?parent=11707"}],"wp:term":[{"taxonomy":"category","embeddable":true,"href":"https:\/\/apeimeudon.fr\/Blog-APEI\/wp-json\/wp\/v2\/categories?post=11707"},{"taxonomy":"post_tag","embeddable":true,"href":"https:\/\/apeimeudon.fr\/Blog-APEI\/wp-json\/wp\/v2\/tags?post=11707"}],"curies":[{"name":"wp","href":"https:\/\/api.w.org\/{rel}","templated":true}]}}