{"id":11720,"date":"2025-10-10T14:30:35","date_gmt":"2025-10-10T12:30:35","guid":{"rendered":"https:\/\/apeimeudon.fr\/Blog-APEI\/?p=11720"},"modified":"2025-10-10T14:30:36","modified_gmt":"2025-10-10T12:30:36","slug":"compte-rendu-de-la-reunion-de-parents-du-17-septembre-2025","status":"publish","type":"post","link":"https:\/\/apeimeudon.fr\/Blog-APEI\/compte-rendu-de-la-reunion-de-parents-du-17-septembre-2025\/","title":{"rendered":"Compte rendu de la r\u00e9union de parents du 17 septembre 2025"},"content":{"rendered":"\n<p>Chers parents,<\/p>\n\n\n\n<p>Comme nous vous l&rsquo;avions annonc\u00e9, la derni\u00e8re r\u00e9union de parents a eu lieu le 17 septembre 2025 au foyer des Bords de Seine : vous en trouverez ci-joint le compte-rendu.<\/p>\n\n\n\n<!--more-->\n\n\n\n<p>Veuillez noter que la prochaine r\u00e9union aura lieu le mercredi 26 novembre 2025 \u00e0 18h au foyer des Bords de Seine : venez apporter vos interrogations et \u00e9changer avec d&rsquo;autres parents.<\/p>\n\n\n\n<p>Pour la bonne pr\u00e9paration de cette r\u00e9union, il est important que vous m&rsquo;indiquiez si vous serez ou non pr\u00e9sents en m&rsquo;envoyant un <a href=\"https:\/\/apeimeudon.fr\/Site-APEI\/inscription-a-la-reunion-de-parents\/\" target=\"_blank\" rel=\"noreferrer noopener\">mail de confirmation<\/a>.<\/p>\n\n\n\n<p>Un grand merci \u00e0 Fran\u00e7ois BRILLOUET, qui organise ces r\u00e9unions.<\/p>\n\n\n\n<p class=\"has-text-align-center\">Daniel Boeuf &#8211; Charg\u00e9 des Relations avec les Familles<\/p>\n\n\n\n<p class=\"has-text-align-center\"><strong><em>Ci-dessous le compte rendu de notre derni\u00e8re r\u00e9union :<\/em><\/strong><\/p>\n\n\n<div class=\"wp-block-image\">\n<figure class=\"aligncenter size-large is-resized\"><a href=\"http:\/\/apeimeudon.fr\/Blog-APEI\/wp-content\/uploads\/2025\/10\/CR-Reunion-Parents-17-09-25.pdf\" target=\"_blank\" rel=\" noreferrer noopener\"><img decoding=\"async\" src=\"http:\/\/apeimeudon.fr\/Blog-APEI\/wp-content\/uploads\/2024\/10\/adobe-pdf-logo-300x300-1.png\" alt=\"\" style=\"width:135px;height:auto\"\/><\/a><\/figure>\n<\/div>\n\n\n<p><\/p>\n","protected":false},"excerpt":{"rendered":"<p>Chers parents, Comme nous vous l&rsquo;avions annonc\u00e9, la derni\u00e8re r\u00e9union de parents a eu lieu le 17 septembre 2025 au foyer des Bords de Seine : vous en trouverez ci-joint le compte-rendu.<\/p>\n","protected":false},"author":4,"featured_media":9635,"comment_status":"open","ping_status":"open","sticky":false,"template":"","format":"standard","meta":{"_acf_changed":false,"_monsterinsights_skip_tracking":false,"_monsterinsights_sitenote_active":false,"_monsterinsights_sitenote_note":"","_monsterinsights_sitenote_category":0,"ngg_post_thumbnail":0,"footnotes":""},"categories":[1,71],"tags":[],"class_list":["post-11720","post","type-post","status-publish","format-standard","has-post-thumbnail","hentry","category-non-classe","category-reunion-parents"],"acf":[],"yoast_head":"<!-- This site is optimized with the Yoast SEO plugin v27.3 - https:\/\/yoast.com\/product\/yoast-seo-wordpress\/ -->\n<title>Compte rendu de la r\u00e9union de parents du 17 septembre 2025 - La Gazette des Foyers de l&#039;APEI de Meudon<\/title>\n<meta name=\"robots\" content=\"index, follow, max-snippet:-1, max-image-preview:large, max-video-preview:-1\" \/>\n<link rel=\"canonical\" href=\"https:\/\/apeimeudon.fr\/Blog-APEI\/compte-rendu-de-la-reunion-de-parents-du-17-septembre-2025\/\" \/>\n<meta property=\"og:locale\" content=\"fr_FR\" \/>\n<meta property=\"og:type\" content=\"article\" \/>\n<meta property=\"og:title\" content=\"Compte rendu de la r\u00e9union de parents du 17 septembre 2025 - La Gazette des Foyers de l&#039;APEI de Meudon\" \/>\n<meta property=\"og:description\" content=\"Chers parents, Comme nous vous l&rsquo;avions annonc\u00e9, la derni\u00e8re r\u00e9union de parents a eu lieu le 17 septembre 2025 au foyer des Bords de Seine : vous en trouverez ci-joint le compte-rendu.\" \/>\n<meta property=\"og:url\" content=\"https:\/\/apeimeudon.fr\/Blog-APEI\/compte-rendu-de-la-reunion-de-parents-du-17-septembre-2025\/\" \/>\n<meta property=\"og:site_name\" content=\"La Gazette des Foyers de l&#039;APEI de Meudon\" \/>\n<meta property=\"article:published_time\" content=\"2025-10-10T12:30:35+00:00\" \/>\n<meta property=\"article:modified_time\" content=\"2025-10-10T12:30:36+00:00\" \/>\n<meta property=\"og:image\" content=\"https:\/\/apeimeudon.fr\/Blog-APEI\/wp-content\/uploads\/2025\/02\/Miniature-reunion-parents-2.jpg\" \/>\n\t<meta property=\"og:image:width\" content=\"400\" \/>\n\t<meta property=\"og:image:height\" content=\"257\" \/>\n\t<meta property=\"og:image:type\" content=\"image\/jpeg\" \/>\n<meta name=\"author\" content=\"Daniel BOEUF\" \/>\n<meta name=\"twitter:card\" content=\"summary_large_image\" \/>\n<meta name=\"twitter:label1\" content=\"\u00c9crit par\" \/>\n\t<meta name=\"twitter:data1\" content=\"Daniel BOEUF\" \/>\n\t<meta name=\"twitter:label2\" content=\"Dur\u00e9e de lecture estim\u00e9e\" \/>\n\t<meta name=\"twitter:data2\" content=\"1 minute\" \/>\n<script type=\"application\/ld+json\" class=\"yoast-schema-graph\">{\"@context\":\"https:\\\/\\\/schema.org\",\"@graph\":[{\"@type\":\"Article\",\"@id\":\"https:\\\/\\\/apeimeudon.fr\\\/Blog-APEI\\\/compte-rendu-de-la-reunion-de-parents-du-17-septembre-2025\\\/#article\",\"isPartOf\":{\"@id\":\"https:\\\/\\\/apeimeudon.fr\\\/Blog-APEI\\\/compte-rendu-de-la-reunion-de-parents-du-17-septembre-2025\\\/\"},\"author\":{\"name\":\"Daniel BOEUF\",\"@id\":\"https:\\\/\\\/apeimeudon.fr\\\/Blog-APEI\\\/#\\\/schema\\\/person\\\/24d23cf56d0444d151d6f9732444566c\"},\"headline\":\"Compte rendu de la r\u00e9union de parents du 17 septembre 2025\",\"datePublished\":\"2025-10-10T12:30:35+00:00\",\"dateModified\":\"2025-10-10T12:30:36+00:00\",\"mainEntityOfPage\":{\"@id\":\"https:\\\/\\\/apeimeudon.fr\\\/Blog-APEI\\\/compte-rendu-de-la-reunion-de-parents-du-17-septembre-2025\\\/\"},\"wordCount\":127,\"commentCount\":0,\"publisher\":{\"@id\":\"https:\\\/\\\/apeimeudon.fr\\\/Blog-APEI\\\/#organization\"},\"image\":{\"@id\":\"https:\\\/\\\/apeimeudon.fr\\\/Blog-APEI\\\/compte-rendu-de-la-reunion-de-parents-du-17-septembre-2025\\\/#primaryimage\"},\"thumbnailUrl\":\"https:\\\/\\\/apeimeudon.fr\\\/Blog-APEI\\\/wp-content\\\/uploads\\\/2025\\\/02\\\/Miniature-reunion-parents-2.jpg\",\"articleSection\":{\"1\":\"R\u00e9union Parents\"},\"inLanguage\":\"fr-FR\",\"potentialAction\":[{\"@type\":\"CommentAction\",\"name\":\"Comment\",\"target\":[\"https:\\\/\\\/apeimeudon.fr\\\/Blog-APEI\\\/compte-rendu-de-la-reunion-de-parents-du-17-septembre-2025\\\/#respond\"]}]},{\"@type\":\"WebPage\",\"@id\":\"https:\\\/\\\/apeimeudon.fr\\\/Blog-APEI\\\/compte-rendu-de-la-reunion-de-parents-du-17-septembre-2025\\\/\",\"url\":\"https:\\\/\\\/apeimeudon.fr\\\/Blog-APEI\\\/compte-rendu-de-la-reunion-de-parents-du-17-septembre-2025\\\/\",\"name\":\"Compte rendu de la r\u00e9union de parents du 17 septembre 2025 - La Gazette des Foyers de l&#039;APEI de Meudon\",\"isPartOf\":{\"@id\":\"https:\\\/\\\/apeimeudon.fr\\\/Blog-APEI\\\/#website\"},\"primaryImageOfPage\":{\"@id\":\"https:\\\/\\\/apeimeudon.fr\\\/Blog-APEI\\\/compte-rendu-de-la-reunion-de-parents-du-17-septembre-2025\\\/#primaryimage\"},\"image\":{\"@id\":\"https:\\\/\\\/apeimeudon.fr\\\/Blog-APEI\\\/compte-rendu-de-la-reunion-de-parents-du-17-septembre-2025\\\/#primaryimage\"},\"thumbnailUrl\":\"https:\\\/\\\/apeimeudon.fr\\\/Blog-APEI\\\/wp-content\\\/uploads\\\/2025\\\/02\\\/Miniature-reunion-parents-2.jpg\",\"datePublished\":\"2025-10-10T12:30:35+00:00\",\"dateModified\":\"2025-10-10T12:30:36+00:00\",\"breadcrumb\":{\"@id\":\"https:\\\/\\\/apeimeudon.fr\\\/Blog-APEI\\\/compte-rendu-de-la-reunion-de-parents-du-17-septembre-2025\\\/#breadcrumb\"},\"inLanguage\":\"fr-FR\",\"potentialAction\":[{\"@type\":\"ReadAction\",\"target\":[\"https:\\\/\\\/apeimeudon.fr\\\/Blog-APEI\\\/compte-rendu-de-la-reunion-de-parents-du-17-septembre-2025\\\/\"]}]},{\"@type\":\"ImageObject\",\"inLanguage\":\"fr-FR\",\"@id\":\"https:\\\/\\\/apeimeudon.fr\\\/Blog-APEI\\\/compte-rendu-de-la-reunion-de-parents-du-17-septembre-2025\\\/#primaryimage\",\"url\":\"https:\\\/\\\/apeimeudon.fr\\\/Blog-APEI\\\/wp-content\\\/uploads\\\/2025\\\/02\\\/Miniature-reunion-parents-2.jpg\",\"contentUrl\":\"https:\\\/\\\/apeimeudon.fr\\\/Blog-APEI\\\/wp-content\\\/uploads\\\/2025\\\/02\\\/Miniature-reunion-parents-2.jpg\",\"width\":400,\"height\":257},{\"@type\":\"BreadcrumbList\",\"@id\":\"https:\\\/\\\/apeimeudon.fr\\\/Blog-APEI\\\/compte-rendu-de-la-reunion-de-parents-du-17-septembre-2025\\\/#breadcrumb\",\"itemListElement\":[{\"@type\":\"ListItem\",\"position\":1,\"name\":\"Accueil\",\"item\":\"https:\\\/\\\/apeimeudon.fr\\\/Blog-APEI\\\/\"},{\"@type\":\"ListItem\",\"position\":2,\"name\":\"Compte rendu de la r\u00e9union de parents du 17 septembre 2025\"}]},{\"@type\":\"WebSite\",\"@id\":\"https:\\\/\\\/apeimeudon.fr\\\/Blog-APEI\\\/#website\",\"url\":\"https:\\\/\\\/apeimeudon.fr\\\/Blog-APEI\\\/\",\"name\":\"La Gazette des Foyers de l&#039;APEI de Meudon\",\"description\":\"Nos diff\u00e9rences loin de nous l\u00e9ser doivent nous enrichir -  Antoine de Saint-Exup\u00e9ry\",\"publisher\":{\"@id\":\"https:\\\/\\\/apeimeudon.fr\\\/Blog-APEI\\\/#organization\"},\"potentialAction\":[{\"@type\":\"SearchAction\",\"target\":{\"@type\":\"EntryPoint\",\"urlTemplate\":\"https:\\\/\\\/apeimeudon.fr\\\/Blog-APEI\\\/?s={search_term_string}\"},\"query-input\":{\"@type\":\"PropertyValueSpecification\",\"valueRequired\":true,\"valueName\":\"search_term_string\"}}],\"inLanguage\":\"fr-FR\"},{\"@type\":\"Organization\",\"@id\":\"https:\\\/\\\/apeimeudon.fr\\\/Blog-APEI\\\/#organization\",\"name\":\"APEI de Meudon\",\"url\":\"https:\\\/\\\/apeimeudon.fr\\\/Blog-APEI\\\/\",\"logo\":{\"@type\":\"ImageObject\",\"inLanguage\":\"fr-FR\",\"@id\":\"https:\\\/\\\/apeimeudon.fr\\\/Blog-APEI\\\/#\\\/schema\\\/logo\\\/image\\\/\",\"url\":\"https:\\\/\\\/apeimeudon.fr\\\/Blog-APEI\\\/wp-content\\\/uploads\\\/2017\\\/10\\\/Icone-APEI.png\",\"contentUrl\":\"https:\\\/\\\/apeimeudon.fr\\\/Blog-APEI\\\/wp-content\\\/uploads\\\/2017\\\/10\\\/Icone-APEI.png\",\"width\":128,\"height\":128,\"caption\":\"APEI de Meudon\"},\"image\":{\"@id\":\"https:\\\/\\\/apeimeudon.fr\\\/Blog-APEI\\\/#\\\/schema\\\/logo\\\/image\\\/\"}},{\"@type\":\"Person\",\"@id\":\"https:\\\/\\\/apeimeudon.fr\\\/Blog-APEI\\\/#\\\/schema\\\/person\\\/24d23cf56d0444d151d6f9732444566c\",\"name\":\"Daniel BOEUF\",\"image\":{\"@type\":\"ImageObject\",\"inLanguage\":\"fr-FR\",\"@id\":\"https:\\\/\\\/secure.gravatar.com\\\/avatar\\\/bfae3a7561f31b7b4c7b7b16e52c247faebc47666f31ad7c2bfaa764c9673d7a?s=96&d=mm&r=g\",\"url\":\"https:\\\/\\\/secure.gravatar.com\\\/avatar\\\/bfae3a7561f31b7b4c7b7b16e52c247faebc47666f31ad7c2bfaa764c9673d7a?s=96&d=mm&r=g\",\"contentUrl\":\"https:\\\/\\\/secure.gravatar.com\\\/avatar\\\/bfae3a7561f31b7b4c7b7b16e52c247faebc47666f31ad7c2bfaa764c9673d7a?s=96&d=mm&r=g\",\"caption\":\"Daniel BOEUF\"},\"url\":\"https:\\\/\\\/apeimeudon.fr\\\/Blog-APEI\\\/author\\\/danboeuf\\\/\"}]}<\/script>\n<!-- \/ Yoast SEO plugin. -->","yoast_head_json":{"title":"Compte rendu de la r\u00e9union de parents du 17 septembre 2025 - La Gazette des Foyers de l&#039;APEI de Meudon","robots":{"index":"index","follow":"follow","max-snippet":"max-snippet:-1","max-image-preview":"max-image-preview:large","max-video-preview":"max-video-preview:-1"},"canonical":"https:\/\/apeimeudon.fr\/Blog-APEI\/compte-rendu-de-la-reunion-de-parents-du-17-septembre-2025\/","og_locale":"fr_FR","og_type":"article","og_title":"Compte rendu de la r\u00e9union de parents du 17 septembre 2025 - La Gazette des Foyers de l&#039;APEI de Meudon","og_description":"Chers parents, Comme nous vous l&rsquo;avions annonc\u00e9, la derni\u00e8re r\u00e9union de parents a eu lieu le 17 septembre 2025 au foyer des Bords de Seine : vous en trouverez ci-joint le compte-rendu.","og_url":"https:\/\/apeimeudon.fr\/Blog-APEI\/compte-rendu-de-la-reunion-de-parents-du-17-septembre-2025\/","og_site_name":"La Gazette des Foyers de l&#039;APEI de Meudon","article_published_time":"2025-10-10T12:30:35+00:00","article_modified_time":"2025-10-10T12:30:36+00:00","og_image":[{"width":400,"height":257,"url":"https:\/\/apeimeudon.fr\/Blog-APEI\/wp-content\/uploads\/2025\/02\/Miniature-reunion-parents-2.jpg","type":"image\/jpeg"}],"author":"Daniel BOEUF","twitter_card":"summary_large_image","twitter_misc":{"\u00c9crit par":"Daniel BOEUF","Dur\u00e9e de lecture estim\u00e9e":"1 minute"},"schema":{"@context":"https:\/\/schema.org","@graph":[{"@type":"Article","@id":"https:\/\/apeimeudon.fr\/Blog-APEI\/compte-rendu-de-la-reunion-de-parents-du-17-septembre-2025\/#article","isPartOf":{"@id":"https:\/\/apeimeudon.fr\/Blog-APEI\/compte-rendu-de-la-reunion-de-parents-du-17-septembre-2025\/"},"author":{"name":"Daniel BOEUF","@id":"https:\/\/apeimeudon.fr\/Blog-APEI\/#\/schema\/person\/24d23cf56d0444d151d6f9732444566c"},"headline":"Compte rendu de la r\u00e9union de parents du 17 septembre 2025","datePublished":"2025-10-10T12:30:35+00:00","dateModified":"2025-10-10T12:30:36+00:00","mainEntityOfPage":{"@id":"https:\/\/apeimeudon.fr\/Blog-APEI\/compte-rendu-de-la-reunion-de-parents-du-17-septembre-2025\/"},"wordCount":127,"commentCount":0,"publisher":{"@id":"https:\/\/apeimeudon.fr\/Blog-APEI\/#organization"},"image":{"@id":"https:\/\/apeimeudon.fr\/Blog-APEI\/compte-rendu-de-la-reunion-de-parents-du-17-septembre-2025\/#primaryimage"},"thumbnailUrl":"https:\/\/apeimeudon.fr\/Blog-APEI\/wp-content\/uploads\/2025\/02\/Miniature-reunion-parents-2.jpg","articleSection":{"1":"R\u00e9union Parents"},"inLanguage":"fr-FR","potentialAction":[{"@type":"CommentAction","name":"Comment","target":["https:\/\/apeimeudon.fr\/Blog-APEI\/compte-rendu-de-la-reunion-de-parents-du-17-septembre-2025\/#respond"]}]},{"@type":"WebPage","@id":"https:\/\/apeimeudon.fr\/Blog-APEI\/compte-rendu-de-la-reunion-de-parents-du-17-septembre-2025\/","url":"https:\/\/apeimeudon.fr\/Blog-APEI\/compte-rendu-de-la-reunion-de-parents-du-17-septembre-2025\/","name":"Compte rendu de la r\u00e9union de parents du 17 septembre 2025 - La Gazette des Foyers de l&#039;APEI de Meudon","isPartOf":{"@id":"https:\/\/apeimeudon.fr\/Blog-APEI\/#website"},"primaryImageOfPage":{"@id":"https:\/\/apeimeudon.fr\/Blog-APEI\/compte-rendu-de-la-reunion-de-parents-du-17-septembre-2025\/#primaryimage"},"image":{"@id":"https:\/\/apeimeudon.fr\/Blog-APEI\/compte-rendu-de-la-reunion-de-parents-du-17-septembre-2025\/#primaryimage"},"thumbnailUrl":"https:\/\/apeimeudon.fr\/Blog-APEI\/wp-content\/uploads\/2025\/02\/Miniature-reunion-parents-2.jpg","datePublished":"2025-10-10T12:30:35+00:00","dateModified":"2025-10-10T12:30:36+00:00","breadcrumb":{"@id":"https:\/\/apeimeudon.fr\/Blog-APEI\/compte-rendu-de-la-reunion-de-parents-du-17-septembre-2025\/#breadcrumb"},"inLanguage":"fr-FR","potentialAction":[{"@type":"ReadAction","target":["https:\/\/apeimeudon.fr\/Blog-APEI\/compte-rendu-de-la-reunion-de-parents-du-17-septembre-2025\/"]}]},{"@type":"ImageObject","inLanguage":"fr-FR","@id":"https:\/\/apeimeudon.fr\/Blog-APEI\/compte-rendu-de-la-reunion-de-parents-du-17-septembre-2025\/#primaryimage","url":"https:\/\/apeimeudon.fr\/Blog-APEI\/wp-content\/uploads\/2025\/02\/Miniature-reunion-parents-2.jpg","contentUrl":"https:\/\/apeimeudon.fr\/Blog-APEI\/wp-content\/uploads\/2025\/02\/Miniature-reunion-parents-2.jpg","width":400,"height":257},{"@type":"BreadcrumbList","@id":"https:\/\/apeimeudon.fr\/Blog-APEI\/compte-rendu-de-la-reunion-de-parents-du-17-septembre-2025\/#breadcrumb","itemListElement":[{"@type":"ListItem","position":1,"name":"Accueil","item":"https:\/\/apeimeudon.fr\/Blog-APEI\/"},{"@type":"ListItem","position":2,"name":"Compte rendu de la r\u00e9union de parents du 17 septembre 2025"}]},{"@type":"WebSite","@id":"https:\/\/apeimeudon.fr\/Blog-APEI\/#website","url":"https:\/\/apeimeudon.fr\/Blog-APEI\/","name":"La Gazette des Foyers de l&#039;APEI de Meudon","description":"Nos diff\u00e9rences loin de nous l\u00e9ser doivent nous enrichir -  Antoine de Saint-Exup\u00e9ry","publisher":{"@id":"https:\/\/apeimeudon.fr\/Blog-APEI\/#organization"},"potentialAction":[{"@type":"SearchAction","target":{"@type":"EntryPoint","urlTemplate":"https:\/\/apeimeudon.fr\/Blog-APEI\/?s={search_term_string}"},"query-input":{"@type":"PropertyValueSpecification","valueRequired":true,"valueName":"search_term_string"}}],"inLanguage":"fr-FR"},{"@type":"Organization","@id":"https:\/\/apeimeudon.fr\/Blog-APEI\/#organization","name":"APEI de Meudon","url":"https:\/\/apeimeudon.fr\/Blog-APEI\/","logo":{"@type":"ImageObject","inLanguage":"fr-FR","@id":"https:\/\/apeimeudon.fr\/Blog-APEI\/#\/schema\/logo\/image\/","url":"https:\/\/apeimeudon.fr\/Blog-APEI\/wp-content\/uploads\/2017\/10\/Icone-APEI.png","contentUrl":"https:\/\/apeimeudon.fr\/Blog-APEI\/wp-content\/uploads\/2017\/10\/Icone-APEI.png","width":128,"height":128,"caption":"APEI de Meudon"},"image":{"@id":"https:\/\/apeimeudon.fr\/Blog-APEI\/#\/schema\/logo\/image\/"}},{"@type":"Person","@id":"https:\/\/apeimeudon.fr\/Blog-APEI\/#\/schema\/person\/24d23cf56d0444d151d6f9732444566c","name":"Daniel BOEUF","image":{"@type":"ImageObject","inLanguage":"fr-FR","@id":"https:\/\/secure.gravatar.com\/avatar\/bfae3a7561f31b7b4c7b7b16e52c247faebc47666f31ad7c2bfaa764c9673d7a?s=96&d=mm&r=g","url":"https:\/\/secure.gravatar.com\/avatar\/bfae3a7561f31b7b4c7b7b16e52c247faebc47666f31ad7c2bfaa764c9673d7a?s=96&d=mm&r=g","contentUrl":"https:\/\/secure.gravatar.com\/avatar\/bfae3a7561f31b7b4c7b7b16e52c247faebc47666f31ad7c2bfaa764c9673d7a?s=96&d=mm&r=g","caption":"Daniel BOEUF"},"url":"https:\/\/apeimeudon.fr\/Blog-APEI\/author\/danboeuf\/"}]}},"_links":{"self":[{"href":"https:\/\/apeimeudon.fr\/Blog-APEI\/wp-json\/wp\/v2\/posts\/11720","targetHints":{"allow":["GET"]}}],"collection":[{"href":"https:\/\/apeimeudon.fr\/Blog-APEI\/wp-json\/wp\/v2\/posts"}],"about":[{"href":"https:\/\/apeimeudon.fr\/Blog-APEI\/wp-json\/wp\/v2\/types\/post"}],"author":[{"embeddable":true,"href":"https:\/\/apeimeudon.fr\/Blog-APEI\/wp-json\/wp\/v2\/users\/4"}],"replies":[{"embeddable":true,"href":"https:\/\/apeimeudon.fr\/Blog-APEI\/wp-json\/wp\/v2\/comments?post=11720"}],"version-history":[{"count":4,"href":"https:\/\/apeimeudon.fr\/Blog-APEI\/wp-json\/wp\/v2\/posts\/11720\/revisions"}],"predecessor-version":[{"id":11725,"href":"https:\/\/apeimeudon.fr\/Blog-APEI\/wp-json\/wp\/v2\/posts\/11720\/revisions\/11725"}],"wp:featuredmedia":[{"embeddable":true,"href":"https:\/\/apeimeudon.fr\/Blog-APEI\/wp-json\/wp\/v2\/media\/9635"}],"wp:attachment":[{"href":"https:\/\/apeimeudon.fr\/Blog-APEI\/wp-json\/wp\/v2\/media?parent=11720"}],"wp:term":[{"taxonomy":"category","embeddable":true,"href":"https:\/\/apeimeudon.fr\/Blog-APEI\/wp-json\/wp\/v2\/categories?post=11720"},{"taxonomy":"post_tag","embeddable":true,"href":"https:\/\/apeimeudon.fr\/Blog-APEI\/wp-json\/wp\/v2\/tags?post=11720"}],"curies":[{"name":"wp","href":"https:\/\/api.w.org\/{rel}","templated":true}]}}