{"id":11885,"date":"2025-11-14T11:13:37","date_gmt":"2025-11-14T10:13:37","guid":{"rendered":"https:\/\/apeimeudon.fr\/Blog-APEI\/?p=11885"},"modified":"2025-11-14T11:13:38","modified_gmt":"2025-11-14T10:13:38","slug":"la-fete-des-citrouilles-une-belle-reussite","status":"publish","type":"post","link":"https:\/\/apeimeudon.fr\/Blog-APEI\/la-fete-des-citrouilles-une-belle-reussite\/","title":{"rendered":"La F\u00eate des Citrouilles : une belle r\u00e9ussite !"},"content":{"rendered":"\n<p>Vendredi 31 octobre, tous les foyers de l\u2019APEI de Meudon se sont r\u00e9unis \u00e0 l\u2019EAM La For\u00eat pour c\u00e9l\u00e9brer la F\u00eate des Citrouilles.<\/p>\n\n\n\n<p>Cette soir\u00e9e costum\u00e9e, plac\u00e9e sous le signe de la convivialit\u00e9, a rassembl\u00e9 r\u00e9sidents, accompagnants, familles, \u00e9ducateurs et amis autour d\u2019un grand buffet pr\u00e9par\u00e9 avec soin.<\/p>\n\n\n\n<!--more-->\n\n\n\n<p>Entre rires, musique et d\u00e9guisements color\u00e9s, chacun a pu partager un moment de joie et de complicit\u00e9. Un petit spectacle, anim\u00e9 par les r\u00e9sidents eux-m\u00eames, a apport\u00e9 une touche de magie suppl\u00e9mentaire \u00e0 la f\u00eate.<\/p>\n\n\n\n<p>La bonne humeur \u00e9tait au rendez-vous tout au long de la soir\u00e9e, et les sourires sur les visages t\u00e9moignaient du plaisir de se retrouver et de c\u00e9l\u00e9brer ensemble.<\/p>\n\n\n\n<p>Un grand bravo \u00e0 tous ceux qui ont contribu\u00e9 \u00e0 la r\u00e9ussite de cet \u00e9v\u00e9nement ! \ud83c\udf89<\/p>\n\n\n\n<p class=\"has-text-align-right\"><strong>Florence Silliere<\/strong> &#8211; Cheffe de service<\/p>\n\n\n\n<p class=\"has-text-align-center\"><strong><em>Quelques clich\u00e9s de cette f\u00eate :<\/em><\/strong><\/p>\n\n\n<p>\r\n\t\t\t\t\t\n\r\n\t\t\t\t\t<!-- START UNITE GALLERY 1.7.62 -->\r\n\t\t\t\t\t\r\n\t\t\t\t\n\t\t\t<div id='unitegallery_259_1' class='unite-gallery' style='margin:0px auto;'>\n\t\t\t\t\n\n\t\t\t\t\t\t<img alt=\"eam hall\"\n\t\t\t\t\t\t     src=\"\" data-image=\"https:\/\/apeimeudon.fr\/Blog-APEI\/wp-content\/uploads\/2025\/11\/eam-hall.jpg\"\n\t\t\t\t\t\t     data-thumb=\"https:\/\/apeimeudon.fr\/Blog-APEI\/wp-content\/uploads\/2025\/11\/eam-hall-138x300.jpg\"\n\t\t\t\t\t\t     title=\"\"\n\t\t\t\t\t\t     style=\"display:none\">\n\n\t\t\t\t\t\t<img alt=\"kevin hall\"\n\t\t\t\t\t\t     src=\"\" data-image=\"https:\/\/apeimeudon.fr\/Blog-APEI\/wp-content\/uploads\/2025\/11\/kevin-hall-.jpg\"\n\t\t\t\t\t\t     data-thumb=\"https:\/\/apeimeudon.fr\/Blog-APEI\/wp-content\/uploads\/2025\/11\/kevin-hall--138x300.jpg\"\n\t\t\t\t\t\t     title=\"\"\n\t\t\t\t\t\t     style=\"display:none\">\n\n\t\t\t\t\t\t<img alt=\"bds 1\"\n\t\t\t\t\t\t     src=\"\" data-image=\"https:\/\/apeimeudon.fr\/Blog-APEI\/wp-content\/uploads\/2025\/11\/bds-1.jpg\"\n\t\t\t\t\t\t     data-thumb=\"https:\/\/apeimeudon.fr\/Blog-APEI\/wp-content\/uploads\/2025\/11\/bds-1-138x300.jpg\"\n\t\t\t\t\t\t     title=\"\"\n\t\t\t\t\t\t     style=\"display:none\">\n\n\t\t\t\t\t\t<img alt=\"bds 2\"\n\t\t\t\t\t\t     src=\"\" data-image=\"https:\/\/apeimeudon.fr\/Blog-APEI\/wp-content\/uploads\/2025\/11\/bds-2.jpg\"\n\t\t\t\t\t\t     data-thumb=\"https:\/\/apeimeudon.fr\/Blog-APEI\/wp-content\/uploads\/2025\/11\/bds-2-138x300.jpg\"\n\t\t\t\t\t\t     title=\"\"\n\t\t\t\t\t\t     style=\"display:none\">\n\n\t\t\t\t\t\t<img alt=\"fleury 1\"\n\t\t\t\t\t\t     src=\"\" data-image=\"https:\/\/apeimeudon.fr\/Blog-APEI\/wp-content\/uploads\/2025\/11\/fleury-1.jpg\"\n\t\t\t\t\t\t     data-thumb=\"https:\/\/apeimeudon.fr\/Blog-APEI\/wp-content\/uploads\/2025\/11\/fleury-1-300x138.jpg\"\n\t\t\t\t\t\t     title=\"\"\n\t\t\t\t\t\t     style=\"display:none\">\n\t\t\t<\/div>\n\n\t\t\t<script type='text\/javascript'>\n\t\t\t\twindow.onload = function(e) {\n\t\t\t\t\tif(typeof ugCheckForErrors == \"undefined\"){\n\t\t\t\t\t\tdocument.getElementById(\"unitegallery_259_1\").innerHTML = \"<span style='color:red'>Unite Gallery Error - gallery js and css files not included in the footer. Please make sure that wp_footer() function is added to your theme.<\/span>\";}\n\t\t\t\t\telse{ ugCheckForErrors(\"unitegallery_259_1\", \"jquery\");}\n\t\t\t\t};\n\t\t\t<\/script>\n\n\t\t\t<!-- END UNITEGALLERY --><\/p>\n","protected":false},"excerpt":{"rendered":"<p>Vendredi 31 octobre, tous les foyers de l\u2019APEI de Meudon se sont r\u00e9unis \u00e0 l\u2019EAM La For\u00eat pour c\u00e9l\u00e9brer la F\u00eate des Citrouilles. Cette soir\u00e9e costum\u00e9e, plac\u00e9e sous le signe de la convivialit\u00e9, a rassembl\u00e9 r\u00e9sidents, accompagnants, familles, \u00e9ducateurs et amis autour d\u2019un grand buffet pr\u00e9par\u00e9 avec soin.<\/p>\n","protected":false},"author":12,"featured_media":11884,"comment_status":"open","ping_status":"open","sticky":false,"template":"","format":"standard","meta":{"_acf_changed":false,"_monsterinsights_skip_tracking":false,"_monsterinsights_sitenote_active":false,"_monsterinsights_sitenote_note":"","_monsterinsights_sitenote_category":0,"ngg_post_thumbnail":0,"footnotes":""},"categories":[41,50,52,34,32,42],"tags":[],"class_list":["post-11885","post","type-post","status-publish","format-standard","has-post-thumbnail","hentry","category-bords-de-seine","category-eam-meudon-la-foret","category-fete","category-foyer-des-lampes","category-foyer-fleury","category-foyer-hourdin"],"acf":[],"yoast_head":"<!-- This site is optimized with the Yoast SEO plugin v27.3 - https:\/\/yoast.com\/product\/yoast-seo-wordpress\/ -->\n<title>La F\u00eate des Citrouilles : une belle r\u00e9ussite ! - La Gazette des Foyers de l&#039;APEI de Meudon<\/title>\n<meta name=\"robots\" content=\"index, follow, max-snippet:-1, max-image-preview:large, max-video-preview:-1\" \/>\n<link rel=\"canonical\" href=\"https:\/\/apeimeudon.fr\/Blog-APEI\/la-fete-des-citrouilles-une-belle-reussite\/\" \/>\n<meta property=\"og:locale\" content=\"fr_FR\" \/>\n<meta property=\"og:type\" content=\"article\" \/>\n<meta property=\"og:title\" content=\"La F\u00eate des Citrouilles : une belle r\u00e9ussite ! - La Gazette des Foyers de l&#039;APEI de Meudon\" \/>\n<meta property=\"og:description\" content=\"Vendredi 31 octobre, tous les foyers de l\u2019APEI de Meudon se sont r\u00e9unis \u00e0 l\u2019EAM La For\u00eat pour c\u00e9l\u00e9brer la F\u00eate des Citrouilles. Cette soir\u00e9e costum\u00e9e, plac\u00e9e sous le signe de la convivialit\u00e9, a rassembl\u00e9 r\u00e9sidents, accompagnants, familles, \u00e9ducateurs et amis autour d\u2019un grand buffet pr\u00e9par\u00e9 avec soin.\" \/>\n<meta property=\"og:url\" content=\"https:\/\/apeimeudon.fr\/Blog-APEI\/la-fete-des-citrouilles-une-belle-reussite\/\" \/>\n<meta property=\"og:site_name\" content=\"La Gazette des Foyers de l&#039;APEI de Meudon\" \/>\n<meta property=\"article:published_time\" content=\"2025-11-14T10:13:37+00:00\" \/>\n<meta property=\"article:modified_time\" content=\"2025-11-14T10:13:38+00:00\" \/>\n<meta property=\"og:image\" content=\"https:\/\/apeimeudon.fr\/Blog-APEI\/wp-content\/uploads\/2025\/11\/miniature_halloween.jpg\" \/>\n\t<meta property=\"og:image:width\" content=\"400\" \/>\n\t<meta property=\"og:image:height\" content=\"278\" \/>\n\t<meta property=\"og:image:type\" content=\"image\/jpeg\" \/>\n<meta name=\"author\" content=\"Equipe r\u00e9dactionnelle de l&#039;EAM\" \/>\n<meta name=\"twitter:card\" content=\"summary_large_image\" \/>\n<meta name=\"twitter:label1\" content=\"\u00c9crit par\" \/>\n\t<meta name=\"twitter:data1\" content=\"Equipe r\u00e9dactionnelle de l&#039;EAM\" \/>\n\t<meta name=\"twitter:label2\" content=\"Dur\u00e9e de lecture estim\u00e9e\" \/>\n\t<meta name=\"twitter:data2\" content=\"1 minute\" \/>\n<script type=\"application\/ld+json\" class=\"yoast-schema-graph\">{\"@context\":\"https:\\\/\\\/schema.org\",\"@graph\":[{\"@type\":\"Article\",\"@id\":\"https:\\\/\\\/apeimeudon.fr\\\/Blog-APEI\\\/la-fete-des-citrouilles-une-belle-reussite\\\/#article\",\"isPartOf\":{\"@id\":\"https:\\\/\\\/apeimeudon.fr\\\/Blog-APEI\\\/la-fete-des-citrouilles-une-belle-reussite\\\/\"},\"author\":{\"name\":\"Equipe r\u00e9dactionnelle de l'EAM\",\"@id\":\"https:\\\/\\\/apeimeudon.fr\\\/Blog-APEI\\\/#\\\/schema\\\/person\\\/a15b457343f8d37c1aa7c552ad0b58d7\"},\"headline\":\"La F\u00eate des Citrouilles : une belle r\u00e9ussite !\",\"datePublished\":\"2025-11-14T10:13:37+00:00\",\"dateModified\":\"2025-11-14T10:13:38+00:00\",\"mainEntityOfPage\":{\"@id\":\"https:\\\/\\\/apeimeudon.fr\\\/Blog-APEI\\\/la-fete-des-citrouilles-une-belle-reussite\\\/\"},\"wordCount\":170,\"commentCount\":0,\"publisher\":{\"@id\":\"https:\\\/\\\/apeimeudon.fr\\\/Blog-APEI\\\/#organization\"},\"image\":{\"@id\":\"https:\\\/\\\/apeimeudon.fr\\\/Blog-APEI\\\/la-fete-des-citrouilles-une-belle-reussite\\\/#primaryimage\"},\"thumbnailUrl\":\"https:\\\/\\\/apeimeudon.fr\\\/Blog-APEI\\\/wp-content\\\/uploads\\\/2025\\\/11\\\/miniature_halloween.jpg\",\"articleSection\":[\"Bords de Seine\",\"EAM Meudon la For\u00eat\",\"F\u00eate\",\"Foyer des Lampes\",\"Foyer Fleury\",\"Foyer Hourdin\"],\"inLanguage\":\"fr-FR\",\"potentialAction\":[{\"@type\":\"CommentAction\",\"name\":\"Comment\",\"target\":[\"https:\\\/\\\/apeimeudon.fr\\\/Blog-APEI\\\/la-fete-des-citrouilles-une-belle-reussite\\\/#respond\"]}]},{\"@type\":\"WebPage\",\"@id\":\"https:\\\/\\\/apeimeudon.fr\\\/Blog-APEI\\\/la-fete-des-citrouilles-une-belle-reussite\\\/\",\"url\":\"https:\\\/\\\/apeimeudon.fr\\\/Blog-APEI\\\/la-fete-des-citrouilles-une-belle-reussite\\\/\",\"name\":\"La F\u00eate des Citrouilles : une belle r\u00e9ussite ! - La Gazette des Foyers de l&#039;APEI de Meudon\",\"isPartOf\":{\"@id\":\"https:\\\/\\\/apeimeudon.fr\\\/Blog-APEI\\\/#website\"},\"primaryImageOfPage\":{\"@id\":\"https:\\\/\\\/apeimeudon.fr\\\/Blog-APEI\\\/la-fete-des-citrouilles-une-belle-reussite\\\/#primaryimage\"},\"image\":{\"@id\":\"https:\\\/\\\/apeimeudon.fr\\\/Blog-APEI\\\/la-fete-des-citrouilles-une-belle-reussite\\\/#primaryimage\"},\"thumbnailUrl\":\"https:\\\/\\\/apeimeudon.fr\\\/Blog-APEI\\\/wp-content\\\/uploads\\\/2025\\\/11\\\/miniature_halloween.jpg\",\"datePublished\":\"2025-11-14T10:13:37+00:00\",\"dateModified\":\"2025-11-14T10:13:38+00:00\",\"breadcrumb\":{\"@id\":\"https:\\\/\\\/apeimeudon.fr\\\/Blog-APEI\\\/la-fete-des-citrouilles-une-belle-reussite\\\/#breadcrumb\"},\"inLanguage\":\"fr-FR\",\"potentialAction\":[{\"@type\":\"ReadAction\",\"target\":[\"https:\\\/\\\/apeimeudon.fr\\\/Blog-APEI\\\/la-fete-des-citrouilles-une-belle-reussite\\\/\"]}]},{\"@type\":\"ImageObject\",\"inLanguage\":\"fr-FR\",\"@id\":\"https:\\\/\\\/apeimeudon.fr\\\/Blog-APEI\\\/la-fete-des-citrouilles-une-belle-reussite\\\/#primaryimage\",\"url\":\"https:\\\/\\\/apeimeudon.fr\\\/Blog-APEI\\\/wp-content\\\/uploads\\\/2025\\\/11\\\/miniature_halloween.jpg\",\"contentUrl\":\"https:\\\/\\\/apeimeudon.fr\\\/Blog-APEI\\\/wp-content\\\/uploads\\\/2025\\\/11\\\/miniature_halloween.jpg\",\"width\":400,\"height\":278},{\"@type\":\"BreadcrumbList\",\"@id\":\"https:\\\/\\\/apeimeudon.fr\\\/Blog-APEI\\\/la-fete-des-citrouilles-une-belle-reussite\\\/#breadcrumb\",\"itemListElement\":[{\"@type\":\"ListItem\",\"position\":1,\"name\":\"Accueil\",\"item\":\"https:\\\/\\\/apeimeudon.fr\\\/Blog-APEI\\\/\"},{\"@type\":\"ListItem\",\"position\":2,\"name\":\"La F\u00eate des Citrouilles : une belle r\u00e9ussite !\"}]},{\"@type\":\"WebSite\",\"@id\":\"https:\\\/\\\/apeimeudon.fr\\\/Blog-APEI\\\/#website\",\"url\":\"https:\\\/\\\/apeimeudon.fr\\\/Blog-APEI\\\/\",\"name\":\"La Gazette des Foyers de l&#039;APEI de Meudon\",\"description\":\"Nos diff\u00e9rences loin de nous l\u00e9ser doivent nous enrichir -  Antoine de Saint-Exup\u00e9ry\",\"publisher\":{\"@id\":\"https:\\\/\\\/apeimeudon.fr\\\/Blog-APEI\\\/#organization\"},\"potentialAction\":[{\"@type\":\"SearchAction\",\"target\":{\"@type\":\"EntryPoint\",\"urlTemplate\":\"https:\\\/\\\/apeimeudon.fr\\\/Blog-APEI\\\/?s={search_term_string}\"},\"query-input\":{\"@type\":\"PropertyValueSpecification\",\"valueRequired\":true,\"valueName\":\"search_term_string\"}}],\"inLanguage\":\"fr-FR\"},{\"@type\":\"Organization\",\"@id\":\"https:\\\/\\\/apeimeudon.fr\\\/Blog-APEI\\\/#organization\",\"name\":\"APEI de Meudon\",\"url\":\"https:\\\/\\\/apeimeudon.fr\\\/Blog-APEI\\\/\",\"logo\":{\"@type\":\"ImageObject\",\"inLanguage\":\"fr-FR\",\"@id\":\"https:\\\/\\\/apeimeudon.fr\\\/Blog-APEI\\\/#\\\/schema\\\/logo\\\/image\\\/\",\"url\":\"https:\\\/\\\/apeimeudon.fr\\\/Blog-APEI\\\/wp-content\\\/uploads\\\/2017\\\/10\\\/Icone-APEI.png\",\"contentUrl\":\"https:\\\/\\\/apeimeudon.fr\\\/Blog-APEI\\\/wp-content\\\/uploads\\\/2017\\\/10\\\/Icone-APEI.png\",\"width\":128,\"height\":128,\"caption\":\"APEI de Meudon\"},\"image\":{\"@id\":\"https:\\\/\\\/apeimeudon.fr\\\/Blog-APEI\\\/#\\\/schema\\\/logo\\\/image\\\/\"}},{\"@type\":\"Person\",\"@id\":\"https:\\\/\\\/apeimeudon.fr\\\/Blog-APEI\\\/#\\\/schema\\\/person\\\/a15b457343f8d37c1aa7c552ad0b58d7\",\"name\":\"Equipe r\u00e9dactionnelle de l'EAM\",\"image\":{\"@type\":\"ImageObject\",\"inLanguage\":\"fr-FR\",\"@id\":\"https:\\\/\\\/secure.gravatar.com\\\/avatar\\\/6d4d63d9ff35694f3fb0a8e870df7631acf9597653445e607d41102b18f06f4c?s=96&d=mm&r=g\",\"url\":\"https:\\\/\\\/secure.gravatar.com\\\/avatar\\\/6d4d63d9ff35694f3fb0a8e870df7631acf9597653445e607d41102b18f06f4c?s=96&d=mm&r=g\",\"contentUrl\":\"https:\\\/\\\/secure.gravatar.com\\\/avatar\\\/6d4d63d9ff35694f3fb0a8e870df7631acf9597653445e607d41102b18f06f4c?s=96&d=mm&r=g\",\"caption\":\"Equipe r\u00e9dactionnelle de l'EAM\"},\"url\":\"https:\\\/\\\/apeimeudon.fr\\\/Blog-APEI\\\/author\\\/eam\\\/\"}]}<\/script>\n<!-- \/ Yoast SEO plugin. -->","yoast_head_json":{"title":"La F\u00eate des Citrouilles : une belle r\u00e9ussite ! - La Gazette des Foyers de l&#039;APEI de Meudon","robots":{"index":"index","follow":"follow","max-snippet":"max-snippet:-1","max-image-preview":"max-image-preview:large","max-video-preview":"max-video-preview:-1"},"canonical":"https:\/\/apeimeudon.fr\/Blog-APEI\/la-fete-des-citrouilles-une-belle-reussite\/","og_locale":"fr_FR","og_type":"article","og_title":"La F\u00eate des Citrouilles : une belle r\u00e9ussite ! - La Gazette des Foyers de l&#039;APEI de Meudon","og_description":"Vendredi 31 octobre, tous les foyers de l\u2019APEI de Meudon se sont r\u00e9unis \u00e0 l\u2019EAM La For\u00eat pour c\u00e9l\u00e9brer la F\u00eate des Citrouilles. Cette soir\u00e9e costum\u00e9e, plac\u00e9e sous le signe de la convivialit\u00e9, a rassembl\u00e9 r\u00e9sidents, accompagnants, familles, \u00e9ducateurs et amis autour d\u2019un grand buffet pr\u00e9par\u00e9 avec soin.","og_url":"https:\/\/apeimeudon.fr\/Blog-APEI\/la-fete-des-citrouilles-une-belle-reussite\/","og_site_name":"La Gazette des Foyers de l&#039;APEI de Meudon","article_published_time":"2025-11-14T10:13:37+00:00","article_modified_time":"2025-11-14T10:13:38+00:00","og_image":[{"width":400,"height":278,"url":"https:\/\/apeimeudon.fr\/Blog-APEI\/wp-content\/uploads\/2025\/11\/miniature_halloween.jpg","type":"image\/jpeg"}],"author":"Equipe r\u00e9dactionnelle de l'EAM","twitter_card":"summary_large_image","twitter_misc":{"\u00c9crit par":"Equipe r\u00e9dactionnelle de l'EAM","Dur\u00e9e de lecture estim\u00e9e":"1 minute"},"schema":{"@context":"https:\/\/schema.org","@graph":[{"@type":"Article","@id":"https:\/\/apeimeudon.fr\/Blog-APEI\/la-fete-des-citrouilles-une-belle-reussite\/#article","isPartOf":{"@id":"https:\/\/apeimeudon.fr\/Blog-APEI\/la-fete-des-citrouilles-une-belle-reussite\/"},"author":{"name":"Equipe r\u00e9dactionnelle de l'EAM","@id":"https:\/\/apeimeudon.fr\/Blog-APEI\/#\/schema\/person\/a15b457343f8d37c1aa7c552ad0b58d7"},"headline":"La F\u00eate des Citrouilles : une belle r\u00e9ussite !","datePublished":"2025-11-14T10:13:37+00:00","dateModified":"2025-11-14T10:13:38+00:00","mainEntityOfPage":{"@id":"https:\/\/apeimeudon.fr\/Blog-APEI\/la-fete-des-citrouilles-une-belle-reussite\/"},"wordCount":170,"commentCount":0,"publisher":{"@id":"https:\/\/apeimeudon.fr\/Blog-APEI\/#organization"},"image":{"@id":"https:\/\/apeimeudon.fr\/Blog-APEI\/la-fete-des-citrouilles-une-belle-reussite\/#primaryimage"},"thumbnailUrl":"https:\/\/apeimeudon.fr\/Blog-APEI\/wp-content\/uploads\/2025\/11\/miniature_halloween.jpg","articleSection":["Bords de Seine","EAM Meudon la For\u00eat","F\u00eate","Foyer des Lampes","Foyer Fleury","Foyer Hourdin"],"inLanguage":"fr-FR","potentialAction":[{"@type":"CommentAction","name":"Comment","target":["https:\/\/apeimeudon.fr\/Blog-APEI\/la-fete-des-citrouilles-une-belle-reussite\/#respond"]}]},{"@type":"WebPage","@id":"https:\/\/apeimeudon.fr\/Blog-APEI\/la-fete-des-citrouilles-une-belle-reussite\/","url":"https:\/\/apeimeudon.fr\/Blog-APEI\/la-fete-des-citrouilles-une-belle-reussite\/","name":"La F\u00eate des Citrouilles : une belle r\u00e9ussite ! - La Gazette des Foyers de l&#039;APEI de Meudon","isPartOf":{"@id":"https:\/\/apeimeudon.fr\/Blog-APEI\/#website"},"primaryImageOfPage":{"@id":"https:\/\/apeimeudon.fr\/Blog-APEI\/la-fete-des-citrouilles-une-belle-reussite\/#primaryimage"},"image":{"@id":"https:\/\/apeimeudon.fr\/Blog-APEI\/la-fete-des-citrouilles-une-belle-reussite\/#primaryimage"},"thumbnailUrl":"https:\/\/apeimeudon.fr\/Blog-APEI\/wp-content\/uploads\/2025\/11\/miniature_halloween.jpg","datePublished":"2025-11-14T10:13:37+00:00","dateModified":"2025-11-14T10:13:38+00:00","breadcrumb":{"@id":"https:\/\/apeimeudon.fr\/Blog-APEI\/la-fete-des-citrouilles-une-belle-reussite\/#breadcrumb"},"inLanguage":"fr-FR","potentialAction":[{"@type":"ReadAction","target":["https:\/\/apeimeudon.fr\/Blog-APEI\/la-fete-des-citrouilles-une-belle-reussite\/"]}]},{"@type":"ImageObject","inLanguage":"fr-FR","@id":"https:\/\/apeimeudon.fr\/Blog-APEI\/la-fete-des-citrouilles-une-belle-reussite\/#primaryimage","url":"https:\/\/apeimeudon.fr\/Blog-APEI\/wp-content\/uploads\/2025\/11\/miniature_halloween.jpg","contentUrl":"https:\/\/apeimeudon.fr\/Blog-APEI\/wp-content\/uploads\/2025\/11\/miniature_halloween.jpg","width":400,"height":278},{"@type":"BreadcrumbList","@id":"https:\/\/apeimeudon.fr\/Blog-APEI\/la-fete-des-citrouilles-une-belle-reussite\/#breadcrumb","itemListElement":[{"@type":"ListItem","position":1,"name":"Accueil","item":"https:\/\/apeimeudon.fr\/Blog-APEI\/"},{"@type":"ListItem","position":2,"name":"La F\u00eate des Citrouilles : une belle r\u00e9ussite !"}]},{"@type":"WebSite","@id":"https:\/\/apeimeudon.fr\/Blog-APEI\/#website","url":"https:\/\/apeimeudon.fr\/Blog-APEI\/","name":"La Gazette des Foyers de l&#039;APEI de Meudon","description":"Nos diff\u00e9rences loin de nous l\u00e9ser doivent nous enrichir -  Antoine de Saint-Exup\u00e9ry","publisher":{"@id":"https:\/\/apeimeudon.fr\/Blog-APEI\/#organization"},"potentialAction":[{"@type":"SearchAction","target":{"@type":"EntryPoint","urlTemplate":"https:\/\/apeimeudon.fr\/Blog-APEI\/?s={search_term_string}"},"query-input":{"@type":"PropertyValueSpecification","valueRequired":true,"valueName":"search_term_string"}}],"inLanguage":"fr-FR"},{"@type":"Organization","@id":"https:\/\/apeimeudon.fr\/Blog-APEI\/#organization","name":"APEI de Meudon","url":"https:\/\/apeimeudon.fr\/Blog-APEI\/","logo":{"@type":"ImageObject","inLanguage":"fr-FR","@id":"https:\/\/apeimeudon.fr\/Blog-APEI\/#\/schema\/logo\/image\/","url":"https:\/\/apeimeudon.fr\/Blog-APEI\/wp-content\/uploads\/2017\/10\/Icone-APEI.png","contentUrl":"https:\/\/apeimeudon.fr\/Blog-APEI\/wp-content\/uploads\/2017\/10\/Icone-APEI.png","width":128,"height":128,"caption":"APEI de Meudon"},"image":{"@id":"https:\/\/apeimeudon.fr\/Blog-APEI\/#\/schema\/logo\/image\/"}},{"@type":"Person","@id":"https:\/\/apeimeudon.fr\/Blog-APEI\/#\/schema\/person\/a15b457343f8d37c1aa7c552ad0b58d7","name":"Equipe r\u00e9dactionnelle de l'EAM","image":{"@type":"ImageObject","inLanguage":"fr-FR","@id":"https:\/\/secure.gravatar.com\/avatar\/6d4d63d9ff35694f3fb0a8e870df7631acf9597653445e607d41102b18f06f4c?s=96&d=mm&r=g","url":"https:\/\/secure.gravatar.com\/avatar\/6d4d63d9ff35694f3fb0a8e870df7631acf9597653445e607d41102b18f06f4c?s=96&d=mm&r=g","contentUrl":"https:\/\/secure.gravatar.com\/avatar\/6d4d63d9ff35694f3fb0a8e870df7631acf9597653445e607d41102b18f06f4c?s=96&d=mm&r=g","caption":"Equipe r\u00e9dactionnelle de l'EAM"},"url":"https:\/\/apeimeudon.fr\/Blog-APEI\/author\/eam\/"}]}},"_links":{"self":[{"href":"https:\/\/apeimeudon.fr\/Blog-APEI\/wp-json\/wp\/v2\/posts\/11885","targetHints":{"allow":["GET"]}}],"collection":[{"href":"https:\/\/apeimeudon.fr\/Blog-APEI\/wp-json\/wp\/v2\/posts"}],"about":[{"href":"https:\/\/apeimeudon.fr\/Blog-APEI\/wp-json\/wp\/v2\/types\/post"}],"author":[{"embeddable":true,"href":"https:\/\/apeimeudon.fr\/Blog-APEI\/wp-json\/wp\/v2\/users\/12"}],"replies":[{"embeddable":true,"href":"https:\/\/apeimeudon.fr\/Blog-APEI\/wp-json\/wp\/v2\/comments?post=11885"}],"version-history":[{"count":2,"href":"https:\/\/apeimeudon.fr\/Blog-APEI\/wp-json\/wp\/v2\/posts\/11885\/revisions"}],"predecessor-version":[{"id":11888,"href":"https:\/\/apeimeudon.fr\/Blog-APEI\/wp-json\/wp\/v2\/posts\/11885\/revisions\/11888"}],"wp:featuredmedia":[{"embeddable":true,"href":"https:\/\/apeimeudon.fr\/Blog-APEI\/wp-json\/wp\/v2\/media\/11884"}],"wp:attachment":[{"href":"https:\/\/apeimeudon.fr\/Blog-APEI\/wp-json\/wp\/v2\/media?parent=11885"}],"wp:term":[{"taxonomy":"category","embeddable":true,"href":"https:\/\/apeimeudon.fr\/Blog-APEI\/wp-json\/wp\/v2\/categories?post=11885"},{"taxonomy":"post_tag","embeddable":true,"href":"https:\/\/apeimeudon.fr\/Blog-APEI\/wp-json\/wp\/v2\/tags?post=11885"}],"curies":[{"name":"wp","href":"https:\/\/api.w.org\/{rel}","templated":true}]}}