{"id":11915,"date":"2025-11-15T11:04:40","date_gmt":"2025-11-15T10:04:40","guid":{"rendered":"https:\/\/apeimeudon.fr\/Blog-APEI\/?p=11915"},"modified":"2025-11-15T11:43:47","modified_gmt":"2025-11-15T10:43:47","slug":"fete-des-rencontres-2025","status":"publish","type":"post","link":"https:\/\/apeimeudon.fr\/Blog-APEI\/fete-des-rencontres-2025\/","title":{"rendered":"F\u00eate des rencontres 2025"},"content":{"rendered":"\n<p>On a ador\u00e9 la soir\u00e9e. On \u00e9tait contents de revoir M\u00e9lany qui a travaill\u00e9 aux Lampes et qui est maintenant \u00e9ducatrice au Foyer de Fleury, et d\u2019avoir fait connaissance avec les \u00e9ducateurs de l\u2019EAM qui sont tr\u00e8s sympathiques. Les tickets avec lesquels on pouvait manger et boire, c\u2019\u00e9tait bien. Les \u00e9quipes \u00e9ducatives qui ont fait le service ont assur\u00e9. &nbsp;On a beaucoup dans\u00e9, il y avait de bonnes musiques et Nathan, le r\u00e9sident de Fleury \u00e9tait DJ a assur\u00e9 aussi. Les fum\u00e9es, les couleurs, j\u2019ai ador\u00e9 l\u2019ambiance boite de nuit&nbsp;! On aimerait bien que \u00e7a recommence souvent les soir\u00e9es comme \u00e7a avec tous les Foyers.<\/p>\n\n\n\n<p class=\"has-text-align-right\">Anna, Caroline R, &nbsp;et Nathalie&nbsp;<\/p>\n\n\n\n<!--more-->\n\n\n\n<p>C\u2019\u00e9tait super bien. J\u2019ai retrouv\u00e9 Claude et Alexandra d\u2019Hourdin. On a bien mang\u00e9. C\u2019\u00e9tait bon. Il y avait une bonne ambiance. J\u2019ai aid\u00e9 \u00e0 pr\u00e9parer la salle l\u2019apr\u00e8s-midi. J\u2019avais pr\u00e9par\u00e9 les chips, les assiettes pour les pizzas. Pendant la soir\u00e9e, j\u2019ai retrouv\u00e9 un camarade de la poterie, j\u2019\u00e9tais surprise. J\u2019ai discut\u00e9 avec lui. Il nous invite \u00e0 une soir\u00e9e qu\u2019il organise \u00e0 Clamart le 22 novembre. J\u2019\u00e9tais contente de retrouver notre ancien \u00e9ducateur, Adrien qui travaille maintenant \u00e0 la R\u00e9sidence Hourdin.<\/p>\n\n\n\n<p class=\"has-text-align-right\">Caroline C&nbsp;<\/p>\n\n\n\n<p>L\u2019ambiance \u00e9tait bien, j\u2019\u00e9tais content de voir mes coll\u00e8gues de l\u2019ESAT d\u2019Alembert&nbsp;: Anto\u00eene, S\u00e9bastien qui sont aussi au Foyer de Fleury. C\u2019\u00e9tait sympa aussi de voir les r\u00e9sidents d\u2019Hourdin et leurs \u00e9ducateurs comme \u00e7a, le jour o\u00f9 j\u2019irais \u00e0 Hourdin, je les connaitrais d\u00e9j\u00e0&nbsp;\ud83d\ude0a<\/p>\n\n\n\n<p>J\u2019ai mang\u00e9 deux fois de la pizza au jambon, une glace \u00e0 la vanille. L\u2019apr\u00e8s-midi, j\u2019avais aid\u00e9 \u00e0 pr\u00e9parer la salle&nbsp;: install\u00e9 les tables, les chaises, pr\u00e9par\u00e9 l\u2019ap\u00e9ritif.<\/p>\n\n\n\n<p>J\u2019ai dans\u00e9 sur plusieurs chansons, j\u2019ai rigol\u00e9, avec Melvyn surtout. Il y avait des musiques que j\u2019aimais bien, comme \u00ab&nbsp;Clic clic pan pan pan&nbsp;\u00bb. A ce moment-l\u00e0, mon \u00e9ducatrice Marie m\u2019a dit \u00ab&nbsp;D\u00e9p\u00eache-toi de venir danser, c\u2019est ta musique&nbsp;!&nbsp;\u00bb.&nbsp; Alors, je suis venu&nbsp;! Il y a eu d\u2019autres musiques que j\u2019aimais moins, mais il en fallait pour tous les go\u00fbts.<\/p>\n\n\n\n<p class=\"has-text-align-right\">Corentin&nbsp;<\/p>\n\n\n\n<p class=\"has-text-align-center\"><strong><em>Nos reportages vid\u00e9o et photographique :<\/em><\/strong><\/p>\n\n\n\n<figure class=\"wp-block-video aligncenter\"><video controls src=\"http:\/\/apeimeudon.fr\/Blog-APEI\/wp-content\/uploads\/2025\/11\/Fete-des-rencontres-2025.mp4\"><\/video><\/figure>\n\n\n<p>\r\n\t\t\t\t\t\n\r\n\t\t\t\t\t<!-- START UNITE GALLERY 1.7.62 -->\r\n\t\t\t\t\t\r\n\t\t\t\t\n\t\t\t<div id='unitegallery_260_1' class='unite-gallery' style='margin:0px auto;'>\n\t\t\t\t\n\n\t\t\t\t\t\t<img alt=\"20251108_183731\"\n\t\t\t\t\t\t     src=\"\" data-image=\"https:\/\/apeimeudon.fr\/Blog-APEI\/wp-content\/uploads\/2025\/11\/20251108_183731-scaled.jpg\"\n\t\t\t\t\t\t     data-thumb=\"https:\/\/apeimeudon.fr\/Blog-APEI\/wp-content\/uploads\/2025\/11\/20251108_183731-300x225.jpg\"\n\t\t\t\t\t\t     title=\"\"\n\t\t\t\t\t\t     style=\"display:none\">\n\n\t\t\t\t\t\t<img alt=\"20251108_184054\"\n\t\t\t\t\t\t     src=\"\" data-image=\"https:\/\/apeimeudon.fr\/Blog-APEI\/wp-content\/uploads\/2025\/11\/20251108_184054-scaled.jpg\"\n\t\t\t\t\t\t     data-thumb=\"https:\/\/apeimeudon.fr\/Blog-APEI\/wp-content\/uploads\/2025\/11\/20251108_184054-225x300.jpg\"\n\t\t\t\t\t\t     title=\"\"\n\t\t\t\t\t\t     style=\"display:none\">\n\n\t\t\t\t\t\t<img alt=\"20251108_184119\"\n\t\t\t\t\t\t     src=\"\" data-image=\"https:\/\/apeimeudon.fr\/Blog-APEI\/wp-content\/uploads\/2025\/11\/20251108_184119-scaled.jpg\"\n\t\t\t\t\t\t     data-thumb=\"https:\/\/apeimeudon.fr\/Blog-APEI\/wp-content\/uploads\/2025\/11\/20251108_184119-225x300.jpg\"\n\t\t\t\t\t\t     title=\"\"\n\t\t\t\t\t\t     style=\"display:none\">\n\n\t\t\t\t\t\t<img alt=\"20251108_184134\"\n\t\t\t\t\t\t     src=\"\" data-image=\"https:\/\/apeimeudon.fr\/Blog-APEI\/wp-content\/uploads\/2025\/11\/20251108_184134-scaled.jpg\"\n\t\t\t\t\t\t     data-thumb=\"https:\/\/apeimeudon.fr\/Blog-APEI\/wp-content\/uploads\/2025\/11\/20251108_184134-225x300.jpg\"\n\t\t\t\t\t\t     title=\"\"\n\t\t\t\t\t\t     style=\"display:none\">\n\n\t\t\t\t\t\t<img alt=\"20251108_184146\"\n\t\t\t\t\t\t     src=\"\" data-image=\"https:\/\/apeimeudon.fr\/Blog-APEI\/wp-content\/uploads\/2025\/11\/20251108_184146-scaled.jpg\"\n\t\t\t\t\t\t     data-thumb=\"https:\/\/apeimeudon.fr\/Blog-APEI\/wp-content\/uploads\/2025\/11\/20251108_184146-225x300.jpg\"\n\t\t\t\t\t\t     title=\"\"\n\t\t\t\t\t\t     style=\"display:none\">\n\n\t\t\t\t\t\t<img alt=\"20251108_184212\"\n\t\t\t\t\t\t     src=\"\" data-image=\"https:\/\/apeimeudon.fr\/Blog-APEI\/wp-content\/uploads\/2025\/11\/20251108_184212-scaled.jpg\"\n\t\t\t\t\t\t     data-thumb=\"https:\/\/apeimeudon.fr\/Blog-APEI\/wp-content\/uploads\/2025\/11\/20251108_184212-225x300.jpg\"\n\t\t\t\t\t\t     title=\"\"\n\t\t\t\t\t\t     style=\"display:none\">\n\n\t\t\t\t\t\t<img alt=\"20251108_184236\"\n\t\t\t\t\t\t     src=\"\" data-image=\"https:\/\/apeimeudon.fr\/Blog-APEI\/wp-content\/uploads\/2025\/11\/20251108_184236-scaled.jpg\"\n\t\t\t\t\t\t     data-thumb=\"https:\/\/apeimeudon.fr\/Blog-APEI\/wp-content\/uploads\/2025\/11\/20251108_184236-300x225.jpg\"\n\t\t\t\t\t\t     title=\"\"\n\t\t\t\t\t\t     style=\"display:none\">\n\n\t\t\t\t\t\t<img alt=\"20251108_184445\"\n\t\t\t\t\t\t     src=\"\" data-image=\"https:\/\/apeimeudon.fr\/Blog-APEI\/wp-content\/uploads\/2025\/11\/20251108_184445-scaled.jpg\"\n\t\t\t\t\t\t     data-thumb=\"https:\/\/apeimeudon.fr\/Blog-APEI\/wp-content\/uploads\/2025\/11\/20251108_184445-225x300.jpg\"\n\t\t\t\t\t\t     title=\"\"\n\t\t\t\t\t\t     style=\"display:none\">\n\n\t\t\t\t\t\t<img alt=\"20251108_184516\"\n\t\t\t\t\t\t     src=\"\" data-image=\"https:\/\/apeimeudon.fr\/Blog-APEI\/wp-content\/uploads\/2025\/11\/20251108_184516-scaled.jpg\"\n\t\t\t\t\t\t     data-thumb=\"https:\/\/apeimeudon.fr\/Blog-APEI\/wp-content\/uploads\/2025\/11\/20251108_184516-225x300.jpg\"\n\t\t\t\t\t\t     title=\"\"\n\t\t\t\t\t\t     style=\"display:none\">\n\n\t\t\t\t\t\t<img alt=\"20251108_184602\"\n\t\t\t\t\t\t     src=\"\" data-image=\"https:\/\/apeimeudon.fr\/Blog-APEI\/wp-content\/uploads\/2025\/11\/20251108_184602-scaled.jpg\"\n\t\t\t\t\t\t     data-thumb=\"https:\/\/apeimeudon.fr\/Blog-APEI\/wp-content\/uploads\/2025\/11\/20251108_184602-225x300.jpg\"\n\t\t\t\t\t\t     title=\"\"\n\t\t\t\t\t\t     style=\"display:none\">\n\n\t\t\t\t\t\t<img alt=\"20251108_184712\"\n\t\t\t\t\t\t     src=\"\" data-image=\"https:\/\/apeimeudon.fr\/Blog-APEI\/wp-content\/uploads\/2025\/11\/20251108_184712-scaled.jpg\"\n\t\t\t\t\t\t     data-thumb=\"https:\/\/apeimeudon.fr\/Blog-APEI\/wp-content\/uploads\/2025\/11\/20251108_184712-225x300.jpg\"\n\t\t\t\t\t\t     title=\"\"\n\t\t\t\t\t\t     style=\"display:none\">\n\n\t\t\t\t\t\t<img alt=\"20251108_184741\"\n\t\t\t\t\t\t     src=\"\" data-image=\"https:\/\/apeimeudon.fr\/Blog-APEI\/wp-content\/uploads\/2025\/11\/20251108_184741-scaled.jpg\"\n\t\t\t\t\t\t     data-thumb=\"https:\/\/apeimeudon.fr\/Blog-APEI\/wp-content\/uploads\/2025\/11\/20251108_184741-225x300.jpg\"\n\t\t\t\t\t\t     title=\"\"\n\t\t\t\t\t\t     style=\"display:none\">\n\n\t\t\t\t\t\t<img alt=\"20251108_184751\"\n\t\t\t\t\t\t     src=\"\" data-image=\"https:\/\/apeimeudon.fr\/Blog-APEI\/wp-content\/uploads\/2025\/11\/20251108_184751-scaled.jpg\"\n\t\t\t\t\t\t     data-thumb=\"https:\/\/apeimeudon.fr\/Blog-APEI\/wp-content\/uploads\/2025\/11\/20251108_184751-225x300.jpg\"\n\t\t\t\t\t\t     title=\"\"\n\t\t\t\t\t\t     style=\"display:none\">\n\n\t\t\t\t\t\t<img alt=\"20251108_184842\"\n\t\t\t\t\t\t     src=\"\" data-image=\"https:\/\/apeimeudon.fr\/Blog-APEI\/wp-content\/uploads\/2025\/11\/20251108_184842-scaled.jpg\"\n\t\t\t\t\t\t     data-thumb=\"https:\/\/apeimeudon.fr\/Blog-APEI\/wp-content\/uploads\/2025\/11\/20251108_184842-300x225.jpg\"\n\t\t\t\t\t\t     title=\"\"\n\t\t\t\t\t\t     style=\"display:none\">\n\n\t\t\t\t\t\t<img alt=\"20251108_184939\"\n\t\t\t\t\t\t     src=\"\" data-image=\"https:\/\/apeimeudon.fr\/Blog-APEI\/wp-content\/uploads\/2025\/11\/20251108_184939-scaled.jpg\"\n\t\t\t\t\t\t     data-thumb=\"https:\/\/apeimeudon.fr\/Blog-APEI\/wp-content\/uploads\/2025\/11\/20251108_184939-225x300.jpg\"\n\t\t\t\t\t\t     title=\"\"\n\t\t\t\t\t\t     style=\"display:none\">\n\n\t\t\t\t\t\t<img alt=\"20251108_185523\"\n\t\t\t\t\t\t     src=\"\" data-image=\"https:\/\/apeimeudon.fr\/Blog-APEI\/wp-content\/uploads\/2025\/11\/20251108_185523-scaled.jpg\"\n\t\t\t\t\t\t     data-thumb=\"https:\/\/apeimeudon.fr\/Blog-APEI\/wp-content\/uploads\/2025\/11\/20251108_185523-225x300.jpg\"\n\t\t\t\t\t\t     title=\"\"\n\t\t\t\t\t\t     style=\"display:none\">\n\n\t\t\t\t\t\t<img alt=\"20251108_185553\"\n\t\t\t\t\t\t     src=\"\" data-image=\"https:\/\/apeimeudon.fr\/Blog-APEI\/wp-content\/uploads\/2025\/11\/20251108_185553-scaled.jpg\"\n\t\t\t\t\t\t     data-thumb=\"https:\/\/apeimeudon.fr\/Blog-APEI\/wp-content\/uploads\/2025\/11\/20251108_185553-225x300.jpg\"\n\t\t\t\t\t\t     title=\"\"\n\t\t\t\t\t\t     style=\"display:none\">\n\n\t\t\t\t\t\t<img alt=\"20251108_185722\"\n\t\t\t\t\t\t     src=\"\" data-image=\"https:\/\/apeimeudon.fr\/Blog-APEI\/wp-content\/uploads\/2025\/11\/20251108_185722-scaled.jpg\"\n\t\t\t\t\t\t     data-thumb=\"https:\/\/apeimeudon.fr\/Blog-APEI\/wp-content\/uploads\/2025\/11\/20251108_185722-225x300.jpg\"\n\t\t\t\t\t\t     title=\"\"\n\t\t\t\t\t\t     style=\"display:none\">\n\n\t\t\t\t\t\t<img alt=\"20251108_192149\"\n\t\t\t\t\t\t     src=\"\" data-image=\"https:\/\/apeimeudon.fr\/Blog-APEI\/wp-content\/uploads\/2025\/11\/20251108_192149-scaled.jpg\"\n\t\t\t\t\t\t     data-thumb=\"https:\/\/apeimeudon.fr\/Blog-APEI\/wp-content\/uploads\/2025\/11\/20251108_192149-300x225.jpg\"\n\t\t\t\t\t\t     title=\"\"\n\t\t\t\t\t\t     style=\"display:none\">\n\n\t\t\t\t\t\t<img alt=\"20251108_212220\"\n\t\t\t\t\t\t     src=\"\" data-image=\"https:\/\/apeimeudon.fr\/Blog-APEI\/wp-content\/uploads\/2025\/11\/20251108_212220-scaled.jpg\"\n\t\t\t\t\t\t     data-thumb=\"https:\/\/apeimeudon.fr\/Blog-APEI\/wp-content\/uploads\/2025\/11\/20251108_212220-225x300.jpg\"\n\t\t\t\t\t\t     title=\"\"\n\t\t\t\t\t\t     style=\"display:none\">\n\t\t\t<\/div>\n\n\t\t\t<script type='text\/javascript'>\n\t\t\t\twindow.onload = function(e) {\n\t\t\t\t\tif(typeof ugCheckForErrors == \"undefined\"){\n\t\t\t\t\t\tdocument.getElementById(\"unitegallery_260_1\").innerHTML = \"<span style='color:red'>Unite Gallery Error - gallery js and css files not included in the footer. Please make sure that wp_footer() function is added to your theme.<\/span>\";}\n\t\t\t\t\telse{ ugCheckForErrors(\"unitegallery_260_1\", \"jquery\");}\n\t\t\t\t};\n\t\t\t<\/script>\n\n\t\t\t<!-- END UNITEGALLERY --><\/p>\n\n\n\n<p class=\"has-text-align-center\"><\/p>\n\n\n\n<p class=\"has-text-align-center\"><\/p>\n\n\n\n<p><\/p>\n","protected":false},"excerpt":{"rendered":"<p>On a ador\u00e9 la soir\u00e9e. On \u00e9tait contents de revoir M\u00e9lany qui a travaill\u00e9 aux Lampes et qui est maintenant \u00e9ducatrice au Foyer de Fleury, et d\u2019avoir fait connaissance avec les \u00e9ducateurs de l\u2019EAM qui sont tr\u00e8s sympathiques. Les tickets avec lesquels on pouvait manger et boire, c\u2019\u00e9tait bien. Les \u00e9quipes \u00e9ducatives qui ont fait [&hellip;]<\/p>\n","protected":false},"author":3,"featured_media":11918,"comment_status":"open","ping_status":"open","sticky":false,"template":"","format":"standard","meta":{"_acf_changed":false,"_monsterinsights_skip_tracking":false,"_monsterinsights_sitenote_active":false,"_monsterinsights_sitenote_note":"","_monsterinsights_sitenote_category":0,"ngg_post_thumbnail":0,"footnotes":""},"categories":[52,34],"tags":[],"class_list":["post-11915","post","type-post","status-publish","format-standard","has-post-thumbnail","hentry","category-fete","category-foyer-des-lampes"],"acf":[],"yoast_head":"<!-- This site is optimized with the Yoast SEO plugin v27.3 - https:\/\/yoast.com\/product\/yoast-seo-wordpress\/ -->\n<title>F\u00eate des rencontres 2025 - La Gazette des Foyers de l&#039;APEI de Meudon<\/title>\n<meta name=\"robots\" content=\"index, follow, max-snippet:-1, max-image-preview:large, max-video-preview:-1\" \/>\n<link rel=\"canonical\" href=\"https:\/\/apeimeudon.fr\/Blog-APEI\/fete-des-rencontres-2025\/\" \/>\n<meta property=\"og:locale\" content=\"fr_FR\" \/>\n<meta property=\"og:type\" content=\"article\" \/>\n<meta property=\"og:title\" content=\"F\u00eate des rencontres 2025 - La Gazette des Foyers de l&#039;APEI de Meudon\" \/>\n<meta property=\"og:description\" content=\"On a ador\u00e9 la soir\u00e9e. On \u00e9tait contents de revoir M\u00e9lany qui a travaill\u00e9 aux Lampes et qui est maintenant \u00e9ducatrice au Foyer de Fleury, et d\u2019avoir fait connaissance avec les \u00e9ducateurs de l\u2019EAM qui sont tr\u00e8s sympathiques. Les tickets avec lesquels on pouvait manger et boire, c\u2019\u00e9tait bien. Les \u00e9quipes \u00e9ducatives qui ont fait [&hellip;]\" \/>\n<meta property=\"og:url\" content=\"https:\/\/apeimeudon.fr\/Blog-APEI\/fete-des-rencontres-2025\/\" \/>\n<meta property=\"og:site_name\" content=\"La Gazette des Foyers de l&#039;APEI de Meudon\" \/>\n<meta property=\"article:published_time\" content=\"2025-11-15T10:04:40+00:00\" \/>\n<meta property=\"article:modified_time\" content=\"2025-11-15T10:43:47+00:00\" \/>\n<meta property=\"og:image\" content=\"https:\/\/apeimeudon.fr\/Blog-APEI\/wp-content\/uploads\/2025\/11\/Miniature-Fete-des-rencontres-2025.png\" \/>\n\t<meta property=\"og:image:width\" content=\"300\" \/>\n\t<meta property=\"og:image:height\" content=\"252\" \/>\n\t<meta property=\"og:image:type\" content=\"image\/png\" \/>\n<meta name=\"author\" content=\"Equipe r\u00e9dactionnelle Foyer des Lampes\" \/>\n<meta name=\"twitter:card\" content=\"summary_large_image\" \/>\n<meta name=\"twitter:label1\" content=\"\u00c9crit par\" \/>\n\t<meta name=\"twitter:data1\" content=\"Equipe r\u00e9dactionnelle Foyer des Lampes\" \/>\n\t<meta name=\"twitter:label2\" content=\"Dur\u00e9e de lecture estim\u00e9e\" \/>\n\t<meta name=\"twitter:data2\" content=\"2 minutes\" \/>\n<script type=\"application\/ld+json\" class=\"yoast-schema-graph\">{\"@context\":\"https:\\\/\\\/schema.org\",\"@graph\":[{\"@type\":\"Article\",\"@id\":\"https:\\\/\\\/apeimeudon.fr\\\/Blog-APEI\\\/fete-des-rencontres-2025\\\/#article\",\"isPartOf\":{\"@id\":\"https:\\\/\\\/apeimeudon.fr\\\/Blog-APEI\\\/fete-des-rencontres-2025\\\/\"},\"author\":{\"name\":\"Equipe r\u00e9dactionnelle Foyer des Lampes\",\"@id\":\"https:\\\/\\\/apeimeudon.fr\\\/Blog-APEI\\\/#\\\/schema\\\/person\\\/536e2dc69b6d8456308013bd9a7b762b\"},\"headline\":\"F\u00eate des rencontres 2025\",\"datePublished\":\"2025-11-15T10:04:40+00:00\",\"dateModified\":\"2025-11-15T10:43:47+00:00\",\"mainEntityOfPage\":{\"@id\":\"https:\\\/\\\/apeimeudon.fr\\\/Blog-APEI\\\/fete-des-rencontres-2025\\\/\"},\"wordCount\":405,\"commentCount\":0,\"publisher\":{\"@id\":\"https:\\\/\\\/apeimeudon.fr\\\/Blog-APEI\\\/#organization\"},\"image\":{\"@id\":\"https:\\\/\\\/apeimeudon.fr\\\/Blog-APEI\\\/fete-des-rencontres-2025\\\/#primaryimage\"},\"thumbnailUrl\":\"https:\\\/\\\/apeimeudon.fr\\\/Blog-APEI\\\/wp-content\\\/uploads\\\/2025\\\/11\\\/Miniature-Fete-des-rencontres-2025.png\",\"articleSection\":[\"F\u00eate\",\"Foyer des Lampes\"],\"inLanguage\":\"fr-FR\",\"potentialAction\":[{\"@type\":\"CommentAction\",\"name\":\"Comment\",\"target\":[\"https:\\\/\\\/apeimeudon.fr\\\/Blog-APEI\\\/fete-des-rencontres-2025\\\/#respond\"]}]},{\"@type\":\"WebPage\",\"@id\":\"https:\\\/\\\/apeimeudon.fr\\\/Blog-APEI\\\/fete-des-rencontres-2025\\\/\",\"url\":\"https:\\\/\\\/apeimeudon.fr\\\/Blog-APEI\\\/fete-des-rencontres-2025\\\/\",\"name\":\"F\u00eate des rencontres 2025 - La Gazette des Foyers de l&#039;APEI de Meudon\",\"isPartOf\":{\"@id\":\"https:\\\/\\\/apeimeudon.fr\\\/Blog-APEI\\\/#website\"},\"primaryImageOfPage\":{\"@id\":\"https:\\\/\\\/apeimeudon.fr\\\/Blog-APEI\\\/fete-des-rencontres-2025\\\/#primaryimage\"},\"image\":{\"@id\":\"https:\\\/\\\/apeimeudon.fr\\\/Blog-APEI\\\/fete-des-rencontres-2025\\\/#primaryimage\"},\"thumbnailUrl\":\"https:\\\/\\\/apeimeudon.fr\\\/Blog-APEI\\\/wp-content\\\/uploads\\\/2025\\\/11\\\/Miniature-Fete-des-rencontres-2025.png\",\"datePublished\":\"2025-11-15T10:04:40+00:00\",\"dateModified\":\"2025-11-15T10:43:47+00:00\",\"breadcrumb\":{\"@id\":\"https:\\\/\\\/apeimeudon.fr\\\/Blog-APEI\\\/fete-des-rencontres-2025\\\/#breadcrumb\"},\"inLanguage\":\"fr-FR\",\"potentialAction\":[{\"@type\":\"ReadAction\",\"target\":[\"https:\\\/\\\/apeimeudon.fr\\\/Blog-APEI\\\/fete-des-rencontres-2025\\\/\"]}]},{\"@type\":\"ImageObject\",\"inLanguage\":\"fr-FR\",\"@id\":\"https:\\\/\\\/apeimeudon.fr\\\/Blog-APEI\\\/fete-des-rencontres-2025\\\/#primaryimage\",\"url\":\"https:\\\/\\\/apeimeudon.fr\\\/Blog-APEI\\\/wp-content\\\/uploads\\\/2025\\\/11\\\/Miniature-Fete-des-rencontres-2025.png\",\"contentUrl\":\"https:\\\/\\\/apeimeudon.fr\\\/Blog-APEI\\\/wp-content\\\/uploads\\\/2025\\\/11\\\/Miniature-Fete-des-rencontres-2025.png\",\"width\":300,\"height\":252},{\"@type\":\"BreadcrumbList\",\"@id\":\"https:\\\/\\\/apeimeudon.fr\\\/Blog-APEI\\\/fete-des-rencontres-2025\\\/#breadcrumb\",\"itemListElement\":[{\"@type\":\"ListItem\",\"position\":1,\"name\":\"Accueil\",\"item\":\"https:\\\/\\\/apeimeudon.fr\\\/Blog-APEI\\\/\"},{\"@type\":\"ListItem\",\"position\":2,\"name\":\"F\u00eate des rencontres 2025\"}]},{\"@type\":\"WebSite\",\"@id\":\"https:\\\/\\\/apeimeudon.fr\\\/Blog-APEI\\\/#website\",\"url\":\"https:\\\/\\\/apeimeudon.fr\\\/Blog-APEI\\\/\",\"name\":\"La Gazette des Foyers de l&#039;APEI de Meudon\",\"description\":\"Nos diff\u00e9rences loin de nous l\u00e9ser doivent nous enrichir -  Antoine de Saint-Exup\u00e9ry\",\"publisher\":{\"@id\":\"https:\\\/\\\/apeimeudon.fr\\\/Blog-APEI\\\/#organization\"},\"potentialAction\":[{\"@type\":\"SearchAction\",\"target\":{\"@type\":\"EntryPoint\",\"urlTemplate\":\"https:\\\/\\\/apeimeudon.fr\\\/Blog-APEI\\\/?s={search_term_string}\"},\"query-input\":{\"@type\":\"PropertyValueSpecification\",\"valueRequired\":true,\"valueName\":\"search_term_string\"}}],\"inLanguage\":\"fr-FR\"},{\"@type\":\"Organization\",\"@id\":\"https:\\\/\\\/apeimeudon.fr\\\/Blog-APEI\\\/#organization\",\"name\":\"APEI de Meudon\",\"url\":\"https:\\\/\\\/apeimeudon.fr\\\/Blog-APEI\\\/\",\"logo\":{\"@type\":\"ImageObject\",\"inLanguage\":\"fr-FR\",\"@id\":\"https:\\\/\\\/apeimeudon.fr\\\/Blog-APEI\\\/#\\\/schema\\\/logo\\\/image\\\/\",\"url\":\"https:\\\/\\\/apeimeudon.fr\\\/Blog-APEI\\\/wp-content\\\/uploads\\\/2017\\\/10\\\/Icone-APEI.png\",\"contentUrl\":\"https:\\\/\\\/apeimeudon.fr\\\/Blog-APEI\\\/wp-content\\\/uploads\\\/2017\\\/10\\\/Icone-APEI.png\",\"width\":128,\"height\":128,\"caption\":\"APEI de Meudon\"},\"image\":{\"@id\":\"https:\\\/\\\/apeimeudon.fr\\\/Blog-APEI\\\/#\\\/schema\\\/logo\\\/image\\\/\"}},{\"@type\":\"Person\",\"@id\":\"https:\\\/\\\/apeimeudon.fr\\\/Blog-APEI\\\/#\\\/schema\\\/person\\\/536e2dc69b6d8456308013bd9a7b762b\",\"name\":\"Equipe r\u00e9dactionnelle Foyer des Lampes\",\"image\":{\"@type\":\"ImageObject\",\"inLanguage\":\"fr-FR\",\"@id\":\"https:\\\/\\\/secure.gravatar.com\\\/avatar\\\/c64021a86f77cc135da78b91677b4c8cb3c2882fad89dba6a7a7defab5e64683?s=96&d=mm&r=g\",\"url\":\"https:\\\/\\\/secure.gravatar.com\\\/avatar\\\/c64021a86f77cc135da78b91677b4c8cb3c2882fad89dba6a7a7defab5e64683?s=96&d=mm&r=g\",\"contentUrl\":\"https:\\\/\\\/secure.gravatar.com\\\/avatar\\\/c64021a86f77cc135da78b91677b4c8cb3c2882fad89dba6a7a7defab5e64683?s=96&d=mm&r=g\",\"caption\":\"Equipe r\u00e9dactionnelle Foyer des Lampes\"},\"url\":\"https:\\\/\\\/apeimeudon.fr\\\/Blog-APEI\\\/author\\\/lampes\\\/\"}]}<\/script>\n<!-- \/ Yoast SEO plugin. -->","yoast_head_json":{"title":"F\u00eate des rencontres 2025 - La Gazette des Foyers de l&#039;APEI de Meudon","robots":{"index":"index","follow":"follow","max-snippet":"max-snippet:-1","max-image-preview":"max-image-preview:large","max-video-preview":"max-video-preview:-1"},"canonical":"https:\/\/apeimeudon.fr\/Blog-APEI\/fete-des-rencontres-2025\/","og_locale":"fr_FR","og_type":"article","og_title":"F\u00eate des rencontres 2025 - La Gazette des Foyers de l&#039;APEI de Meudon","og_description":"On a ador\u00e9 la soir\u00e9e. On \u00e9tait contents de revoir M\u00e9lany qui a travaill\u00e9 aux Lampes et qui est maintenant \u00e9ducatrice au Foyer de Fleury, et d\u2019avoir fait connaissance avec les \u00e9ducateurs de l\u2019EAM qui sont tr\u00e8s sympathiques. Les tickets avec lesquels on pouvait manger et boire, c\u2019\u00e9tait bien. Les \u00e9quipes \u00e9ducatives qui ont fait [&hellip;]","og_url":"https:\/\/apeimeudon.fr\/Blog-APEI\/fete-des-rencontres-2025\/","og_site_name":"La Gazette des Foyers de l&#039;APEI de Meudon","article_published_time":"2025-11-15T10:04:40+00:00","article_modified_time":"2025-11-15T10:43:47+00:00","og_image":[{"width":300,"height":252,"url":"https:\/\/apeimeudon.fr\/Blog-APEI\/wp-content\/uploads\/2025\/11\/Miniature-Fete-des-rencontres-2025.png","type":"image\/png"}],"author":"Equipe r\u00e9dactionnelle Foyer des Lampes","twitter_card":"summary_large_image","twitter_misc":{"\u00c9crit par":"Equipe r\u00e9dactionnelle Foyer des Lampes","Dur\u00e9e de lecture estim\u00e9e":"2 minutes"},"schema":{"@context":"https:\/\/schema.org","@graph":[{"@type":"Article","@id":"https:\/\/apeimeudon.fr\/Blog-APEI\/fete-des-rencontres-2025\/#article","isPartOf":{"@id":"https:\/\/apeimeudon.fr\/Blog-APEI\/fete-des-rencontres-2025\/"},"author":{"name":"Equipe r\u00e9dactionnelle Foyer des Lampes","@id":"https:\/\/apeimeudon.fr\/Blog-APEI\/#\/schema\/person\/536e2dc69b6d8456308013bd9a7b762b"},"headline":"F\u00eate des rencontres 2025","datePublished":"2025-11-15T10:04:40+00:00","dateModified":"2025-11-15T10:43:47+00:00","mainEntityOfPage":{"@id":"https:\/\/apeimeudon.fr\/Blog-APEI\/fete-des-rencontres-2025\/"},"wordCount":405,"commentCount":0,"publisher":{"@id":"https:\/\/apeimeudon.fr\/Blog-APEI\/#organization"},"image":{"@id":"https:\/\/apeimeudon.fr\/Blog-APEI\/fete-des-rencontres-2025\/#primaryimage"},"thumbnailUrl":"https:\/\/apeimeudon.fr\/Blog-APEI\/wp-content\/uploads\/2025\/11\/Miniature-Fete-des-rencontres-2025.png","articleSection":["F\u00eate","Foyer des Lampes"],"inLanguage":"fr-FR","potentialAction":[{"@type":"CommentAction","name":"Comment","target":["https:\/\/apeimeudon.fr\/Blog-APEI\/fete-des-rencontres-2025\/#respond"]}]},{"@type":"WebPage","@id":"https:\/\/apeimeudon.fr\/Blog-APEI\/fete-des-rencontres-2025\/","url":"https:\/\/apeimeudon.fr\/Blog-APEI\/fete-des-rencontres-2025\/","name":"F\u00eate des rencontres 2025 - La Gazette des Foyers de l&#039;APEI de Meudon","isPartOf":{"@id":"https:\/\/apeimeudon.fr\/Blog-APEI\/#website"},"primaryImageOfPage":{"@id":"https:\/\/apeimeudon.fr\/Blog-APEI\/fete-des-rencontres-2025\/#primaryimage"},"image":{"@id":"https:\/\/apeimeudon.fr\/Blog-APEI\/fete-des-rencontres-2025\/#primaryimage"},"thumbnailUrl":"https:\/\/apeimeudon.fr\/Blog-APEI\/wp-content\/uploads\/2025\/11\/Miniature-Fete-des-rencontres-2025.png","datePublished":"2025-11-15T10:04:40+00:00","dateModified":"2025-11-15T10:43:47+00:00","breadcrumb":{"@id":"https:\/\/apeimeudon.fr\/Blog-APEI\/fete-des-rencontres-2025\/#breadcrumb"},"inLanguage":"fr-FR","potentialAction":[{"@type":"ReadAction","target":["https:\/\/apeimeudon.fr\/Blog-APEI\/fete-des-rencontres-2025\/"]}]},{"@type":"ImageObject","inLanguage":"fr-FR","@id":"https:\/\/apeimeudon.fr\/Blog-APEI\/fete-des-rencontres-2025\/#primaryimage","url":"https:\/\/apeimeudon.fr\/Blog-APEI\/wp-content\/uploads\/2025\/11\/Miniature-Fete-des-rencontres-2025.png","contentUrl":"https:\/\/apeimeudon.fr\/Blog-APEI\/wp-content\/uploads\/2025\/11\/Miniature-Fete-des-rencontres-2025.png","width":300,"height":252},{"@type":"BreadcrumbList","@id":"https:\/\/apeimeudon.fr\/Blog-APEI\/fete-des-rencontres-2025\/#breadcrumb","itemListElement":[{"@type":"ListItem","position":1,"name":"Accueil","item":"https:\/\/apeimeudon.fr\/Blog-APEI\/"},{"@type":"ListItem","position":2,"name":"F\u00eate des rencontres 2025"}]},{"@type":"WebSite","@id":"https:\/\/apeimeudon.fr\/Blog-APEI\/#website","url":"https:\/\/apeimeudon.fr\/Blog-APEI\/","name":"La Gazette des Foyers de l&#039;APEI de Meudon","description":"Nos diff\u00e9rences loin de nous l\u00e9ser doivent nous enrichir -  Antoine de Saint-Exup\u00e9ry","publisher":{"@id":"https:\/\/apeimeudon.fr\/Blog-APEI\/#organization"},"potentialAction":[{"@type":"SearchAction","target":{"@type":"EntryPoint","urlTemplate":"https:\/\/apeimeudon.fr\/Blog-APEI\/?s={search_term_string}"},"query-input":{"@type":"PropertyValueSpecification","valueRequired":true,"valueName":"search_term_string"}}],"inLanguage":"fr-FR"},{"@type":"Organization","@id":"https:\/\/apeimeudon.fr\/Blog-APEI\/#organization","name":"APEI de Meudon","url":"https:\/\/apeimeudon.fr\/Blog-APEI\/","logo":{"@type":"ImageObject","inLanguage":"fr-FR","@id":"https:\/\/apeimeudon.fr\/Blog-APEI\/#\/schema\/logo\/image\/","url":"https:\/\/apeimeudon.fr\/Blog-APEI\/wp-content\/uploads\/2017\/10\/Icone-APEI.png","contentUrl":"https:\/\/apeimeudon.fr\/Blog-APEI\/wp-content\/uploads\/2017\/10\/Icone-APEI.png","width":128,"height":128,"caption":"APEI de Meudon"},"image":{"@id":"https:\/\/apeimeudon.fr\/Blog-APEI\/#\/schema\/logo\/image\/"}},{"@type":"Person","@id":"https:\/\/apeimeudon.fr\/Blog-APEI\/#\/schema\/person\/536e2dc69b6d8456308013bd9a7b762b","name":"Equipe r\u00e9dactionnelle Foyer des Lampes","image":{"@type":"ImageObject","inLanguage":"fr-FR","@id":"https:\/\/secure.gravatar.com\/avatar\/c64021a86f77cc135da78b91677b4c8cb3c2882fad89dba6a7a7defab5e64683?s=96&d=mm&r=g","url":"https:\/\/secure.gravatar.com\/avatar\/c64021a86f77cc135da78b91677b4c8cb3c2882fad89dba6a7a7defab5e64683?s=96&d=mm&r=g","contentUrl":"https:\/\/secure.gravatar.com\/avatar\/c64021a86f77cc135da78b91677b4c8cb3c2882fad89dba6a7a7defab5e64683?s=96&d=mm&r=g","caption":"Equipe r\u00e9dactionnelle Foyer des Lampes"},"url":"https:\/\/apeimeudon.fr\/Blog-APEI\/author\/lampes\/"}]}},"_links":{"self":[{"href":"https:\/\/apeimeudon.fr\/Blog-APEI\/wp-json\/wp\/v2\/posts\/11915","targetHints":{"allow":["GET"]}}],"collection":[{"href":"https:\/\/apeimeudon.fr\/Blog-APEI\/wp-json\/wp\/v2\/posts"}],"about":[{"href":"https:\/\/apeimeudon.fr\/Blog-APEI\/wp-json\/wp\/v2\/types\/post"}],"author":[{"embeddable":true,"href":"https:\/\/apeimeudon.fr\/Blog-APEI\/wp-json\/wp\/v2\/users\/3"}],"replies":[{"embeddable":true,"href":"https:\/\/apeimeudon.fr\/Blog-APEI\/wp-json\/wp\/v2\/comments?post=11915"}],"version-history":[{"count":7,"href":"https:\/\/apeimeudon.fr\/Blog-APEI\/wp-json\/wp\/v2\/posts\/11915\/revisions"}],"predecessor-version":[{"id":11927,"href":"https:\/\/apeimeudon.fr\/Blog-APEI\/wp-json\/wp\/v2\/posts\/11915\/revisions\/11927"}],"wp:featuredmedia":[{"embeddable":true,"href":"https:\/\/apeimeudon.fr\/Blog-APEI\/wp-json\/wp\/v2\/media\/11918"}],"wp:attachment":[{"href":"https:\/\/apeimeudon.fr\/Blog-APEI\/wp-json\/wp\/v2\/media?parent=11915"}],"wp:term":[{"taxonomy":"category","embeddable":true,"href":"https:\/\/apeimeudon.fr\/Blog-APEI\/wp-json\/wp\/v2\/categories?post=11915"},{"taxonomy":"post_tag","embeddable":true,"href":"https:\/\/apeimeudon.fr\/Blog-APEI\/wp-json\/wp\/v2\/tags?post=11915"}],"curies":[{"name":"wp","href":"https:\/\/api.w.org\/{rel}","templated":true}]}}