{"id":12684,"date":"2026-04-02T21:34:30","date_gmt":"2026-04-02T19:34:30","guid":{"rendered":"https:\/\/apeimeudon.fr\/Blog-APEI\/?p=12684"},"modified":"2026-04-02T21:34:32","modified_gmt":"2026-04-02T19:34:32","slug":"compte-rendu-de-la-reunion-de-parents-du-19-mars-2026","status":"publish","type":"post","link":"https:\/\/apeimeudon.fr\/Blog-APEI\/compte-rendu-de-la-reunion-de-parents-du-19-mars-2026\/","title":{"rendered":"Compte rendu de la r\u00e9union de parents du 19 mars 2026"},"content":{"rendered":"\n<p>Chers parents,<\/p>\n\n\n\n<p>Comme nous vous l&rsquo;avions annonc\u00e9, la derni\u00e8re r\u00e9union de parents a eu lieu le 19 mars 2026 au foyer des Bords de Seine : vous en trouverez ci-joint le compte-rendu.<\/p>\n\n\n\n<!--more-->\n\n\n\n<p>Veuillez noter que la prochaine r\u00e9union aura lieu le mercredi 28 mai 2026 \u00e0 18h30 au foyer des Bords de Seine : venez apporter vos interrogations et \u00e9changer avec d&rsquo;autres parents.<\/p>\n\n\n\n<p>Pour la bonne pr\u00e9paration de cette r\u00e9union, il est important que vous m&rsquo;indiquiez si vous serez ou non pr\u00e9sents en m&rsquo;envoyant un <a href=\"https:\/\/apeimeudon.fr\/Site-APEI\/inscription-a-la-reunion-de-parents\/\" target=\"_blank\" rel=\"noreferrer noopener\">mail de confirmation<\/a>.<\/p>\n\n\n\n<p>Un grand merci \u00e0 Fran\u00e7ois BRILLOUET, qui organise ces r\u00e9unions.<\/p>\n\n\n\n<p class=\"has-text-align-center\">Daniel Boeuf &#8211; Charg\u00e9 des Relations avec les Familles<\/p>\n\n\n\n<p class=\"has-text-align-center\"><strong><em>Ci-dessous le compte rendu de notre derni\u00e8re r\u00e9union :<\/em><\/strong><\/p>\n\n\n<div class=\"wp-block-image\">\n<figure class=\"aligncenter size-full is-resized\"><a href=\"http:\/\/apeimeudon.fr\/Blog-APEI\/wp-content\/uploads\/2026\/04\/cr-reunion-de-parents-du-190326-bis_260402_170024.pdf\" target=\"_blank\" rel=\" noreferrer noopener\"><img loading=\"lazy\" decoding=\"async\" width=\"300\" height=\"300\" src=\"http:\/\/apeimeudon.fr\/Blog-APEI\/wp-content\/uploads\/2024\/10\/adobe-pdf-logo-300x300-1.png\" alt=\"\" class=\"wp-image-8296\" style=\"width:122px;height:auto\" srcset=\"https:\/\/apeimeudon.fr\/Blog-APEI\/wp-content\/uploads\/2024\/10\/adobe-pdf-logo-300x300-1.png 300w, https:\/\/apeimeudon.fr\/Blog-APEI\/wp-content\/uploads\/2024\/10\/adobe-pdf-logo-300x300-1-150x150.png 150w\" sizes=\"auto, (max-width: 300px) 100vw, 300px\" \/><\/a><\/figure>\n<\/div>\n\n\n<p><\/p>\n","protected":false},"excerpt":{"rendered":"<p>Chers parents, Comme nous vous l&rsquo;avions annonc\u00e9, la derni\u00e8re r\u00e9union de parents a eu lieu le 19 mars 2026 au foyer des Bords de Seine : vous en trouverez ci-joint le compte-rendu.<\/p>\n","protected":false},"author":1,"featured_media":12686,"comment_status":"open","ping_status":"open","sticky":false,"template":"","format":"standard","meta":{"_acf_changed":false,"_monsterinsights_skip_tracking":false,"_monsterinsights_sitenote_active":false,"_monsterinsights_sitenote_note":"","_monsterinsights_sitenote_category":0,"ngg_post_thumbnail":0,"footnotes":""},"categories":[1],"tags":[],"class_list":["post-12684","post","type-post","status-publish","format-standard","has-post-thumbnail","hentry","category-non-classe"],"acf":[],"yoast_head":"<!-- This site is optimized with the Yoast SEO plugin v27.3 - https:\/\/yoast.com\/product\/yoast-seo-wordpress\/ -->\n<title>Compte rendu de la r\u00e9union de parents du 19 mars 2026 - La Gazette des Foyers de l&#039;APEI de Meudon<\/title>\n<meta name=\"robots\" content=\"index, follow, max-snippet:-1, max-image-preview:large, max-video-preview:-1\" \/>\n<link rel=\"canonical\" href=\"https:\/\/apeimeudon.fr\/Blog-APEI\/compte-rendu-de-la-reunion-de-parents-du-19-mars-2026\/\" \/>\n<meta property=\"og:locale\" content=\"fr_FR\" \/>\n<meta property=\"og:type\" content=\"article\" \/>\n<meta property=\"og:title\" content=\"Compte rendu de la r\u00e9union de parents du 19 mars 2026 - La Gazette des Foyers de l&#039;APEI de Meudon\" \/>\n<meta property=\"og:description\" content=\"Chers parents, Comme nous vous l&rsquo;avions annonc\u00e9, la derni\u00e8re r\u00e9union de parents a eu lieu le 19 mars 2026 au foyer des Bords de Seine : vous en trouverez ci-joint le compte-rendu.\" \/>\n<meta property=\"og:url\" content=\"https:\/\/apeimeudon.fr\/Blog-APEI\/compte-rendu-de-la-reunion-de-parents-du-19-mars-2026\/\" \/>\n<meta property=\"og:site_name\" content=\"La Gazette des Foyers de l&#039;APEI de Meudon\" \/>\n<meta property=\"article:published_time\" content=\"2026-04-02T19:34:30+00:00\" \/>\n<meta property=\"article:modified_time\" content=\"2026-04-02T19:34:32+00:00\" \/>\n<meta property=\"og:image\" content=\"https:\/\/apeimeudon.fr\/Blog-APEI\/wp-content\/uploads\/2026\/04\/Miniature-reunion-parents.jpg\" \/>\n\t<meta property=\"og:image:width\" content=\"400\" \/>\n\t<meta property=\"og:image:height\" content=\"225\" \/>\n\t<meta property=\"og:image:type\" content=\"image\/jpeg\" \/>\n<meta name=\"author\" content=\"admin\" \/>\n<meta name=\"twitter:card\" content=\"summary_large_image\" \/>\n<meta name=\"twitter:label1\" content=\"\u00c9crit par\" \/>\n\t<meta name=\"twitter:data1\" content=\"admin\" \/>\n\t<meta name=\"twitter:label2\" content=\"Dur\u00e9e de lecture estim\u00e9e\" \/>\n\t<meta name=\"twitter:data2\" content=\"1 minute\" \/>\n<script type=\"application\/ld+json\" class=\"yoast-schema-graph\">{\"@context\":\"https:\\\/\\\/schema.org\",\"@graph\":[{\"@type\":\"Article\",\"@id\":\"https:\\\/\\\/apeimeudon.fr\\\/Blog-APEI\\\/compte-rendu-de-la-reunion-de-parents-du-19-mars-2026\\\/#article\",\"isPartOf\":{\"@id\":\"https:\\\/\\\/apeimeudon.fr\\\/Blog-APEI\\\/compte-rendu-de-la-reunion-de-parents-du-19-mars-2026\\\/\"},\"author\":{\"name\":\"admin\",\"@id\":\"https:\\\/\\\/apeimeudon.fr\\\/Blog-APEI\\\/#\\\/schema\\\/person\\\/0036ae94e919b3b6d0a126605fb77ae3\"},\"headline\":\"Compte rendu de la r\u00e9union de parents du 19 mars 2026\",\"datePublished\":\"2026-04-02T19:34:30+00:00\",\"dateModified\":\"2026-04-02T19:34:32+00:00\",\"mainEntityOfPage\":{\"@id\":\"https:\\\/\\\/apeimeudon.fr\\\/Blog-APEI\\\/compte-rendu-de-la-reunion-de-parents-du-19-mars-2026\\\/\"},\"wordCount\":127,\"commentCount\":0,\"publisher\":{\"@id\":\"https:\\\/\\\/apeimeudon.fr\\\/Blog-APEI\\\/#organization\"},\"image\":{\"@id\":\"https:\\\/\\\/apeimeudon.fr\\\/Blog-APEI\\\/compte-rendu-de-la-reunion-de-parents-du-19-mars-2026\\\/#primaryimage\"},\"thumbnailUrl\":\"https:\\\/\\\/apeimeudon.fr\\\/Blog-APEI\\\/wp-content\\\/uploads\\\/2026\\\/04\\\/Miniature-reunion-parents.jpg\",\"inLanguage\":\"fr-FR\",\"potentialAction\":[{\"@type\":\"CommentAction\",\"name\":\"Comment\",\"target\":[\"https:\\\/\\\/apeimeudon.fr\\\/Blog-APEI\\\/compte-rendu-de-la-reunion-de-parents-du-19-mars-2026\\\/#respond\"]}]},{\"@type\":\"WebPage\",\"@id\":\"https:\\\/\\\/apeimeudon.fr\\\/Blog-APEI\\\/compte-rendu-de-la-reunion-de-parents-du-19-mars-2026\\\/\",\"url\":\"https:\\\/\\\/apeimeudon.fr\\\/Blog-APEI\\\/compte-rendu-de-la-reunion-de-parents-du-19-mars-2026\\\/\",\"name\":\"Compte rendu de la r\u00e9union de parents du 19 mars 2026 - La Gazette des Foyers de l&#039;APEI de Meudon\",\"isPartOf\":{\"@id\":\"https:\\\/\\\/apeimeudon.fr\\\/Blog-APEI\\\/#website\"},\"primaryImageOfPage\":{\"@id\":\"https:\\\/\\\/apeimeudon.fr\\\/Blog-APEI\\\/compte-rendu-de-la-reunion-de-parents-du-19-mars-2026\\\/#primaryimage\"},\"image\":{\"@id\":\"https:\\\/\\\/apeimeudon.fr\\\/Blog-APEI\\\/compte-rendu-de-la-reunion-de-parents-du-19-mars-2026\\\/#primaryimage\"},\"thumbnailUrl\":\"https:\\\/\\\/apeimeudon.fr\\\/Blog-APEI\\\/wp-content\\\/uploads\\\/2026\\\/04\\\/Miniature-reunion-parents.jpg\",\"datePublished\":\"2026-04-02T19:34:30+00:00\",\"dateModified\":\"2026-04-02T19:34:32+00:00\",\"breadcrumb\":{\"@id\":\"https:\\\/\\\/apeimeudon.fr\\\/Blog-APEI\\\/compte-rendu-de-la-reunion-de-parents-du-19-mars-2026\\\/#breadcrumb\"},\"inLanguage\":\"fr-FR\",\"potentialAction\":[{\"@type\":\"ReadAction\",\"target\":[\"https:\\\/\\\/apeimeudon.fr\\\/Blog-APEI\\\/compte-rendu-de-la-reunion-de-parents-du-19-mars-2026\\\/\"]}]},{\"@type\":\"ImageObject\",\"inLanguage\":\"fr-FR\",\"@id\":\"https:\\\/\\\/apeimeudon.fr\\\/Blog-APEI\\\/compte-rendu-de-la-reunion-de-parents-du-19-mars-2026\\\/#primaryimage\",\"url\":\"https:\\\/\\\/apeimeudon.fr\\\/Blog-APEI\\\/wp-content\\\/uploads\\\/2026\\\/04\\\/Miniature-reunion-parents.jpg\",\"contentUrl\":\"https:\\\/\\\/apeimeudon.fr\\\/Blog-APEI\\\/wp-content\\\/uploads\\\/2026\\\/04\\\/Miniature-reunion-parents.jpg\",\"width\":400,\"height\":225},{\"@type\":\"BreadcrumbList\",\"@id\":\"https:\\\/\\\/apeimeudon.fr\\\/Blog-APEI\\\/compte-rendu-de-la-reunion-de-parents-du-19-mars-2026\\\/#breadcrumb\",\"itemListElement\":[{\"@type\":\"ListItem\",\"position\":1,\"name\":\"Accueil\",\"item\":\"https:\\\/\\\/apeimeudon.fr\\\/Blog-APEI\\\/\"},{\"@type\":\"ListItem\",\"position\":2,\"name\":\"Compte rendu de la r\u00e9union de parents du 19 mars 2026\"}]},{\"@type\":\"WebSite\",\"@id\":\"https:\\\/\\\/apeimeudon.fr\\\/Blog-APEI\\\/#website\",\"url\":\"https:\\\/\\\/apeimeudon.fr\\\/Blog-APEI\\\/\",\"name\":\"La Gazette des Foyers de l&#039;APEI de Meudon\",\"description\":\"Nos diff\u00e9rences loin de nous l\u00e9ser doivent nous enrichir -  Antoine de Saint-Exup\u00e9ry\",\"publisher\":{\"@id\":\"https:\\\/\\\/apeimeudon.fr\\\/Blog-APEI\\\/#organization\"},\"potentialAction\":[{\"@type\":\"SearchAction\",\"target\":{\"@type\":\"EntryPoint\",\"urlTemplate\":\"https:\\\/\\\/apeimeudon.fr\\\/Blog-APEI\\\/?s={search_term_string}\"},\"query-input\":{\"@type\":\"PropertyValueSpecification\",\"valueRequired\":true,\"valueName\":\"search_term_string\"}}],\"inLanguage\":\"fr-FR\"},{\"@type\":\"Organization\",\"@id\":\"https:\\\/\\\/apeimeudon.fr\\\/Blog-APEI\\\/#organization\",\"name\":\"APEI de Meudon\",\"url\":\"https:\\\/\\\/apeimeudon.fr\\\/Blog-APEI\\\/\",\"logo\":{\"@type\":\"ImageObject\",\"inLanguage\":\"fr-FR\",\"@id\":\"https:\\\/\\\/apeimeudon.fr\\\/Blog-APEI\\\/#\\\/schema\\\/logo\\\/image\\\/\",\"url\":\"https:\\\/\\\/apeimeudon.fr\\\/Blog-APEI\\\/wp-content\\\/uploads\\\/2017\\\/10\\\/Icone-APEI.png\",\"contentUrl\":\"https:\\\/\\\/apeimeudon.fr\\\/Blog-APEI\\\/wp-content\\\/uploads\\\/2017\\\/10\\\/Icone-APEI.png\",\"width\":128,\"height\":128,\"caption\":\"APEI de Meudon\"},\"image\":{\"@id\":\"https:\\\/\\\/apeimeudon.fr\\\/Blog-APEI\\\/#\\\/schema\\\/logo\\\/image\\\/\"}},{\"@type\":\"Person\",\"@id\":\"https:\\\/\\\/apeimeudon.fr\\\/Blog-APEI\\\/#\\\/schema\\\/person\\\/0036ae94e919b3b6d0a126605fb77ae3\",\"name\":\"admin\",\"image\":{\"@type\":\"ImageObject\",\"inLanguage\":\"fr-FR\",\"@id\":\"https:\\\/\\\/secure.gravatar.com\\\/avatar\\\/7126bead2c4dec8de61bb2e929eb8883a3bfc2d631934833b3e8d2ebc4a183a3?s=96&d=mm&r=g\",\"url\":\"https:\\\/\\\/secure.gravatar.com\\\/avatar\\\/7126bead2c4dec8de61bb2e929eb8883a3bfc2d631934833b3e8d2ebc4a183a3?s=96&d=mm&r=g\",\"contentUrl\":\"https:\\\/\\\/secure.gravatar.com\\\/avatar\\\/7126bead2c4dec8de61bb2e929eb8883a3bfc2d631934833b3e8d2ebc4a183a3?s=96&d=mm&r=g\",\"caption\":\"admin\"},\"url\":\"https:\\\/\\\/apeimeudon.fr\\\/Blog-APEI\\\/author\\\/admin\\\/\"}]}<\/script>\n<!-- \/ Yoast SEO plugin. -->","yoast_head_json":{"title":"Compte rendu de la r\u00e9union de parents du 19 mars 2026 - La Gazette des Foyers de l&#039;APEI de Meudon","robots":{"index":"index","follow":"follow","max-snippet":"max-snippet:-1","max-image-preview":"max-image-preview:large","max-video-preview":"max-video-preview:-1"},"canonical":"https:\/\/apeimeudon.fr\/Blog-APEI\/compte-rendu-de-la-reunion-de-parents-du-19-mars-2026\/","og_locale":"fr_FR","og_type":"article","og_title":"Compte rendu de la r\u00e9union de parents du 19 mars 2026 - La Gazette des Foyers de l&#039;APEI de Meudon","og_description":"Chers parents, Comme nous vous l&rsquo;avions annonc\u00e9, la derni\u00e8re r\u00e9union de parents a eu lieu le 19 mars 2026 au foyer des Bords de Seine : vous en trouverez ci-joint le compte-rendu.","og_url":"https:\/\/apeimeudon.fr\/Blog-APEI\/compte-rendu-de-la-reunion-de-parents-du-19-mars-2026\/","og_site_name":"La Gazette des Foyers de l&#039;APEI de Meudon","article_published_time":"2026-04-02T19:34:30+00:00","article_modified_time":"2026-04-02T19:34:32+00:00","og_image":[{"width":400,"height":225,"url":"https:\/\/apeimeudon.fr\/Blog-APEI\/wp-content\/uploads\/2026\/04\/Miniature-reunion-parents.jpg","type":"image\/jpeg"}],"author":"admin","twitter_card":"summary_large_image","twitter_misc":{"\u00c9crit par":"admin","Dur\u00e9e de lecture estim\u00e9e":"1 minute"},"schema":{"@context":"https:\/\/schema.org","@graph":[{"@type":"Article","@id":"https:\/\/apeimeudon.fr\/Blog-APEI\/compte-rendu-de-la-reunion-de-parents-du-19-mars-2026\/#article","isPartOf":{"@id":"https:\/\/apeimeudon.fr\/Blog-APEI\/compte-rendu-de-la-reunion-de-parents-du-19-mars-2026\/"},"author":{"name":"admin","@id":"https:\/\/apeimeudon.fr\/Blog-APEI\/#\/schema\/person\/0036ae94e919b3b6d0a126605fb77ae3"},"headline":"Compte rendu de la r\u00e9union de parents du 19 mars 2026","datePublished":"2026-04-02T19:34:30+00:00","dateModified":"2026-04-02T19:34:32+00:00","mainEntityOfPage":{"@id":"https:\/\/apeimeudon.fr\/Blog-APEI\/compte-rendu-de-la-reunion-de-parents-du-19-mars-2026\/"},"wordCount":127,"commentCount":0,"publisher":{"@id":"https:\/\/apeimeudon.fr\/Blog-APEI\/#organization"},"image":{"@id":"https:\/\/apeimeudon.fr\/Blog-APEI\/compte-rendu-de-la-reunion-de-parents-du-19-mars-2026\/#primaryimage"},"thumbnailUrl":"https:\/\/apeimeudon.fr\/Blog-APEI\/wp-content\/uploads\/2026\/04\/Miniature-reunion-parents.jpg","inLanguage":"fr-FR","potentialAction":[{"@type":"CommentAction","name":"Comment","target":["https:\/\/apeimeudon.fr\/Blog-APEI\/compte-rendu-de-la-reunion-de-parents-du-19-mars-2026\/#respond"]}]},{"@type":"WebPage","@id":"https:\/\/apeimeudon.fr\/Blog-APEI\/compte-rendu-de-la-reunion-de-parents-du-19-mars-2026\/","url":"https:\/\/apeimeudon.fr\/Blog-APEI\/compte-rendu-de-la-reunion-de-parents-du-19-mars-2026\/","name":"Compte rendu de la r\u00e9union de parents du 19 mars 2026 - La Gazette des Foyers de l&#039;APEI de Meudon","isPartOf":{"@id":"https:\/\/apeimeudon.fr\/Blog-APEI\/#website"},"primaryImageOfPage":{"@id":"https:\/\/apeimeudon.fr\/Blog-APEI\/compte-rendu-de-la-reunion-de-parents-du-19-mars-2026\/#primaryimage"},"image":{"@id":"https:\/\/apeimeudon.fr\/Blog-APEI\/compte-rendu-de-la-reunion-de-parents-du-19-mars-2026\/#primaryimage"},"thumbnailUrl":"https:\/\/apeimeudon.fr\/Blog-APEI\/wp-content\/uploads\/2026\/04\/Miniature-reunion-parents.jpg","datePublished":"2026-04-02T19:34:30+00:00","dateModified":"2026-04-02T19:34:32+00:00","breadcrumb":{"@id":"https:\/\/apeimeudon.fr\/Blog-APEI\/compte-rendu-de-la-reunion-de-parents-du-19-mars-2026\/#breadcrumb"},"inLanguage":"fr-FR","potentialAction":[{"@type":"ReadAction","target":["https:\/\/apeimeudon.fr\/Blog-APEI\/compte-rendu-de-la-reunion-de-parents-du-19-mars-2026\/"]}]},{"@type":"ImageObject","inLanguage":"fr-FR","@id":"https:\/\/apeimeudon.fr\/Blog-APEI\/compte-rendu-de-la-reunion-de-parents-du-19-mars-2026\/#primaryimage","url":"https:\/\/apeimeudon.fr\/Blog-APEI\/wp-content\/uploads\/2026\/04\/Miniature-reunion-parents.jpg","contentUrl":"https:\/\/apeimeudon.fr\/Blog-APEI\/wp-content\/uploads\/2026\/04\/Miniature-reunion-parents.jpg","width":400,"height":225},{"@type":"BreadcrumbList","@id":"https:\/\/apeimeudon.fr\/Blog-APEI\/compte-rendu-de-la-reunion-de-parents-du-19-mars-2026\/#breadcrumb","itemListElement":[{"@type":"ListItem","position":1,"name":"Accueil","item":"https:\/\/apeimeudon.fr\/Blog-APEI\/"},{"@type":"ListItem","position":2,"name":"Compte rendu de la r\u00e9union de parents du 19 mars 2026"}]},{"@type":"WebSite","@id":"https:\/\/apeimeudon.fr\/Blog-APEI\/#website","url":"https:\/\/apeimeudon.fr\/Blog-APEI\/","name":"La Gazette des Foyers de l&#039;APEI de Meudon","description":"Nos diff\u00e9rences loin de nous l\u00e9ser doivent nous enrichir -  Antoine de Saint-Exup\u00e9ry","publisher":{"@id":"https:\/\/apeimeudon.fr\/Blog-APEI\/#organization"},"potentialAction":[{"@type":"SearchAction","target":{"@type":"EntryPoint","urlTemplate":"https:\/\/apeimeudon.fr\/Blog-APEI\/?s={search_term_string}"},"query-input":{"@type":"PropertyValueSpecification","valueRequired":true,"valueName":"search_term_string"}}],"inLanguage":"fr-FR"},{"@type":"Organization","@id":"https:\/\/apeimeudon.fr\/Blog-APEI\/#organization","name":"APEI de Meudon","url":"https:\/\/apeimeudon.fr\/Blog-APEI\/","logo":{"@type":"ImageObject","inLanguage":"fr-FR","@id":"https:\/\/apeimeudon.fr\/Blog-APEI\/#\/schema\/logo\/image\/","url":"https:\/\/apeimeudon.fr\/Blog-APEI\/wp-content\/uploads\/2017\/10\/Icone-APEI.png","contentUrl":"https:\/\/apeimeudon.fr\/Blog-APEI\/wp-content\/uploads\/2017\/10\/Icone-APEI.png","width":128,"height":128,"caption":"APEI de Meudon"},"image":{"@id":"https:\/\/apeimeudon.fr\/Blog-APEI\/#\/schema\/logo\/image\/"}},{"@type":"Person","@id":"https:\/\/apeimeudon.fr\/Blog-APEI\/#\/schema\/person\/0036ae94e919b3b6d0a126605fb77ae3","name":"admin","image":{"@type":"ImageObject","inLanguage":"fr-FR","@id":"https:\/\/secure.gravatar.com\/avatar\/7126bead2c4dec8de61bb2e929eb8883a3bfc2d631934833b3e8d2ebc4a183a3?s=96&d=mm&r=g","url":"https:\/\/secure.gravatar.com\/avatar\/7126bead2c4dec8de61bb2e929eb8883a3bfc2d631934833b3e8d2ebc4a183a3?s=96&d=mm&r=g","contentUrl":"https:\/\/secure.gravatar.com\/avatar\/7126bead2c4dec8de61bb2e929eb8883a3bfc2d631934833b3e8d2ebc4a183a3?s=96&d=mm&r=g","caption":"admin"},"url":"https:\/\/apeimeudon.fr\/Blog-APEI\/author\/admin\/"}]}},"_links":{"self":[{"href":"https:\/\/apeimeudon.fr\/Blog-APEI\/wp-json\/wp\/v2\/posts\/12684","targetHints":{"allow":["GET"]}}],"collection":[{"href":"https:\/\/apeimeudon.fr\/Blog-APEI\/wp-json\/wp\/v2\/posts"}],"about":[{"href":"https:\/\/apeimeudon.fr\/Blog-APEI\/wp-json\/wp\/v2\/types\/post"}],"author":[{"embeddable":true,"href":"https:\/\/apeimeudon.fr\/Blog-APEI\/wp-json\/wp\/v2\/users\/1"}],"replies":[{"embeddable":true,"href":"https:\/\/apeimeudon.fr\/Blog-APEI\/wp-json\/wp\/v2\/comments?post=12684"}],"version-history":[{"count":4,"href":"https:\/\/apeimeudon.fr\/Blog-APEI\/wp-json\/wp\/v2\/posts\/12684\/revisions"}],"predecessor-version":[{"id":12689,"href":"https:\/\/apeimeudon.fr\/Blog-APEI\/wp-json\/wp\/v2\/posts\/12684\/revisions\/12689"}],"wp:featuredmedia":[{"embeddable":true,"href":"https:\/\/apeimeudon.fr\/Blog-APEI\/wp-json\/wp\/v2\/media\/12686"}],"wp:attachment":[{"href":"https:\/\/apeimeudon.fr\/Blog-APEI\/wp-json\/wp\/v2\/media?parent=12684"}],"wp:term":[{"taxonomy":"category","embeddable":true,"href":"https:\/\/apeimeudon.fr\/Blog-APEI\/wp-json\/wp\/v2\/categories?post=12684"},{"taxonomy":"post_tag","embeddable":true,"href":"https:\/\/apeimeudon.fr\/Blog-APEI\/wp-json\/wp\/v2\/tags?post=12684"}],"curies":[{"name":"wp","href":"https:\/\/api.w.org\/{rel}","templated":true}]}}