{"id":12771,"date":"2026-04-30T13:34:28","date_gmt":"2026-04-30T11:34:28","guid":{"rendered":"https:\/\/apeimeudon.fr\/Blog-APEI\/?p=12771"},"modified":"2026-04-30T13:34:29","modified_gmt":"2026-04-30T11:34:29","slug":"visite-du-foyer-des-bords-de-seine-a-la-ferme-pedagogique-a-cerneux","status":"publish","type":"post","link":"https:\/\/apeimeudon.fr\/Blog-APEI\/visite-du-foyer-des-bords-de-seine-a-la-ferme-pedagogique-a-cerneux\/","title":{"rendered":"Visite du foyer des Bords de Seine \u00e0 la ferme p\u00e9dagogique \u00e0 Cerneux"},"content":{"rendered":"\n<p>Quelques r\u00e9sidents et leurs deux accompagnatrices ont profit\u00e9 de ces premiers jours de soleil pour partir \u00e0 la ferme p\u00e9dagogique de la Bergerie \u00e0 Cerneux (77).<\/p>\n\n\n\n<!--more-->\n\n\n\n<p>Chaque ann\u00e9e, le foyer des Bords de Seine va chaque mois \u00ab\u00a0se mettre au vert\u00a0\u00bb dans ce lieu qu&rsquo;ils connaissent bien maintenant.<br>Pour cette premi\u00e8re visite 2026, nous avons fait du pain.<br>Apr\u00e8s un bon repas o\u00f9 nous avons d\u00e9gust\u00e9 une cr\u00e8me renvers\u00e9e confectionn\u00e9e avec des \u0153ufs d&rsquo;oie, nous avons visit\u00e9 les animaux.<br><\/p>\n\n\n\n<p>Quel plaisir de voir les poussins, les oisons et le petit lapin.<\/p>\n\n\n\n<p>Nous retournerons avec grand plaisir le mois prochain.<\/p>\n\n\n\n<p class=\"has-text-align-right\">Eudes \u2013 Cheffe de service<\/p>\n\n\n\n<p class=\"has-text-align-center\"><strong><em>Quelques photos de notre sortie :<\/em><\/strong><\/p>\n\n\n\nngg_shortcode_0_placeholder\n","protected":false},"excerpt":{"rendered":"<p>Quelques r\u00e9sidents et leurs deux accompagnatrices ont profit\u00e9 de ces premiers jours de soleil pour partir \u00e0 la ferme p\u00e9dagogique de la Bergerie \u00e0 Cerneux (77).<\/p>\n","protected":false},"author":5,"featured_media":12730,"comment_status":"open","ping_status":"open","sticky":false,"template":"","format":"standard","meta":{"_acf_changed":false,"_monsterinsights_skip_tracking":false,"_monsterinsights_sitenote_active":false,"_monsterinsights_sitenote_note":"","_monsterinsights_sitenote_category":0,"ngg_post_thumbnail":0,"footnotes":""},"categories":[53,55,41,49],"tags":[],"class_list":["post-12771","post","type-post","status-publish","format-standard","has-post-thumbnail","hentry","category-animaux","category-bien-etre","category-bords-de-seine","category-sortie"],"acf":[],"yoast_head":"<!-- This site is optimized with the Yoast SEO plugin v27.5 - https:\/\/yoast.com\/product\/yoast-seo-wordpress\/ -->\n<title>Visite du foyer des Bords de Seine \u00e0 la ferme p\u00e9dagogique \u00e0 Cerneux - La Gazette des Foyers de l&#039;APEI de Meudon<\/title>\n<meta name=\"robots\" content=\"index, follow, max-snippet:-1, max-image-preview:large, max-video-preview:-1\" \/>\n<link rel=\"canonical\" href=\"https:\/\/apeimeudon.fr\/Blog-APEI\/visite-du-foyer-des-bords-de-seine-a-la-ferme-pedagogique-a-cerneux\/\" \/>\n<meta property=\"og:locale\" content=\"fr_FR\" \/>\n<meta property=\"og:type\" content=\"article\" \/>\n<meta property=\"og:title\" content=\"Visite du foyer des Bords de Seine \u00e0 la ferme p\u00e9dagogique \u00e0 Cerneux - La Gazette des Foyers de l&#039;APEI de Meudon\" \/>\n<meta property=\"og:description\" content=\"Quelques r\u00e9sidents et leurs deux accompagnatrices ont profit\u00e9 de ces premiers jours de soleil pour partir \u00e0 la ferme p\u00e9dagogique de la Bergerie \u00e0 Cerneux (77).\" \/>\n<meta property=\"og:url\" content=\"https:\/\/apeimeudon.fr\/Blog-APEI\/visite-du-foyer-des-bords-de-seine-a-la-ferme-pedagogique-a-cerneux\/\" \/>\n<meta property=\"og:site_name\" content=\"La Gazette des Foyers de l&#039;APEI de Meudon\" \/>\n<meta property=\"article:published_time\" content=\"2026-04-30T11:34:28+00:00\" \/>\n<meta property=\"article:modified_time\" content=\"2026-04-30T11:34:29+00:00\" \/>\n<meta property=\"og:image\" content=\"http:\/\/apeimeudon.fr\/Blog-APEI\/wp-content\/uploads\/2026\/04\/Miniature.jpg\" \/>\n\t<meta property=\"og:image:width\" content=\"400\" \/>\n\t<meta property=\"og:image:height\" content=\"226\" \/>\n\t<meta property=\"og:image:type\" content=\"image\/jpeg\" \/>\n<meta name=\"author\" content=\"Foyer Bds\" \/>\n<meta name=\"twitter:card\" content=\"summary_large_image\" \/>\n<meta name=\"twitter:label1\" content=\"\u00c9crit par\" \/>\n\t<meta name=\"twitter:data1\" content=\"Foyer Bds\" \/>\n\t<meta name=\"twitter:label2\" content=\"Dur\u00e9e de lecture estim\u00e9e\" \/>\n\t<meta name=\"twitter:data2\" content=\"1 minute\" \/>\n<script type=\"application\/ld+json\" class=\"yoast-schema-graph\">{\"@context\":\"https:\\\/\\\/schema.org\",\"@graph\":[{\"@type\":\"Article\",\"@id\":\"https:\\\/\\\/apeimeudon.fr\\\/Blog-APEI\\\/visite-du-foyer-des-bords-de-seine-a-la-ferme-pedagogique-a-cerneux\\\/#article\",\"isPartOf\":{\"@id\":\"https:\\\/\\\/apeimeudon.fr\\\/Blog-APEI\\\/visite-du-foyer-des-bords-de-seine-a-la-ferme-pedagogique-a-cerneux\\\/\"},\"author\":{\"name\":\"Foyer Bds\",\"@id\":\"https:\\\/\\\/apeimeudon.fr\\\/Blog-APEI\\\/#\\\/schema\\\/person\\\/2d41ddaee88bc491f0395565c04d6dcf\"},\"headline\":\"Visite du foyer des Bords de Seine \u00e0 la ferme p\u00e9dagogique \u00e0 Cerneux\",\"datePublished\":\"2026-04-30T11:34:28+00:00\",\"dateModified\":\"2026-04-30T11:34:29+00:00\",\"mainEntityOfPage\":{\"@id\":\"https:\\\/\\\/apeimeudon.fr\\\/Blog-APEI\\\/visite-du-foyer-des-bords-de-seine-a-la-ferme-pedagogique-a-cerneux\\\/\"},\"wordCount\":127,\"commentCount\":0,\"publisher\":{\"@id\":\"https:\\\/\\\/apeimeudon.fr\\\/Blog-APEI\\\/#organization\"},\"image\":{\"@id\":\"https:\\\/\\\/apeimeudon.fr\\\/Blog-APEI\\\/visite-du-foyer-des-bords-de-seine-a-la-ferme-pedagogique-a-cerneux\\\/#primaryimage\"},\"thumbnailUrl\":\"https:\\\/\\\/apeimeudon.fr\\\/Blog-APEI\\\/wp-content\\\/uploads\\\/2026\\\/04\\\/Miniature.jpg\",\"articleSection\":[\"Animaux\",\"Bien Etre\",\"Bords de Seine\",\"Sortie\"],\"inLanguage\":\"fr-FR\",\"potentialAction\":[{\"@type\":\"CommentAction\",\"name\":\"Comment\",\"target\":[\"https:\\\/\\\/apeimeudon.fr\\\/Blog-APEI\\\/visite-du-foyer-des-bords-de-seine-a-la-ferme-pedagogique-a-cerneux\\\/#respond\"]}]},{\"@type\":\"WebPage\",\"@id\":\"https:\\\/\\\/apeimeudon.fr\\\/Blog-APEI\\\/visite-du-foyer-des-bords-de-seine-a-la-ferme-pedagogique-a-cerneux\\\/\",\"url\":\"https:\\\/\\\/apeimeudon.fr\\\/Blog-APEI\\\/visite-du-foyer-des-bords-de-seine-a-la-ferme-pedagogique-a-cerneux\\\/\",\"name\":\"Visite du foyer des Bords de Seine \u00e0 la ferme p\u00e9dagogique \u00e0 Cerneux - La Gazette des Foyers de l&#039;APEI de Meudon\",\"isPartOf\":{\"@id\":\"https:\\\/\\\/apeimeudon.fr\\\/Blog-APEI\\\/#website\"},\"primaryImageOfPage\":{\"@id\":\"https:\\\/\\\/apeimeudon.fr\\\/Blog-APEI\\\/visite-du-foyer-des-bords-de-seine-a-la-ferme-pedagogique-a-cerneux\\\/#primaryimage\"},\"image\":{\"@id\":\"https:\\\/\\\/apeimeudon.fr\\\/Blog-APEI\\\/visite-du-foyer-des-bords-de-seine-a-la-ferme-pedagogique-a-cerneux\\\/#primaryimage\"},\"thumbnailUrl\":\"https:\\\/\\\/apeimeudon.fr\\\/Blog-APEI\\\/wp-content\\\/uploads\\\/2026\\\/04\\\/Miniature.jpg\",\"datePublished\":\"2026-04-30T11:34:28+00:00\",\"dateModified\":\"2026-04-30T11:34:29+00:00\",\"breadcrumb\":{\"@id\":\"https:\\\/\\\/apeimeudon.fr\\\/Blog-APEI\\\/visite-du-foyer-des-bords-de-seine-a-la-ferme-pedagogique-a-cerneux\\\/#breadcrumb\"},\"inLanguage\":\"fr-FR\",\"potentialAction\":[{\"@type\":\"ReadAction\",\"target\":[\"https:\\\/\\\/apeimeudon.fr\\\/Blog-APEI\\\/visite-du-foyer-des-bords-de-seine-a-la-ferme-pedagogique-a-cerneux\\\/\"]}]},{\"@type\":\"ImageObject\",\"inLanguage\":\"fr-FR\",\"@id\":\"https:\\\/\\\/apeimeudon.fr\\\/Blog-APEI\\\/visite-du-foyer-des-bords-de-seine-a-la-ferme-pedagogique-a-cerneux\\\/#primaryimage\",\"url\":\"https:\\\/\\\/apeimeudon.fr\\\/Blog-APEI\\\/wp-content\\\/uploads\\\/2026\\\/04\\\/Miniature.jpg\",\"contentUrl\":\"https:\\\/\\\/apeimeudon.fr\\\/Blog-APEI\\\/wp-content\\\/uploads\\\/2026\\\/04\\\/Miniature.jpg\",\"width\":400,\"height\":226},{\"@type\":\"BreadcrumbList\",\"@id\":\"https:\\\/\\\/apeimeudon.fr\\\/Blog-APEI\\\/visite-du-foyer-des-bords-de-seine-a-la-ferme-pedagogique-a-cerneux\\\/#breadcrumb\",\"itemListElement\":[{\"@type\":\"ListItem\",\"position\":1,\"name\":\"Accueil\",\"item\":\"https:\\\/\\\/apeimeudon.fr\\\/Blog-APEI\\\/\"},{\"@type\":\"ListItem\",\"position\":2,\"name\":\"Visite du foyer des Bords de Seine \u00e0 la ferme p\u00e9dagogique \u00e0 Cerneux\"}]},{\"@type\":\"WebSite\",\"@id\":\"https:\\\/\\\/apeimeudon.fr\\\/Blog-APEI\\\/#website\",\"url\":\"https:\\\/\\\/apeimeudon.fr\\\/Blog-APEI\\\/\",\"name\":\"La Gazette des Foyers de l&#039;APEI de Meudon\",\"description\":\"Nos diff\u00e9rences loin de nous l\u00e9ser doivent nous enrichir -  Antoine de Saint-Exup\u00e9ry\",\"publisher\":{\"@id\":\"https:\\\/\\\/apeimeudon.fr\\\/Blog-APEI\\\/#organization\"},\"potentialAction\":[{\"@type\":\"SearchAction\",\"target\":{\"@type\":\"EntryPoint\",\"urlTemplate\":\"https:\\\/\\\/apeimeudon.fr\\\/Blog-APEI\\\/?s={search_term_string}\"},\"query-input\":{\"@type\":\"PropertyValueSpecification\",\"valueRequired\":true,\"valueName\":\"search_term_string\"}}],\"inLanguage\":\"fr-FR\"},{\"@type\":\"Organization\",\"@id\":\"https:\\\/\\\/apeimeudon.fr\\\/Blog-APEI\\\/#organization\",\"name\":\"APEI de Meudon\",\"url\":\"https:\\\/\\\/apeimeudon.fr\\\/Blog-APEI\\\/\",\"logo\":{\"@type\":\"ImageObject\",\"inLanguage\":\"fr-FR\",\"@id\":\"https:\\\/\\\/apeimeudon.fr\\\/Blog-APEI\\\/#\\\/schema\\\/logo\\\/image\\\/\",\"url\":\"https:\\\/\\\/apeimeudon.fr\\\/Blog-APEI\\\/wp-content\\\/uploads\\\/2017\\\/10\\\/Icone-APEI.png\",\"contentUrl\":\"https:\\\/\\\/apeimeudon.fr\\\/Blog-APEI\\\/wp-content\\\/uploads\\\/2017\\\/10\\\/Icone-APEI.png\",\"width\":128,\"height\":128,\"caption\":\"APEI de Meudon\"},\"image\":{\"@id\":\"https:\\\/\\\/apeimeudon.fr\\\/Blog-APEI\\\/#\\\/schema\\\/logo\\\/image\\\/\"}},{\"@type\":\"Person\",\"@id\":\"https:\\\/\\\/apeimeudon.fr\\\/Blog-APEI\\\/#\\\/schema\\\/person\\\/2d41ddaee88bc491f0395565c04d6dcf\",\"name\":\"Foyer Bds\",\"image\":{\"@type\":\"ImageObject\",\"inLanguage\":\"fr-FR\",\"@id\":\"https:\\\/\\\/secure.gravatar.com\\\/avatar\\\/2824d78017d63e5b1d89886a235d39ec793723d3510d9d5266ff1a9edbc71999?s=96&d=mm&r=g\",\"url\":\"https:\\\/\\\/secure.gravatar.com\\\/avatar\\\/2824d78017d63e5b1d89886a235d39ec793723d3510d9d5266ff1a9edbc71999?s=96&d=mm&r=g\",\"contentUrl\":\"https:\\\/\\\/secure.gravatar.com\\\/avatar\\\/2824d78017d63e5b1d89886a235d39ec793723d3510d9d5266ff1a9edbc71999?s=96&d=mm&r=g\",\"caption\":\"Foyer Bds\"},\"url\":\"https:\\\/\\\/apeimeudon.fr\\\/Blog-APEI\\\/author\\\/foyer-bds\\\/\"}]}<\/script>\n<!-- \/ Yoast SEO plugin. -->","yoast_head_json":{"title":"Visite du foyer des Bords de Seine \u00e0 la ferme p\u00e9dagogique \u00e0 Cerneux - La Gazette des Foyers de l&#039;APEI de Meudon","robots":{"index":"index","follow":"follow","max-snippet":"max-snippet:-1","max-image-preview":"max-image-preview:large","max-video-preview":"max-video-preview:-1"},"canonical":"https:\/\/apeimeudon.fr\/Blog-APEI\/visite-du-foyer-des-bords-de-seine-a-la-ferme-pedagogique-a-cerneux\/","og_locale":"fr_FR","og_type":"article","og_title":"Visite du foyer des Bords de Seine \u00e0 la ferme p\u00e9dagogique \u00e0 Cerneux - La Gazette des Foyers de l&#039;APEI de Meudon","og_description":"Quelques r\u00e9sidents et leurs deux accompagnatrices ont profit\u00e9 de ces premiers jours de soleil pour partir \u00e0 la ferme p\u00e9dagogique de la Bergerie \u00e0 Cerneux (77).","og_url":"https:\/\/apeimeudon.fr\/Blog-APEI\/visite-du-foyer-des-bords-de-seine-a-la-ferme-pedagogique-a-cerneux\/","og_site_name":"La Gazette des Foyers de l&#039;APEI de Meudon","article_published_time":"2026-04-30T11:34:28+00:00","article_modified_time":"2026-04-30T11:34:29+00:00","og_image":[{"width":400,"height":226,"url":"http:\/\/apeimeudon.fr\/Blog-APEI\/wp-content\/uploads\/2026\/04\/Miniature.jpg","type":"image\/jpeg"}],"author":"Foyer Bds","twitter_card":"summary_large_image","twitter_misc":{"\u00c9crit par":"Foyer Bds","Dur\u00e9e de lecture estim\u00e9e":"1 minute"},"schema":{"@context":"https:\/\/schema.org","@graph":[{"@type":"Article","@id":"https:\/\/apeimeudon.fr\/Blog-APEI\/visite-du-foyer-des-bords-de-seine-a-la-ferme-pedagogique-a-cerneux\/#article","isPartOf":{"@id":"https:\/\/apeimeudon.fr\/Blog-APEI\/visite-du-foyer-des-bords-de-seine-a-la-ferme-pedagogique-a-cerneux\/"},"author":{"name":"Foyer Bds","@id":"https:\/\/apeimeudon.fr\/Blog-APEI\/#\/schema\/person\/2d41ddaee88bc491f0395565c04d6dcf"},"headline":"Visite du foyer des Bords de Seine \u00e0 la ferme p\u00e9dagogique \u00e0 Cerneux","datePublished":"2026-04-30T11:34:28+00:00","dateModified":"2026-04-30T11:34:29+00:00","mainEntityOfPage":{"@id":"https:\/\/apeimeudon.fr\/Blog-APEI\/visite-du-foyer-des-bords-de-seine-a-la-ferme-pedagogique-a-cerneux\/"},"wordCount":127,"commentCount":0,"publisher":{"@id":"https:\/\/apeimeudon.fr\/Blog-APEI\/#organization"},"image":{"@id":"https:\/\/apeimeudon.fr\/Blog-APEI\/visite-du-foyer-des-bords-de-seine-a-la-ferme-pedagogique-a-cerneux\/#primaryimage"},"thumbnailUrl":"https:\/\/apeimeudon.fr\/Blog-APEI\/wp-content\/uploads\/2026\/04\/Miniature.jpg","articleSection":["Animaux","Bien Etre","Bords de Seine","Sortie"],"inLanguage":"fr-FR","potentialAction":[{"@type":"CommentAction","name":"Comment","target":["https:\/\/apeimeudon.fr\/Blog-APEI\/visite-du-foyer-des-bords-de-seine-a-la-ferme-pedagogique-a-cerneux\/#respond"]}]},{"@type":"WebPage","@id":"https:\/\/apeimeudon.fr\/Blog-APEI\/visite-du-foyer-des-bords-de-seine-a-la-ferme-pedagogique-a-cerneux\/","url":"https:\/\/apeimeudon.fr\/Blog-APEI\/visite-du-foyer-des-bords-de-seine-a-la-ferme-pedagogique-a-cerneux\/","name":"Visite du foyer des Bords de Seine \u00e0 la ferme p\u00e9dagogique \u00e0 Cerneux - La Gazette des Foyers de l&#039;APEI de Meudon","isPartOf":{"@id":"https:\/\/apeimeudon.fr\/Blog-APEI\/#website"},"primaryImageOfPage":{"@id":"https:\/\/apeimeudon.fr\/Blog-APEI\/visite-du-foyer-des-bords-de-seine-a-la-ferme-pedagogique-a-cerneux\/#primaryimage"},"image":{"@id":"https:\/\/apeimeudon.fr\/Blog-APEI\/visite-du-foyer-des-bords-de-seine-a-la-ferme-pedagogique-a-cerneux\/#primaryimage"},"thumbnailUrl":"https:\/\/apeimeudon.fr\/Blog-APEI\/wp-content\/uploads\/2026\/04\/Miniature.jpg","datePublished":"2026-04-30T11:34:28+00:00","dateModified":"2026-04-30T11:34:29+00:00","breadcrumb":{"@id":"https:\/\/apeimeudon.fr\/Blog-APEI\/visite-du-foyer-des-bords-de-seine-a-la-ferme-pedagogique-a-cerneux\/#breadcrumb"},"inLanguage":"fr-FR","potentialAction":[{"@type":"ReadAction","target":["https:\/\/apeimeudon.fr\/Blog-APEI\/visite-du-foyer-des-bords-de-seine-a-la-ferme-pedagogique-a-cerneux\/"]}]},{"@type":"ImageObject","inLanguage":"fr-FR","@id":"https:\/\/apeimeudon.fr\/Blog-APEI\/visite-du-foyer-des-bords-de-seine-a-la-ferme-pedagogique-a-cerneux\/#primaryimage","url":"https:\/\/apeimeudon.fr\/Blog-APEI\/wp-content\/uploads\/2026\/04\/Miniature.jpg","contentUrl":"https:\/\/apeimeudon.fr\/Blog-APEI\/wp-content\/uploads\/2026\/04\/Miniature.jpg","width":400,"height":226},{"@type":"BreadcrumbList","@id":"https:\/\/apeimeudon.fr\/Blog-APEI\/visite-du-foyer-des-bords-de-seine-a-la-ferme-pedagogique-a-cerneux\/#breadcrumb","itemListElement":[{"@type":"ListItem","position":1,"name":"Accueil","item":"https:\/\/apeimeudon.fr\/Blog-APEI\/"},{"@type":"ListItem","position":2,"name":"Visite du foyer des Bords de Seine \u00e0 la ferme p\u00e9dagogique \u00e0 Cerneux"}]},{"@type":"WebSite","@id":"https:\/\/apeimeudon.fr\/Blog-APEI\/#website","url":"https:\/\/apeimeudon.fr\/Blog-APEI\/","name":"La Gazette des Foyers de l&#039;APEI de Meudon","description":"Nos diff\u00e9rences loin de nous l\u00e9ser doivent nous enrichir -  Antoine de Saint-Exup\u00e9ry","publisher":{"@id":"https:\/\/apeimeudon.fr\/Blog-APEI\/#organization"},"potentialAction":[{"@type":"SearchAction","target":{"@type":"EntryPoint","urlTemplate":"https:\/\/apeimeudon.fr\/Blog-APEI\/?s={search_term_string}"},"query-input":{"@type":"PropertyValueSpecification","valueRequired":true,"valueName":"search_term_string"}}],"inLanguage":"fr-FR"},{"@type":"Organization","@id":"https:\/\/apeimeudon.fr\/Blog-APEI\/#organization","name":"APEI de Meudon","url":"https:\/\/apeimeudon.fr\/Blog-APEI\/","logo":{"@type":"ImageObject","inLanguage":"fr-FR","@id":"https:\/\/apeimeudon.fr\/Blog-APEI\/#\/schema\/logo\/image\/","url":"https:\/\/apeimeudon.fr\/Blog-APEI\/wp-content\/uploads\/2017\/10\/Icone-APEI.png","contentUrl":"https:\/\/apeimeudon.fr\/Blog-APEI\/wp-content\/uploads\/2017\/10\/Icone-APEI.png","width":128,"height":128,"caption":"APEI de Meudon"},"image":{"@id":"https:\/\/apeimeudon.fr\/Blog-APEI\/#\/schema\/logo\/image\/"}},{"@type":"Person","@id":"https:\/\/apeimeudon.fr\/Blog-APEI\/#\/schema\/person\/2d41ddaee88bc491f0395565c04d6dcf","name":"Foyer Bds","image":{"@type":"ImageObject","inLanguage":"fr-FR","@id":"https:\/\/secure.gravatar.com\/avatar\/2824d78017d63e5b1d89886a235d39ec793723d3510d9d5266ff1a9edbc71999?s=96&d=mm&r=g","url":"https:\/\/secure.gravatar.com\/avatar\/2824d78017d63e5b1d89886a235d39ec793723d3510d9d5266ff1a9edbc71999?s=96&d=mm&r=g","contentUrl":"https:\/\/secure.gravatar.com\/avatar\/2824d78017d63e5b1d89886a235d39ec793723d3510d9d5266ff1a9edbc71999?s=96&d=mm&r=g","caption":"Foyer Bds"},"url":"https:\/\/apeimeudon.fr\/Blog-APEI\/author\/foyer-bds\/"}]}},"_links":{"self":[{"href":"https:\/\/apeimeudon.fr\/Blog-APEI\/wp-json\/wp\/v2\/posts\/12771","targetHints":{"allow":["GET"]}}],"collection":[{"href":"https:\/\/apeimeudon.fr\/Blog-APEI\/wp-json\/wp\/v2\/posts"}],"about":[{"href":"https:\/\/apeimeudon.fr\/Blog-APEI\/wp-json\/wp\/v2\/types\/post"}],"author":[{"embeddable":true,"href":"https:\/\/apeimeudon.fr\/Blog-APEI\/wp-json\/wp\/v2\/users\/5"}],"replies":[{"embeddable":true,"href":"https:\/\/apeimeudon.fr\/Blog-APEI\/wp-json\/wp\/v2\/comments?post=12771"}],"version-history":[{"count":2,"href":"https:\/\/apeimeudon.fr\/Blog-APEI\/wp-json\/wp\/v2\/posts\/12771\/revisions"}],"predecessor-version":[{"id":12774,"href":"https:\/\/apeimeudon.fr\/Blog-APEI\/wp-json\/wp\/v2\/posts\/12771\/revisions\/12774"}],"wp:featuredmedia":[{"embeddable":true,"href":"https:\/\/apeimeudon.fr\/Blog-APEI\/wp-json\/wp\/v2\/media\/12730"}],"wp:attachment":[{"href":"https:\/\/apeimeudon.fr\/Blog-APEI\/wp-json\/wp\/v2\/media?parent=12771"}],"wp:term":[{"taxonomy":"category","embeddable":true,"href":"https:\/\/apeimeudon.fr\/Blog-APEI\/wp-json\/wp\/v2\/categories?post=12771"},{"taxonomy":"post_tag","embeddable":true,"href":"https:\/\/apeimeudon.fr\/Blog-APEI\/wp-json\/wp\/v2\/tags?post=12771"}],"curies":[{"name":"wp","href":"https:\/\/api.w.org\/{rel}","templated":true}]}}