{"id":1484,"date":"2020-04-20T18:00:53","date_gmt":"2020-04-20T16:00:53","guid":{"rendered":"http:\/\/apeimeudon.fr\/Blog-APEI\/?p=1484"},"modified":"2020-04-20T18:00:55","modified_gmt":"2020-04-20T16:00:55","slug":"quand-fleury-se-transforme-en-salon-de-coiffure","status":"publish","type":"post","link":"https:\/\/apeimeudon.fr\/Blog-APEI\/quand-fleury-se-transforme-en-salon-de-coiffure\/","title":{"rendered":"Quand Fleury se transforme en salon de coiffure !!!"},"content":{"rendered":"\n<p class=\"has-text-align-center\"><strong><em>Avec Sylvie et Sophie la coiffure est toujours r\u00e9ussie<\/em><\/strong> !<\/p>\n\n\n\n<!--more-->\n\n\n\n<div class=\"wp-block-image\"><figure class=\"aligncenter size-large\"><img loading=\"lazy\" decoding=\"async\" width=\"580\" height=\"774\" src=\"http:\/\/apeimeudon.fr\/Blog-APEI\/wp-content\/uploads\/2020\/04\/St\u00e9phane.jpg\" alt=\"\" class=\"wp-image-1481\" srcset=\"https:\/\/apeimeudon.fr\/Blog-APEI\/wp-content\/uploads\/2020\/04\/St\u00e9phane.jpg 580w, https:\/\/apeimeudon.fr\/Blog-APEI\/wp-content\/uploads\/2020\/04\/St\u00e9phane-225x300.jpg 225w, https:\/\/apeimeudon.fr\/Blog-APEI\/wp-content\/uploads\/2020\/04\/St\u00e9phane-576x768.jpg 576w\" sizes=\"auto, (max-width: 580px) 100vw, 580px\" \/><figcaption><br>St\u00e9phane ravi de sa nouvelle coupe\u00a0et de sa barbe bien taill\u00e9e !<\/figcaption><\/figure><\/div>\n\n\n\n<div class=\"wp-block-image\"><figure class=\"aligncenter size-large\"><img loading=\"lazy\" decoding=\"async\" width=\"579\" height=\"773\" src=\"http:\/\/apeimeudon.fr\/Blog-APEI\/wp-content\/uploads\/2020\/04\/Jocelin.jpg\" alt=\"\" class=\"wp-image-1480\" srcset=\"https:\/\/apeimeudon.fr\/Blog-APEI\/wp-content\/uploads\/2020\/04\/Jocelin.jpg 579w, https:\/\/apeimeudon.fr\/Blog-APEI\/wp-content\/uploads\/2020\/04\/Jocelin-225x300.jpg 225w, https:\/\/apeimeudon.fr\/Blog-APEI\/wp-content\/uploads\/2020\/04\/Jocelin-575x768.jpg 575w\" sizes=\"auto, (max-width: 579px) 100vw, 579px\" \/><figcaption><br>Jocelin se sent plus l\u00e9ger\u2026<\/figcaption><\/figure><\/div>\n\n\n\n<div class=\"wp-block-image\"><figure class=\"aligncenter size-large\"><img loading=\"lazy\" decoding=\"async\" width=\"580\" height=\"774\" src=\"http:\/\/apeimeudon.fr\/Blog-APEI\/wp-content\/uploads\/2020\/04\/David.jpg\" alt=\"\" class=\"wp-image-1479\" srcset=\"https:\/\/apeimeudon.fr\/Blog-APEI\/wp-content\/uploads\/2020\/04\/David.jpg 580w, https:\/\/apeimeudon.fr\/Blog-APEI\/wp-content\/uploads\/2020\/04\/David-225x300.jpg 225w, https:\/\/apeimeudon.fr\/Blog-APEI\/wp-content\/uploads\/2020\/04\/David-576x768.jpg 576w\" sizes=\"auto, (max-width: 580px) 100vw, 580px\" \/><figcaption><br>David se fait chouchouter.<\/figcaption><\/figure><\/div>\n\n\n\n<p><\/p>\n","protected":false},"excerpt":{"rendered":"<p>Avec Sylvie et Sophie la coiffure est toujours r\u00e9ussie !<\/p>\n","protected":false},"author":1,"featured_media":0,"comment_status":"open","ping_status":"open","sticky":false,"template":"","format":"standard","meta":{"_acf_changed":false,"_monsterinsights_skip_tracking":false,"_monsterinsights_sitenote_active":false,"_monsterinsights_sitenote_note":"","_monsterinsights_sitenote_category":0,"ngg_post_thumbnail":0,"footnotes":""},"categories":[1],"tags":[],"class_list":["post-1484","post","type-post","status-publish","format-standard","hentry","category-non-classe"],"acf":[],"yoast_head":"<!-- This site is optimized with the Yoast SEO plugin v27.3 - https:\/\/yoast.com\/product\/yoast-seo-wordpress\/ -->\n<title>Quand Fleury se transforme en salon de coiffure !!! - La Gazette des Foyers de l&#039;APEI de Meudon<\/title>\n<meta name=\"robots\" content=\"index, follow, max-snippet:-1, max-image-preview:large, max-video-preview:-1\" \/>\n<link rel=\"canonical\" href=\"https:\/\/apeimeudon.fr\/Blog-APEI\/quand-fleury-se-transforme-en-salon-de-coiffure\/\" \/>\n<meta property=\"og:locale\" content=\"fr_FR\" \/>\n<meta property=\"og:type\" content=\"article\" \/>\n<meta property=\"og:title\" content=\"Quand Fleury se transforme en salon de coiffure !!! - La Gazette des Foyers de l&#039;APEI de Meudon\" \/>\n<meta property=\"og:description\" content=\"Avec Sylvie et Sophie la coiffure est toujours r\u00e9ussie !\" \/>\n<meta property=\"og:url\" content=\"https:\/\/apeimeudon.fr\/Blog-APEI\/quand-fleury-se-transforme-en-salon-de-coiffure\/\" \/>\n<meta property=\"og:site_name\" content=\"La Gazette des Foyers de l&#039;APEI de Meudon\" \/>\n<meta property=\"article:published_time\" content=\"2020-04-20T16:00:53+00:00\" \/>\n<meta property=\"article:modified_time\" content=\"2020-04-20T16:00:55+00:00\" \/>\n<meta property=\"og:image\" content=\"http:\/\/apeimeudon.fr\/Blog-APEI\/wp-content\/uploads\/2020\/04\/Jocelin.jpg\" \/>\n<meta name=\"author\" content=\"admin\" \/>\n<meta name=\"twitter:card\" content=\"summary_large_image\" \/>\n<meta name=\"twitter:label1\" content=\"\u00c9crit par\" \/>\n\t<meta name=\"twitter:data1\" content=\"admin\" \/>\n<script type=\"application\/ld+json\" class=\"yoast-schema-graph\">{\"@context\":\"https:\\\/\\\/schema.org\",\"@graph\":[{\"@type\":\"Article\",\"@id\":\"https:\\\/\\\/apeimeudon.fr\\\/Blog-APEI\\\/quand-fleury-se-transforme-en-salon-de-coiffure\\\/#article\",\"isPartOf\":{\"@id\":\"https:\\\/\\\/apeimeudon.fr\\\/Blog-APEI\\\/quand-fleury-se-transforme-en-salon-de-coiffure\\\/\"},\"author\":{\"name\":\"admin\",\"@id\":\"https:\\\/\\\/apeimeudon.fr\\\/Blog-APEI\\\/#\\\/schema\\\/person\\\/0036ae94e919b3b6d0a126605fb77ae3\"},\"headline\":\"Quand Fleury se transforme en salon de coiffure !!!\",\"datePublished\":\"2020-04-20T16:00:53+00:00\",\"dateModified\":\"2020-04-20T16:00:55+00:00\",\"mainEntityOfPage\":{\"@id\":\"https:\\\/\\\/apeimeudon.fr\\\/Blog-APEI\\\/quand-fleury-se-transforme-en-salon-de-coiffure\\\/\"},\"wordCount\":42,\"commentCount\":3,\"publisher\":{\"@id\":\"https:\\\/\\\/apeimeudon.fr\\\/Blog-APEI\\\/#organization\"},\"image\":{\"@id\":\"https:\\\/\\\/apeimeudon.fr\\\/Blog-APEI\\\/quand-fleury-se-transforme-en-salon-de-coiffure\\\/#primaryimage\"},\"thumbnailUrl\":\"http:\\\/\\\/apeimeudon.fr\\\/Blog-APEI\\\/wp-content\\\/uploads\\\/2020\\\/04\\\/Jocelin.jpg\",\"inLanguage\":\"fr-FR\",\"potentialAction\":[{\"@type\":\"CommentAction\",\"name\":\"Comment\",\"target\":[\"https:\\\/\\\/apeimeudon.fr\\\/Blog-APEI\\\/quand-fleury-se-transforme-en-salon-de-coiffure\\\/#respond\"]}]},{\"@type\":\"WebPage\",\"@id\":\"https:\\\/\\\/apeimeudon.fr\\\/Blog-APEI\\\/quand-fleury-se-transforme-en-salon-de-coiffure\\\/\",\"url\":\"https:\\\/\\\/apeimeudon.fr\\\/Blog-APEI\\\/quand-fleury-se-transforme-en-salon-de-coiffure\\\/\",\"name\":\"Quand Fleury se transforme en salon de coiffure !!! - La Gazette des Foyers de l&#039;APEI de Meudon\",\"isPartOf\":{\"@id\":\"https:\\\/\\\/apeimeudon.fr\\\/Blog-APEI\\\/#website\"},\"primaryImageOfPage\":{\"@id\":\"https:\\\/\\\/apeimeudon.fr\\\/Blog-APEI\\\/quand-fleury-se-transforme-en-salon-de-coiffure\\\/#primaryimage\"},\"image\":{\"@id\":\"https:\\\/\\\/apeimeudon.fr\\\/Blog-APEI\\\/quand-fleury-se-transforme-en-salon-de-coiffure\\\/#primaryimage\"},\"thumbnailUrl\":\"http:\\\/\\\/apeimeudon.fr\\\/Blog-APEI\\\/wp-content\\\/uploads\\\/2020\\\/04\\\/Jocelin.jpg\",\"datePublished\":\"2020-04-20T16:00:53+00:00\",\"dateModified\":\"2020-04-20T16:00:55+00:00\",\"breadcrumb\":{\"@id\":\"https:\\\/\\\/apeimeudon.fr\\\/Blog-APEI\\\/quand-fleury-se-transforme-en-salon-de-coiffure\\\/#breadcrumb\"},\"inLanguage\":\"fr-FR\",\"potentialAction\":[{\"@type\":\"ReadAction\",\"target\":[\"https:\\\/\\\/apeimeudon.fr\\\/Blog-APEI\\\/quand-fleury-se-transforme-en-salon-de-coiffure\\\/\"]}]},{\"@type\":\"ImageObject\",\"inLanguage\":\"fr-FR\",\"@id\":\"https:\\\/\\\/apeimeudon.fr\\\/Blog-APEI\\\/quand-fleury-se-transforme-en-salon-de-coiffure\\\/#primaryimage\",\"url\":\"https:\\\/\\\/apeimeudon.fr\\\/Blog-APEI\\\/wp-content\\\/uploads\\\/2020\\\/04\\\/Jocelin.jpg\",\"contentUrl\":\"https:\\\/\\\/apeimeudon.fr\\\/Blog-APEI\\\/wp-content\\\/uploads\\\/2020\\\/04\\\/Jocelin.jpg\",\"width\":579,\"height\":773},{\"@type\":\"BreadcrumbList\",\"@id\":\"https:\\\/\\\/apeimeudon.fr\\\/Blog-APEI\\\/quand-fleury-se-transforme-en-salon-de-coiffure\\\/#breadcrumb\",\"itemListElement\":[{\"@type\":\"ListItem\",\"position\":1,\"name\":\"Accueil\",\"item\":\"https:\\\/\\\/apeimeudon.fr\\\/Blog-APEI\\\/\"},{\"@type\":\"ListItem\",\"position\":2,\"name\":\"Quand Fleury se transforme en salon de coiffure !!!\"}]},{\"@type\":\"WebSite\",\"@id\":\"https:\\\/\\\/apeimeudon.fr\\\/Blog-APEI\\\/#website\",\"url\":\"https:\\\/\\\/apeimeudon.fr\\\/Blog-APEI\\\/\",\"name\":\"La Gazette des Foyers de l&#039;APEI de Meudon\",\"description\":\"Nos diff\u00e9rences loin de nous l\u00e9ser doivent nous enrichir -  Antoine de Saint-Exup\u00e9ry\",\"publisher\":{\"@id\":\"https:\\\/\\\/apeimeudon.fr\\\/Blog-APEI\\\/#organization\"},\"potentialAction\":[{\"@type\":\"SearchAction\",\"target\":{\"@type\":\"EntryPoint\",\"urlTemplate\":\"https:\\\/\\\/apeimeudon.fr\\\/Blog-APEI\\\/?s={search_term_string}\"},\"query-input\":{\"@type\":\"PropertyValueSpecification\",\"valueRequired\":true,\"valueName\":\"search_term_string\"}}],\"inLanguage\":\"fr-FR\"},{\"@type\":\"Organization\",\"@id\":\"https:\\\/\\\/apeimeudon.fr\\\/Blog-APEI\\\/#organization\",\"name\":\"APEI de Meudon\",\"url\":\"https:\\\/\\\/apeimeudon.fr\\\/Blog-APEI\\\/\",\"logo\":{\"@type\":\"ImageObject\",\"inLanguage\":\"fr-FR\",\"@id\":\"https:\\\/\\\/apeimeudon.fr\\\/Blog-APEI\\\/#\\\/schema\\\/logo\\\/image\\\/\",\"url\":\"https:\\\/\\\/apeimeudon.fr\\\/Blog-APEI\\\/wp-content\\\/uploads\\\/2017\\\/10\\\/Icone-APEI.png\",\"contentUrl\":\"https:\\\/\\\/apeimeudon.fr\\\/Blog-APEI\\\/wp-content\\\/uploads\\\/2017\\\/10\\\/Icone-APEI.png\",\"width\":128,\"height\":128,\"caption\":\"APEI de Meudon\"},\"image\":{\"@id\":\"https:\\\/\\\/apeimeudon.fr\\\/Blog-APEI\\\/#\\\/schema\\\/logo\\\/image\\\/\"}},{\"@type\":\"Person\",\"@id\":\"https:\\\/\\\/apeimeudon.fr\\\/Blog-APEI\\\/#\\\/schema\\\/person\\\/0036ae94e919b3b6d0a126605fb77ae3\",\"name\":\"admin\",\"image\":{\"@type\":\"ImageObject\",\"inLanguage\":\"fr-FR\",\"@id\":\"https:\\\/\\\/secure.gravatar.com\\\/avatar\\\/7126bead2c4dec8de61bb2e929eb8883a3bfc2d631934833b3e8d2ebc4a183a3?s=96&d=mm&r=g\",\"url\":\"https:\\\/\\\/secure.gravatar.com\\\/avatar\\\/7126bead2c4dec8de61bb2e929eb8883a3bfc2d631934833b3e8d2ebc4a183a3?s=96&d=mm&r=g\",\"contentUrl\":\"https:\\\/\\\/secure.gravatar.com\\\/avatar\\\/7126bead2c4dec8de61bb2e929eb8883a3bfc2d631934833b3e8d2ebc4a183a3?s=96&d=mm&r=g\",\"caption\":\"admin\"},\"url\":\"https:\\\/\\\/apeimeudon.fr\\\/Blog-APEI\\\/author\\\/admin\\\/\"}]}<\/script>\n<!-- \/ Yoast SEO plugin. -->","yoast_head_json":{"title":"Quand Fleury se transforme en salon de coiffure !!! - La Gazette des Foyers de l&#039;APEI de Meudon","robots":{"index":"index","follow":"follow","max-snippet":"max-snippet:-1","max-image-preview":"max-image-preview:large","max-video-preview":"max-video-preview:-1"},"canonical":"https:\/\/apeimeudon.fr\/Blog-APEI\/quand-fleury-se-transforme-en-salon-de-coiffure\/","og_locale":"fr_FR","og_type":"article","og_title":"Quand Fleury se transforme en salon de coiffure !!! - La Gazette des Foyers de l&#039;APEI de Meudon","og_description":"Avec Sylvie et Sophie la coiffure est toujours r\u00e9ussie !","og_url":"https:\/\/apeimeudon.fr\/Blog-APEI\/quand-fleury-se-transforme-en-salon-de-coiffure\/","og_site_name":"La Gazette des Foyers de l&#039;APEI de Meudon","article_published_time":"2020-04-20T16:00:53+00:00","article_modified_time":"2020-04-20T16:00:55+00:00","og_image":[{"url":"http:\/\/apeimeudon.fr\/Blog-APEI\/wp-content\/uploads\/2020\/04\/Jocelin.jpg","type":"","width":"","height":""}],"author":"admin","twitter_card":"summary_large_image","twitter_misc":{"\u00c9crit par":"admin"},"schema":{"@context":"https:\/\/schema.org","@graph":[{"@type":"Article","@id":"https:\/\/apeimeudon.fr\/Blog-APEI\/quand-fleury-se-transforme-en-salon-de-coiffure\/#article","isPartOf":{"@id":"https:\/\/apeimeudon.fr\/Blog-APEI\/quand-fleury-se-transforme-en-salon-de-coiffure\/"},"author":{"name":"admin","@id":"https:\/\/apeimeudon.fr\/Blog-APEI\/#\/schema\/person\/0036ae94e919b3b6d0a126605fb77ae3"},"headline":"Quand Fleury se transforme en salon de coiffure !!!","datePublished":"2020-04-20T16:00:53+00:00","dateModified":"2020-04-20T16:00:55+00:00","mainEntityOfPage":{"@id":"https:\/\/apeimeudon.fr\/Blog-APEI\/quand-fleury-se-transforme-en-salon-de-coiffure\/"},"wordCount":42,"commentCount":3,"publisher":{"@id":"https:\/\/apeimeudon.fr\/Blog-APEI\/#organization"},"image":{"@id":"https:\/\/apeimeudon.fr\/Blog-APEI\/quand-fleury-se-transforme-en-salon-de-coiffure\/#primaryimage"},"thumbnailUrl":"http:\/\/apeimeudon.fr\/Blog-APEI\/wp-content\/uploads\/2020\/04\/Jocelin.jpg","inLanguage":"fr-FR","potentialAction":[{"@type":"CommentAction","name":"Comment","target":["https:\/\/apeimeudon.fr\/Blog-APEI\/quand-fleury-se-transforme-en-salon-de-coiffure\/#respond"]}]},{"@type":"WebPage","@id":"https:\/\/apeimeudon.fr\/Blog-APEI\/quand-fleury-se-transforme-en-salon-de-coiffure\/","url":"https:\/\/apeimeudon.fr\/Blog-APEI\/quand-fleury-se-transforme-en-salon-de-coiffure\/","name":"Quand Fleury se transforme en salon de coiffure !!! - La Gazette des Foyers de l&#039;APEI de Meudon","isPartOf":{"@id":"https:\/\/apeimeudon.fr\/Blog-APEI\/#website"},"primaryImageOfPage":{"@id":"https:\/\/apeimeudon.fr\/Blog-APEI\/quand-fleury-se-transforme-en-salon-de-coiffure\/#primaryimage"},"image":{"@id":"https:\/\/apeimeudon.fr\/Blog-APEI\/quand-fleury-se-transforme-en-salon-de-coiffure\/#primaryimage"},"thumbnailUrl":"http:\/\/apeimeudon.fr\/Blog-APEI\/wp-content\/uploads\/2020\/04\/Jocelin.jpg","datePublished":"2020-04-20T16:00:53+00:00","dateModified":"2020-04-20T16:00:55+00:00","breadcrumb":{"@id":"https:\/\/apeimeudon.fr\/Blog-APEI\/quand-fleury-se-transforme-en-salon-de-coiffure\/#breadcrumb"},"inLanguage":"fr-FR","potentialAction":[{"@type":"ReadAction","target":["https:\/\/apeimeudon.fr\/Blog-APEI\/quand-fleury-se-transforme-en-salon-de-coiffure\/"]}]},{"@type":"ImageObject","inLanguage":"fr-FR","@id":"https:\/\/apeimeudon.fr\/Blog-APEI\/quand-fleury-se-transforme-en-salon-de-coiffure\/#primaryimage","url":"https:\/\/apeimeudon.fr\/Blog-APEI\/wp-content\/uploads\/2020\/04\/Jocelin.jpg","contentUrl":"https:\/\/apeimeudon.fr\/Blog-APEI\/wp-content\/uploads\/2020\/04\/Jocelin.jpg","width":579,"height":773},{"@type":"BreadcrumbList","@id":"https:\/\/apeimeudon.fr\/Blog-APEI\/quand-fleury-se-transforme-en-salon-de-coiffure\/#breadcrumb","itemListElement":[{"@type":"ListItem","position":1,"name":"Accueil","item":"https:\/\/apeimeudon.fr\/Blog-APEI\/"},{"@type":"ListItem","position":2,"name":"Quand Fleury se transforme en salon de coiffure !!!"}]},{"@type":"WebSite","@id":"https:\/\/apeimeudon.fr\/Blog-APEI\/#website","url":"https:\/\/apeimeudon.fr\/Blog-APEI\/","name":"La Gazette des Foyers de l&#039;APEI de Meudon","description":"Nos diff\u00e9rences loin de nous l\u00e9ser doivent nous enrichir -  Antoine de Saint-Exup\u00e9ry","publisher":{"@id":"https:\/\/apeimeudon.fr\/Blog-APEI\/#organization"},"potentialAction":[{"@type":"SearchAction","target":{"@type":"EntryPoint","urlTemplate":"https:\/\/apeimeudon.fr\/Blog-APEI\/?s={search_term_string}"},"query-input":{"@type":"PropertyValueSpecification","valueRequired":true,"valueName":"search_term_string"}}],"inLanguage":"fr-FR"},{"@type":"Organization","@id":"https:\/\/apeimeudon.fr\/Blog-APEI\/#organization","name":"APEI de Meudon","url":"https:\/\/apeimeudon.fr\/Blog-APEI\/","logo":{"@type":"ImageObject","inLanguage":"fr-FR","@id":"https:\/\/apeimeudon.fr\/Blog-APEI\/#\/schema\/logo\/image\/","url":"https:\/\/apeimeudon.fr\/Blog-APEI\/wp-content\/uploads\/2017\/10\/Icone-APEI.png","contentUrl":"https:\/\/apeimeudon.fr\/Blog-APEI\/wp-content\/uploads\/2017\/10\/Icone-APEI.png","width":128,"height":128,"caption":"APEI de Meudon"},"image":{"@id":"https:\/\/apeimeudon.fr\/Blog-APEI\/#\/schema\/logo\/image\/"}},{"@type":"Person","@id":"https:\/\/apeimeudon.fr\/Blog-APEI\/#\/schema\/person\/0036ae94e919b3b6d0a126605fb77ae3","name":"admin","image":{"@type":"ImageObject","inLanguage":"fr-FR","@id":"https:\/\/secure.gravatar.com\/avatar\/7126bead2c4dec8de61bb2e929eb8883a3bfc2d631934833b3e8d2ebc4a183a3?s=96&d=mm&r=g","url":"https:\/\/secure.gravatar.com\/avatar\/7126bead2c4dec8de61bb2e929eb8883a3bfc2d631934833b3e8d2ebc4a183a3?s=96&d=mm&r=g","contentUrl":"https:\/\/secure.gravatar.com\/avatar\/7126bead2c4dec8de61bb2e929eb8883a3bfc2d631934833b3e8d2ebc4a183a3?s=96&d=mm&r=g","caption":"admin"},"url":"https:\/\/apeimeudon.fr\/Blog-APEI\/author\/admin\/"}]}},"_links":{"self":[{"href":"https:\/\/apeimeudon.fr\/Blog-APEI\/wp-json\/wp\/v2\/posts\/1484","targetHints":{"allow":["GET"]}}],"collection":[{"href":"https:\/\/apeimeudon.fr\/Blog-APEI\/wp-json\/wp\/v2\/posts"}],"about":[{"href":"https:\/\/apeimeudon.fr\/Blog-APEI\/wp-json\/wp\/v2\/types\/post"}],"author":[{"embeddable":true,"href":"https:\/\/apeimeudon.fr\/Blog-APEI\/wp-json\/wp\/v2\/users\/1"}],"replies":[{"embeddable":true,"href":"https:\/\/apeimeudon.fr\/Blog-APEI\/wp-json\/wp\/v2\/comments?post=1484"}],"version-history":[{"count":2,"href":"https:\/\/apeimeudon.fr\/Blog-APEI\/wp-json\/wp\/v2\/posts\/1484\/revisions"}],"predecessor-version":[{"id":1486,"href":"https:\/\/apeimeudon.fr\/Blog-APEI\/wp-json\/wp\/v2\/posts\/1484\/revisions\/1486"}],"wp:attachment":[{"href":"https:\/\/apeimeudon.fr\/Blog-APEI\/wp-json\/wp\/v2\/media?parent=1484"}],"wp:term":[{"taxonomy":"category","embeddable":true,"href":"https:\/\/apeimeudon.fr\/Blog-APEI\/wp-json\/wp\/v2\/categories?post=1484"},{"taxonomy":"post_tag","embeddable":true,"href":"https:\/\/apeimeudon.fr\/Blog-APEI\/wp-json\/wp\/v2\/tags?post=1484"}],"curies":[{"name":"wp","href":"https:\/\/api.w.org\/{rel}","templated":true}]}}