{"id":1572,"date":"2020-04-24T12:04:07","date_gmt":"2020-04-24T10:04:07","guid":{"rendered":"http:\/\/apeimeudon.fr\/Blog-APEI\/?p=1572"},"modified":"2020-04-24T12:04:09","modified_gmt":"2020-04-24T10:04:09","slug":"confines-chez-nos-parents","status":"publish","type":"post","link":"https:\/\/apeimeudon.fr\/Blog-APEI\/confines-chez-nos-parents\/","title":{"rendered":"Confin\u00e9s chez nos parents &#8230;"},"content":{"rendered":"\n<p>Vous \u00eates confin\u00e9s avec vos familles et vous souhaitez continuer \u00e0 \u00eatre en lien avec les r\u00e9sidents rest\u00e9s dans les foyers, n&rsquo;h\u00e9sitez pas \u00e0 faire comme Antoine (r\u00e9sident \u00e0 Fleury) \u00e0 nous adresser vos dessins ou autres pour publication sur le site.<\/p>\n\n\n\n<!--more-->\n\n\n\n<p class=\"has-text-align-right\">Daniel Boeuf<\/p>\n\n\n\n<div class=\"wp-block-image\"><figure class=\"aligncenter size-large\"><img loading=\"lazy\" decoding=\"async\" width=\"1024\" height=\"724\" src=\"http:\/\/apeimeudon.fr\/Blog-APEI\/wp-content\/uploads\/2020\/04\/POUR-NOS-SOIGNANTS-DE-A.D-1024x724.jpg\" alt=\"\" class=\"wp-image-1570\" srcset=\"https:\/\/apeimeudon.fr\/Blog-APEI\/wp-content\/uploads\/2020\/04\/POUR-NOS-SOIGNANTS-DE-A.D-1024x724.jpg 1024w, https:\/\/apeimeudon.fr\/Blog-APEI\/wp-content\/uploads\/2020\/04\/POUR-NOS-SOIGNANTS-DE-A.D-300x212.jpg 300w, https:\/\/apeimeudon.fr\/Blog-APEI\/wp-content\/uploads\/2020\/04\/POUR-NOS-SOIGNANTS-DE-A.D-768x543.jpg 768w, https:\/\/apeimeudon.fr\/Blog-APEI\/wp-content\/uploads\/2020\/04\/POUR-NOS-SOIGNANTS-DE-A.D-1536x1087.jpg 1536w, https:\/\/apeimeudon.fr\/Blog-APEI\/wp-content\/uploads\/2020\/04\/POUR-NOS-SOIGNANTS-DE-A.D.jpg 1753w\" sizes=\"auto, (max-width: 1024px) 100vw, 1024px\" \/><figcaption>Dessin \u00ab\u00a0<strong><em>Pour nos soignants<\/em><\/strong>\u00a0\u00bb Antoine D. r\u00e9sident du Foyer FLEURY<\/figcaption><\/figure><\/div>\n\n\n\n<p><\/p>\n","protected":false},"excerpt":{"rendered":"<p>Vous \u00eates confin\u00e9s avec vos familles et vous souhaitez continuer \u00e0 \u00eatre en lien avec les r\u00e9sidents rest\u00e9s dans les foyers, n&rsquo;h\u00e9sitez pas \u00e0 faire comme Antoine (r\u00e9sident \u00e0 Fleury) \u00e0 nous adresser vos dessins ou autres pour publication sur le site.<\/p>\n","protected":false},"author":4,"featured_media":1571,"comment_status":"open","ping_status":"open","sticky":false,"template":"","format":"standard","meta":{"_acf_changed":false,"_monsterinsights_skip_tracking":false,"_monsterinsights_sitenote_active":false,"_monsterinsights_sitenote_note":"","_monsterinsights_sitenote_category":0,"ngg_post_thumbnail":0,"footnotes":""},"categories":[43,44,32],"tags":[],"class_list":["post-1572","post","type-post","status-publish","format-standard","has-post-thumbnail","hentry","category-confinement","category-coronavirus","category-foyer-fleury"],"acf":[],"yoast_head":"<!-- This site is optimized with the Yoast SEO plugin v27.3 - https:\/\/yoast.com\/product\/yoast-seo-wordpress\/ -->\n<title>Confin\u00e9s chez nos parents ... - La Gazette des Foyers de l&#039;APEI de Meudon<\/title>\n<meta name=\"robots\" content=\"index, follow, max-snippet:-1, max-image-preview:large, max-video-preview:-1\" \/>\n<link rel=\"canonical\" href=\"https:\/\/apeimeudon.fr\/Blog-APEI\/confines-chez-nos-parents\/\" \/>\n<meta property=\"og:locale\" content=\"fr_FR\" \/>\n<meta property=\"og:type\" content=\"article\" \/>\n<meta property=\"og:title\" content=\"Confin\u00e9s chez nos parents ... - La Gazette des Foyers de l&#039;APEI de Meudon\" \/>\n<meta property=\"og:description\" content=\"Vous \u00eates confin\u00e9s avec vos familles et vous souhaitez continuer \u00e0 \u00eatre en lien avec les r\u00e9sidents rest\u00e9s dans les foyers, n&rsquo;h\u00e9sitez pas \u00e0 faire comme Antoine (r\u00e9sident \u00e0 Fleury) \u00e0 nous adresser vos dessins ou autres pour publication sur le site.\" \/>\n<meta property=\"og:url\" content=\"https:\/\/apeimeudon.fr\/Blog-APEI\/confines-chez-nos-parents\/\" \/>\n<meta property=\"og:site_name\" content=\"La Gazette des Foyers de l&#039;APEI de Meudon\" \/>\n<meta property=\"article:published_time\" content=\"2020-04-24T10:04:07+00:00\" \/>\n<meta property=\"article:modified_time\" content=\"2020-04-24T10:04:09+00:00\" \/>\n<meta property=\"og:image\" content=\"https:\/\/apeimeudon.fr\/Blog-APEI\/wp-content\/uploads\/2020\/04\/Miniature-Confin\u00e9s-chez-nos-Parents.jpg\" \/>\n\t<meta property=\"og:image:width\" content=\"421\" \/>\n\t<meta property=\"og:image:height\" content=\"298\" \/>\n\t<meta property=\"og:image:type\" content=\"image\/jpeg\" \/>\n<meta name=\"author\" content=\"Daniel BOEUF\" \/>\n<meta name=\"twitter:card\" content=\"summary_large_image\" \/>\n<meta name=\"twitter:label1\" content=\"\u00c9crit par\" \/>\n\t<meta name=\"twitter:data1\" content=\"Daniel BOEUF\" \/>\n<script type=\"application\/ld+json\" class=\"yoast-schema-graph\">{\"@context\":\"https:\\\/\\\/schema.org\",\"@graph\":[{\"@type\":\"Article\",\"@id\":\"https:\\\/\\\/apeimeudon.fr\\\/Blog-APEI\\\/confines-chez-nos-parents\\\/#article\",\"isPartOf\":{\"@id\":\"https:\\\/\\\/apeimeudon.fr\\\/Blog-APEI\\\/confines-chez-nos-parents\\\/\"},\"author\":{\"name\":\"Daniel BOEUF\",\"@id\":\"https:\\\/\\\/apeimeudon.fr\\\/Blog-APEI\\\/#\\\/schema\\\/person\\\/24d23cf56d0444d151d6f9732444566c\"},\"headline\":\"Confin\u00e9s chez nos parents &#8230;\",\"datePublished\":\"2020-04-24T10:04:07+00:00\",\"dateModified\":\"2020-04-24T10:04:09+00:00\",\"mainEntityOfPage\":{\"@id\":\"https:\\\/\\\/apeimeudon.fr\\\/Blog-APEI\\\/confines-chez-nos-parents\\\/\"},\"wordCount\":61,\"commentCount\":3,\"publisher\":{\"@id\":\"https:\\\/\\\/apeimeudon.fr\\\/Blog-APEI\\\/#organization\"},\"image\":{\"@id\":\"https:\\\/\\\/apeimeudon.fr\\\/Blog-APEI\\\/confines-chez-nos-parents\\\/#primaryimage\"},\"thumbnailUrl\":\"https:\\\/\\\/apeimeudon.fr\\\/Blog-APEI\\\/wp-content\\\/uploads\\\/2020\\\/04\\\/Miniature-Confin\u00e9s-chez-nos-Parents.jpg\",\"articleSection\":[\"Confinement\",\"coronavirus\",\"Foyer Fleury\"],\"inLanguage\":\"fr-FR\",\"potentialAction\":[{\"@type\":\"CommentAction\",\"name\":\"Comment\",\"target\":[\"https:\\\/\\\/apeimeudon.fr\\\/Blog-APEI\\\/confines-chez-nos-parents\\\/#respond\"]}]},{\"@type\":\"WebPage\",\"@id\":\"https:\\\/\\\/apeimeudon.fr\\\/Blog-APEI\\\/confines-chez-nos-parents\\\/\",\"url\":\"https:\\\/\\\/apeimeudon.fr\\\/Blog-APEI\\\/confines-chez-nos-parents\\\/\",\"name\":\"Confin\u00e9s chez nos parents ... - La Gazette des Foyers de l&#039;APEI de Meudon\",\"isPartOf\":{\"@id\":\"https:\\\/\\\/apeimeudon.fr\\\/Blog-APEI\\\/#website\"},\"primaryImageOfPage\":{\"@id\":\"https:\\\/\\\/apeimeudon.fr\\\/Blog-APEI\\\/confines-chez-nos-parents\\\/#primaryimage\"},\"image\":{\"@id\":\"https:\\\/\\\/apeimeudon.fr\\\/Blog-APEI\\\/confines-chez-nos-parents\\\/#primaryimage\"},\"thumbnailUrl\":\"https:\\\/\\\/apeimeudon.fr\\\/Blog-APEI\\\/wp-content\\\/uploads\\\/2020\\\/04\\\/Miniature-Confin\u00e9s-chez-nos-Parents.jpg\",\"datePublished\":\"2020-04-24T10:04:07+00:00\",\"dateModified\":\"2020-04-24T10:04:09+00:00\",\"breadcrumb\":{\"@id\":\"https:\\\/\\\/apeimeudon.fr\\\/Blog-APEI\\\/confines-chez-nos-parents\\\/#breadcrumb\"},\"inLanguage\":\"fr-FR\",\"potentialAction\":[{\"@type\":\"ReadAction\",\"target\":[\"https:\\\/\\\/apeimeudon.fr\\\/Blog-APEI\\\/confines-chez-nos-parents\\\/\"]}]},{\"@type\":\"ImageObject\",\"inLanguage\":\"fr-FR\",\"@id\":\"https:\\\/\\\/apeimeudon.fr\\\/Blog-APEI\\\/confines-chez-nos-parents\\\/#primaryimage\",\"url\":\"https:\\\/\\\/apeimeudon.fr\\\/Blog-APEI\\\/wp-content\\\/uploads\\\/2020\\\/04\\\/Miniature-Confin\u00e9s-chez-nos-Parents.jpg\",\"contentUrl\":\"https:\\\/\\\/apeimeudon.fr\\\/Blog-APEI\\\/wp-content\\\/uploads\\\/2020\\\/04\\\/Miniature-Confin\u00e9s-chez-nos-Parents.jpg\",\"width\":421,\"height\":298},{\"@type\":\"BreadcrumbList\",\"@id\":\"https:\\\/\\\/apeimeudon.fr\\\/Blog-APEI\\\/confines-chez-nos-parents\\\/#breadcrumb\",\"itemListElement\":[{\"@type\":\"ListItem\",\"position\":1,\"name\":\"Accueil\",\"item\":\"https:\\\/\\\/apeimeudon.fr\\\/Blog-APEI\\\/\"},{\"@type\":\"ListItem\",\"position\":2,\"name\":\"Confin\u00e9s chez nos parents &#8230;\"}]},{\"@type\":\"WebSite\",\"@id\":\"https:\\\/\\\/apeimeudon.fr\\\/Blog-APEI\\\/#website\",\"url\":\"https:\\\/\\\/apeimeudon.fr\\\/Blog-APEI\\\/\",\"name\":\"La Gazette des Foyers de l&#039;APEI de Meudon\",\"description\":\"Nos diff\u00e9rences loin de nous l\u00e9ser doivent nous enrichir -  Antoine de Saint-Exup\u00e9ry\",\"publisher\":{\"@id\":\"https:\\\/\\\/apeimeudon.fr\\\/Blog-APEI\\\/#organization\"},\"potentialAction\":[{\"@type\":\"SearchAction\",\"target\":{\"@type\":\"EntryPoint\",\"urlTemplate\":\"https:\\\/\\\/apeimeudon.fr\\\/Blog-APEI\\\/?s={search_term_string}\"},\"query-input\":{\"@type\":\"PropertyValueSpecification\",\"valueRequired\":true,\"valueName\":\"search_term_string\"}}],\"inLanguage\":\"fr-FR\"},{\"@type\":\"Organization\",\"@id\":\"https:\\\/\\\/apeimeudon.fr\\\/Blog-APEI\\\/#organization\",\"name\":\"APEI de Meudon\",\"url\":\"https:\\\/\\\/apeimeudon.fr\\\/Blog-APEI\\\/\",\"logo\":{\"@type\":\"ImageObject\",\"inLanguage\":\"fr-FR\",\"@id\":\"https:\\\/\\\/apeimeudon.fr\\\/Blog-APEI\\\/#\\\/schema\\\/logo\\\/image\\\/\",\"url\":\"https:\\\/\\\/apeimeudon.fr\\\/Blog-APEI\\\/wp-content\\\/uploads\\\/2017\\\/10\\\/Icone-APEI.png\",\"contentUrl\":\"https:\\\/\\\/apeimeudon.fr\\\/Blog-APEI\\\/wp-content\\\/uploads\\\/2017\\\/10\\\/Icone-APEI.png\",\"width\":128,\"height\":128,\"caption\":\"APEI de Meudon\"},\"image\":{\"@id\":\"https:\\\/\\\/apeimeudon.fr\\\/Blog-APEI\\\/#\\\/schema\\\/logo\\\/image\\\/\"}},{\"@type\":\"Person\",\"@id\":\"https:\\\/\\\/apeimeudon.fr\\\/Blog-APEI\\\/#\\\/schema\\\/person\\\/24d23cf56d0444d151d6f9732444566c\",\"name\":\"Daniel BOEUF\",\"image\":{\"@type\":\"ImageObject\",\"inLanguage\":\"fr-FR\",\"@id\":\"https:\\\/\\\/secure.gravatar.com\\\/avatar\\\/bfae3a7561f31b7b4c7b7b16e52c247faebc47666f31ad7c2bfaa764c9673d7a?s=96&d=mm&r=g\",\"url\":\"https:\\\/\\\/secure.gravatar.com\\\/avatar\\\/bfae3a7561f31b7b4c7b7b16e52c247faebc47666f31ad7c2bfaa764c9673d7a?s=96&d=mm&r=g\",\"contentUrl\":\"https:\\\/\\\/secure.gravatar.com\\\/avatar\\\/bfae3a7561f31b7b4c7b7b16e52c247faebc47666f31ad7c2bfaa764c9673d7a?s=96&d=mm&r=g\",\"caption\":\"Daniel BOEUF\"},\"url\":\"https:\\\/\\\/apeimeudon.fr\\\/Blog-APEI\\\/author\\\/danboeuf\\\/\"}]}<\/script>\n<!-- \/ Yoast SEO plugin. -->","yoast_head_json":{"title":"Confin\u00e9s chez nos parents ... - La Gazette des Foyers de l&#039;APEI de Meudon","robots":{"index":"index","follow":"follow","max-snippet":"max-snippet:-1","max-image-preview":"max-image-preview:large","max-video-preview":"max-video-preview:-1"},"canonical":"https:\/\/apeimeudon.fr\/Blog-APEI\/confines-chez-nos-parents\/","og_locale":"fr_FR","og_type":"article","og_title":"Confin\u00e9s chez nos parents ... - La Gazette des Foyers de l&#039;APEI de Meudon","og_description":"Vous \u00eates confin\u00e9s avec vos familles et vous souhaitez continuer \u00e0 \u00eatre en lien avec les r\u00e9sidents rest\u00e9s dans les foyers, n&rsquo;h\u00e9sitez pas \u00e0 faire comme Antoine (r\u00e9sident \u00e0 Fleury) \u00e0 nous adresser vos dessins ou autres pour publication sur le site.","og_url":"https:\/\/apeimeudon.fr\/Blog-APEI\/confines-chez-nos-parents\/","og_site_name":"La Gazette des Foyers de l&#039;APEI de Meudon","article_published_time":"2020-04-24T10:04:07+00:00","article_modified_time":"2020-04-24T10:04:09+00:00","og_image":[{"width":421,"height":298,"url":"https:\/\/apeimeudon.fr\/Blog-APEI\/wp-content\/uploads\/2020\/04\/Miniature-Confin\u00e9s-chez-nos-Parents.jpg","type":"image\/jpeg"}],"author":"Daniel BOEUF","twitter_card":"summary_large_image","twitter_misc":{"\u00c9crit par":"Daniel BOEUF"},"schema":{"@context":"https:\/\/schema.org","@graph":[{"@type":"Article","@id":"https:\/\/apeimeudon.fr\/Blog-APEI\/confines-chez-nos-parents\/#article","isPartOf":{"@id":"https:\/\/apeimeudon.fr\/Blog-APEI\/confines-chez-nos-parents\/"},"author":{"name":"Daniel BOEUF","@id":"https:\/\/apeimeudon.fr\/Blog-APEI\/#\/schema\/person\/24d23cf56d0444d151d6f9732444566c"},"headline":"Confin\u00e9s chez nos parents &#8230;","datePublished":"2020-04-24T10:04:07+00:00","dateModified":"2020-04-24T10:04:09+00:00","mainEntityOfPage":{"@id":"https:\/\/apeimeudon.fr\/Blog-APEI\/confines-chez-nos-parents\/"},"wordCount":61,"commentCount":3,"publisher":{"@id":"https:\/\/apeimeudon.fr\/Blog-APEI\/#organization"},"image":{"@id":"https:\/\/apeimeudon.fr\/Blog-APEI\/confines-chez-nos-parents\/#primaryimage"},"thumbnailUrl":"https:\/\/apeimeudon.fr\/Blog-APEI\/wp-content\/uploads\/2020\/04\/Miniature-Confin\u00e9s-chez-nos-Parents.jpg","articleSection":["Confinement","coronavirus","Foyer Fleury"],"inLanguage":"fr-FR","potentialAction":[{"@type":"CommentAction","name":"Comment","target":["https:\/\/apeimeudon.fr\/Blog-APEI\/confines-chez-nos-parents\/#respond"]}]},{"@type":"WebPage","@id":"https:\/\/apeimeudon.fr\/Blog-APEI\/confines-chez-nos-parents\/","url":"https:\/\/apeimeudon.fr\/Blog-APEI\/confines-chez-nos-parents\/","name":"Confin\u00e9s chez nos parents ... - La Gazette des Foyers de l&#039;APEI de Meudon","isPartOf":{"@id":"https:\/\/apeimeudon.fr\/Blog-APEI\/#website"},"primaryImageOfPage":{"@id":"https:\/\/apeimeudon.fr\/Blog-APEI\/confines-chez-nos-parents\/#primaryimage"},"image":{"@id":"https:\/\/apeimeudon.fr\/Blog-APEI\/confines-chez-nos-parents\/#primaryimage"},"thumbnailUrl":"https:\/\/apeimeudon.fr\/Blog-APEI\/wp-content\/uploads\/2020\/04\/Miniature-Confin\u00e9s-chez-nos-Parents.jpg","datePublished":"2020-04-24T10:04:07+00:00","dateModified":"2020-04-24T10:04:09+00:00","breadcrumb":{"@id":"https:\/\/apeimeudon.fr\/Blog-APEI\/confines-chez-nos-parents\/#breadcrumb"},"inLanguage":"fr-FR","potentialAction":[{"@type":"ReadAction","target":["https:\/\/apeimeudon.fr\/Blog-APEI\/confines-chez-nos-parents\/"]}]},{"@type":"ImageObject","inLanguage":"fr-FR","@id":"https:\/\/apeimeudon.fr\/Blog-APEI\/confines-chez-nos-parents\/#primaryimage","url":"https:\/\/apeimeudon.fr\/Blog-APEI\/wp-content\/uploads\/2020\/04\/Miniature-Confin\u00e9s-chez-nos-Parents.jpg","contentUrl":"https:\/\/apeimeudon.fr\/Blog-APEI\/wp-content\/uploads\/2020\/04\/Miniature-Confin\u00e9s-chez-nos-Parents.jpg","width":421,"height":298},{"@type":"BreadcrumbList","@id":"https:\/\/apeimeudon.fr\/Blog-APEI\/confines-chez-nos-parents\/#breadcrumb","itemListElement":[{"@type":"ListItem","position":1,"name":"Accueil","item":"https:\/\/apeimeudon.fr\/Blog-APEI\/"},{"@type":"ListItem","position":2,"name":"Confin\u00e9s chez nos parents &#8230;"}]},{"@type":"WebSite","@id":"https:\/\/apeimeudon.fr\/Blog-APEI\/#website","url":"https:\/\/apeimeudon.fr\/Blog-APEI\/","name":"La Gazette des Foyers de l&#039;APEI de Meudon","description":"Nos diff\u00e9rences loin de nous l\u00e9ser doivent nous enrichir -  Antoine de Saint-Exup\u00e9ry","publisher":{"@id":"https:\/\/apeimeudon.fr\/Blog-APEI\/#organization"},"potentialAction":[{"@type":"SearchAction","target":{"@type":"EntryPoint","urlTemplate":"https:\/\/apeimeudon.fr\/Blog-APEI\/?s={search_term_string}"},"query-input":{"@type":"PropertyValueSpecification","valueRequired":true,"valueName":"search_term_string"}}],"inLanguage":"fr-FR"},{"@type":"Organization","@id":"https:\/\/apeimeudon.fr\/Blog-APEI\/#organization","name":"APEI de Meudon","url":"https:\/\/apeimeudon.fr\/Blog-APEI\/","logo":{"@type":"ImageObject","inLanguage":"fr-FR","@id":"https:\/\/apeimeudon.fr\/Blog-APEI\/#\/schema\/logo\/image\/","url":"https:\/\/apeimeudon.fr\/Blog-APEI\/wp-content\/uploads\/2017\/10\/Icone-APEI.png","contentUrl":"https:\/\/apeimeudon.fr\/Blog-APEI\/wp-content\/uploads\/2017\/10\/Icone-APEI.png","width":128,"height":128,"caption":"APEI de Meudon"},"image":{"@id":"https:\/\/apeimeudon.fr\/Blog-APEI\/#\/schema\/logo\/image\/"}},{"@type":"Person","@id":"https:\/\/apeimeudon.fr\/Blog-APEI\/#\/schema\/person\/24d23cf56d0444d151d6f9732444566c","name":"Daniel BOEUF","image":{"@type":"ImageObject","inLanguage":"fr-FR","@id":"https:\/\/secure.gravatar.com\/avatar\/bfae3a7561f31b7b4c7b7b16e52c247faebc47666f31ad7c2bfaa764c9673d7a?s=96&d=mm&r=g","url":"https:\/\/secure.gravatar.com\/avatar\/bfae3a7561f31b7b4c7b7b16e52c247faebc47666f31ad7c2bfaa764c9673d7a?s=96&d=mm&r=g","contentUrl":"https:\/\/secure.gravatar.com\/avatar\/bfae3a7561f31b7b4c7b7b16e52c247faebc47666f31ad7c2bfaa764c9673d7a?s=96&d=mm&r=g","caption":"Daniel BOEUF"},"url":"https:\/\/apeimeudon.fr\/Blog-APEI\/author\/danboeuf\/"}]}},"_links":{"self":[{"href":"https:\/\/apeimeudon.fr\/Blog-APEI\/wp-json\/wp\/v2\/posts\/1572","targetHints":{"allow":["GET"]}}],"collection":[{"href":"https:\/\/apeimeudon.fr\/Blog-APEI\/wp-json\/wp\/v2\/posts"}],"about":[{"href":"https:\/\/apeimeudon.fr\/Blog-APEI\/wp-json\/wp\/v2\/types\/post"}],"author":[{"embeddable":true,"href":"https:\/\/apeimeudon.fr\/Blog-APEI\/wp-json\/wp\/v2\/users\/4"}],"replies":[{"embeddable":true,"href":"https:\/\/apeimeudon.fr\/Blog-APEI\/wp-json\/wp\/v2\/comments?post=1572"}],"version-history":[{"count":1,"href":"https:\/\/apeimeudon.fr\/Blog-APEI\/wp-json\/wp\/v2\/posts\/1572\/revisions"}],"predecessor-version":[{"id":1573,"href":"https:\/\/apeimeudon.fr\/Blog-APEI\/wp-json\/wp\/v2\/posts\/1572\/revisions\/1573"}],"wp:featuredmedia":[{"embeddable":true,"href":"https:\/\/apeimeudon.fr\/Blog-APEI\/wp-json\/wp\/v2\/media\/1571"}],"wp:attachment":[{"href":"https:\/\/apeimeudon.fr\/Blog-APEI\/wp-json\/wp\/v2\/media?parent=1572"}],"wp:term":[{"taxonomy":"category","embeddable":true,"href":"https:\/\/apeimeudon.fr\/Blog-APEI\/wp-json\/wp\/v2\/categories?post=1572"},{"taxonomy":"post_tag","embeddable":true,"href":"https:\/\/apeimeudon.fr\/Blog-APEI\/wp-json\/wp\/v2\/tags?post=1572"}],"curies":[{"name":"wp","href":"https:\/\/api.w.org\/{rel}","templated":true}]}}