{"id":1637,"date":"2020-05-02T22:22:10","date_gmt":"2020-05-02T20:22:10","guid":{"rendered":"http:\/\/apeimeudon.fr\/Blog-APEI\/?p=1637"},"modified":"2020-05-02T22:22:12","modified_gmt":"2020-05-02T20:22:12","slug":"prevision-dorganisation-du-deconfinement-pour-les-foyers-lampes-fleury-hourdin","status":"publish","type":"post","link":"https:\/\/apeimeudon.fr\/Blog-APEI\/prevision-dorganisation-du-deconfinement-pour-les-foyers-lampes-fleury-hourdin\/","title":{"rendered":"Pr\u00e9vision d\u2019organisation du d\u00e9confinement pour les foyers Lampes-Fleury-Hourdin"},"content":{"rendered":"\n<p>Mardi dernier, le premier ministre a annonc\u00e9 le plan gouvernemental de <strong>d\u00e9confinement tr\u00e8s progressif<\/strong>. En fonction des \u00e9l\u00e9ments en notre possession, nous pr\u00e9parons \u00e0 notre niveau, et en lien avec les ESAT, le d\u00e9confinement progressif de nos foyers d\u2019h\u00e9bergement.<\/p>\n\n\n\n<!--more-->\n\n\n\n<p>Les principes qui nous guident sont&nbsp;:<\/p>\n\n\n\n<ul class=\"wp-block-list\"><li>la s\u00e9curit\u00e9 collective des r\u00e9sidents. Il est donc primordial de <strong>ne pas rapporter le COVID au sein de nos foyers<\/strong>. Pour l\u2019instant, les r\u00e9sidents \u00e9tant confin\u00e9s, la seule porte d\u2019entr\u00e9e du Covid est le va-et-vient des salari\u00e9s. Difficile de faire autrement, et ils sont particuli\u00e8rement responsables et attentifs pour ne pas, dans leur vie personnelle, se mettre en situation de risque.<\/li><li>Le caract\u00e8re tr\u00e8s n\u00e9faste pour nos r\u00e9sidents, qui ont besoin d\u2019\u00e9tayage et de rep\u00e8res, de leur proposer un chemin en zig-zag ou avec des retours en arri\u00e8re (re-confinement par exemple). Nous miserons donc plut\u00f4t sur la prudence&nbsp;: politique des petits pas.<\/li><li>La recherche de coh\u00e9rence des d\u00e9cisions dans diff\u00e9rents domaines (retour au travail \/ retour en famille par exemple).<\/li><\/ul>\n\n\n\n<p>Il nous semble que 3 crit\u00e8res doivent pr\u00e9sider \u00e0 la d\u00e9cision, qui restera prise individuellement pour chacun&nbsp;et d\u00e9pendra bien \u00e9videmment des d\u00e9cisions des autorit\u00e9s gouvernementales et de notre tutelle d\u00e9partementale (la couleur du d\u00e9partement \u00e9tant l\u2019\u00e9l\u00e9ment majeur) :<\/p>\n\n\n\n<ul class=\"wp-block-list\"><li>Le <strong>niveau de risque individuel li\u00e9 \u00e0 des pathologies<\/strong> particuli\u00e8res (comorbidit\u00e9s)&nbsp;: surpoids, probl\u00e8mes cardiaques, hypertension art\u00e9rielle\u2026 Ce point doit \u00eatre d\u00e9cid\u00e9 par le m\u00e9decin traitant (parfois par le sp\u00e9cialiste) \u00e0 qui il faudra demander un avis. Nous sommes parfaitement en phase avec les ESAT de l\u2019UNAPEI 92.<\/li><li><strong>L\u2019absence de recours aux transports en commun<\/strong>&nbsp;: les transports en commun nous semblent un lieu de prise de risque non contr\u00f4l\u00e9.<\/li><li><strong>La capacit\u00e9 <\/strong>de chaque r\u00e9sident <strong>\u00e0 appliquer les gestes barri\u00e8res<\/strong> et en comprendre la n\u00e9cessit\u00e9&nbsp;: inutile de se laver les mains au gel hydroalcoolique, si on se fait la bise en arrivant \u00e0 l\u2019ESAT. Un travail est d\u2019ores et d\u00e9j\u00e0 fait au sein des foyers, mais avec une efficacit\u00e9 qu\u2019il faut encore v\u00e9rifier sans sollicitation permanente, et il faudra acclimater les r\u00e9sidents au port du masque\u2026<\/li><\/ul>\n\n\n\n<p>Nous soutenons donc la proposition de l\u2019UNAPEI 92 de regrouper \u00e0 Lawson tous les travailleurs de l\u2019UNAPEI 92 h\u00e9berg\u00e9s \u00e0 Fleury, et d\u2019accueillir \u00e0 Wendling tous les travailleurs de l\u2019UNAPAEI 92 h\u00e9berg\u00e9s aux Lampes : on supprime le recours aux transports en commun. De m\u00eame, nous soutenons la proposition de l\u2019UNAPEI 92 de ne faire reprendre le travail qu\u2019aux travailleurs ne pr\u00e9sentant pas de probl\u00e8me de sant\u00e9 chronique, la d\u00e9cision revenant au m\u00e9decin traitant (\u00e9ventuellement le sp\u00e9cialiste suivant une pathologie particuli\u00e8re), ou \u00e0 d\u00e9faut le m\u00e9decin du travail (l\u2019UNAPEI 92 est en lien \u00e9troit avec lui). Pour les autres structures d\u2019accueil de jour (autres ESAT et CITL), nous nous mettrons en contact avec eux, pour, sur une logique similaire, \u00e9tudier le retour au travail en journ\u00e9e. Nous serons tr\u00e8s attentifs \u00e0 la capacit\u00e9 du lieu d\u2019accueil de jour \u00e0 mettre en \u0153uvre distanciation et mesures barri\u00e8res.<\/p>\n\n\n\n<p>Si la reprise du travail depuis le domicile des parents impose des transports en commun, le retour au foyer est \u00e0 privil\u00e9gier. A l\u2019inverse, pour maintenir la coh\u00e9rence du confinement, s\u2019il n\u2019y a pas recours aux transports en commun entre le domicile familial et l\u2019ESAT, un maintien \u00e0 domicile est pr\u00e9f\u00e9rable.<\/p>\n\n\n\n<p>Par souci de coh\u00e9rence, \u00e0 partir du moment o\u00f9 les retours des confin\u00e9s familiaux sont engag\u00e9s, les retours en famille doivent \u00eatre possibles. Ils doivent n\u00e9anmoins se faire sans recours aux transports en commun, et sous r\u00e9serve que la famille s\u2019engage \u00e0 respecter certaines r\u00e8gles non impos\u00e9es par le gouvernement, mais bien par la responsabilit\u00e9 vis-\u00e0-vis du reste du groupe&nbsp;: port du masque \u00e0 l\u2019ext\u00e9rieur en cas de sortie (=&gt; entretien dudit masque), limitation des sorties, application des mesures d\u2019hygi\u00e8ne des mains, etc\u2026 Comme pour les visites au foyer, pour lesquelles l\u2019ARS a pr\u00e9vu un engagement \u00e9crit, nous recourrons \u00e0 un tel dispositif pour sensibiliser \u00e0 cette responsabilit\u00e9 collective.<\/p>\n\n\n\n<p>Les retours au foyer de r\u00e9sidents non concern\u00e9s par la reprise du travail est possible. Ils doivent n\u00e9anmoins \u00eatre \u00e9tudi\u00e9s au cas par cas, le foyer constituant tr\u00e8s probablement par son d\u00e9confinement m\u00eame, un lieu de risque accru par rapport au domicile familial.<\/p>\n\n\n\n<p>Le choix d\u2019accueillir son enfant en WE ou en s\u00e9jour, alors qu\u2019on est soi-m\u00eame personne \u00e0 risque (\u00e2ge, pathologie particuli\u00e8re, \u2026) rel\u00e8ve de la responsabilit\u00e9 du parent, pas de l\u2019association ou du foyer.<\/p>\n\n\n\n<p>En fonction de l\u2019\u00e9volution de la situation et des instructions des autorit\u00e9s, nous vous tiendrons inform\u00e9s des d\u00e9cisions ult\u00e9rieures.<\/p>\n\n\n\n<p>Nous savons que nous pouvons compter sur vous tous pour appliquer le d\u00e9confinement dans les meilleures conditions\u00a0; soyez assur\u00e9s que vous pouvez compter sur l\u2019association et l\u2019ensemble des professionnels.<\/p>\n\n\n\n<figure class=\"wp-block-table is-style-stripes\"><table><tbody><tr><td>Fr\u00e9d\u00e9rik GORCY<br>Pr\u00e9sident de l&rsquo;APEI<\/td><td class=\"has-text-align-right\" data-align=\"right\">Fr\u00e9deric LAPLANE<br>Directeur des foyers de l\u2019APEI<\/td><\/tr><tr><td><\/td><td class=\"has-text-align-right\" data-align=\"right\"><\/td><\/tr><\/tbody><\/table><\/figure>\n\n\n\n<div class=\"wp-block-image\"><figure class=\"aligncenter size-large is-resized\"><a href=\"http:\/\/apeimeudon.fr\/Blog-APEI\/wp-content\/uploads\/2020\/05\/Note-d\u00e9confinement-foyers-Lampes-Fleury-Hourdin.pdf\" target=\"_blank\" rel=\"noopener noreferrer\"><img loading=\"lazy\" decoding=\"async\" src=\"http:\/\/apeimeudon.fr\/Blog-APEI\/wp-content\/uploads\/2020\/05\/adobe-pdf-logo.png\" alt=\"\" class=\"wp-image-1645\" width=\"143\" height=\"143\" srcset=\"https:\/\/apeimeudon.fr\/Blog-APEI\/wp-content\/uploads\/2020\/05\/adobe-pdf-logo.png 300w, https:\/\/apeimeudon.fr\/Blog-APEI\/wp-content\/uploads\/2020\/05\/adobe-pdf-logo-150x150.png 150w\" sizes=\"auto, (max-width: 143px) 100vw, 143px\" \/><\/a><\/figure><\/div>\n\n\n\n<p class=\"has-text-align-center\"><em>Vous pouvez t\u00e9l\u00e9charger cet article en cliquant sur le logo<\/em><\/p>\n","protected":false},"excerpt":{"rendered":"<p>Mardi dernier, le premier ministre a annonc\u00e9 le plan gouvernemental de d\u00e9confinement tr\u00e8s progressif. En fonction des \u00e9l\u00e9ments en notre possession, nous pr\u00e9parons \u00e0 notre niveau, et en lien avec les ESAT, le d\u00e9confinement progressif de nos foyers d\u2019h\u00e9bergement.<\/p>\n","protected":false},"author":4,"featured_media":1639,"comment_status":"open","ping_status":"open","sticky":false,"template":"","format":"standard","meta":{"_acf_changed":false,"_monsterinsights_skip_tracking":false,"_monsterinsights_sitenote_active":false,"_monsterinsights_sitenote_note":"","_monsterinsights_sitenote_category":0,"ngg_post_thumbnail":0,"footnotes":""},"categories":[43,44],"tags":[],"class_list":["post-1637","post","type-post","status-publish","format-standard","has-post-thumbnail","hentry","category-confinement","category-coronavirus"],"acf":[],"yoast_head":"<!-- This site is optimized with the Yoast SEO plugin v27.3 - https:\/\/yoast.com\/product\/yoast-seo-wordpress\/ -->\n<title>Pr\u00e9vision d\u2019organisation du d\u00e9confinement pour les foyers Lampes-Fleury-Hourdin - La Gazette des Foyers de l&#039;APEI de Meudon<\/title>\n<meta name=\"robots\" content=\"index, follow, max-snippet:-1, max-image-preview:large, max-video-preview:-1\" \/>\n<link rel=\"canonical\" href=\"https:\/\/apeimeudon.fr\/Blog-APEI\/prevision-dorganisation-du-deconfinement-pour-les-foyers-lampes-fleury-hourdin\/\" \/>\n<meta property=\"og:locale\" content=\"fr_FR\" \/>\n<meta property=\"og:type\" content=\"article\" \/>\n<meta property=\"og:title\" content=\"Pr\u00e9vision d\u2019organisation du d\u00e9confinement pour les foyers Lampes-Fleury-Hourdin - La Gazette des Foyers de l&#039;APEI de Meudon\" \/>\n<meta property=\"og:description\" content=\"Mardi dernier, le premier ministre a annonc\u00e9 le plan gouvernemental de d\u00e9confinement tr\u00e8s progressif. En fonction des \u00e9l\u00e9ments en notre possession, nous pr\u00e9parons \u00e0 notre niveau, et en lien avec les ESAT, le d\u00e9confinement progressif de nos foyers d\u2019h\u00e9bergement.\" \/>\n<meta property=\"og:url\" content=\"https:\/\/apeimeudon.fr\/Blog-APEI\/prevision-dorganisation-du-deconfinement-pour-les-foyers-lampes-fleury-hourdin\/\" \/>\n<meta property=\"og:site_name\" content=\"La Gazette des Foyers de l&#039;APEI de Meudon\" \/>\n<meta property=\"article:published_time\" content=\"2020-05-02T20:22:10+00:00\" \/>\n<meta property=\"article:modified_time\" content=\"2020-05-02T20:22:12+00:00\" \/>\n<meta property=\"og:image\" content=\"https:\/\/apeimeudon.fr\/Blog-APEI\/wp-content\/uploads\/2020\/05\/Miniature-d\u00e9confinement.jpg\" \/>\n\t<meta property=\"og:image:width\" content=\"425\" \/>\n\t<meta property=\"og:image:height\" content=\"300\" \/>\n\t<meta property=\"og:image:type\" content=\"image\/jpeg\" \/>\n<meta name=\"author\" content=\"Daniel BOEUF\" \/>\n<meta name=\"twitter:card\" content=\"summary_large_image\" \/>\n<meta name=\"twitter:label1\" content=\"\u00c9crit par\" \/>\n\t<meta name=\"twitter:data1\" content=\"Daniel BOEUF\" \/>\n\t<meta name=\"twitter:label2\" content=\"Dur\u00e9e de lecture estim\u00e9e\" \/>\n\t<meta name=\"twitter:data2\" content=\"4 minutes\" \/>\n<script type=\"application\/ld+json\" class=\"yoast-schema-graph\">{\"@context\":\"https:\\\/\\\/schema.org\",\"@graph\":[{\"@type\":\"Article\",\"@id\":\"https:\\\/\\\/apeimeudon.fr\\\/Blog-APEI\\\/prevision-dorganisation-du-deconfinement-pour-les-foyers-lampes-fleury-hourdin\\\/#article\",\"isPartOf\":{\"@id\":\"https:\\\/\\\/apeimeudon.fr\\\/Blog-APEI\\\/prevision-dorganisation-du-deconfinement-pour-les-foyers-lampes-fleury-hourdin\\\/\"},\"author\":{\"name\":\"Daniel BOEUF\",\"@id\":\"https:\\\/\\\/apeimeudon.fr\\\/Blog-APEI\\\/#\\\/schema\\\/person\\\/24d23cf56d0444d151d6f9732444566c\"},\"headline\":\"Pr\u00e9vision d\u2019organisation du d\u00e9confinement pour les foyers Lampes-Fleury-Hourdin\",\"datePublished\":\"2020-05-02T20:22:10+00:00\",\"dateModified\":\"2020-05-02T20:22:12+00:00\",\"mainEntityOfPage\":{\"@id\":\"https:\\\/\\\/apeimeudon.fr\\\/Blog-APEI\\\/prevision-dorganisation-du-deconfinement-pour-les-foyers-lampes-fleury-hourdin\\\/\"},\"wordCount\":909,\"commentCount\":0,\"publisher\":{\"@id\":\"https:\\\/\\\/apeimeudon.fr\\\/Blog-APEI\\\/#organization\"},\"image\":{\"@id\":\"https:\\\/\\\/apeimeudon.fr\\\/Blog-APEI\\\/prevision-dorganisation-du-deconfinement-pour-les-foyers-lampes-fleury-hourdin\\\/#primaryimage\"},\"thumbnailUrl\":\"https:\\\/\\\/apeimeudon.fr\\\/Blog-APEI\\\/wp-content\\\/uploads\\\/2020\\\/05\\\/Miniature-d\u00e9confinement.jpg\",\"articleSection\":[\"Confinement\",\"coronavirus\"],\"inLanguage\":\"fr-FR\",\"potentialAction\":[{\"@type\":\"CommentAction\",\"name\":\"Comment\",\"target\":[\"https:\\\/\\\/apeimeudon.fr\\\/Blog-APEI\\\/prevision-dorganisation-du-deconfinement-pour-les-foyers-lampes-fleury-hourdin\\\/#respond\"]}]},{\"@type\":\"WebPage\",\"@id\":\"https:\\\/\\\/apeimeudon.fr\\\/Blog-APEI\\\/prevision-dorganisation-du-deconfinement-pour-les-foyers-lampes-fleury-hourdin\\\/\",\"url\":\"https:\\\/\\\/apeimeudon.fr\\\/Blog-APEI\\\/prevision-dorganisation-du-deconfinement-pour-les-foyers-lampes-fleury-hourdin\\\/\",\"name\":\"Pr\u00e9vision d\u2019organisation du d\u00e9confinement pour les foyers Lampes-Fleury-Hourdin - La Gazette des Foyers de l&#039;APEI de Meudon\",\"isPartOf\":{\"@id\":\"https:\\\/\\\/apeimeudon.fr\\\/Blog-APEI\\\/#website\"},\"primaryImageOfPage\":{\"@id\":\"https:\\\/\\\/apeimeudon.fr\\\/Blog-APEI\\\/prevision-dorganisation-du-deconfinement-pour-les-foyers-lampes-fleury-hourdin\\\/#primaryimage\"},\"image\":{\"@id\":\"https:\\\/\\\/apeimeudon.fr\\\/Blog-APEI\\\/prevision-dorganisation-du-deconfinement-pour-les-foyers-lampes-fleury-hourdin\\\/#primaryimage\"},\"thumbnailUrl\":\"https:\\\/\\\/apeimeudon.fr\\\/Blog-APEI\\\/wp-content\\\/uploads\\\/2020\\\/05\\\/Miniature-d\u00e9confinement.jpg\",\"datePublished\":\"2020-05-02T20:22:10+00:00\",\"dateModified\":\"2020-05-02T20:22:12+00:00\",\"breadcrumb\":{\"@id\":\"https:\\\/\\\/apeimeudon.fr\\\/Blog-APEI\\\/prevision-dorganisation-du-deconfinement-pour-les-foyers-lampes-fleury-hourdin\\\/#breadcrumb\"},\"inLanguage\":\"fr-FR\",\"potentialAction\":[{\"@type\":\"ReadAction\",\"target\":[\"https:\\\/\\\/apeimeudon.fr\\\/Blog-APEI\\\/prevision-dorganisation-du-deconfinement-pour-les-foyers-lampes-fleury-hourdin\\\/\"]}]},{\"@type\":\"ImageObject\",\"inLanguage\":\"fr-FR\",\"@id\":\"https:\\\/\\\/apeimeudon.fr\\\/Blog-APEI\\\/prevision-dorganisation-du-deconfinement-pour-les-foyers-lampes-fleury-hourdin\\\/#primaryimage\",\"url\":\"https:\\\/\\\/apeimeudon.fr\\\/Blog-APEI\\\/wp-content\\\/uploads\\\/2020\\\/05\\\/Miniature-d\u00e9confinement.jpg\",\"contentUrl\":\"https:\\\/\\\/apeimeudon.fr\\\/Blog-APEI\\\/wp-content\\\/uploads\\\/2020\\\/05\\\/Miniature-d\u00e9confinement.jpg\",\"width\":425,\"height\":300},{\"@type\":\"BreadcrumbList\",\"@id\":\"https:\\\/\\\/apeimeudon.fr\\\/Blog-APEI\\\/prevision-dorganisation-du-deconfinement-pour-les-foyers-lampes-fleury-hourdin\\\/#breadcrumb\",\"itemListElement\":[{\"@type\":\"ListItem\",\"position\":1,\"name\":\"Accueil\",\"item\":\"https:\\\/\\\/apeimeudon.fr\\\/Blog-APEI\\\/\"},{\"@type\":\"ListItem\",\"position\":2,\"name\":\"Pr\u00e9vision d\u2019organisation du d\u00e9confinement pour les foyers Lampes-Fleury-Hourdin\"}]},{\"@type\":\"WebSite\",\"@id\":\"https:\\\/\\\/apeimeudon.fr\\\/Blog-APEI\\\/#website\",\"url\":\"https:\\\/\\\/apeimeudon.fr\\\/Blog-APEI\\\/\",\"name\":\"La Gazette des Foyers de l&#039;APEI de Meudon\",\"description\":\"Nos diff\u00e9rences loin de nous l\u00e9ser doivent nous enrichir -  Antoine de Saint-Exup\u00e9ry\",\"publisher\":{\"@id\":\"https:\\\/\\\/apeimeudon.fr\\\/Blog-APEI\\\/#organization\"},\"potentialAction\":[{\"@type\":\"SearchAction\",\"target\":{\"@type\":\"EntryPoint\",\"urlTemplate\":\"https:\\\/\\\/apeimeudon.fr\\\/Blog-APEI\\\/?s={search_term_string}\"},\"query-input\":{\"@type\":\"PropertyValueSpecification\",\"valueRequired\":true,\"valueName\":\"search_term_string\"}}],\"inLanguage\":\"fr-FR\"},{\"@type\":\"Organization\",\"@id\":\"https:\\\/\\\/apeimeudon.fr\\\/Blog-APEI\\\/#organization\",\"name\":\"APEI de Meudon\",\"url\":\"https:\\\/\\\/apeimeudon.fr\\\/Blog-APEI\\\/\",\"logo\":{\"@type\":\"ImageObject\",\"inLanguage\":\"fr-FR\",\"@id\":\"https:\\\/\\\/apeimeudon.fr\\\/Blog-APEI\\\/#\\\/schema\\\/logo\\\/image\\\/\",\"url\":\"https:\\\/\\\/apeimeudon.fr\\\/Blog-APEI\\\/wp-content\\\/uploads\\\/2017\\\/10\\\/Icone-APEI.png\",\"contentUrl\":\"https:\\\/\\\/apeimeudon.fr\\\/Blog-APEI\\\/wp-content\\\/uploads\\\/2017\\\/10\\\/Icone-APEI.png\",\"width\":128,\"height\":128,\"caption\":\"APEI de Meudon\"},\"image\":{\"@id\":\"https:\\\/\\\/apeimeudon.fr\\\/Blog-APEI\\\/#\\\/schema\\\/logo\\\/image\\\/\"}},{\"@type\":\"Person\",\"@id\":\"https:\\\/\\\/apeimeudon.fr\\\/Blog-APEI\\\/#\\\/schema\\\/person\\\/24d23cf56d0444d151d6f9732444566c\",\"name\":\"Daniel BOEUF\",\"image\":{\"@type\":\"ImageObject\",\"inLanguage\":\"fr-FR\",\"@id\":\"https:\\\/\\\/secure.gravatar.com\\\/avatar\\\/bfae3a7561f31b7b4c7b7b16e52c247faebc47666f31ad7c2bfaa764c9673d7a?s=96&d=mm&r=g\",\"url\":\"https:\\\/\\\/secure.gravatar.com\\\/avatar\\\/bfae3a7561f31b7b4c7b7b16e52c247faebc47666f31ad7c2bfaa764c9673d7a?s=96&d=mm&r=g\",\"contentUrl\":\"https:\\\/\\\/secure.gravatar.com\\\/avatar\\\/bfae3a7561f31b7b4c7b7b16e52c247faebc47666f31ad7c2bfaa764c9673d7a?s=96&d=mm&r=g\",\"caption\":\"Daniel BOEUF\"},\"url\":\"https:\\\/\\\/apeimeudon.fr\\\/Blog-APEI\\\/author\\\/danboeuf\\\/\"}]}<\/script>\n<!-- \/ Yoast SEO plugin. -->","yoast_head_json":{"title":"Pr\u00e9vision d\u2019organisation du d\u00e9confinement pour les foyers Lampes-Fleury-Hourdin - La Gazette des Foyers de l&#039;APEI de Meudon","robots":{"index":"index","follow":"follow","max-snippet":"max-snippet:-1","max-image-preview":"max-image-preview:large","max-video-preview":"max-video-preview:-1"},"canonical":"https:\/\/apeimeudon.fr\/Blog-APEI\/prevision-dorganisation-du-deconfinement-pour-les-foyers-lampes-fleury-hourdin\/","og_locale":"fr_FR","og_type":"article","og_title":"Pr\u00e9vision d\u2019organisation du d\u00e9confinement pour les foyers Lampes-Fleury-Hourdin - La Gazette des Foyers de l&#039;APEI de Meudon","og_description":"Mardi dernier, le premier ministre a annonc\u00e9 le plan gouvernemental de d\u00e9confinement tr\u00e8s progressif. En fonction des \u00e9l\u00e9ments en notre possession, nous pr\u00e9parons \u00e0 notre niveau, et en lien avec les ESAT, le d\u00e9confinement progressif de nos foyers d\u2019h\u00e9bergement.","og_url":"https:\/\/apeimeudon.fr\/Blog-APEI\/prevision-dorganisation-du-deconfinement-pour-les-foyers-lampes-fleury-hourdin\/","og_site_name":"La Gazette des Foyers de l&#039;APEI de Meudon","article_published_time":"2020-05-02T20:22:10+00:00","article_modified_time":"2020-05-02T20:22:12+00:00","og_image":[{"width":425,"height":300,"url":"https:\/\/apeimeudon.fr\/Blog-APEI\/wp-content\/uploads\/2020\/05\/Miniature-d\u00e9confinement.jpg","type":"image\/jpeg"}],"author":"Daniel BOEUF","twitter_card":"summary_large_image","twitter_misc":{"\u00c9crit par":"Daniel BOEUF","Dur\u00e9e de lecture estim\u00e9e":"4 minutes"},"schema":{"@context":"https:\/\/schema.org","@graph":[{"@type":"Article","@id":"https:\/\/apeimeudon.fr\/Blog-APEI\/prevision-dorganisation-du-deconfinement-pour-les-foyers-lampes-fleury-hourdin\/#article","isPartOf":{"@id":"https:\/\/apeimeudon.fr\/Blog-APEI\/prevision-dorganisation-du-deconfinement-pour-les-foyers-lampes-fleury-hourdin\/"},"author":{"name":"Daniel BOEUF","@id":"https:\/\/apeimeudon.fr\/Blog-APEI\/#\/schema\/person\/24d23cf56d0444d151d6f9732444566c"},"headline":"Pr\u00e9vision d\u2019organisation du d\u00e9confinement pour les foyers Lampes-Fleury-Hourdin","datePublished":"2020-05-02T20:22:10+00:00","dateModified":"2020-05-02T20:22:12+00:00","mainEntityOfPage":{"@id":"https:\/\/apeimeudon.fr\/Blog-APEI\/prevision-dorganisation-du-deconfinement-pour-les-foyers-lampes-fleury-hourdin\/"},"wordCount":909,"commentCount":0,"publisher":{"@id":"https:\/\/apeimeudon.fr\/Blog-APEI\/#organization"},"image":{"@id":"https:\/\/apeimeudon.fr\/Blog-APEI\/prevision-dorganisation-du-deconfinement-pour-les-foyers-lampes-fleury-hourdin\/#primaryimage"},"thumbnailUrl":"https:\/\/apeimeudon.fr\/Blog-APEI\/wp-content\/uploads\/2020\/05\/Miniature-d\u00e9confinement.jpg","articleSection":["Confinement","coronavirus"],"inLanguage":"fr-FR","potentialAction":[{"@type":"CommentAction","name":"Comment","target":["https:\/\/apeimeudon.fr\/Blog-APEI\/prevision-dorganisation-du-deconfinement-pour-les-foyers-lampes-fleury-hourdin\/#respond"]}]},{"@type":"WebPage","@id":"https:\/\/apeimeudon.fr\/Blog-APEI\/prevision-dorganisation-du-deconfinement-pour-les-foyers-lampes-fleury-hourdin\/","url":"https:\/\/apeimeudon.fr\/Blog-APEI\/prevision-dorganisation-du-deconfinement-pour-les-foyers-lampes-fleury-hourdin\/","name":"Pr\u00e9vision d\u2019organisation du d\u00e9confinement pour les foyers Lampes-Fleury-Hourdin - La Gazette des Foyers de l&#039;APEI de Meudon","isPartOf":{"@id":"https:\/\/apeimeudon.fr\/Blog-APEI\/#website"},"primaryImageOfPage":{"@id":"https:\/\/apeimeudon.fr\/Blog-APEI\/prevision-dorganisation-du-deconfinement-pour-les-foyers-lampes-fleury-hourdin\/#primaryimage"},"image":{"@id":"https:\/\/apeimeudon.fr\/Blog-APEI\/prevision-dorganisation-du-deconfinement-pour-les-foyers-lampes-fleury-hourdin\/#primaryimage"},"thumbnailUrl":"https:\/\/apeimeudon.fr\/Blog-APEI\/wp-content\/uploads\/2020\/05\/Miniature-d\u00e9confinement.jpg","datePublished":"2020-05-02T20:22:10+00:00","dateModified":"2020-05-02T20:22:12+00:00","breadcrumb":{"@id":"https:\/\/apeimeudon.fr\/Blog-APEI\/prevision-dorganisation-du-deconfinement-pour-les-foyers-lampes-fleury-hourdin\/#breadcrumb"},"inLanguage":"fr-FR","potentialAction":[{"@type":"ReadAction","target":["https:\/\/apeimeudon.fr\/Blog-APEI\/prevision-dorganisation-du-deconfinement-pour-les-foyers-lampes-fleury-hourdin\/"]}]},{"@type":"ImageObject","inLanguage":"fr-FR","@id":"https:\/\/apeimeudon.fr\/Blog-APEI\/prevision-dorganisation-du-deconfinement-pour-les-foyers-lampes-fleury-hourdin\/#primaryimage","url":"https:\/\/apeimeudon.fr\/Blog-APEI\/wp-content\/uploads\/2020\/05\/Miniature-d\u00e9confinement.jpg","contentUrl":"https:\/\/apeimeudon.fr\/Blog-APEI\/wp-content\/uploads\/2020\/05\/Miniature-d\u00e9confinement.jpg","width":425,"height":300},{"@type":"BreadcrumbList","@id":"https:\/\/apeimeudon.fr\/Blog-APEI\/prevision-dorganisation-du-deconfinement-pour-les-foyers-lampes-fleury-hourdin\/#breadcrumb","itemListElement":[{"@type":"ListItem","position":1,"name":"Accueil","item":"https:\/\/apeimeudon.fr\/Blog-APEI\/"},{"@type":"ListItem","position":2,"name":"Pr\u00e9vision d\u2019organisation du d\u00e9confinement pour les foyers Lampes-Fleury-Hourdin"}]},{"@type":"WebSite","@id":"https:\/\/apeimeudon.fr\/Blog-APEI\/#website","url":"https:\/\/apeimeudon.fr\/Blog-APEI\/","name":"La Gazette des Foyers de l&#039;APEI de Meudon","description":"Nos diff\u00e9rences loin de nous l\u00e9ser doivent nous enrichir -  Antoine de Saint-Exup\u00e9ry","publisher":{"@id":"https:\/\/apeimeudon.fr\/Blog-APEI\/#organization"},"potentialAction":[{"@type":"SearchAction","target":{"@type":"EntryPoint","urlTemplate":"https:\/\/apeimeudon.fr\/Blog-APEI\/?s={search_term_string}"},"query-input":{"@type":"PropertyValueSpecification","valueRequired":true,"valueName":"search_term_string"}}],"inLanguage":"fr-FR"},{"@type":"Organization","@id":"https:\/\/apeimeudon.fr\/Blog-APEI\/#organization","name":"APEI de Meudon","url":"https:\/\/apeimeudon.fr\/Blog-APEI\/","logo":{"@type":"ImageObject","inLanguage":"fr-FR","@id":"https:\/\/apeimeudon.fr\/Blog-APEI\/#\/schema\/logo\/image\/","url":"https:\/\/apeimeudon.fr\/Blog-APEI\/wp-content\/uploads\/2017\/10\/Icone-APEI.png","contentUrl":"https:\/\/apeimeudon.fr\/Blog-APEI\/wp-content\/uploads\/2017\/10\/Icone-APEI.png","width":128,"height":128,"caption":"APEI de Meudon"},"image":{"@id":"https:\/\/apeimeudon.fr\/Blog-APEI\/#\/schema\/logo\/image\/"}},{"@type":"Person","@id":"https:\/\/apeimeudon.fr\/Blog-APEI\/#\/schema\/person\/24d23cf56d0444d151d6f9732444566c","name":"Daniel BOEUF","image":{"@type":"ImageObject","inLanguage":"fr-FR","@id":"https:\/\/secure.gravatar.com\/avatar\/bfae3a7561f31b7b4c7b7b16e52c247faebc47666f31ad7c2bfaa764c9673d7a?s=96&d=mm&r=g","url":"https:\/\/secure.gravatar.com\/avatar\/bfae3a7561f31b7b4c7b7b16e52c247faebc47666f31ad7c2bfaa764c9673d7a?s=96&d=mm&r=g","contentUrl":"https:\/\/secure.gravatar.com\/avatar\/bfae3a7561f31b7b4c7b7b16e52c247faebc47666f31ad7c2bfaa764c9673d7a?s=96&d=mm&r=g","caption":"Daniel BOEUF"},"url":"https:\/\/apeimeudon.fr\/Blog-APEI\/author\/danboeuf\/"}]}},"_links":{"self":[{"href":"https:\/\/apeimeudon.fr\/Blog-APEI\/wp-json\/wp\/v2\/posts\/1637","targetHints":{"allow":["GET"]}}],"collection":[{"href":"https:\/\/apeimeudon.fr\/Blog-APEI\/wp-json\/wp\/v2\/posts"}],"about":[{"href":"https:\/\/apeimeudon.fr\/Blog-APEI\/wp-json\/wp\/v2\/types\/post"}],"author":[{"embeddable":true,"href":"https:\/\/apeimeudon.fr\/Blog-APEI\/wp-json\/wp\/v2\/users\/4"}],"replies":[{"embeddable":true,"href":"https:\/\/apeimeudon.fr\/Blog-APEI\/wp-json\/wp\/v2\/comments?post=1637"}],"version-history":[{"count":10,"href":"https:\/\/apeimeudon.fr\/Blog-APEI\/wp-json\/wp\/v2\/posts\/1637\/revisions"}],"predecessor-version":[{"id":1652,"href":"https:\/\/apeimeudon.fr\/Blog-APEI\/wp-json\/wp\/v2\/posts\/1637\/revisions\/1652"}],"wp:featuredmedia":[{"embeddable":true,"href":"https:\/\/apeimeudon.fr\/Blog-APEI\/wp-json\/wp\/v2\/media\/1639"}],"wp:attachment":[{"href":"https:\/\/apeimeudon.fr\/Blog-APEI\/wp-json\/wp\/v2\/media?parent=1637"}],"wp:term":[{"taxonomy":"category","embeddable":true,"href":"https:\/\/apeimeudon.fr\/Blog-APEI\/wp-json\/wp\/v2\/categories?post=1637"},{"taxonomy":"post_tag","embeddable":true,"href":"https:\/\/apeimeudon.fr\/Blog-APEI\/wp-json\/wp\/v2\/tags?post=1637"}],"curies":[{"name":"wp","href":"https:\/\/api.w.org\/{rel}","templated":true}]}}