{"id":1683,"date":"2020-05-04T10:45:43","date_gmt":"2020-05-04T08:45:43","guid":{"rendered":"http:\/\/apeimeudon.fr\/Blog-APEI\/?p=1683"},"modified":"2020-05-04T10:45:45","modified_gmt":"2020-05-04T08:45:45","slug":"confinement-au-foyer-des-lampes-semaine-7","status":"publish","type":"post","link":"https:\/\/apeimeudon.fr\/Blog-APEI\/confinement-au-foyer-des-lampes-semaine-7\/","title":{"rendered":"Confinement au Foyer des Lampes &#8211; Semaine 7"},"content":{"rendered":"\n<p>Jeux de soci\u00e9t\u00e9 et activit\u00e9s manuelles ont pr\u00e9domin\u00e9 lors de cette semaine pluvieuse. Les professionnels portent dor\u00e9navant des masques et les r\u00e9sidents commencent \u00e0 s\u2019y initier&nbsp;: \u00ab&nbsp;On dirait que je vais braquer une banque&nbsp;\u00bb dit Jo\u00eblle. <\/p>\n\n\n\n<!--more-->\n\n\n\n<p>Les premi\u00e8res visites des familles aux r\u00e9sidents ont eu lieu. M\u00eame si les &nbsp;conditions n\u2019\u00e9taient pas optimales (vent et pluie en fond pour certains), elles ont permis un r\u00e9el soulagement pour les r\u00e9sidents.<\/p>\n\n\n\n<p>On profite de cet article pour rendre un petit hommage \u00e0 Mme Benfedda, venue travailler toutes ces semaines pour garantir l\u2019entretien des locaux. Mission encore plus indispensable par les temps qui courent&nbsp;!<\/p>\n\n\n\n<p>Apr\u00e8s cette semaine pluvieuse, nous avons&nbsp; profit\u00e9 d\u2019un samedi apr\u00e8s-midi ensoleill\u00e9&nbsp; pour reprendre notre activit\u00e9 jardinage, nous avons install\u00e9 une deuxi\u00e8me palette avec du Thym, Persil, Basilic, et une jolie plante. Nous avons \u00e9galement enlev\u00e9 les dalles en b\u00e9ton qui \u00e9taient sur l\u2019herbe. Il y a encore beaucoup de travail, notamment du nettoyage. Avec les \u00e9ducateurs nous prenons notre temps car nous comptons sur l\u2019arriv\u00e9e du soleil pour pouvoir continuer notre activit\u00e9 pendant les mois \u00e0 venir&nbsp;!!!!!<\/p>\n\n\n\n<p>Dimanche, malgr\u00e9 un ciel charg\u00e9, nous avons continu\u00e9 de \u00ab&nbsp;travailler&nbsp;\u00bb en descendant des sacs poubelles contenant des racines, des mauvaises herbes et des pierres&nbsp;!!!!!!!!&nbsp; Finalement faire des efforts en plein air c\u2019est quand m\u00eame plus agr\u00e9able, et \u00eatre confin\u00e9s dans le jardin ce n\u2019est pas si mal&nbsp;!!!!!<\/p>\n\n\n\n<p>On aimerait installer encore 2 palettes et surtout tout autour semer du gazon&nbsp;!!!! Des beaux projets \u00e0 venir nous l\u2019esp\u00e9rons.<\/p>\n\n\n\n<p><\/p>\n\n\n\n<p class=\"has-text-align-right\">Eric et Anne L. pour l\u2019\u00e9quipe et les r\u00e9sidents<\/p>\n\n\n\nngg_shortcode_0_placeholder\n","protected":false},"excerpt":{"rendered":"<p>Jeux de soci\u00e9t\u00e9 et activit\u00e9s manuelles ont pr\u00e9domin\u00e9 lors de cette semaine pluvieuse. Les professionnels portent dor\u00e9navant des masques et les r\u00e9sidents commencent \u00e0 s\u2019y initier&nbsp;: \u00ab&nbsp;On dirait que je vais braquer une banque&nbsp;\u00bb dit Jo\u00eblle.<\/p>\n","protected":false},"author":3,"featured_media":1669,"comment_status":"open","ping_status":"open","sticky":false,"template":"","format":"standard","meta":{"_acf_changed":false,"_monsterinsights_skip_tracking":false,"_monsterinsights_sitenote_active":false,"_monsterinsights_sitenote_note":"","_monsterinsights_sitenote_category":0,"ngg_post_thumbnail":0,"footnotes":""},"categories":[43,44,34],"tags":[],"class_list":["post-1683","post","type-post","status-publish","format-standard","has-post-thumbnail","hentry","category-confinement","category-coronavirus","category-foyer-des-lampes"],"acf":[],"yoast_head":"<!-- This site is optimized with the Yoast SEO plugin v27.3 - https:\/\/yoast.com\/product\/yoast-seo-wordpress\/ -->\n<title>Confinement au Foyer des Lampes - Semaine 7 - La Gazette des Foyers de l&#039;APEI de Meudon<\/title>\n<meta name=\"robots\" content=\"index, follow, max-snippet:-1, max-image-preview:large, max-video-preview:-1\" \/>\n<link rel=\"canonical\" href=\"https:\/\/apeimeudon.fr\/Blog-APEI\/confinement-au-foyer-des-lampes-semaine-7\/\" \/>\n<meta property=\"og:locale\" content=\"fr_FR\" \/>\n<meta property=\"og:type\" content=\"article\" \/>\n<meta property=\"og:title\" content=\"Confinement au Foyer des Lampes - Semaine 7 - La Gazette des Foyers de l&#039;APEI de Meudon\" \/>\n<meta property=\"og:description\" content=\"Jeux de soci\u00e9t\u00e9 et activit\u00e9s manuelles ont pr\u00e9domin\u00e9 lors de cette semaine pluvieuse. Les professionnels portent dor\u00e9navant des masques et les r\u00e9sidents commencent \u00e0 s\u2019y initier&nbsp;: \u00ab&nbsp;On dirait que je vais braquer une banque&nbsp;\u00bb dit Jo\u00eblle.\" \/>\n<meta property=\"og:url\" content=\"https:\/\/apeimeudon.fr\/Blog-APEI\/confinement-au-foyer-des-lampes-semaine-7\/\" \/>\n<meta property=\"og:site_name\" content=\"La Gazette des Foyers de l&#039;APEI de Meudon\" \/>\n<meta property=\"article:published_time\" content=\"2020-05-04T08:45:43+00:00\" \/>\n<meta property=\"article:modified_time\" content=\"2020-05-04T08:45:45+00:00\" \/>\n<meta property=\"og:image\" content=\"https:\/\/apeimeudon.fr\/Blog-APEI\/wp-content\/uploads\/2020\/05\/Miniature-Lampes-semaine-7.jpg\" \/>\n\t<meta property=\"og:image:width\" content=\"539\" \/>\n\t<meta property=\"og:image:height\" content=\"304\" \/>\n\t<meta property=\"og:image:type\" content=\"image\/jpeg\" \/>\n<meta name=\"author\" content=\"Equipe r\u00e9dactionnelle Foyer des Lampes\" \/>\n<meta name=\"twitter:card\" content=\"summary_large_image\" \/>\n<meta name=\"twitter:label1\" content=\"\u00c9crit par\" \/>\n\t<meta name=\"twitter:data1\" content=\"Equipe r\u00e9dactionnelle Foyer des Lampes\" \/>\n\t<meta name=\"twitter:label2\" content=\"Dur\u00e9e de lecture estim\u00e9e\" \/>\n\t<meta name=\"twitter:data2\" content=\"2 minutes\" \/>\n<script type=\"application\/ld+json\" class=\"yoast-schema-graph\">{\"@context\":\"https:\\\/\\\/schema.org\",\"@graph\":[{\"@type\":\"Article\",\"@id\":\"https:\\\/\\\/apeimeudon.fr\\\/Blog-APEI\\\/confinement-au-foyer-des-lampes-semaine-7\\\/#article\",\"isPartOf\":{\"@id\":\"https:\\\/\\\/apeimeudon.fr\\\/Blog-APEI\\\/confinement-au-foyer-des-lampes-semaine-7\\\/\"},\"author\":{\"name\":\"Equipe r\u00e9dactionnelle Foyer des Lampes\",\"@id\":\"https:\\\/\\\/apeimeudon.fr\\\/Blog-APEI\\\/#\\\/schema\\\/person\\\/536e2dc69b6d8456308013bd9a7b762b\"},\"headline\":\"Confinement au Foyer des Lampes &#8211; Semaine 7\",\"datePublished\":\"2020-05-04T08:45:43+00:00\",\"dateModified\":\"2020-05-04T08:45:45+00:00\",\"mainEntityOfPage\":{\"@id\":\"https:\\\/\\\/apeimeudon.fr\\\/Blog-APEI\\\/confinement-au-foyer-des-lampes-semaine-7\\\/\"},\"wordCount\":308,\"commentCount\":2,\"publisher\":{\"@id\":\"https:\\\/\\\/apeimeudon.fr\\\/Blog-APEI\\\/#organization\"},\"image\":{\"@id\":\"https:\\\/\\\/apeimeudon.fr\\\/Blog-APEI\\\/confinement-au-foyer-des-lampes-semaine-7\\\/#primaryimage\"},\"thumbnailUrl\":\"https:\\\/\\\/apeimeudon.fr\\\/Blog-APEI\\\/wp-content\\\/uploads\\\/2020\\\/05\\\/Miniature-Lampes-semaine-7.jpg\",\"articleSection\":[\"Confinement\",\"coronavirus\",\"Foyer des Lampes\"],\"inLanguage\":\"fr-FR\",\"potentialAction\":[{\"@type\":\"CommentAction\",\"name\":\"Comment\",\"target\":[\"https:\\\/\\\/apeimeudon.fr\\\/Blog-APEI\\\/confinement-au-foyer-des-lampes-semaine-7\\\/#respond\"]}]},{\"@type\":\"WebPage\",\"@id\":\"https:\\\/\\\/apeimeudon.fr\\\/Blog-APEI\\\/confinement-au-foyer-des-lampes-semaine-7\\\/\",\"url\":\"https:\\\/\\\/apeimeudon.fr\\\/Blog-APEI\\\/confinement-au-foyer-des-lampes-semaine-7\\\/\",\"name\":\"Confinement au Foyer des Lampes - Semaine 7 - La Gazette des Foyers de l&#039;APEI de Meudon\",\"isPartOf\":{\"@id\":\"https:\\\/\\\/apeimeudon.fr\\\/Blog-APEI\\\/#website\"},\"primaryImageOfPage\":{\"@id\":\"https:\\\/\\\/apeimeudon.fr\\\/Blog-APEI\\\/confinement-au-foyer-des-lampes-semaine-7\\\/#primaryimage\"},\"image\":{\"@id\":\"https:\\\/\\\/apeimeudon.fr\\\/Blog-APEI\\\/confinement-au-foyer-des-lampes-semaine-7\\\/#primaryimage\"},\"thumbnailUrl\":\"https:\\\/\\\/apeimeudon.fr\\\/Blog-APEI\\\/wp-content\\\/uploads\\\/2020\\\/05\\\/Miniature-Lampes-semaine-7.jpg\",\"datePublished\":\"2020-05-04T08:45:43+00:00\",\"dateModified\":\"2020-05-04T08:45:45+00:00\",\"breadcrumb\":{\"@id\":\"https:\\\/\\\/apeimeudon.fr\\\/Blog-APEI\\\/confinement-au-foyer-des-lampes-semaine-7\\\/#breadcrumb\"},\"inLanguage\":\"fr-FR\",\"potentialAction\":[{\"@type\":\"ReadAction\",\"target\":[\"https:\\\/\\\/apeimeudon.fr\\\/Blog-APEI\\\/confinement-au-foyer-des-lampes-semaine-7\\\/\"]}]},{\"@type\":\"ImageObject\",\"inLanguage\":\"fr-FR\",\"@id\":\"https:\\\/\\\/apeimeudon.fr\\\/Blog-APEI\\\/confinement-au-foyer-des-lampes-semaine-7\\\/#primaryimage\",\"url\":\"https:\\\/\\\/apeimeudon.fr\\\/Blog-APEI\\\/wp-content\\\/uploads\\\/2020\\\/05\\\/Miniature-Lampes-semaine-7.jpg\",\"contentUrl\":\"https:\\\/\\\/apeimeudon.fr\\\/Blog-APEI\\\/wp-content\\\/uploads\\\/2020\\\/05\\\/Miniature-Lampes-semaine-7.jpg\",\"width\":539,\"height\":304},{\"@type\":\"BreadcrumbList\",\"@id\":\"https:\\\/\\\/apeimeudon.fr\\\/Blog-APEI\\\/confinement-au-foyer-des-lampes-semaine-7\\\/#breadcrumb\",\"itemListElement\":[{\"@type\":\"ListItem\",\"position\":1,\"name\":\"Accueil\",\"item\":\"https:\\\/\\\/apeimeudon.fr\\\/Blog-APEI\\\/\"},{\"@type\":\"ListItem\",\"position\":2,\"name\":\"Confinement au Foyer des Lampes &#8211; Semaine 7\"}]},{\"@type\":\"WebSite\",\"@id\":\"https:\\\/\\\/apeimeudon.fr\\\/Blog-APEI\\\/#website\",\"url\":\"https:\\\/\\\/apeimeudon.fr\\\/Blog-APEI\\\/\",\"name\":\"La Gazette des Foyers de l&#039;APEI de Meudon\",\"description\":\"Nos diff\u00e9rences loin de nous l\u00e9ser doivent nous enrichir -  Antoine de Saint-Exup\u00e9ry\",\"publisher\":{\"@id\":\"https:\\\/\\\/apeimeudon.fr\\\/Blog-APEI\\\/#organization\"},\"potentialAction\":[{\"@type\":\"SearchAction\",\"target\":{\"@type\":\"EntryPoint\",\"urlTemplate\":\"https:\\\/\\\/apeimeudon.fr\\\/Blog-APEI\\\/?s={search_term_string}\"},\"query-input\":{\"@type\":\"PropertyValueSpecification\",\"valueRequired\":true,\"valueName\":\"search_term_string\"}}],\"inLanguage\":\"fr-FR\"},{\"@type\":\"Organization\",\"@id\":\"https:\\\/\\\/apeimeudon.fr\\\/Blog-APEI\\\/#organization\",\"name\":\"APEI de Meudon\",\"url\":\"https:\\\/\\\/apeimeudon.fr\\\/Blog-APEI\\\/\",\"logo\":{\"@type\":\"ImageObject\",\"inLanguage\":\"fr-FR\",\"@id\":\"https:\\\/\\\/apeimeudon.fr\\\/Blog-APEI\\\/#\\\/schema\\\/logo\\\/image\\\/\",\"url\":\"https:\\\/\\\/apeimeudon.fr\\\/Blog-APEI\\\/wp-content\\\/uploads\\\/2017\\\/10\\\/Icone-APEI.png\",\"contentUrl\":\"https:\\\/\\\/apeimeudon.fr\\\/Blog-APEI\\\/wp-content\\\/uploads\\\/2017\\\/10\\\/Icone-APEI.png\",\"width\":128,\"height\":128,\"caption\":\"APEI de Meudon\"},\"image\":{\"@id\":\"https:\\\/\\\/apeimeudon.fr\\\/Blog-APEI\\\/#\\\/schema\\\/logo\\\/image\\\/\"}},{\"@type\":\"Person\",\"@id\":\"https:\\\/\\\/apeimeudon.fr\\\/Blog-APEI\\\/#\\\/schema\\\/person\\\/536e2dc69b6d8456308013bd9a7b762b\",\"name\":\"Equipe r\u00e9dactionnelle Foyer des Lampes\",\"image\":{\"@type\":\"ImageObject\",\"inLanguage\":\"fr-FR\",\"@id\":\"https:\\\/\\\/secure.gravatar.com\\\/avatar\\\/c64021a86f77cc135da78b91677b4c8cb3c2882fad89dba6a7a7defab5e64683?s=96&d=mm&r=g\",\"url\":\"https:\\\/\\\/secure.gravatar.com\\\/avatar\\\/c64021a86f77cc135da78b91677b4c8cb3c2882fad89dba6a7a7defab5e64683?s=96&d=mm&r=g\",\"contentUrl\":\"https:\\\/\\\/secure.gravatar.com\\\/avatar\\\/c64021a86f77cc135da78b91677b4c8cb3c2882fad89dba6a7a7defab5e64683?s=96&d=mm&r=g\",\"caption\":\"Equipe r\u00e9dactionnelle Foyer des Lampes\"},\"url\":\"https:\\\/\\\/apeimeudon.fr\\\/Blog-APEI\\\/author\\\/lampes\\\/\"}]}<\/script>\n<!-- \/ Yoast SEO plugin. -->","yoast_head_json":{"title":"Confinement au Foyer des Lampes - Semaine 7 - La Gazette des Foyers de l&#039;APEI de Meudon","robots":{"index":"index","follow":"follow","max-snippet":"max-snippet:-1","max-image-preview":"max-image-preview:large","max-video-preview":"max-video-preview:-1"},"canonical":"https:\/\/apeimeudon.fr\/Blog-APEI\/confinement-au-foyer-des-lampes-semaine-7\/","og_locale":"fr_FR","og_type":"article","og_title":"Confinement au Foyer des Lampes - Semaine 7 - La Gazette des Foyers de l&#039;APEI de Meudon","og_description":"Jeux de soci\u00e9t\u00e9 et activit\u00e9s manuelles ont pr\u00e9domin\u00e9 lors de cette semaine pluvieuse. Les professionnels portent dor\u00e9navant des masques et les r\u00e9sidents commencent \u00e0 s\u2019y initier&nbsp;: \u00ab&nbsp;On dirait que je vais braquer une banque&nbsp;\u00bb dit Jo\u00eblle.","og_url":"https:\/\/apeimeudon.fr\/Blog-APEI\/confinement-au-foyer-des-lampes-semaine-7\/","og_site_name":"La Gazette des Foyers de l&#039;APEI de Meudon","article_published_time":"2020-05-04T08:45:43+00:00","article_modified_time":"2020-05-04T08:45:45+00:00","og_image":[{"width":539,"height":304,"url":"https:\/\/apeimeudon.fr\/Blog-APEI\/wp-content\/uploads\/2020\/05\/Miniature-Lampes-semaine-7.jpg","type":"image\/jpeg"}],"author":"Equipe r\u00e9dactionnelle Foyer des Lampes","twitter_card":"summary_large_image","twitter_misc":{"\u00c9crit par":"Equipe r\u00e9dactionnelle Foyer des Lampes","Dur\u00e9e de lecture estim\u00e9e":"2 minutes"},"schema":{"@context":"https:\/\/schema.org","@graph":[{"@type":"Article","@id":"https:\/\/apeimeudon.fr\/Blog-APEI\/confinement-au-foyer-des-lampes-semaine-7\/#article","isPartOf":{"@id":"https:\/\/apeimeudon.fr\/Blog-APEI\/confinement-au-foyer-des-lampes-semaine-7\/"},"author":{"name":"Equipe r\u00e9dactionnelle Foyer des Lampes","@id":"https:\/\/apeimeudon.fr\/Blog-APEI\/#\/schema\/person\/536e2dc69b6d8456308013bd9a7b762b"},"headline":"Confinement au Foyer des Lampes &#8211; Semaine 7","datePublished":"2020-05-04T08:45:43+00:00","dateModified":"2020-05-04T08:45:45+00:00","mainEntityOfPage":{"@id":"https:\/\/apeimeudon.fr\/Blog-APEI\/confinement-au-foyer-des-lampes-semaine-7\/"},"wordCount":308,"commentCount":2,"publisher":{"@id":"https:\/\/apeimeudon.fr\/Blog-APEI\/#organization"},"image":{"@id":"https:\/\/apeimeudon.fr\/Blog-APEI\/confinement-au-foyer-des-lampes-semaine-7\/#primaryimage"},"thumbnailUrl":"https:\/\/apeimeudon.fr\/Blog-APEI\/wp-content\/uploads\/2020\/05\/Miniature-Lampes-semaine-7.jpg","articleSection":["Confinement","coronavirus","Foyer des Lampes"],"inLanguage":"fr-FR","potentialAction":[{"@type":"CommentAction","name":"Comment","target":["https:\/\/apeimeudon.fr\/Blog-APEI\/confinement-au-foyer-des-lampes-semaine-7\/#respond"]}]},{"@type":"WebPage","@id":"https:\/\/apeimeudon.fr\/Blog-APEI\/confinement-au-foyer-des-lampes-semaine-7\/","url":"https:\/\/apeimeudon.fr\/Blog-APEI\/confinement-au-foyer-des-lampes-semaine-7\/","name":"Confinement au Foyer des Lampes - Semaine 7 - La Gazette des Foyers de l&#039;APEI de Meudon","isPartOf":{"@id":"https:\/\/apeimeudon.fr\/Blog-APEI\/#website"},"primaryImageOfPage":{"@id":"https:\/\/apeimeudon.fr\/Blog-APEI\/confinement-au-foyer-des-lampes-semaine-7\/#primaryimage"},"image":{"@id":"https:\/\/apeimeudon.fr\/Blog-APEI\/confinement-au-foyer-des-lampes-semaine-7\/#primaryimage"},"thumbnailUrl":"https:\/\/apeimeudon.fr\/Blog-APEI\/wp-content\/uploads\/2020\/05\/Miniature-Lampes-semaine-7.jpg","datePublished":"2020-05-04T08:45:43+00:00","dateModified":"2020-05-04T08:45:45+00:00","breadcrumb":{"@id":"https:\/\/apeimeudon.fr\/Blog-APEI\/confinement-au-foyer-des-lampes-semaine-7\/#breadcrumb"},"inLanguage":"fr-FR","potentialAction":[{"@type":"ReadAction","target":["https:\/\/apeimeudon.fr\/Blog-APEI\/confinement-au-foyer-des-lampes-semaine-7\/"]}]},{"@type":"ImageObject","inLanguage":"fr-FR","@id":"https:\/\/apeimeudon.fr\/Blog-APEI\/confinement-au-foyer-des-lampes-semaine-7\/#primaryimage","url":"https:\/\/apeimeudon.fr\/Blog-APEI\/wp-content\/uploads\/2020\/05\/Miniature-Lampes-semaine-7.jpg","contentUrl":"https:\/\/apeimeudon.fr\/Blog-APEI\/wp-content\/uploads\/2020\/05\/Miniature-Lampes-semaine-7.jpg","width":539,"height":304},{"@type":"BreadcrumbList","@id":"https:\/\/apeimeudon.fr\/Blog-APEI\/confinement-au-foyer-des-lampes-semaine-7\/#breadcrumb","itemListElement":[{"@type":"ListItem","position":1,"name":"Accueil","item":"https:\/\/apeimeudon.fr\/Blog-APEI\/"},{"@type":"ListItem","position":2,"name":"Confinement au Foyer des Lampes &#8211; Semaine 7"}]},{"@type":"WebSite","@id":"https:\/\/apeimeudon.fr\/Blog-APEI\/#website","url":"https:\/\/apeimeudon.fr\/Blog-APEI\/","name":"La Gazette des Foyers de l&#039;APEI de Meudon","description":"Nos diff\u00e9rences loin de nous l\u00e9ser doivent nous enrichir -  Antoine de Saint-Exup\u00e9ry","publisher":{"@id":"https:\/\/apeimeudon.fr\/Blog-APEI\/#organization"},"potentialAction":[{"@type":"SearchAction","target":{"@type":"EntryPoint","urlTemplate":"https:\/\/apeimeudon.fr\/Blog-APEI\/?s={search_term_string}"},"query-input":{"@type":"PropertyValueSpecification","valueRequired":true,"valueName":"search_term_string"}}],"inLanguage":"fr-FR"},{"@type":"Organization","@id":"https:\/\/apeimeudon.fr\/Blog-APEI\/#organization","name":"APEI de Meudon","url":"https:\/\/apeimeudon.fr\/Blog-APEI\/","logo":{"@type":"ImageObject","inLanguage":"fr-FR","@id":"https:\/\/apeimeudon.fr\/Blog-APEI\/#\/schema\/logo\/image\/","url":"https:\/\/apeimeudon.fr\/Blog-APEI\/wp-content\/uploads\/2017\/10\/Icone-APEI.png","contentUrl":"https:\/\/apeimeudon.fr\/Blog-APEI\/wp-content\/uploads\/2017\/10\/Icone-APEI.png","width":128,"height":128,"caption":"APEI de Meudon"},"image":{"@id":"https:\/\/apeimeudon.fr\/Blog-APEI\/#\/schema\/logo\/image\/"}},{"@type":"Person","@id":"https:\/\/apeimeudon.fr\/Blog-APEI\/#\/schema\/person\/536e2dc69b6d8456308013bd9a7b762b","name":"Equipe r\u00e9dactionnelle Foyer des Lampes","image":{"@type":"ImageObject","inLanguage":"fr-FR","@id":"https:\/\/secure.gravatar.com\/avatar\/c64021a86f77cc135da78b91677b4c8cb3c2882fad89dba6a7a7defab5e64683?s=96&d=mm&r=g","url":"https:\/\/secure.gravatar.com\/avatar\/c64021a86f77cc135da78b91677b4c8cb3c2882fad89dba6a7a7defab5e64683?s=96&d=mm&r=g","contentUrl":"https:\/\/secure.gravatar.com\/avatar\/c64021a86f77cc135da78b91677b4c8cb3c2882fad89dba6a7a7defab5e64683?s=96&d=mm&r=g","caption":"Equipe r\u00e9dactionnelle Foyer des Lampes"},"url":"https:\/\/apeimeudon.fr\/Blog-APEI\/author\/lampes\/"}]}},"_links":{"self":[{"href":"https:\/\/apeimeudon.fr\/Blog-APEI\/wp-json\/wp\/v2\/posts\/1683","targetHints":{"allow":["GET"]}}],"collection":[{"href":"https:\/\/apeimeudon.fr\/Blog-APEI\/wp-json\/wp\/v2\/posts"}],"about":[{"href":"https:\/\/apeimeudon.fr\/Blog-APEI\/wp-json\/wp\/v2\/types\/post"}],"author":[{"embeddable":true,"href":"https:\/\/apeimeudon.fr\/Blog-APEI\/wp-json\/wp\/v2\/users\/3"}],"replies":[{"embeddable":true,"href":"https:\/\/apeimeudon.fr\/Blog-APEI\/wp-json\/wp\/v2\/comments?post=1683"}],"version-history":[{"count":3,"href":"https:\/\/apeimeudon.fr\/Blog-APEI\/wp-json\/wp\/v2\/posts\/1683\/revisions"}],"predecessor-version":[{"id":1686,"href":"https:\/\/apeimeudon.fr\/Blog-APEI\/wp-json\/wp\/v2\/posts\/1683\/revisions\/1686"}],"wp:featuredmedia":[{"embeddable":true,"href":"https:\/\/apeimeudon.fr\/Blog-APEI\/wp-json\/wp\/v2\/media\/1669"}],"wp:attachment":[{"href":"https:\/\/apeimeudon.fr\/Blog-APEI\/wp-json\/wp\/v2\/media?parent=1683"}],"wp:term":[{"taxonomy":"category","embeddable":true,"href":"https:\/\/apeimeudon.fr\/Blog-APEI\/wp-json\/wp\/v2\/categories?post=1683"},{"taxonomy":"post_tag","embeddable":true,"href":"https:\/\/apeimeudon.fr\/Blog-APEI\/wp-json\/wp\/v2\/tags?post=1683"}],"curies":[{"name":"wp","href":"https:\/\/api.w.org\/{rel}","templated":true}]}}