{"id":1717,"date":"2020-05-25T11:41:40","date_gmt":"2020-05-25T09:41:40","guid":{"rendered":"http:\/\/apeimeudon.fr\/Blog-APEI\/?p=1717"},"modified":"2020-05-25T11:41:42","modified_gmt":"2020-05-25T09:41:42","slug":"deconfinement-au-foyer-des-lampes-week-end-du-23-24-mai","status":"publish","type":"post","link":"https:\/\/apeimeudon.fr\/Blog-APEI\/deconfinement-au-foyer-des-lampes-week-end-du-23-24-mai\/","title":{"rendered":"D\u00e9confinement au Foyer des Lampes &#8211; Week-end du 23-24 mai"},"content":{"rendered":"\n<p>Premier week-end en famille pour une partie des r\u00e9sidents qui ont \u00e9t\u00e9 confin\u00e9s au Foyer\u00a0: Nathalie, Vincent et R\u00e9mi ont eu enfin le plaisir de pourvoir retrouver leur famille.<\/p>\n\n\n\n<!--more-->\n\n\n\n<p>Premier week-end au foyer depuis le d\u00e9confinement pour Anne et Fr\u00e9d\u00e9ric qui ont pris part volontiers \u00e0 l\u2019activit\u00e9 jardinage afin de continuer de faire \u00e9voluer le jardin.<\/p>\n\n\n\n<p>D\u00e9gustation des premi\u00e8res fraises, qui avaient \u00e9t\u00e9 plant\u00e9es l\u2019ann\u00e9e derni\u00e8re par Iwona.<\/p>\n\n\n\n<p>Elles sont tr\u00e8s gouteuses, un vrai r\u00e9gal&nbsp;: vivement les prochaines&nbsp;!<\/p>\n\n\n\n<p class=\"has-text-align-right\">Eric et Sarah pour l\u2019\u00e9quipe et les r\u00e9sidents<\/p>\n\n\n\n<div class=\"wp-block-group\"><div class=\"wp-block-group__inner-container is-layout-flow wp-block-group-is-layout-flow\">\n<p><\/p>\n\n\n\n<p><\/p>\n\n\n\n<p class=\"has-text-align-center\"><strong><em>Notre reportage Photos :<\/em><\/strong><\/p>\n\n\n<p>\r\n\t\t\t\t\t\n\r\n\t\t\t\t\t<!-- START UNITE GALLERY 1.7.62 -->\r\n\t\t\t\t\t\r\n\t\t\t\t\n\t\t\t<div id='unitegallery_89_1' class='unite-gallery' style='margin:0px auto;'>\n\t\t\t\t\n\n\t\t\t\t\t\t<img alt=\"Fr\u00e9d\u00e9ric d\u00e9brousaille le jardin\"\n\t\t\t\t\t\t     src=\"\" data-image=\"https:\/\/apeimeudon.fr\/Blog-APEI\/wp-content\/uploads\/2020\/05\/Photo-01.jpg\"\n\t\t\t\t\t\t     data-thumb=\"https:\/\/apeimeudon.fr\/Blog-APEI\/wp-content\/uploads\/2020\/05\/Photo-01-225x300.jpg\"\n\t\t\t\t\t\t     title=\"\"\n\t\t\t\t\t\t     style=\"display:none\">\n\n\t\t\t\t\t\t<img alt=\"Anne et Jo\u00eblle pr\u00e9parent le jardin\"\n\t\t\t\t\t\t     src=\"\" data-image=\"https:\/\/apeimeudon.fr\/Blog-APEI\/wp-content\/uploads\/2020\/05\/Photo-02.jpg\"\n\t\t\t\t\t\t     data-thumb=\"https:\/\/apeimeudon.fr\/Blog-APEI\/wp-content\/uploads\/2020\/05\/Photo-02-225x300.jpg\"\n\t\t\t\t\t\t     title=\"\"\n\t\t\t\t\t\t     style=\"display:none\">\n\n\t\t\t\t\t\t<img alt=\"Anne, Jo\u00eblle et Fr\u00e9d\u00e9ric au jardinage\"\n\t\t\t\t\t\t     src=\"\" data-image=\"https:\/\/apeimeudon.fr\/Blog-APEI\/wp-content\/uploads\/2020\/05\/Photo-03.jpg\"\n\t\t\t\t\t\t     data-thumb=\"https:\/\/apeimeudon.fr\/Blog-APEI\/wp-content\/uploads\/2020\/05\/Photo-03-300x225.jpg\"\n\t\t\t\t\t\t     title=\"\"\n\t\t\t\t\t\t     style=\"display:none\">\n\n\t\t\t\t\t\t<img alt=\"Eric supervise le travail d'Anne, Jo\u00eblle et Fr\u00e9d\u00e9ric\"\n\t\t\t\t\t\t     src=\"\" data-image=\"https:\/\/apeimeudon.fr\/Blog-APEI\/wp-content\/uploads\/2020\/05\/Photo-05.jpg\"\n\t\t\t\t\t\t     data-thumb=\"https:\/\/apeimeudon.fr\/Blog-APEI\/wp-content\/uploads\/2020\/05\/Photo-05-300x225.jpg\"\n\t\t\t\t\t\t     title=\"\"\n\t\t\t\t\t\t     style=\"display:none\">\n\n\t\t\t\t\t\t<img alt=\"Premi\u00e8re fraise du jardin\"\n\t\t\t\t\t\t     src=\"\" data-image=\"https:\/\/apeimeudon.fr\/Blog-APEI\/wp-content\/uploads\/2020\/05\/Photo-06.jpg\"\n\t\t\t\t\t\t     data-thumb=\"https:\/\/apeimeudon.fr\/Blog-APEI\/wp-content\/uploads\/2020\/05\/Photo-06-225x300.jpg\"\n\t\t\t\t\t\t     title=\"\"\n\t\t\t\t\t\t     style=\"display:none\">\n\n\t\t\t\t\t\t<img alt=\"R\u00e9colte des premi\u00e8res fraises\"\n\t\t\t\t\t\t     src=\"\" data-image=\"https:\/\/apeimeudon.fr\/Blog-APEI\/wp-content\/uploads\/2020\/05\/Photo-07.jpg\"\n\t\t\t\t\t\t     data-thumb=\"https:\/\/apeimeudon.fr\/Blog-APEI\/wp-content\/uploads\/2020\/05\/Photo-07-225x300.jpg\"\n\t\t\t\t\t\t     title=\"\"\n\t\t\t\t\t\t     style=\"display:none\">\n\n\t\t\t\t\t\t<img alt=\"Quelle belle r\u00e9colte !\"\n\t\t\t\t\t\t     src=\"\" data-image=\"https:\/\/apeimeudon.fr\/Blog-APEI\/wp-content\/uploads\/2020\/05\/Photo-08.jpg\"\n\t\t\t\t\t\t     data-thumb=\"https:\/\/apeimeudon.fr\/Blog-APEI\/wp-content\/uploads\/2020\/05\/Photo-08-225x300.jpg\"\n\t\t\t\t\t\t     title=\"\"\n\t\t\t\t\t\t     style=\"display:none\">\n\t\t\t<\/div>\n\n\t\t\t<script type='text\/javascript'>\n\t\t\t\twindow.onload = function(e) {\n\t\t\t\t\tif(typeof ugCheckForErrors == \"undefined\"){\n\t\t\t\t\t\tdocument.getElementById(\"unitegallery_89_1\").innerHTML = \"<span style='color:red'>Unite Gallery Error - gallery js and css files not included in the footer. Please make sure that wp_footer() function is added to your theme.<\/span>\";}\n\t\t\t\t\telse{ ugCheckForErrors(\"unitegallery_89_1\", \"jquery\");}\n\t\t\t\t};\n\t\t\t<\/script>\n\n\t\t\t<!-- END UNITEGALLERY --><\/p>\n<\/div><\/div>\n","protected":false},"excerpt":{"rendered":"<p>Premier week-end en famille pour une partie des r\u00e9sidents qui ont \u00e9t\u00e9 confin\u00e9s au Foyer\u00a0: Nathalie, Vincent et R\u00e9mi ont eu enfin le plaisir de pourvoir retrouver leur famille.<\/p>\n","protected":false},"author":3,"featured_media":1716,"comment_status":"open","ping_status":"open","sticky":false,"template":"","format":"standard","meta":{"_acf_changed":false,"_monsterinsights_skip_tracking":false,"_monsterinsights_sitenote_active":false,"_monsterinsights_sitenote_note":"","_monsterinsights_sitenote_category":0,"ngg_post_thumbnail":0,"footnotes":""},"categories":[43,44,34],"tags":[],"class_list":["post-1717","post","type-post","status-publish","format-standard","has-post-thumbnail","hentry","category-confinement","category-coronavirus","category-foyer-des-lampes"],"acf":[],"yoast_head":"<!-- This site is optimized with the Yoast SEO plugin v27.3 - https:\/\/yoast.com\/product\/yoast-seo-wordpress\/ -->\n<title>D\u00e9confinement au Foyer des Lampes - Week-end du 23-24 mai - La Gazette des Foyers de l&#039;APEI de Meudon<\/title>\n<meta name=\"robots\" content=\"index, follow, max-snippet:-1, max-image-preview:large, max-video-preview:-1\" \/>\n<link rel=\"canonical\" href=\"https:\/\/apeimeudon.fr\/Blog-APEI\/deconfinement-au-foyer-des-lampes-week-end-du-23-24-mai\/\" \/>\n<meta property=\"og:locale\" content=\"fr_FR\" \/>\n<meta property=\"og:type\" content=\"article\" \/>\n<meta property=\"og:title\" content=\"D\u00e9confinement au Foyer des Lampes - Week-end du 23-24 mai - La Gazette des Foyers de l&#039;APEI de Meudon\" \/>\n<meta property=\"og:description\" content=\"Premier week-end en famille pour une partie des r\u00e9sidents qui ont \u00e9t\u00e9 confin\u00e9s au Foyer\u00a0: Nathalie, Vincent et R\u00e9mi ont eu enfin le plaisir de pourvoir retrouver leur famille.\" \/>\n<meta property=\"og:url\" content=\"https:\/\/apeimeudon.fr\/Blog-APEI\/deconfinement-au-foyer-des-lampes-week-end-du-23-24-mai\/\" \/>\n<meta property=\"og:site_name\" content=\"La Gazette des Foyers de l&#039;APEI de Meudon\" \/>\n<meta property=\"article:published_time\" content=\"2020-05-25T09:41:40+00:00\" \/>\n<meta property=\"article:modified_time\" content=\"2020-05-25T09:41:42+00:00\" \/>\n<meta property=\"og:image\" content=\"https:\/\/apeimeudon.fr\/Blog-APEI\/wp-content\/uploads\/2020\/05\/miniature-fraisiers-e1590399818573.jpg\" \/>\n\t<meta property=\"og:image:width\" content=\"532\" \/>\n\t<meta property=\"og:image:height\" content=\"290\" \/>\n\t<meta property=\"og:image:type\" content=\"image\/jpeg\" \/>\n<meta name=\"author\" content=\"Equipe r\u00e9dactionnelle Foyer des Lampes\" \/>\n<meta name=\"twitter:card\" content=\"summary_large_image\" \/>\n<meta name=\"twitter:label1\" content=\"\u00c9crit par\" \/>\n\t<meta name=\"twitter:data1\" content=\"Equipe r\u00e9dactionnelle Foyer des Lampes\" \/>\n\t<meta name=\"twitter:label2\" content=\"Dur\u00e9e de lecture estim\u00e9e\" \/>\n\t<meta name=\"twitter:data2\" content=\"1 minute\" \/>\n<script type=\"application\/ld+json\" class=\"yoast-schema-graph\">{\"@context\":\"https:\\\/\\\/schema.org\",\"@graph\":[{\"@type\":\"Article\",\"@id\":\"https:\\\/\\\/apeimeudon.fr\\\/Blog-APEI\\\/deconfinement-au-foyer-des-lampes-week-end-du-23-24-mai\\\/#article\",\"isPartOf\":{\"@id\":\"https:\\\/\\\/apeimeudon.fr\\\/Blog-APEI\\\/deconfinement-au-foyer-des-lampes-week-end-du-23-24-mai\\\/\"},\"author\":{\"name\":\"Equipe r\u00e9dactionnelle Foyer des Lampes\",\"@id\":\"https:\\\/\\\/apeimeudon.fr\\\/Blog-APEI\\\/#\\\/schema\\\/person\\\/536e2dc69b6d8456308013bd9a7b762b\"},\"headline\":\"D\u00e9confinement au Foyer des Lampes &#8211; Week-end du 23-24 mai\",\"datePublished\":\"2020-05-25T09:41:40+00:00\",\"dateModified\":\"2020-05-25T09:41:42+00:00\",\"mainEntityOfPage\":{\"@id\":\"https:\\\/\\\/apeimeudon.fr\\\/Blog-APEI\\\/deconfinement-au-foyer-des-lampes-week-end-du-23-24-mai\\\/\"},\"wordCount\":123,\"commentCount\":1,\"publisher\":{\"@id\":\"https:\\\/\\\/apeimeudon.fr\\\/Blog-APEI\\\/#organization\"},\"image\":{\"@id\":\"https:\\\/\\\/apeimeudon.fr\\\/Blog-APEI\\\/deconfinement-au-foyer-des-lampes-week-end-du-23-24-mai\\\/#primaryimage\"},\"thumbnailUrl\":\"https:\\\/\\\/apeimeudon.fr\\\/Blog-APEI\\\/wp-content\\\/uploads\\\/2020\\\/05\\\/miniature-fraisiers-e1590399818573.jpg\",\"articleSection\":[\"Confinement\",\"coronavirus\",\"Foyer des Lampes\"],\"inLanguage\":\"fr-FR\",\"potentialAction\":[{\"@type\":\"CommentAction\",\"name\":\"Comment\",\"target\":[\"https:\\\/\\\/apeimeudon.fr\\\/Blog-APEI\\\/deconfinement-au-foyer-des-lampes-week-end-du-23-24-mai\\\/#respond\"]}]},{\"@type\":\"WebPage\",\"@id\":\"https:\\\/\\\/apeimeudon.fr\\\/Blog-APEI\\\/deconfinement-au-foyer-des-lampes-week-end-du-23-24-mai\\\/\",\"url\":\"https:\\\/\\\/apeimeudon.fr\\\/Blog-APEI\\\/deconfinement-au-foyer-des-lampes-week-end-du-23-24-mai\\\/\",\"name\":\"D\u00e9confinement au Foyer des Lampes - Week-end du 23-24 mai - La Gazette des Foyers de l&#039;APEI de Meudon\",\"isPartOf\":{\"@id\":\"https:\\\/\\\/apeimeudon.fr\\\/Blog-APEI\\\/#website\"},\"primaryImageOfPage\":{\"@id\":\"https:\\\/\\\/apeimeudon.fr\\\/Blog-APEI\\\/deconfinement-au-foyer-des-lampes-week-end-du-23-24-mai\\\/#primaryimage\"},\"image\":{\"@id\":\"https:\\\/\\\/apeimeudon.fr\\\/Blog-APEI\\\/deconfinement-au-foyer-des-lampes-week-end-du-23-24-mai\\\/#primaryimage\"},\"thumbnailUrl\":\"https:\\\/\\\/apeimeudon.fr\\\/Blog-APEI\\\/wp-content\\\/uploads\\\/2020\\\/05\\\/miniature-fraisiers-e1590399818573.jpg\",\"datePublished\":\"2020-05-25T09:41:40+00:00\",\"dateModified\":\"2020-05-25T09:41:42+00:00\",\"breadcrumb\":{\"@id\":\"https:\\\/\\\/apeimeudon.fr\\\/Blog-APEI\\\/deconfinement-au-foyer-des-lampes-week-end-du-23-24-mai\\\/#breadcrumb\"},\"inLanguage\":\"fr-FR\",\"potentialAction\":[{\"@type\":\"ReadAction\",\"target\":[\"https:\\\/\\\/apeimeudon.fr\\\/Blog-APEI\\\/deconfinement-au-foyer-des-lampes-week-end-du-23-24-mai\\\/\"]}]},{\"@type\":\"ImageObject\",\"inLanguage\":\"fr-FR\",\"@id\":\"https:\\\/\\\/apeimeudon.fr\\\/Blog-APEI\\\/deconfinement-au-foyer-des-lampes-week-end-du-23-24-mai\\\/#primaryimage\",\"url\":\"https:\\\/\\\/apeimeudon.fr\\\/Blog-APEI\\\/wp-content\\\/uploads\\\/2020\\\/05\\\/miniature-fraisiers-e1590399818573.jpg\",\"contentUrl\":\"https:\\\/\\\/apeimeudon.fr\\\/Blog-APEI\\\/wp-content\\\/uploads\\\/2020\\\/05\\\/miniature-fraisiers-e1590399818573.jpg\",\"width\":532,\"height\":290},{\"@type\":\"BreadcrumbList\",\"@id\":\"https:\\\/\\\/apeimeudon.fr\\\/Blog-APEI\\\/deconfinement-au-foyer-des-lampes-week-end-du-23-24-mai\\\/#breadcrumb\",\"itemListElement\":[{\"@type\":\"ListItem\",\"position\":1,\"name\":\"Accueil\",\"item\":\"https:\\\/\\\/apeimeudon.fr\\\/Blog-APEI\\\/\"},{\"@type\":\"ListItem\",\"position\":2,\"name\":\"D\u00e9confinement au Foyer des Lampes &#8211; Week-end du 23-24 mai\"}]},{\"@type\":\"WebSite\",\"@id\":\"https:\\\/\\\/apeimeudon.fr\\\/Blog-APEI\\\/#website\",\"url\":\"https:\\\/\\\/apeimeudon.fr\\\/Blog-APEI\\\/\",\"name\":\"La Gazette des Foyers de l&#039;APEI de Meudon\",\"description\":\"Nos diff\u00e9rences loin de nous l\u00e9ser doivent nous enrichir -  Antoine de Saint-Exup\u00e9ry\",\"publisher\":{\"@id\":\"https:\\\/\\\/apeimeudon.fr\\\/Blog-APEI\\\/#organization\"},\"potentialAction\":[{\"@type\":\"SearchAction\",\"target\":{\"@type\":\"EntryPoint\",\"urlTemplate\":\"https:\\\/\\\/apeimeudon.fr\\\/Blog-APEI\\\/?s={search_term_string}\"},\"query-input\":{\"@type\":\"PropertyValueSpecification\",\"valueRequired\":true,\"valueName\":\"search_term_string\"}}],\"inLanguage\":\"fr-FR\"},{\"@type\":\"Organization\",\"@id\":\"https:\\\/\\\/apeimeudon.fr\\\/Blog-APEI\\\/#organization\",\"name\":\"APEI de Meudon\",\"url\":\"https:\\\/\\\/apeimeudon.fr\\\/Blog-APEI\\\/\",\"logo\":{\"@type\":\"ImageObject\",\"inLanguage\":\"fr-FR\",\"@id\":\"https:\\\/\\\/apeimeudon.fr\\\/Blog-APEI\\\/#\\\/schema\\\/logo\\\/image\\\/\",\"url\":\"https:\\\/\\\/apeimeudon.fr\\\/Blog-APEI\\\/wp-content\\\/uploads\\\/2017\\\/10\\\/Icone-APEI.png\",\"contentUrl\":\"https:\\\/\\\/apeimeudon.fr\\\/Blog-APEI\\\/wp-content\\\/uploads\\\/2017\\\/10\\\/Icone-APEI.png\",\"width\":128,\"height\":128,\"caption\":\"APEI de Meudon\"},\"image\":{\"@id\":\"https:\\\/\\\/apeimeudon.fr\\\/Blog-APEI\\\/#\\\/schema\\\/logo\\\/image\\\/\"}},{\"@type\":\"Person\",\"@id\":\"https:\\\/\\\/apeimeudon.fr\\\/Blog-APEI\\\/#\\\/schema\\\/person\\\/536e2dc69b6d8456308013bd9a7b762b\",\"name\":\"Equipe r\u00e9dactionnelle Foyer des Lampes\",\"image\":{\"@type\":\"ImageObject\",\"inLanguage\":\"fr-FR\",\"@id\":\"https:\\\/\\\/secure.gravatar.com\\\/avatar\\\/c64021a86f77cc135da78b91677b4c8cb3c2882fad89dba6a7a7defab5e64683?s=96&d=mm&r=g\",\"url\":\"https:\\\/\\\/secure.gravatar.com\\\/avatar\\\/c64021a86f77cc135da78b91677b4c8cb3c2882fad89dba6a7a7defab5e64683?s=96&d=mm&r=g\",\"contentUrl\":\"https:\\\/\\\/secure.gravatar.com\\\/avatar\\\/c64021a86f77cc135da78b91677b4c8cb3c2882fad89dba6a7a7defab5e64683?s=96&d=mm&r=g\",\"caption\":\"Equipe r\u00e9dactionnelle Foyer des Lampes\"},\"url\":\"https:\\\/\\\/apeimeudon.fr\\\/Blog-APEI\\\/author\\\/lampes\\\/\"}]}<\/script>\n<!-- \/ Yoast SEO plugin. -->","yoast_head_json":{"title":"D\u00e9confinement au Foyer des Lampes - Week-end du 23-24 mai - La Gazette des Foyers de l&#039;APEI de Meudon","robots":{"index":"index","follow":"follow","max-snippet":"max-snippet:-1","max-image-preview":"max-image-preview:large","max-video-preview":"max-video-preview:-1"},"canonical":"https:\/\/apeimeudon.fr\/Blog-APEI\/deconfinement-au-foyer-des-lampes-week-end-du-23-24-mai\/","og_locale":"fr_FR","og_type":"article","og_title":"D\u00e9confinement au Foyer des Lampes - Week-end du 23-24 mai - La Gazette des Foyers de l&#039;APEI de Meudon","og_description":"Premier week-end en famille pour une partie des r\u00e9sidents qui ont \u00e9t\u00e9 confin\u00e9s au Foyer\u00a0: Nathalie, Vincent et R\u00e9mi ont eu enfin le plaisir de pourvoir retrouver leur famille.","og_url":"https:\/\/apeimeudon.fr\/Blog-APEI\/deconfinement-au-foyer-des-lampes-week-end-du-23-24-mai\/","og_site_name":"La Gazette des Foyers de l&#039;APEI de Meudon","article_published_time":"2020-05-25T09:41:40+00:00","article_modified_time":"2020-05-25T09:41:42+00:00","og_image":[{"width":532,"height":290,"url":"https:\/\/apeimeudon.fr\/Blog-APEI\/wp-content\/uploads\/2020\/05\/miniature-fraisiers-e1590399818573.jpg","type":"image\/jpeg"}],"author":"Equipe r\u00e9dactionnelle Foyer des Lampes","twitter_card":"summary_large_image","twitter_misc":{"\u00c9crit par":"Equipe r\u00e9dactionnelle Foyer des Lampes","Dur\u00e9e de lecture estim\u00e9e":"1 minute"},"schema":{"@context":"https:\/\/schema.org","@graph":[{"@type":"Article","@id":"https:\/\/apeimeudon.fr\/Blog-APEI\/deconfinement-au-foyer-des-lampes-week-end-du-23-24-mai\/#article","isPartOf":{"@id":"https:\/\/apeimeudon.fr\/Blog-APEI\/deconfinement-au-foyer-des-lampes-week-end-du-23-24-mai\/"},"author":{"name":"Equipe r\u00e9dactionnelle Foyer des Lampes","@id":"https:\/\/apeimeudon.fr\/Blog-APEI\/#\/schema\/person\/536e2dc69b6d8456308013bd9a7b762b"},"headline":"D\u00e9confinement au Foyer des Lampes &#8211; Week-end du 23-24 mai","datePublished":"2020-05-25T09:41:40+00:00","dateModified":"2020-05-25T09:41:42+00:00","mainEntityOfPage":{"@id":"https:\/\/apeimeudon.fr\/Blog-APEI\/deconfinement-au-foyer-des-lampes-week-end-du-23-24-mai\/"},"wordCount":123,"commentCount":1,"publisher":{"@id":"https:\/\/apeimeudon.fr\/Blog-APEI\/#organization"},"image":{"@id":"https:\/\/apeimeudon.fr\/Blog-APEI\/deconfinement-au-foyer-des-lampes-week-end-du-23-24-mai\/#primaryimage"},"thumbnailUrl":"https:\/\/apeimeudon.fr\/Blog-APEI\/wp-content\/uploads\/2020\/05\/miniature-fraisiers-e1590399818573.jpg","articleSection":["Confinement","coronavirus","Foyer des Lampes"],"inLanguage":"fr-FR","potentialAction":[{"@type":"CommentAction","name":"Comment","target":["https:\/\/apeimeudon.fr\/Blog-APEI\/deconfinement-au-foyer-des-lampes-week-end-du-23-24-mai\/#respond"]}]},{"@type":"WebPage","@id":"https:\/\/apeimeudon.fr\/Blog-APEI\/deconfinement-au-foyer-des-lampes-week-end-du-23-24-mai\/","url":"https:\/\/apeimeudon.fr\/Blog-APEI\/deconfinement-au-foyer-des-lampes-week-end-du-23-24-mai\/","name":"D\u00e9confinement au Foyer des Lampes - Week-end du 23-24 mai - La Gazette des Foyers de l&#039;APEI de Meudon","isPartOf":{"@id":"https:\/\/apeimeudon.fr\/Blog-APEI\/#website"},"primaryImageOfPage":{"@id":"https:\/\/apeimeudon.fr\/Blog-APEI\/deconfinement-au-foyer-des-lampes-week-end-du-23-24-mai\/#primaryimage"},"image":{"@id":"https:\/\/apeimeudon.fr\/Blog-APEI\/deconfinement-au-foyer-des-lampes-week-end-du-23-24-mai\/#primaryimage"},"thumbnailUrl":"https:\/\/apeimeudon.fr\/Blog-APEI\/wp-content\/uploads\/2020\/05\/miniature-fraisiers-e1590399818573.jpg","datePublished":"2020-05-25T09:41:40+00:00","dateModified":"2020-05-25T09:41:42+00:00","breadcrumb":{"@id":"https:\/\/apeimeudon.fr\/Blog-APEI\/deconfinement-au-foyer-des-lampes-week-end-du-23-24-mai\/#breadcrumb"},"inLanguage":"fr-FR","potentialAction":[{"@type":"ReadAction","target":["https:\/\/apeimeudon.fr\/Blog-APEI\/deconfinement-au-foyer-des-lampes-week-end-du-23-24-mai\/"]}]},{"@type":"ImageObject","inLanguage":"fr-FR","@id":"https:\/\/apeimeudon.fr\/Blog-APEI\/deconfinement-au-foyer-des-lampes-week-end-du-23-24-mai\/#primaryimage","url":"https:\/\/apeimeudon.fr\/Blog-APEI\/wp-content\/uploads\/2020\/05\/miniature-fraisiers-e1590399818573.jpg","contentUrl":"https:\/\/apeimeudon.fr\/Blog-APEI\/wp-content\/uploads\/2020\/05\/miniature-fraisiers-e1590399818573.jpg","width":532,"height":290},{"@type":"BreadcrumbList","@id":"https:\/\/apeimeudon.fr\/Blog-APEI\/deconfinement-au-foyer-des-lampes-week-end-du-23-24-mai\/#breadcrumb","itemListElement":[{"@type":"ListItem","position":1,"name":"Accueil","item":"https:\/\/apeimeudon.fr\/Blog-APEI\/"},{"@type":"ListItem","position":2,"name":"D\u00e9confinement au Foyer des Lampes &#8211; Week-end du 23-24 mai"}]},{"@type":"WebSite","@id":"https:\/\/apeimeudon.fr\/Blog-APEI\/#website","url":"https:\/\/apeimeudon.fr\/Blog-APEI\/","name":"La Gazette des Foyers de l&#039;APEI de Meudon","description":"Nos diff\u00e9rences loin de nous l\u00e9ser doivent nous enrichir -  Antoine de Saint-Exup\u00e9ry","publisher":{"@id":"https:\/\/apeimeudon.fr\/Blog-APEI\/#organization"},"potentialAction":[{"@type":"SearchAction","target":{"@type":"EntryPoint","urlTemplate":"https:\/\/apeimeudon.fr\/Blog-APEI\/?s={search_term_string}"},"query-input":{"@type":"PropertyValueSpecification","valueRequired":true,"valueName":"search_term_string"}}],"inLanguage":"fr-FR"},{"@type":"Organization","@id":"https:\/\/apeimeudon.fr\/Blog-APEI\/#organization","name":"APEI de Meudon","url":"https:\/\/apeimeudon.fr\/Blog-APEI\/","logo":{"@type":"ImageObject","inLanguage":"fr-FR","@id":"https:\/\/apeimeudon.fr\/Blog-APEI\/#\/schema\/logo\/image\/","url":"https:\/\/apeimeudon.fr\/Blog-APEI\/wp-content\/uploads\/2017\/10\/Icone-APEI.png","contentUrl":"https:\/\/apeimeudon.fr\/Blog-APEI\/wp-content\/uploads\/2017\/10\/Icone-APEI.png","width":128,"height":128,"caption":"APEI de Meudon"},"image":{"@id":"https:\/\/apeimeudon.fr\/Blog-APEI\/#\/schema\/logo\/image\/"}},{"@type":"Person","@id":"https:\/\/apeimeudon.fr\/Blog-APEI\/#\/schema\/person\/536e2dc69b6d8456308013bd9a7b762b","name":"Equipe r\u00e9dactionnelle Foyer des Lampes","image":{"@type":"ImageObject","inLanguage":"fr-FR","@id":"https:\/\/secure.gravatar.com\/avatar\/c64021a86f77cc135da78b91677b4c8cb3c2882fad89dba6a7a7defab5e64683?s=96&d=mm&r=g","url":"https:\/\/secure.gravatar.com\/avatar\/c64021a86f77cc135da78b91677b4c8cb3c2882fad89dba6a7a7defab5e64683?s=96&d=mm&r=g","contentUrl":"https:\/\/secure.gravatar.com\/avatar\/c64021a86f77cc135da78b91677b4c8cb3c2882fad89dba6a7a7defab5e64683?s=96&d=mm&r=g","caption":"Equipe r\u00e9dactionnelle Foyer des Lampes"},"url":"https:\/\/apeimeudon.fr\/Blog-APEI\/author\/lampes\/"}]}},"_links":{"self":[{"href":"https:\/\/apeimeudon.fr\/Blog-APEI\/wp-json\/wp\/v2\/posts\/1717","targetHints":{"allow":["GET"]}}],"collection":[{"href":"https:\/\/apeimeudon.fr\/Blog-APEI\/wp-json\/wp\/v2\/posts"}],"about":[{"href":"https:\/\/apeimeudon.fr\/Blog-APEI\/wp-json\/wp\/v2\/types\/post"}],"author":[{"embeddable":true,"href":"https:\/\/apeimeudon.fr\/Blog-APEI\/wp-json\/wp\/v2\/users\/3"}],"replies":[{"embeddable":true,"href":"https:\/\/apeimeudon.fr\/Blog-APEI\/wp-json\/wp\/v2\/comments?post=1717"}],"version-history":[{"count":1,"href":"https:\/\/apeimeudon.fr\/Blog-APEI\/wp-json\/wp\/v2\/posts\/1717\/revisions"}],"predecessor-version":[{"id":1718,"href":"https:\/\/apeimeudon.fr\/Blog-APEI\/wp-json\/wp\/v2\/posts\/1717\/revisions\/1718"}],"wp:featuredmedia":[{"embeddable":true,"href":"https:\/\/apeimeudon.fr\/Blog-APEI\/wp-json\/wp\/v2\/media\/1716"}],"wp:attachment":[{"href":"https:\/\/apeimeudon.fr\/Blog-APEI\/wp-json\/wp\/v2\/media?parent=1717"}],"wp:term":[{"taxonomy":"category","embeddable":true,"href":"https:\/\/apeimeudon.fr\/Blog-APEI\/wp-json\/wp\/v2\/categories?post=1717"},{"taxonomy":"post_tag","embeddable":true,"href":"https:\/\/apeimeudon.fr\/Blog-APEI\/wp-json\/wp\/v2\/tags?post=1717"}],"curies":[{"name":"wp","href":"https:\/\/api.w.org\/{rel}","templated":true}]}}