{"id":1731,"date":"2020-06-13T21:34:13","date_gmt":"2020-06-13T19:34:13","guid":{"rendered":"http:\/\/apeimeudon.fr\/Blog-APEI\/?p=1731"},"modified":"2020-06-14T12:10:52","modified_gmt":"2020-06-14T10:10:52","slug":"communique-aux-familles-et-personnel-des-foyers-de-lapei","status":"publish","type":"post","link":"https:\/\/apeimeudon.fr\/Blog-APEI\/communique-aux-familles-et-personnel-des-foyers-de-lapei\/","title":{"rendered":"Communiqu\u00e9 aux familles et personnel des foyers de l\u2019APEI"},"content":{"rendered":"\n<p>Le d\u00e9confinement de nos foyers continue \u00e0 \u00e9voluer en fonction des directives nationales et de nos partenaires qui accueillent nos r\u00e9sidents des foyers d\u2019h\u00e9bergement dans la journ\u00e9e.<\/p>\n\n\n\n<p>Vous pourrez lire la note \u00e9crite par le directeur et les cadres qui a \u00e9t\u00e9 valid\u00e9e par le Bureau de l\u2019APEI.<\/p>\n\n\n\n<!--more-->\n\n\n\n<p>A ce titre, le Conseil d\u2019Administration et le Bureau se joignent \u00e0 moi pour remercier le professionnalisme et l\u2019implication de tous nos salari\u00e9s.<\/p>\n\n\n\n<p>Gr\u00e2ce \u00e0 tous, nous avons pass\u00e9 cette p\u00e9riode pour le moins exceptionnelle relativement tranquillement avec un seul r\u00e9sident ayant contract\u00e9 la COVID-19 et quelques salari\u00e9s qui l\u2019ont eue heureusement sans gravit\u00e9.<\/p>\n\n\n\n<p>Malheureusement nous d\u00e9plorons quelques parents de r\u00e9sidents d\u00e9c\u00e9d\u00e9s de la COVID-19 dont Henry BERANGER qui a longtemps \u00e9t\u00e9 secr\u00e9taire g\u00e9n\u00e9ral de l\u2019association et a beaucoup \u0153uvr\u00e9 pour le foyer des Bords de Seine. Toutes nos pens\u00e9es vont aux familles des disparus.<\/p>\n\n\n\n<p>Tous nos salari\u00e9s et prestataires ext\u00e9rieurs ont su am\u00e9nager leurs horaires pour assurer l\u2019accompagnement de nos r\u00e9sidents et pour cela nous les en remercions tr\u00e8s sinc\u00e8rement.<\/p>\n\n\n\n<p>Merci aussi aux parents qui ont pu prendre leurs enfants, ce qui a permis de faciliter le travail de nos salari\u00e9s.<\/p>\n\n\n\n<p>Cependant, nous devons rester vigilants par rapport \u00e0 cette \u00e9pid\u00e9mie.<\/p>\n\n\n\n<p>Bon \u00e9t\u00e9 \u00e0 tous.<\/p>\n\n\n\n<p class=\"has-text-align-right\">Fr\u00e9d\u00e9rik GORCY<\/p>\n\n\n\n<p class=\"has-text-align-right\">Pr\u00e9sident de l\u2019APEI de Meudon<\/p>\n\n\n\n<div class=\"wp-block-image\"><figure class=\"aligncenter size-large is-resized\"><a href=\"http:\/\/apeimeudon.fr\/Blog-APEI\/wp-content\/uploads\/2020\/06\/D\u00e9confinement-phase-III.pdf\" target=\"_blank\" rel=\"noopener noreferrer\"><img loading=\"lazy\" decoding=\"async\" src=\"http:\/\/apeimeudon.fr\/Blog-APEI\/wp-content\/uploads\/2020\/05\/adobe-pdf-logo.png\" alt=\"\" class=\"wp-image-1645\" width=\"120\" height=\"120\" srcset=\"https:\/\/apeimeudon.fr\/Blog-APEI\/wp-content\/uploads\/2020\/05\/adobe-pdf-logo.png 300w, https:\/\/apeimeudon.fr\/Blog-APEI\/wp-content\/uploads\/2020\/05\/adobe-pdf-logo-150x150.png 150w\" sizes=\"auto, (max-width: 120px) 100vw, 120px\" \/><\/a><figcaption>Cliquez sur ce logo pour t\u00e9l\u00e9charger la note<\/figcaption><\/figure><\/div>\n","protected":false},"excerpt":{"rendered":"<p>Le d\u00e9confinement de nos foyers continue \u00e0 \u00e9voluer en fonction des directives nationales et de nos partenaires qui accueillent nos r\u00e9sidents des foyers d\u2019h\u00e9bergement dans la journ\u00e9e. Vous pourrez lire la note \u00e9crite par le directeur et les cadres qui a \u00e9t\u00e9 valid\u00e9e par le Bureau de l\u2019APEI.<\/p>\n","protected":false},"author":1,"featured_media":1205,"comment_status":"open","ping_status":"open","sticky":false,"template":"","format":"standard","meta":{"_acf_changed":false,"_monsterinsights_skip_tracking":false,"_monsterinsights_sitenote_active":false,"_monsterinsights_sitenote_note":"","_monsterinsights_sitenote_category":0,"ngg_post_thumbnail":0,"footnotes":""},"categories":[43,44,34,32,42],"tags":[],"class_list":["post-1731","post","type-post","status-publish","format-standard","has-post-thumbnail","hentry","category-confinement","category-coronavirus","category-foyer-des-lampes","category-foyer-fleury","category-foyer-hourdin"],"acf":[],"yoast_head":"<!-- This site is optimized with the Yoast SEO plugin v27.3 - https:\/\/yoast.com\/product\/yoast-seo-wordpress\/ -->\n<title>Communiqu\u00e9 aux familles et personnel des foyers de l\u2019APEI - La Gazette des Foyers de l&#039;APEI de Meudon<\/title>\n<meta name=\"robots\" content=\"index, follow, max-snippet:-1, max-image-preview:large, max-video-preview:-1\" \/>\n<link rel=\"canonical\" href=\"https:\/\/apeimeudon.fr\/Blog-APEI\/communique-aux-familles-et-personnel-des-foyers-de-lapei\/\" \/>\n<meta property=\"og:locale\" content=\"fr_FR\" \/>\n<meta property=\"og:type\" content=\"article\" \/>\n<meta property=\"og:title\" content=\"Communiqu\u00e9 aux familles et personnel des foyers de l\u2019APEI - La Gazette des Foyers de l&#039;APEI de Meudon\" \/>\n<meta property=\"og:description\" content=\"Le d\u00e9confinement de nos foyers continue \u00e0 \u00e9voluer en fonction des directives nationales et de nos partenaires qui accueillent nos r\u00e9sidents des foyers d\u2019h\u00e9bergement dans la journ\u00e9e. Vous pourrez lire la note \u00e9crite par le directeur et les cadres qui a \u00e9t\u00e9 valid\u00e9e par le Bureau de l\u2019APEI.\" \/>\n<meta property=\"og:url\" content=\"https:\/\/apeimeudon.fr\/Blog-APEI\/communique-aux-familles-et-personnel-des-foyers-de-lapei\/\" \/>\n<meta property=\"og:site_name\" content=\"La Gazette des Foyers de l&#039;APEI de Meudon\" \/>\n<meta property=\"article:published_time\" content=\"2020-06-13T19:34:13+00:00\" \/>\n<meta property=\"article:modified_time\" content=\"2020-06-14T10:10:52+00:00\" \/>\n<meta property=\"og:image\" content=\"https:\/\/apeimeudon.fr\/Blog-APEI\/wp-content\/uploads\/2020\/04\/Miniature-Nouvelles.jpg\" \/>\n\t<meta property=\"og:image:width\" content=\"302\" \/>\n\t<meta property=\"og:image:height\" content=\"302\" \/>\n\t<meta property=\"og:image:type\" content=\"image\/jpeg\" \/>\n<meta name=\"author\" content=\"admin\" \/>\n<meta name=\"twitter:card\" content=\"summary_large_image\" \/>\n<meta name=\"twitter:label1\" content=\"\u00c9crit par\" \/>\n\t<meta name=\"twitter:data1\" content=\"admin\" \/>\n\t<meta name=\"twitter:label2\" content=\"Dur\u00e9e de lecture estim\u00e9e\" \/>\n\t<meta name=\"twitter:data2\" content=\"1 minute\" \/>\n<script type=\"application\/ld+json\" class=\"yoast-schema-graph\">{\"@context\":\"https:\\\/\\\/schema.org\",\"@graph\":[{\"@type\":\"Article\",\"@id\":\"https:\\\/\\\/apeimeudon.fr\\\/Blog-APEI\\\/communique-aux-familles-et-personnel-des-foyers-de-lapei\\\/#article\",\"isPartOf\":{\"@id\":\"https:\\\/\\\/apeimeudon.fr\\\/Blog-APEI\\\/communique-aux-familles-et-personnel-des-foyers-de-lapei\\\/\"},\"author\":{\"name\":\"admin\",\"@id\":\"https:\\\/\\\/apeimeudon.fr\\\/Blog-APEI\\\/#\\\/schema\\\/person\\\/0036ae94e919b3b6d0a126605fb77ae3\"},\"headline\":\"Communiqu\u00e9 aux familles et personnel des foyers de l\u2019APEI\",\"datePublished\":\"2020-06-13T19:34:13+00:00\",\"dateModified\":\"2020-06-14T10:10:52+00:00\",\"mainEntityOfPage\":{\"@id\":\"https:\\\/\\\/apeimeudon.fr\\\/Blog-APEI\\\/communique-aux-familles-et-personnel-des-foyers-de-lapei\\\/\"},\"wordCount\":264,\"commentCount\":0,\"publisher\":{\"@id\":\"https:\\\/\\\/apeimeudon.fr\\\/Blog-APEI\\\/#organization\"},\"image\":{\"@id\":\"https:\\\/\\\/apeimeudon.fr\\\/Blog-APEI\\\/communique-aux-familles-et-personnel-des-foyers-de-lapei\\\/#primaryimage\"},\"thumbnailUrl\":\"https:\\\/\\\/apeimeudon.fr\\\/Blog-APEI\\\/wp-content\\\/uploads\\\/2020\\\/04\\\/Miniature-Nouvelles.jpg\",\"articleSection\":[\"Confinement\",\"coronavirus\",\"Foyer des Lampes\",\"Foyer Fleury\",\"Foyer Hourdin\"],\"inLanguage\":\"fr-FR\",\"potentialAction\":[{\"@type\":\"CommentAction\",\"name\":\"Comment\",\"target\":[\"https:\\\/\\\/apeimeudon.fr\\\/Blog-APEI\\\/communique-aux-familles-et-personnel-des-foyers-de-lapei\\\/#respond\"]}]},{\"@type\":\"WebPage\",\"@id\":\"https:\\\/\\\/apeimeudon.fr\\\/Blog-APEI\\\/communique-aux-familles-et-personnel-des-foyers-de-lapei\\\/\",\"url\":\"https:\\\/\\\/apeimeudon.fr\\\/Blog-APEI\\\/communique-aux-familles-et-personnel-des-foyers-de-lapei\\\/\",\"name\":\"Communiqu\u00e9 aux familles et personnel des foyers de l\u2019APEI - La Gazette des Foyers de l&#039;APEI de Meudon\",\"isPartOf\":{\"@id\":\"https:\\\/\\\/apeimeudon.fr\\\/Blog-APEI\\\/#website\"},\"primaryImageOfPage\":{\"@id\":\"https:\\\/\\\/apeimeudon.fr\\\/Blog-APEI\\\/communique-aux-familles-et-personnel-des-foyers-de-lapei\\\/#primaryimage\"},\"image\":{\"@id\":\"https:\\\/\\\/apeimeudon.fr\\\/Blog-APEI\\\/communique-aux-familles-et-personnel-des-foyers-de-lapei\\\/#primaryimage\"},\"thumbnailUrl\":\"https:\\\/\\\/apeimeudon.fr\\\/Blog-APEI\\\/wp-content\\\/uploads\\\/2020\\\/04\\\/Miniature-Nouvelles.jpg\",\"datePublished\":\"2020-06-13T19:34:13+00:00\",\"dateModified\":\"2020-06-14T10:10:52+00:00\",\"breadcrumb\":{\"@id\":\"https:\\\/\\\/apeimeudon.fr\\\/Blog-APEI\\\/communique-aux-familles-et-personnel-des-foyers-de-lapei\\\/#breadcrumb\"},\"inLanguage\":\"fr-FR\",\"potentialAction\":[{\"@type\":\"ReadAction\",\"target\":[\"https:\\\/\\\/apeimeudon.fr\\\/Blog-APEI\\\/communique-aux-familles-et-personnel-des-foyers-de-lapei\\\/\"]}]},{\"@type\":\"ImageObject\",\"inLanguage\":\"fr-FR\",\"@id\":\"https:\\\/\\\/apeimeudon.fr\\\/Blog-APEI\\\/communique-aux-familles-et-personnel-des-foyers-de-lapei\\\/#primaryimage\",\"url\":\"https:\\\/\\\/apeimeudon.fr\\\/Blog-APEI\\\/wp-content\\\/uploads\\\/2020\\\/04\\\/Miniature-Nouvelles.jpg\",\"contentUrl\":\"https:\\\/\\\/apeimeudon.fr\\\/Blog-APEI\\\/wp-content\\\/uploads\\\/2020\\\/04\\\/Miniature-Nouvelles.jpg\",\"width\":302,\"height\":302},{\"@type\":\"BreadcrumbList\",\"@id\":\"https:\\\/\\\/apeimeudon.fr\\\/Blog-APEI\\\/communique-aux-familles-et-personnel-des-foyers-de-lapei\\\/#breadcrumb\",\"itemListElement\":[{\"@type\":\"ListItem\",\"position\":1,\"name\":\"Accueil\",\"item\":\"https:\\\/\\\/apeimeudon.fr\\\/Blog-APEI\\\/\"},{\"@type\":\"ListItem\",\"position\":2,\"name\":\"Communiqu\u00e9 aux familles et personnel des foyers de l\u2019APEI\"}]},{\"@type\":\"WebSite\",\"@id\":\"https:\\\/\\\/apeimeudon.fr\\\/Blog-APEI\\\/#website\",\"url\":\"https:\\\/\\\/apeimeudon.fr\\\/Blog-APEI\\\/\",\"name\":\"La Gazette des Foyers de l&#039;APEI de Meudon\",\"description\":\"Nos diff\u00e9rences loin de nous l\u00e9ser doivent nous enrichir -  Antoine de Saint-Exup\u00e9ry\",\"publisher\":{\"@id\":\"https:\\\/\\\/apeimeudon.fr\\\/Blog-APEI\\\/#organization\"},\"potentialAction\":[{\"@type\":\"SearchAction\",\"target\":{\"@type\":\"EntryPoint\",\"urlTemplate\":\"https:\\\/\\\/apeimeudon.fr\\\/Blog-APEI\\\/?s={search_term_string}\"},\"query-input\":{\"@type\":\"PropertyValueSpecification\",\"valueRequired\":true,\"valueName\":\"search_term_string\"}}],\"inLanguage\":\"fr-FR\"},{\"@type\":\"Organization\",\"@id\":\"https:\\\/\\\/apeimeudon.fr\\\/Blog-APEI\\\/#organization\",\"name\":\"APEI de Meudon\",\"url\":\"https:\\\/\\\/apeimeudon.fr\\\/Blog-APEI\\\/\",\"logo\":{\"@type\":\"ImageObject\",\"inLanguage\":\"fr-FR\",\"@id\":\"https:\\\/\\\/apeimeudon.fr\\\/Blog-APEI\\\/#\\\/schema\\\/logo\\\/image\\\/\",\"url\":\"https:\\\/\\\/apeimeudon.fr\\\/Blog-APEI\\\/wp-content\\\/uploads\\\/2017\\\/10\\\/Icone-APEI.png\",\"contentUrl\":\"https:\\\/\\\/apeimeudon.fr\\\/Blog-APEI\\\/wp-content\\\/uploads\\\/2017\\\/10\\\/Icone-APEI.png\",\"width\":128,\"height\":128,\"caption\":\"APEI de Meudon\"},\"image\":{\"@id\":\"https:\\\/\\\/apeimeudon.fr\\\/Blog-APEI\\\/#\\\/schema\\\/logo\\\/image\\\/\"}},{\"@type\":\"Person\",\"@id\":\"https:\\\/\\\/apeimeudon.fr\\\/Blog-APEI\\\/#\\\/schema\\\/person\\\/0036ae94e919b3b6d0a126605fb77ae3\",\"name\":\"admin\",\"image\":{\"@type\":\"ImageObject\",\"inLanguage\":\"fr-FR\",\"@id\":\"https:\\\/\\\/secure.gravatar.com\\\/avatar\\\/7126bead2c4dec8de61bb2e929eb8883a3bfc2d631934833b3e8d2ebc4a183a3?s=96&d=mm&r=g\",\"url\":\"https:\\\/\\\/secure.gravatar.com\\\/avatar\\\/7126bead2c4dec8de61bb2e929eb8883a3bfc2d631934833b3e8d2ebc4a183a3?s=96&d=mm&r=g\",\"contentUrl\":\"https:\\\/\\\/secure.gravatar.com\\\/avatar\\\/7126bead2c4dec8de61bb2e929eb8883a3bfc2d631934833b3e8d2ebc4a183a3?s=96&d=mm&r=g\",\"caption\":\"admin\"},\"url\":\"https:\\\/\\\/apeimeudon.fr\\\/Blog-APEI\\\/author\\\/admin\\\/\"}]}<\/script>\n<!-- \/ Yoast SEO plugin. -->","yoast_head_json":{"title":"Communiqu\u00e9 aux familles et personnel des foyers de l\u2019APEI - La Gazette des Foyers de l&#039;APEI de Meudon","robots":{"index":"index","follow":"follow","max-snippet":"max-snippet:-1","max-image-preview":"max-image-preview:large","max-video-preview":"max-video-preview:-1"},"canonical":"https:\/\/apeimeudon.fr\/Blog-APEI\/communique-aux-familles-et-personnel-des-foyers-de-lapei\/","og_locale":"fr_FR","og_type":"article","og_title":"Communiqu\u00e9 aux familles et personnel des foyers de l\u2019APEI - La Gazette des Foyers de l&#039;APEI de Meudon","og_description":"Le d\u00e9confinement de nos foyers continue \u00e0 \u00e9voluer en fonction des directives nationales et de nos partenaires qui accueillent nos r\u00e9sidents des foyers d\u2019h\u00e9bergement dans la journ\u00e9e. Vous pourrez lire la note \u00e9crite par le directeur et les cadres qui a \u00e9t\u00e9 valid\u00e9e par le Bureau de l\u2019APEI.","og_url":"https:\/\/apeimeudon.fr\/Blog-APEI\/communique-aux-familles-et-personnel-des-foyers-de-lapei\/","og_site_name":"La Gazette des Foyers de l&#039;APEI de Meudon","article_published_time":"2020-06-13T19:34:13+00:00","article_modified_time":"2020-06-14T10:10:52+00:00","og_image":[{"width":302,"height":302,"url":"https:\/\/apeimeudon.fr\/Blog-APEI\/wp-content\/uploads\/2020\/04\/Miniature-Nouvelles.jpg","type":"image\/jpeg"}],"author":"admin","twitter_card":"summary_large_image","twitter_misc":{"\u00c9crit par":"admin","Dur\u00e9e de lecture estim\u00e9e":"1 minute"},"schema":{"@context":"https:\/\/schema.org","@graph":[{"@type":"Article","@id":"https:\/\/apeimeudon.fr\/Blog-APEI\/communique-aux-familles-et-personnel-des-foyers-de-lapei\/#article","isPartOf":{"@id":"https:\/\/apeimeudon.fr\/Blog-APEI\/communique-aux-familles-et-personnel-des-foyers-de-lapei\/"},"author":{"name":"admin","@id":"https:\/\/apeimeudon.fr\/Blog-APEI\/#\/schema\/person\/0036ae94e919b3b6d0a126605fb77ae3"},"headline":"Communiqu\u00e9 aux familles et personnel des foyers de l\u2019APEI","datePublished":"2020-06-13T19:34:13+00:00","dateModified":"2020-06-14T10:10:52+00:00","mainEntityOfPage":{"@id":"https:\/\/apeimeudon.fr\/Blog-APEI\/communique-aux-familles-et-personnel-des-foyers-de-lapei\/"},"wordCount":264,"commentCount":0,"publisher":{"@id":"https:\/\/apeimeudon.fr\/Blog-APEI\/#organization"},"image":{"@id":"https:\/\/apeimeudon.fr\/Blog-APEI\/communique-aux-familles-et-personnel-des-foyers-de-lapei\/#primaryimage"},"thumbnailUrl":"https:\/\/apeimeudon.fr\/Blog-APEI\/wp-content\/uploads\/2020\/04\/Miniature-Nouvelles.jpg","articleSection":["Confinement","coronavirus","Foyer des Lampes","Foyer Fleury","Foyer Hourdin"],"inLanguage":"fr-FR","potentialAction":[{"@type":"CommentAction","name":"Comment","target":["https:\/\/apeimeudon.fr\/Blog-APEI\/communique-aux-familles-et-personnel-des-foyers-de-lapei\/#respond"]}]},{"@type":"WebPage","@id":"https:\/\/apeimeudon.fr\/Blog-APEI\/communique-aux-familles-et-personnel-des-foyers-de-lapei\/","url":"https:\/\/apeimeudon.fr\/Blog-APEI\/communique-aux-familles-et-personnel-des-foyers-de-lapei\/","name":"Communiqu\u00e9 aux familles et personnel des foyers de l\u2019APEI - La Gazette des Foyers de l&#039;APEI de Meudon","isPartOf":{"@id":"https:\/\/apeimeudon.fr\/Blog-APEI\/#website"},"primaryImageOfPage":{"@id":"https:\/\/apeimeudon.fr\/Blog-APEI\/communique-aux-familles-et-personnel-des-foyers-de-lapei\/#primaryimage"},"image":{"@id":"https:\/\/apeimeudon.fr\/Blog-APEI\/communique-aux-familles-et-personnel-des-foyers-de-lapei\/#primaryimage"},"thumbnailUrl":"https:\/\/apeimeudon.fr\/Blog-APEI\/wp-content\/uploads\/2020\/04\/Miniature-Nouvelles.jpg","datePublished":"2020-06-13T19:34:13+00:00","dateModified":"2020-06-14T10:10:52+00:00","breadcrumb":{"@id":"https:\/\/apeimeudon.fr\/Blog-APEI\/communique-aux-familles-et-personnel-des-foyers-de-lapei\/#breadcrumb"},"inLanguage":"fr-FR","potentialAction":[{"@type":"ReadAction","target":["https:\/\/apeimeudon.fr\/Blog-APEI\/communique-aux-familles-et-personnel-des-foyers-de-lapei\/"]}]},{"@type":"ImageObject","inLanguage":"fr-FR","@id":"https:\/\/apeimeudon.fr\/Blog-APEI\/communique-aux-familles-et-personnel-des-foyers-de-lapei\/#primaryimage","url":"https:\/\/apeimeudon.fr\/Blog-APEI\/wp-content\/uploads\/2020\/04\/Miniature-Nouvelles.jpg","contentUrl":"https:\/\/apeimeudon.fr\/Blog-APEI\/wp-content\/uploads\/2020\/04\/Miniature-Nouvelles.jpg","width":302,"height":302},{"@type":"BreadcrumbList","@id":"https:\/\/apeimeudon.fr\/Blog-APEI\/communique-aux-familles-et-personnel-des-foyers-de-lapei\/#breadcrumb","itemListElement":[{"@type":"ListItem","position":1,"name":"Accueil","item":"https:\/\/apeimeudon.fr\/Blog-APEI\/"},{"@type":"ListItem","position":2,"name":"Communiqu\u00e9 aux familles et personnel des foyers de l\u2019APEI"}]},{"@type":"WebSite","@id":"https:\/\/apeimeudon.fr\/Blog-APEI\/#website","url":"https:\/\/apeimeudon.fr\/Blog-APEI\/","name":"La Gazette des Foyers de l&#039;APEI de Meudon","description":"Nos diff\u00e9rences loin de nous l\u00e9ser doivent nous enrichir -  Antoine de Saint-Exup\u00e9ry","publisher":{"@id":"https:\/\/apeimeudon.fr\/Blog-APEI\/#organization"},"potentialAction":[{"@type":"SearchAction","target":{"@type":"EntryPoint","urlTemplate":"https:\/\/apeimeudon.fr\/Blog-APEI\/?s={search_term_string}"},"query-input":{"@type":"PropertyValueSpecification","valueRequired":true,"valueName":"search_term_string"}}],"inLanguage":"fr-FR"},{"@type":"Organization","@id":"https:\/\/apeimeudon.fr\/Blog-APEI\/#organization","name":"APEI de Meudon","url":"https:\/\/apeimeudon.fr\/Blog-APEI\/","logo":{"@type":"ImageObject","inLanguage":"fr-FR","@id":"https:\/\/apeimeudon.fr\/Blog-APEI\/#\/schema\/logo\/image\/","url":"https:\/\/apeimeudon.fr\/Blog-APEI\/wp-content\/uploads\/2017\/10\/Icone-APEI.png","contentUrl":"https:\/\/apeimeudon.fr\/Blog-APEI\/wp-content\/uploads\/2017\/10\/Icone-APEI.png","width":128,"height":128,"caption":"APEI de Meudon"},"image":{"@id":"https:\/\/apeimeudon.fr\/Blog-APEI\/#\/schema\/logo\/image\/"}},{"@type":"Person","@id":"https:\/\/apeimeudon.fr\/Blog-APEI\/#\/schema\/person\/0036ae94e919b3b6d0a126605fb77ae3","name":"admin","image":{"@type":"ImageObject","inLanguage":"fr-FR","@id":"https:\/\/secure.gravatar.com\/avatar\/7126bead2c4dec8de61bb2e929eb8883a3bfc2d631934833b3e8d2ebc4a183a3?s=96&d=mm&r=g","url":"https:\/\/secure.gravatar.com\/avatar\/7126bead2c4dec8de61bb2e929eb8883a3bfc2d631934833b3e8d2ebc4a183a3?s=96&d=mm&r=g","contentUrl":"https:\/\/secure.gravatar.com\/avatar\/7126bead2c4dec8de61bb2e929eb8883a3bfc2d631934833b3e8d2ebc4a183a3?s=96&d=mm&r=g","caption":"admin"},"url":"https:\/\/apeimeudon.fr\/Blog-APEI\/author\/admin\/"}]}},"_links":{"self":[{"href":"https:\/\/apeimeudon.fr\/Blog-APEI\/wp-json\/wp\/v2\/posts\/1731","targetHints":{"allow":["GET"]}}],"collection":[{"href":"https:\/\/apeimeudon.fr\/Blog-APEI\/wp-json\/wp\/v2\/posts"}],"about":[{"href":"https:\/\/apeimeudon.fr\/Blog-APEI\/wp-json\/wp\/v2\/types\/post"}],"author":[{"embeddable":true,"href":"https:\/\/apeimeudon.fr\/Blog-APEI\/wp-json\/wp\/v2\/users\/1"}],"replies":[{"embeddable":true,"href":"https:\/\/apeimeudon.fr\/Blog-APEI\/wp-json\/wp\/v2\/comments?post=1731"}],"version-history":[{"count":7,"href":"https:\/\/apeimeudon.fr\/Blog-APEI\/wp-json\/wp\/v2\/posts\/1731\/revisions"}],"predecessor-version":[{"id":1740,"href":"https:\/\/apeimeudon.fr\/Blog-APEI\/wp-json\/wp\/v2\/posts\/1731\/revisions\/1740"}],"wp:featuredmedia":[{"embeddable":true,"href":"https:\/\/apeimeudon.fr\/Blog-APEI\/wp-json\/wp\/v2\/media\/1205"}],"wp:attachment":[{"href":"https:\/\/apeimeudon.fr\/Blog-APEI\/wp-json\/wp\/v2\/media?parent=1731"}],"wp:term":[{"taxonomy":"category","embeddable":true,"href":"https:\/\/apeimeudon.fr\/Blog-APEI\/wp-json\/wp\/v2\/categories?post=1731"},{"taxonomy":"post_tag","embeddable":true,"href":"https:\/\/apeimeudon.fr\/Blog-APEI\/wp-json\/wp\/v2\/tags?post=1731"}],"curies":[{"name":"wp","href":"https:\/\/api.w.org\/{rel}","templated":true}]}}