{"id":1743,"date":"2020-06-20T09:59:10","date_gmt":"2020-06-20T07:59:10","guid":{"rendered":"http:\/\/apeimeudon.fr\/Blog-APEI\/?p=1743"},"modified":"2020-06-20T09:59:11","modified_gmt":"2020-06-20T07:59:11","slug":"deconfinement-des-foyers-phase-iv","status":"publish","type":"post","link":"https:\/\/apeimeudon.fr\/Blog-APEI\/deconfinement-des-foyers-phase-iv\/","title":{"rendered":"D\u00e9confinement des Foyers &#8211; Phase IV"},"content":{"rendered":"\n<p>Le d\u00e9confinement de nos foyers continue \u00e0 \u00e9voluer en fonction des directives nationales et de nos partenaires qui accueillent nos r\u00e9sidents des foyers d\u2019h\u00e9bergement dans la journ\u00e9e.<\/p>\n\n\n\n<!--more-->\n\n\n\n<p>Apr\u00e8s la phase 3 commenc\u00e9e d\u00e8s le 2 juin, la phase 4 sera mis en place dans l&rsquo;ensemble de nos foyers d\u00e8s le 21 juin 2020.<\/p>\n\n\n\n<p>Vous pourrez lire la note \u00e9crite par le directeur et les cadres qui a \u00e9t\u00e9 valid\u00e9e par le Bureau de l\u2019APEI en cliquant sur l&rsquo;image ci-dessous.<\/p>\n\n\n\n<p>Cependant, nous devons rester vigilants par rapport \u00e0 cette \u00e9pid\u00e9mie.<\/p>\n\n\n\n<div class=\"wp-block-image\"><figure class=\"aligncenter size-large is-resized\"><a href=\"http:\/\/apeimeudon.fr\/Blog-APEI\/wp-content\/uploads\/2020\/06\/D\u00e9confinement-Phase-IV.pdf\" target=\"_blank\" rel=\"noopener noreferrer\"><img loading=\"lazy\" decoding=\"async\" src=\"http:\/\/apeimeudon.fr\/Blog-APEI\/wp-content\/uploads\/2020\/05\/adobe-pdf-logo.png\" alt=\"\" class=\"wp-image-1645\" width=\"139\" height=\"139\" srcset=\"https:\/\/apeimeudon.fr\/Blog-APEI\/wp-content\/uploads\/2020\/05\/adobe-pdf-logo.png 300w, https:\/\/apeimeudon.fr\/Blog-APEI\/wp-content\/uploads\/2020\/05\/adobe-pdf-logo-150x150.png 150w\" sizes=\"auto, (max-width: 139px) 100vw, 139px\" \/><\/a><figcaption>D\u00e9confinement &#8211; Phase IV<\/figcaption><\/figure><\/div>\n","protected":false},"excerpt":{"rendered":"<p>Le d\u00e9confinement de nos foyers continue \u00e0 \u00e9voluer en fonction des directives nationales et de nos partenaires qui accueillent nos r\u00e9sidents des foyers d\u2019h\u00e9bergement dans la journ\u00e9e.<\/p>\n","protected":false},"author":1,"featured_media":1205,"comment_status":"open","ping_status":"open","sticky":false,"template":"","format":"standard","meta":{"_acf_changed":false,"_monsterinsights_skip_tracking":false,"_monsterinsights_sitenote_active":false,"_monsterinsights_sitenote_note":"","_monsterinsights_sitenote_category":0,"ngg_post_thumbnail":0,"footnotes":""},"categories":[41,43,44,34,32,42],"tags":[],"class_list":["post-1743","post","type-post","status-publish","format-standard","has-post-thumbnail","hentry","category-bords-de-seine","category-confinement","category-coronavirus","category-foyer-des-lampes","category-foyer-fleury","category-foyer-hourdin"],"acf":[],"yoast_head":"<!-- This site is optimized with the Yoast SEO plugin v27.3 - https:\/\/yoast.com\/product\/yoast-seo-wordpress\/ -->\n<title>D\u00e9confinement des Foyers - Phase IV - La Gazette des Foyers de l&#039;APEI de Meudon<\/title>\n<meta name=\"robots\" content=\"index, follow, max-snippet:-1, max-image-preview:large, max-video-preview:-1\" \/>\n<link rel=\"canonical\" href=\"https:\/\/apeimeudon.fr\/Blog-APEI\/deconfinement-des-foyers-phase-iv\/\" \/>\n<meta property=\"og:locale\" content=\"fr_FR\" \/>\n<meta property=\"og:type\" content=\"article\" \/>\n<meta property=\"og:title\" content=\"D\u00e9confinement des Foyers - Phase IV - La Gazette des Foyers de l&#039;APEI de Meudon\" \/>\n<meta property=\"og:description\" content=\"Le d\u00e9confinement de nos foyers continue \u00e0 \u00e9voluer en fonction des directives nationales et de nos partenaires qui accueillent nos r\u00e9sidents des foyers d\u2019h\u00e9bergement dans la journ\u00e9e.\" \/>\n<meta property=\"og:url\" content=\"https:\/\/apeimeudon.fr\/Blog-APEI\/deconfinement-des-foyers-phase-iv\/\" \/>\n<meta property=\"og:site_name\" content=\"La Gazette des Foyers de l&#039;APEI de Meudon\" \/>\n<meta property=\"article:published_time\" content=\"2020-06-20T07:59:10+00:00\" \/>\n<meta property=\"article:modified_time\" content=\"2020-06-20T07:59:11+00:00\" \/>\n<meta property=\"og:image\" content=\"https:\/\/apeimeudon.fr\/Blog-APEI\/wp-content\/uploads\/2020\/04\/Miniature-Nouvelles.jpg\" \/>\n\t<meta property=\"og:image:width\" content=\"302\" \/>\n\t<meta property=\"og:image:height\" content=\"302\" \/>\n\t<meta property=\"og:image:type\" content=\"image\/jpeg\" \/>\n<meta name=\"author\" content=\"admin\" \/>\n<meta name=\"twitter:card\" content=\"summary_large_image\" \/>\n<meta name=\"twitter:label1\" content=\"\u00c9crit par\" \/>\n\t<meta name=\"twitter:data1\" content=\"admin\" \/>\n<script type=\"application\/ld+json\" class=\"yoast-schema-graph\">{\"@context\":\"https:\\\/\\\/schema.org\",\"@graph\":[{\"@type\":\"Article\",\"@id\":\"https:\\\/\\\/apeimeudon.fr\\\/Blog-APEI\\\/deconfinement-des-foyers-phase-iv\\\/#article\",\"isPartOf\":{\"@id\":\"https:\\\/\\\/apeimeudon.fr\\\/Blog-APEI\\\/deconfinement-des-foyers-phase-iv\\\/\"},\"author\":{\"name\":\"admin\",\"@id\":\"https:\\\/\\\/apeimeudon.fr\\\/Blog-APEI\\\/#\\\/schema\\\/person\\\/0036ae94e919b3b6d0a126605fb77ae3\"},\"headline\":\"D\u00e9confinement des Foyers &#8211; Phase IV\",\"datePublished\":\"2020-06-20T07:59:10+00:00\",\"dateModified\":\"2020-06-20T07:59:11+00:00\",\"mainEntityOfPage\":{\"@id\":\"https:\\\/\\\/apeimeudon.fr\\\/Blog-APEI\\\/deconfinement-des-foyers-phase-iv\\\/\"},\"wordCount\":106,\"commentCount\":0,\"publisher\":{\"@id\":\"https:\\\/\\\/apeimeudon.fr\\\/Blog-APEI\\\/#organization\"},\"image\":{\"@id\":\"https:\\\/\\\/apeimeudon.fr\\\/Blog-APEI\\\/deconfinement-des-foyers-phase-iv\\\/#primaryimage\"},\"thumbnailUrl\":\"https:\\\/\\\/apeimeudon.fr\\\/Blog-APEI\\\/wp-content\\\/uploads\\\/2020\\\/04\\\/Miniature-Nouvelles.jpg\",\"articleSection\":[\"Bords de Seine\",\"Confinement\",\"coronavirus\",\"Foyer des Lampes\",\"Foyer Fleury\",\"Foyer Hourdin\"],\"inLanguage\":\"fr-FR\",\"potentialAction\":[{\"@type\":\"CommentAction\",\"name\":\"Comment\",\"target\":[\"https:\\\/\\\/apeimeudon.fr\\\/Blog-APEI\\\/deconfinement-des-foyers-phase-iv\\\/#respond\"]}]},{\"@type\":\"WebPage\",\"@id\":\"https:\\\/\\\/apeimeudon.fr\\\/Blog-APEI\\\/deconfinement-des-foyers-phase-iv\\\/\",\"url\":\"https:\\\/\\\/apeimeudon.fr\\\/Blog-APEI\\\/deconfinement-des-foyers-phase-iv\\\/\",\"name\":\"D\u00e9confinement des Foyers - Phase IV - La Gazette des Foyers de l&#039;APEI de Meudon\",\"isPartOf\":{\"@id\":\"https:\\\/\\\/apeimeudon.fr\\\/Blog-APEI\\\/#website\"},\"primaryImageOfPage\":{\"@id\":\"https:\\\/\\\/apeimeudon.fr\\\/Blog-APEI\\\/deconfinement-des-foyers-phase-iv\\\/#primaryimage\"},\"image\":{\"@id\":\"https:\\\/\\\/apeimeudon.fr\\\/Blog-APEI\\\/deconfinement-des-foyers-phase-iv\\\/#primaryimage\"},\"thumbnailUrl\":\"https:\\\/\\\/apeimeudon.fr\\\/Blog-APEI\\\/wp-content\\\/uploads\\\/2020\\\/04\\\/Miniature-Nouvelles.jpg\",\"datePublished\":\"2020-06-20T07:59:10+00:00\",\"dateModified\":\"2020-06-20T07:59:11+00:00\",\"breadcrumb\":{\"@id\":\"https:\\\/\\\/apeimeudon.fr\\\/Blog-APEI\\\/deconfinement-des-foyers-phase-iv\\\/#breadcrumb\"},\"inLanguage\":\"fr-FR\",\"potentialAction\":[{\"@type\":\"ReadAction\",\"target\":[\"https:\\\/\\\/apeimeudon.fr\\\/Blog-APEI\\\/deconfinement-des-foyers-phase-iv\\\/\"]}]},{\"@type\":\"ImageObject\",\"inLanguage\":\"fr-FR\",\"@id\":\"https:\\\/\\\/apeimeudon.fr\\\/Blog-APEI\\\/deconfinement-des-foyers-phase-iv\\\/#primaryimage\",\"url\":\"https:\\\/\\\/apeimeudon.fr\\\/Blog-APEI\\\/wp-content\\\/uploads\\\/2020\\\/04\\\/Miniature-Nouvelles.jpg\",\"contentUrl\":\"https:\\\/\\\/apeimeudon.fr\\\/Blog-APEI\\\/wp-content\\\/uploads\\\/2020\\\/04\\\/Miniature-Nouvelles.jpg\",\"width\":302,\"height\":302},{\"@type\":\"BreadcrumbList\",\"@id\":\"https:\\\/\\\/apeimeudon.fr\\\/Blog-APEI\\\/deconfinement-des-foyers-phase-iv\\\/#breadcrumb\",\"itemListElement\":[{\"@type\":\"ListItem\",\"position\":1,\"name\":\"Accueil\",\"item\":\"https:\\\/\\\/apeimeudon.fr\\\/Blog-APEI\\\/\"},{\"@type\":\"ListItem\",\"position\":2,\"name\":\"D\u00e9confinement des Foyers &#8211; Phase IV\"}]},{\"@type\":\"WebSite\",\"@id\":\"https:\\\/\\\/apeimeudon.fr\\\/Blog-APEI\\\/#website\",\"url\":\"https:\\\/\\\/apeimeudon.fr\\\/Blog-APEI\\\/\",\"name\":\"La Gazette des Foyers de l&#039;APEI de Meudon\",\"description\":\"Nos diff\u00e9rences loin de nous l\u00e9ser doivent nous enrichir -  Antoine de Saint-Exup\u00e9ry\",\"publisher\":{\"@id\":\"https:\\\/\\\/apeimeudon.fr\\\/Blog-APEI\\\/#organization\"},\"potentialAction\":[{\"@type\":\"SearchAction\",\"target\":{\"@type\":\"EntryPoint\",\"urlTemplate\":\"https:\\\/\\\/apeimeudon.fr\\\/Blog-APEI\\\/?s={search_term_string}\"},\"query-input\":{\"@type\":\"PropertyValueSpecification\",\"valueRequired\":true,\"valueName\":\"search_term_string\"}}],\"inLanguage\":\"fr-FR\"},{\"@type\":\"Organization\",\"@id\":\"https:\\\/\\\/apeimeudon.fr\\\/Blog-APEI\\\/#organization\",\"name\":\"APEI de Meudon\",\"url\":\"https:\\\/\\\/apeimeudon.fr\\\/Blog-APEI\\\/\",\"logo\":{\"@type\":\"ImageObject\",\"inLanguage\":\"fr-FR\",\"@id\":\"https:\\\/\\\/apeimeudon.fr\\\/Blog-APEI\\\/#\\\/schema\\\/logo\\\/image\\\/\",\"url\":\"https:\\\/\\\/apeimeudon.fr\\\/Blog-APEI\\\/wp-content\\\/uploads\\\/2017\\\/10\\\/Icone-APEI.png\",\"contentUrl\":\"https:\\\/\\\/apeimeudon.fr\\\/Blog-APEI\\\/wp-content\\\/uploads\\\/2017\\\/10\\\/Icone-APEI.png\",\"width\":128,\"height\":128,\"caption\":\"APEI de Meudon\"},\"image\":{\"@id\":\"https:\\\/\\\/apeimeudon.fr\\\/Blog-APEI\\\/#\\\/schema\\\/logo\\\/image\\\/\"}},{\"@type\":\"Person\",\"@id\":\"https:\\\/\\\/apeimeudon.fr\\\/Blog-APEI\\\/#\\\/schema\\\/person\\\/0036ae94e919b3b6d0a126605fb77ae3\",\"name\":\"admin\",\"image\":{\"@type\":\"ImageObject\",\"inLanguage\":\"fr-FR\",\"@id\":\"https:\\\/\\\/secure.gravatar.com\\\/avatar\\\/7126bead2c4dec8de61bb2e929eb8883a3bfc2d631934833b3e8d2ebc4a183a3?s=96&d=mm&r=g\",\"url\":\"https:\\\/\\\/secure.gravatar.com\\\/avatar\\\/7126bead2c4dec8de61bb2e929eb8883a3bfc2d631934833b3e8d2ebc4a183a3?s=96&d=mm&r=g\",\"contentUrl\":\"https:\\\/\\\/secure.gravatar.com\\\/avatar\\\/7126bead2c4dec8de61bb2e929eb8883a3bfc2d631934833b3e8d2ebc4a183a3?s=96&d=mm&r=g\",\"caption\":\"admin\"},\"url\":\"https:\\\/\\\/apeimeudon.fr\\\/Blog-APEI\\\/author\\\/admin\\\/\"}]}<\/script>\n<!-- \/ Yoast SEO plugin. -->","yoast_head_json":{"title":"D\u00e9confinement des Foyers - Phase IV - La Gazette des Foyers de l&#039;APEI de Meudon","robots":{"index":"index","follow":"follow","max-snippet":"max-snippet:-1","max-image-preview":"max-image-preview:large","max-video-preview":"max-video-preview:-1"},"canonical":"https:\/\/apeimeudon.fr\/Blog-APEI\/deconfinement-des-foyers-phase-iv\/","og_locale":"fr_FR","og_type":"article","og_title":"D\u00e9confinement des Foyers - Phase IV - La Gazette des Foyers de l&#039;APEI de Meudon","og_description":"Le d\u00e9confinement de nos foyers continue \u00e0 \u00e9voluer en fonction des directives nationales et de nos partenaires qui accueillent nos r\u00e9sidents des foyers d\u2019h\u00e9bergement dans la journ\u00e9e.","og_url":"https:\/\/apeimeudon.fr\/Blog-APEI\/deconfinement-des-foyers-phase-iv\/","og_site_name":"La Gazette des Foyers de l&#039;APEI de Meudon","article_published_time":"2020-06-20T07:59:10+00:00","article_modified_time":"2020-06-20T07:59:11+00:00","og_image":[{"width":302,"height":302,"url":"https:\/\/apeimeudon.fr\/Blog-APEI\/wp-content\/uploads\/2020\/04\/Miniature-Nouvelles.jpg","type":"image\/jpeg"}],"author":"admin","twitter_card":"summary_large_image","twitter_misc":{"\u00c9crit par":"admin"},"schema":{"@context":"https:\/\/schema.org","@graph":[{"@type":"Article","@id":"https:\/\/apeimeudon.fr\/Blog-APEI\/deconfinement-des-foyers-phase-iv\/#article","isPartOf":{"@id":"https:\/\/apeimeudon.fr\/Blog-APEI\/deconfinement-des-foyers-phase-iv\/"},"author":{"name":"admin","@id":"https:\/\/apeimeudon.fr\/Blog-APEI\/#\/schema\/person\/0036ae94e919b3b6d0a126605fb77ae3"},"headline":"D\u00e9confinement des Foyers &#8211; Phase IV","datePublished":"2020-06-20T07:59:10+00:00","dateModified":"2020-06-20T07:59:11+00:00","mainEntityOfPage":{"@id":"https:\/\/apeimeudon.fr\/Blog-APEI\/deconfinement-des-foyers-phase-iv\/"},"wordCount":106,"commentCount":0,"publisher":{"@id":"https:\/\/apeimeudon.fr\/Blog-APEI\/#organization"},"image":{"@id":"https:\/\/apeimeudon.fr\/Blog-APEI\/deconfinement-des-foyers-phase-iv\/#primaryimage"},"thumbnailUrl":"https:\/\/apeimeudon.fr\/Blog-APEI\/wp-content\/uploads\/2020\/04\/Miniature-Nouvelles.jpg","articleSection":["Bords de Seine","Confinement","coronavirus","Foyer des Lampes","Foyer Fleury","Foyer Hourdin"],"inLanguage":"fr-FR","potentialAction":[{"@type":"CommentAction","name":"Comment","target":["https:\/\/apeimeudon.fr\/Blog-APEI\/deconfinement-des-foyers-phase-iv\/#respond"]}]},{"@type":"WebPage","@id":"https:\/\/apeimeudon.fr\/Blog-APEI\/deconfinement-des-foyers-phase-iv\/","url":"https:\/\/apeimeudon.fr\/Blog-APEI\/deconfinement-des-foyers-phase-iv\/","name":"D\u00e9confinement des Foyers - Phase IV - La Gazette des Foyers de l&#039;APEI de Meudon","isPartOf":{"@id":"https:\/\/apeimeudon.fr\/Blog-APEI\/#website"},"primaryImageOfPage":{"@id":"https:\/\/apeimeudon.fr\/Blog-APEI\/deconfinement-des-foyers-phase-iv\/#primaryimage"},"image":{"@id":"https:\/\/apeimeudon.fr\/Blog-APEI\/deconfinement-des-foyers-phase-iv\/#primaryimage"},"thumbnailUrl":"https:\/\/apeimeudon.fr\/Blog-APEI\/wp-content\/uploads\/2020\/04\/Miniature-Nouvelles.jpg","datePublished":"2020-06-20T07:59:10+00:00","dateModified":"2020-06-20T07:59:11+00:00","breadcrumb":{"@id":"https:\/\/apeimeudon.fr\/Blog-APEI\/deconfinement-des-foyers-phase-iv\/#breadcrumb"},"inLanguage":"fr-FR","potentialAction":[{"@type":"ReadAction","target":["https:\/\/apeimeudon.fr\/Blog-APEI\/deconfinement-des-foyers-phase-iv\/"]}]},{"@type":"ImageObject","inLanguage":"fr-FR","@id":"https:\/\/apeimeudon.fr\/Blog-APEI\/deconfinement-des-foyers-phase-iv\/#primaryimage","url":"https:\/\/apeimeudon.fr\/Blog-APEI\/wp-content\/uploads\/2020\/04\/Miniature-Nouvelles.jpg","contentUrl":"https:\/\/apeimeudon.fr\/Blog-APEI\/wp-content\/uploads\/2020\/04\/Miniature-Nouvelles.jpg","width":302,"height":302},{"@type":"BreadcrumbList","@id":"https:\/\/apeimeudon.fr\/Blog-APEI\/deconfinement-des-foyers-phase-iv\/#breadcrumb","itemListElement":[{"@type":"ListItem","position":1,"name":"Accueil","item":"https:\/\/apeimeudon.fr\/Blog-APEI\/"},{"@type":"ListItem","position":2,"name":"D\u00e9confinement des Foyers &#8211; Phase IV"}]},{"@type":"WebSite","@id":"https:\/\/apeimeudon.fr\/Blog-APEI\/#website","url":"https:\/\/apeimeudon.fr\/Blog-APEI\/","name":"La Gazette des Foyers de l&#039;APEI de Meudon","description":"Nos diff\u00e9rences loin de nous l\u00e9ser doivent nous enrichir -  Antoine de Saint-Exup\u00e9ry","publisher":{"@id":"https:\/\/apeimeudon.fr\/Blog-APEI\/#organization"},"potentialAction":[{"@type":"SearchAction","target":{"@type":"EntryPoint","urlTemplate":"https:\/\/apeimeudon.fr\/Blog-APEI\/?s={search_term_string}"},"query-input":{"@type":"PropertyValueSpecification","valueRequired":true,"valueName":"search_term_string"}}],"inLanguage":"fr-FR"},{"@type":"Organization","@id":"https:\/\/apeimeudon.fr\/Blog-APEI\/#organization","name":"APEI de Meudon","url":"https:\/\/apeimeudon.fr\/Blog-APEI\/","logo":{"@type":"ImageObject","inLanguage":"fr-FR","@id":"https:\/\/apeimeudon.fr\/Blog-APEI\/#\/schema\/logo\/image\/","url":"https:\/\/apeimeudon.fr\/Blog-APEI\/wp-content\/uploads\/2017\/10\/Icone-APEI.png","contentUrl":"https:\/\/apeimeudon.fr\/Blog-APEI\/wp-content\/uploads\/2017\/10\/Icone-APEI.png","width":128,"height":128,"caption":"APEI de Meudon"},"image":{"@id":"https:\/\/apeimeudon.fr\/Blog-APEI\/#\/schema\/logo\/image\/"}},{"@type":"Person","@id":"https:\/\/apeimeudon.fr\/Blog-APEI\/#\/schema\/person\/0036ae94e919b3b6d0a126605fb77ae3","name":"admin","image":{"@type":"ImageObject","inLanguage":"fr-FR","@id":"https:\/\/secure.gravatar.com\/avatar\/7126bead2c4dec8de61bb2e929eb8883a3bfc2d631934833b3e8d2ebc4a183a3?s=96&d=mm&r=g","url":"https:\/\/secure.gravatar.com\/avatar\/7126bead2c4dec8de61bb2e929eb8883a3bfc2d631934833b3e8d2ebc4a183a3?s=96&d=mm&r=g","contentUrl":"https:\/\/secure.gravatar.com\/avatar\/7126bead2c4dec8de61bb2e929eb8883a3bfc2d631934833b3e8d2ebc4a183a3?s=96&d=mm&r=g","caption":"admin"},"url":"https:\/\/apeimeudon.fr\/Blog-APEI\/author\/admin\/"}]}},"_links":{"self":[{"href":"https:\/\/apeimeudon.fr\/Blog-APEI\/wp-json\/wp\/v2\/posts\/1743","targetHints":{"allow":["GET"]}}],"collection":[{"href":"https:\/\/apeimeudon.fr\/Blog-APEI\/wp-json\/wp\/v2\/posts"}],"about":[{"href":"https:\/\/apeimeudon.fr\/Blog-APEI\/wp-json\/wp\/v2\/types\/post"}],"author":[{"embeddable":true,"href":"https:\/\/apeimeudon.fr\/Blog-APEI\/wp-json\/wp\/v2\/users\/1"}],"replies":[{"embeddable":true,"href":"https:\/\/apeimeudon.fr\/Blog-APEI\/wp-json\/wp\/v2\/comments?post=1743"}],"version-history":[{"count":3,"href":"https:\/\/apeimeudon.fr\/Blog-APEI\/wp-json\/wp\/v2\/posts\/1743\/revisions"}],"predecessor-version":[{"id":1746,"href":"https:\/\/apeimeudon.fr\/Blog-APEI\/wp-json\/wp\/v2\/posts\/1743\/revisions\/1746"}],"wp:featuredmedia":[{"embeddable":true,"href":"https:\/\/apeimeudon.fr\/Blog-APEI\/wp-json\/wp\/v2\/media\/1205"}],"wp:attachment":[{"href":"https:\/\/apeimeudon.fr\/Blog-APEI\/wp-json\/wp\/v2\/media?parent=1743"}],"wp:term":[{"taxonomy":"category","embeddable":true,"href":"https:\/\/apeimeudon.fr\/Blog-APEI\/wp-json\/wp\/v2\/categories?post=1743"},{"taxonomy":"post_tag","embeddable":true,"href":"https:\/\/apeimeudon.fr\/Blog-APEI\/wp-json\/wp\/v2\/tags?post=1743"}],"curies":[{"name":"wp","href":"https:\/\/api.w.org\/{rel}","templated":true}]}}