{"id":198,"date":"2018-01-13T21:08:46","date_gmt":"2018-01-13T20:08:46","guid":{"rendered":"http:\/\/apeimeudon.fr\/Blog-APEI\/?p=198"},"modified":"2019-01-16T18:01:34","modified_gmt":"2019-01-16T17:01:34","slug":"la-galette-des-benevoles","status":"publish","type":"post","link":"https:\/\/apeimeudon.fr\/Blog-APEI\/la-galette-des-benevoles\/","title":{"rendered":"La galette des b\u00e9n\u00e9voles 2018"},"content":{"rendered":"<p>C\u2019est le 9 janvier 2018 que notre pr\u00e9sidente, Catherine GOLFIER entour\u00e9e des membres du conseil d\u2019administration de notre association ont invit\u00e9 tous les b\u00e9n\u00e9voles qui ont particip\u00e9 \u00e0 la vente de l&rsquo;APEI salle des Tybilles\u00a0 du 24 au 26 novembre 2017 \u00e0 partager le pot de l\u2019amiti\u00e9 et \u00e0 d\u00e9guster une excellente galette des rois \u00e9labor\u00e9e par notre fid\u00e8le p\u00e2tissier Franck THOMASSE<sup>1<\/sup> au complexe Ren\u00e9 LEDUC.<br \/>\n<!--more--><\/p>\n<p>Apr\u00e8s avoir pr\u00e9sent\u00e9 ses v\u0153ux \u00e0 l\u2019ensemble de l\u2019assistance, Catherine GOLFIER a donn\u00e9 les r\u00e9sultats de la vente des \u00ab\u00a0Tybilles\u00a0\u00bb, qui sont l\u00e9g\u00e8rement inf\u00e9rieurs \u00e0 ceux de la pr\u00e9c\u00e9dente vente de\u00a0 2015, dans ce contexte plus difficile. Elle \u00e0 \u00e9galement remerci\u00e9 Monsieur le Maire et ses adjoints pr\u00e9sents pour le soutien fid\u00e8le de la Mairie de Meudon aux actions de l&rsquo;APEI.<\/p>\n<p>Le Maire de Meudon, Denis LARGHERO<sup>2<\/sup>, entour\u00e9 de ses adjoints Georges KOCH<sup>3<\/sup> et Madame Sa\u00efda BELA\u00cfD<sup>4 <\/sup>a pr\u00e9sent\u00e9 \u00e0 notre association ainsi qu&rsquo;\u00e0 toute l&rsquo;assistance ses v\u0153ux pour cette nouvelle ann\u00e9e. Cependant, nous retiendrons que pour notre projet de \u00ab\u00a0FAM autistes\u00a0\u00bb, toutes les forces vives de la Mairie seront avec nous pour que ce projet aboutisse et se concr\u00e9tise. Nous apprenons malgr\u00e9 cela que les subventions accord\u00e9es par la mairie aux associations seront moins g\u00e9n\u00e9reuses que par le pass\u00e9 et que nous devrons par nous-m\u00eame trouver des solutions pour financer nos projets; dans ce contexte, Monsieur le Maire se f\u00e9licite de la coop\u00e9ration entre la ville et l&rsquo;APEI : partenariat et non simple appel \u00e0 subvention.<\/p>\n<p>Apr\u00e8s ces discours Catherine GOLFIER, notre Pr\u00e9sidente, et Monsieur Denis LARGHERO,\u00a0 Maire de Meudon, ont ensemble d\u00e9coup\u00e9 la magnifique galette et les festivit\u00e9s ont pu commencer.<\/p>\n<p>Nous profitons de cet article pour vous rappeler amies lectrices, amis lecteurs, adh\u00e9rents et sympathisants que les cotisations, mais aussi les dons et legs au profit de notre association offrent un espoir pour le futur de nos enfants et adultes handicap\u00e9s, sont sujets \u00e0 une d\u00e9fiscalisation.<\/p>\n<p>N\u2019h\u00e9sitez pas \u00e0 nous contacter par le biais de notre <a href=\"http:\/\/apeimeudon.fr\/Site-APEI\/contact\/\">formulaire de contact<\/a> ou \u00e0 nous joindre par t\u00e9l\u00e9phone (01 46 26 63 28) aux jours et aux heures de permanence (le mardi de 14h00 \u00e0 16h00 et le vendredi de 10h00 \u00e0 12h00 puis de 14h00 \u00e0 16h00).<\/p>\n<p>&nbsp;<\/p>\n<p>L&rsquo;\u00e9quipe r\u00e9dactionnelle<\/p>\n<p>&nbsp;<\/p>\n<ol>\n<li>Boulangerie P\u00e2tisserie Franck THOMASSE 29 rue Marcel All\u00e9got 92190 Meudon.<\/li>\n<li>Denis Larghero, Maire de Meudon, Vice-pr\u00e9sident du D\u00e9partement des Hauts-de-Seine et Pr\u00e9sident du CCAS.<\/li>\n<li>Georges Koch, Premier maire adjoint d\u00e9l\u00e9gu\u00e9 charg\u00e9 des relations publiques, de la vie associative, de la coordination des associations d\u2019anciens combattants, de l\u2019organisation des manifestations patriotiques et relations internationales.<\/li>\n<li>Sa\u00efda Bela\u00efd, Maire adjoint charg\u00e9e de la Sant\u00e9, du handicap, de la citoyennet\u00e9 et de l\u2019\u00e9galit\u00e9 femmes-hommes.<\/li>\n<\/ol>\n<p>&nbsp;<\/p>\n<p>\r\n\t\t\t\t\t\n\r\n\t\t\t\t\t<!-- START UNITE GALLERY 1.7.62 -->\r\n\t\t\t\t\t\r\n\t\t\t\t\n\t\t\t<div id='unitegallery_6_1' class='unite-gallery' style='margin:0px auto;'>\n\t\t\t\t\n\n\t\t\t\t\t\t<img alt=\"Galette 1\"\n\t\t\t\t\t\t     src=\"\" data-image=\"https:\/\/apeimeudon.fr\/Blog-APEI\/wp-content\/uploads\/2018\/01\/Galette-1.jpg\"\n\t\t\t\t\t\t     data-thumb=\"https:\/\/apeimeudon.fr\/Blog-APEI\/wp-content\/uploads\/2018\/01\/Galette-1-300x225.jpg\"\n\t\t\t\t\t\t     title=\"\"\n\t\t\t\t\t\t     style=\"display:none\">\n\n\t\t\t\t\t\t<img alt=\"Galette 2\"\n\t\t\t\t\t\t     src=\"\" data-image=\"https:\/\/apeimeudon.fr\/Blog-APEI\/wp-content\/uploads\/2018\/01\/Galette-2.jpg\"\n\t\t\t\t\t\t     data-thumb=\"https:\/\/apeimeudon.fr\/Blog-APEI\/wp-content\/uploads\/2018\/01\/Galette-2-300x210.jpg\"\n\t\t\t\t\t\t     title=\"\"\n\t\t\t\t\t\t     style=\"display:none\">\n\n\t\t\t\t\t\t<img alt=\"Galette 3\"\n\t\t\t\t\t\t     src=\"\" data-image=\"https:\/\/apeimeudon.fr\/Blog-APEI\/wp-content\/uploads\/2018\/01\/Galette-3.jpg\"\n\t\t\t\t\t\t     data-thumb=\"https:\/\/apeimeudon.fr\/Blog-APEI\/wp-content\/uploads\/2018\/01\/Galette-3-300x225.jpg\"\n\t\t\t\t\t\t     title=\"\"\n\t\t\t\t\t\t     style=\"display:none\">\n\n\t\t\t\t\t\t<img alt=\"Galette 4\"\n\t\t\t\t\t\t     src=\"\" data-image=\"https:\/\/apeimeudon.fr\/Blog-APEI\/wp-content\/uploads\/2018\/01\/Galette-4.jpg\"\n\t\t\t\t\t\t     data-thumb=\"https:\/\/apeimeudon.fr\/Blog-APEI\/wp-content\/uploads\/2018\/01\/Galette-4-300x225.jpg\"\n\t\t\t\t\t\t     title=\"\"\n\t\t\t\t\t\t     style=\"display:none\">\n\n\t\t\t\t\t\t<img alt=\"Galette 5\"\n\t\t\t\t\t\t     src=\"\" data-image=\"https:\/\/apeimeudon.fr\/Blog-APEI\/wp-content\/uploads\/2018\/01\/Galette-5.jpg\"\n\t\t\t\t\t\t     data-thumb=\"https:\/\/apeimeudon.fr\/Blog-APEI\/wp-content\/uploads\/2018\/01\/Galette-5-300x225.jpg\"\n\t\t\t\t\t\t     title=\"\"\n\t\t\t\t\t\t     style=\"display:none\">\n\n\t\t\t\t\t\t<img alt=\"Galette 6\"\n\t\t\t\t\t\t     src=\"\" data-image=\"https:\/\/apeimeudon.fr\/Blog-APEI\/wp-content\/uploads\/2018\/01\/Galette-6.jpg\"\n\t\t\t\t\t\t     data-thumb=\"https:\/\/apeimeudon.fr\/Blog-APEI\/wp-content\/uploads\/2018\/01\/Galette-6-300x225.jpg\"\n\t\t\t\t\t\t     title=\"\"\n\t\t\t\t\t\t     style=\"display:none\">\n\n\t\t\t\t\t\t<img alt=\"Galette 7\"\n\t\t\t\t\t\t     src=\"\" data-image=\"https:\/\/apeimeudon.fr\/Blog-APEI\/wp-content\/uploads\/2018\/01\/Galette-7.jpg\"\n\t\t\t\t\t\t     data-thumb=\"https:\/\/apeimeudon.fr\/Blog-APEI\/wp-content\/uploads\/2018\/01\/Galette-7-300x225.jpg\"\n\t\t\t\t\t\t     title=\"\"\n\t\t\t\t\t\t     style=\"display:none\">\n\n\t\t\t\t\t\t<img alt=\"Galette 8\"\n\t\t\t\t\t\t     src=\"\" data-image=\"https:\/\/apeimeudon.fr\/Blog-APEI\/wp-content\/uploads\/2018\/01\/Galette-8.jpg\"\n\t\t\t\t\t\t     data-thumb=\"https:\/\/apeimeudon.fr\/Blog-APEI\/wp-content\/uploads\/2018\/01\/Galette-8-300x225.jpg\"\n\t\t\t\t\t\t     title=\"\"\n\t\t\t\t\t\t     style=\"display:none\">\n\n\t\t\t\t\t\t<img alt=\"Galette 9\"\n\t\t\t\t\t\t     src=\"\" data-image=\"https:\/\/apeimeudon.fr\/Blog-APEI\/wp-content\/uploads\/2018\/01\/Galette-9.jpg\"\n\t\t\t\t\t\t     data-thumb=\"https:\/\/apeimeudon.fr\/Blog-APEI\/wp-content\/uploads\/2018\/01\/Galette-9-300x225.jpg\"\n\t\t\t\t\t\t     title=\"\"\n\t\t\t\t\t\t     style=\"display:none\">\n\t\t\t<\/div>\n\n\t\t\t<script type='text\/javascript'>\n\t\t\t\twindow.onload = function(e) {\n\t\t\t\t\tif(typeof ugCheckForErrors == \"undefined\"){\n\t\t\t\t\t\tdocument.getElementById(\"unitegallery_6_1\").innerHTML = \"<span style='color:red'>Unite Gallery Error - gallery js and css files not included in the footer. Please make sure that wp_footer() function is added to your theme.<\/span>\";}\n\t\t\t\t\telse{ ugCheckForErrors(\"unitegallery_6_1\", \"jquery\");}\n\t\t\t\t};\n\t\t\t<\/script>\n\n\t\t\t<!-- END UNITEGALLERY --><\/p>\n","protected":false},"excerpt":{"rendered":"<p>C\u2019est le 9 janvier 2018 que notre pr\u00e9sidente, Catherine GOLFIER entour\u00e9e des membres du conseil d\u2019administration de notre association ont invit\u00e9 tous les b\u00e9n\u00e9voles qui ont particip\u00e9 \u00e0 la vente de l&rsquo;APEI salle des Tybilles\u00a0 du 24 au 26 novembre 2017 \u00e0 partager le pot de l\u2019amiti\u00e9 et \u00e0 d\u00e9guster une excellente galette des rois [&hellip;]<\/p>\n","protected":false},"author":1,"featured_media":200,"comment_status":"open","ping_status":"open","sticky":false,"template":"","format":"standard","meta":{"_acf_changed":false,"_monsterinsights_skip_tracking":false,"_monsterinsights_sitenote_active":false,"_monsterinsights_sitenote_note":"","_monsterinsights_sitenote_category":0,"ngg_post_thumbnail":0,"footnotes":""},"categories":[31],"tags":[],"class_list":["post-198","post","type-post","status-publish","format-standard","has-post-thumbnail","hentry","category-galette-des-benevoles"],"acf":[],"yoast_head":"<!-- This site is optimized with the Yoast SEO plugin v27.3 - https:\/\/yoast.com\/product\/yoast-seo-wordpress\/ -->\n<title>La galette des b\u00e9n\u00e9voles 2018 - La Gazette des Foyers de l&#039;APEI de Meudon<\/title>\n<meta name=\"robots\" content=\"index, follow, max-snippet:-1, max-image-preview:large, max-video-preview:-1\" \/>\n<link rel=\"canonical\" href=\"https:\/\/apeimeudon.fr\/Blog-APEI\/la-galette-des-benevoles\/\" \/>\n<meta property=\"og:locale\" content=\"fr_FR\" \/>\n<meta property=\"og:type\" content=\"article\" \/>\n<meta property=\"og:title\" content=\"La galette des b\u00e9n\u00e9voles 2018 - La Gazette des Foyers de l&#039;APEI de Meudon\" \/>\n<meta property=\"og:description\" content=\"C\u2019est le 9 janvier 2018 que notre pr\u00e9sidente, Catherine GOLFIER entour\u00e9e des membres du conseil d\u2019administration de notre association ont invit\u00e9 tous les b\u00e9n\u00e9voles qui ont particip\u00e9 \u00e0 la vente de l&rsquo;APEI salle des Tybilles\u00a0 du 24 au 26 novembre 2017 \u00e0 partager le pot de l\u2019amiti\u00e9 et \u00e0 d\u00e9guster une excellente galette des rois [&hellip;]\" \/>\n<meta property=\"og:url\" content=\"https:\/\/apeimeudon.fr\/Blog-APEI\/la-galette-des-benevoles\/\" \/>\n<meta property=\"og:site_name\" content=\"La Gazette des Foyers de l&#039;APEI de Meudon\" \/>\n<meta property=\"article:published_time\" content=\"2018-01-13T20:08:46+00:00\" \/>\n<meta property=\"article:modified_time\" content=\"2019-01-16T17:01:34+00:00\" \/>\n<meta property=\"og:image\" content=\"https:\/\/apeimeudon.fr\/Blog-APEI\/wp-content\/uploads\/2018\/01\/Galette-1-1024x768.jpg\" \/>\n\t<meta property=\"og:image:width\" content=\"1024\" \/>\n\t<meta property=\"og:image:height\" content=\"768\" \/>\n\t<meta property=\"og:image:type\" content=\"image\/jpeg\" \/>\n<meta name=\"author\" content=\"admin\" \/>\n<meta name=\"twitter:card\" content=\"summary_large_image\" \/>\n<meta name=\"twitter:label1\" content=\"\u00c9crit par\" \/>\n\t<meta name=\"twitter:data1\" content=\"admin\" \/>\n\t<meta name=\"twitter:label2\" content=\"Dur\u00e9e de lecture estim\u00e9e\" \/>\n\t<meta name=\"twitter:data2\" content=\"2 minutes\" \/>\n<script type=\"application\/ld+json\" class=\"yoast-schema-graph\">{\"@context\":\"https:\\\/\\\/schema.org\",\"@graph\":[{\"@type\":\"Article\",\"@id\":\"https:\\\/\\\/apeimeudon.fr\\\/Blog-APEI\\\/la-galette-des-benevoles\\\/#article\",\"isPartOf\":{\"@id\":\"https:\\\/\\\/apeimeudon.fr\\\/Blog-APEI\\\/la-galette-des-benevoles\\\/\"},\"author\":{\"name\":\"admin\",\"@id\":\"https:\\\/\\\/apeimeudon.fr\\\/Blog-APEI\\\/#\\\/schema\\\/person\\\/0036ae94e919b3b6d0a126605fb77ae3\"},\"headline\":\"La galette des b\u00e9n\u00e9voles 2018\",\"datePublished\":\"2018-01-13T20:08:46+00:00\",\"dateModified\":\"2019-01-16T17:01:34+00:00\",\"mainEntityOfPage\":{\"@id\":\"https:\\\/\\\/apeimeudon.fr\\\/Blog-APEI\\\/la-galette-des-benevoles\\\/\"},\"wordCount\":482,\"commentCount\":0,\"publisher\":{\"@id\":\"https:\\\/\\\/apeimeudon.fr\\\/Blog-APEI\\\/#organization\"},\"image\":{\"@id\":\"https:\\\/\\\/apeimeudon.fr\\\/Blog-APEI\\\/la-galette-des-benevoles\\\/#primaryimage\"},\"thumbnailUrl\":\"https:\\\/\\\/apeimeudon.fr\\\/Blog-APEI\\\/wp-content\\\/uploads\\\/2018\\\/01\\\/Galette-1.jpg\",\"articleSection\":[\"Galette des b\u00e9n\u00e9voles\"],\"inLanguage\":\"fr-FR\",\"potentialAction\":[{\"@type\":\"CommentAction\",\"name\":\"Comment\",\"target\":[\"https:\\\/\\\/apeimeudon.fr\\\/Blog-APEI\\\/la-galette-des-benevoles\\\/#respond\"]}]},{\"@type\":\"WebPage\",\"@id\":\"https:\\\/\\\/apeimeudon.fr\\\/Blog-APEI\\\/la-galette-des-benevoles\\\/\",\"url\":\"https:\\\/\\\/apeimeudon.fr\\\/Blog-APEI\\\/la-galette-des-benevoles\\\/\",\"name\":\"La galette des b\u00e9n\u00e9voles 2018 - La Gazette des Foyers de l&#039;APEI de Meudon\",\"isPartOf\":{\"@id\":\"https:\\\/\\\/apeimeudon.fr\\\/Blog-APEI\\\/#website\"},\"primaryImageOfPage\":{\"@id\":\"https:\\\/\\\/apeimeudon.fr\\\/Blog-APEI\\\/la-galette-des-benevoles\\\/#primaryimage\"},\"image\":{\"@id\":\"https:\\\/\\\/apeimeudon.fr\\\/Blog-APEI\\\/la-galette-des-benevoles\\\/#primaryimage\"},\"thumbnailUrl\":\"https:\\\/\\\/apeimeudon.fr\\\/Blog-APEI\\\/wp-content\\\/uploads\\\/2018\\\/01\\\/Galette-1.jpg\",\"datePublished\":\"2018-01-13T20:08:46+00:00\",\"dateModified\":\"2019-01-16T17:01:34+00:00\",\"breadcrumb\":{\"@id\":\"https:\\\/\\\/apeimeudon.fr\\\/Blog-APEI\\\/la-galette-des-benevoles\\\/#breadcrumb\"},\"inLanguage\":\"fr-FR\",\"potentialAction\":[{\"@type\":\"ReadAction\",\"target\":[\"https:\\\/\\\/apeimeudon.fr\\\/Blog-APEI\\\/la-galette-des-benevoles\\\/\"]}]},{\"@type\":\"ImageObject\",\"inLanguage\":\"fr-FR\",\"@id\":\"https:\\\/\\\/apeimeudon.fr\\\/Blog-APEI\\\/la-galette-des-benevoles\\\/#primaryimage\",\"url\":\"https:\\\/\\\/apeimeudon.fr\\\/Blog-APEI\\\/wp-content\\\/uploads\\\/2018\\\/01\\\/Galette-1.jpg\",\"contentUrl\":\"https:\\\/\\\/apeimeudon.fr\\\/Blog-APEI\\\/wp-content\\\/uploads\\\/2018\\\/01\\\/Galette-1.jpg\",\"width\":4160,\"height\":3120,\"caption\":\"La galette de Monsieur Franck THOMASSE\"},{\"@type\":\"BreadcrumbList\",\"@id\":\"https:\\\/\\\/apeimeudon.fr\\\/Blog-APEI\\\/la-galette-des-benevoles\\\/#breadcrumb\",\"itemListElement\":[{\"@type\":\"ListItem\",\"position\":1,\"name\":\"Accueil\",\"item\":\"https:\\\/\\\/apeimeudon.fr\\\/Blog-APEI\\\/\"},{\"@type\":\"ListItem\",\"position\":2,\"name\":\"La galette des b\u00e9n\u00e9voles 2018\"}]},{\"@type\":\"WebSite\",\"@id\":\"https:\\\/\\\/apeimeudon.fr\\\/Blog-APEI\\\/#website\",\"url\":\"https:\\\/\\\/apeimeudon.fr\\\/Blog-APEI\\\/\",\"name\":\"La Gazette des Foyers de l&#039;APEI de Meudon\",\"description\":\"Nos diff\u00e9rences loin de nous l\u00e9ser doivent nous enrichir -  Antoine de Saint-Exup\u00e9ry\",\"publisher\":{\"@id\":\"https:\\\/\\\/apeimeudon.fr\\\/Blog-APEI\\\/#organization\"},\"potentialAction\":[{\"@type\":\"SearchAction\",\"target\":{\"@type\":\"EntryPoint\",\"urlTemplate\":\"https:\\\/\\\/apeimeudon.fr\\\/Blog-APEI\\\/?s={search_term_string}\"},\"query-input\":{\"@type\":\"PropertyValueSpecification\",\"valueRequired\":true,\"valueName\":\"search_term_string\"}}],\"inLanguage\":\"fr-FR\"},{\"@type\":\"Organization\",\"@id\":\"https:\\\/\\\/apeimeudon.fr\\\/Blog-APEI\\\/#organization\",\"name\":\"APEI de Meudon\",\"url\":\"https:\\\/\\\/apeimeudon.fr\\\/Blog-APEI\\\/\",\"logo\":{\"@type\":\"ImageObject\",\"inLanguage\":\"fr-FR\",\"@id\":\"https:\\\/\\\/apeimeudon.fr\\\/Blog-APEI\\\/#\\\/schema\\\/logo\\\/image\\\/\",\"url\":\"https:\\\/\\\/apeimeudon.fr\\\/Blog-APEI\\\/wp-content\\\/uploads\\\/2017\\\/10\\\/Icone-APEI.png\",\"contentUrl\":\"https:\\\/\\\/apeimeudon.fr\\\/Blog-APEI\\\/wp-content\\\/uploads\\\/2017\\\/10\\\/Icone-APEI.png\",\"width\":128,\"height\":128,\"caption\":\"APEI de Meudon\"},\"image\":{\"@id\":\"https:\\\/\\\/apeimeudon.fr\\\/Blog-APEI\\\/#\\\/schema\\\/logo\\\/image\\\/\"}},{\"@type\":\"Person\",\"@id\":\"https:\\\/\\\/apeimeudon.fr\\\/Blog-APEI\\\/#\\\/schema\\\/person\\\/0036ae94e919b3b6d0a126605fb77ae3\",\"name\":\"admin\",\"image\":{\"@type\":\"ImageObject\",\"inLanguage\":\"fr-FR\",\"@id\":\"https:\\\/\\\/secure.gravatar.com\\\/avatar\\\/7126bead2c4dec8de61bb2e929eb8883a3bfc2d631934833b3e8d2ebc4a183a3?s=96&d=mm&r=g\",\"url\":\"https:\\\/\\\/secure.gravatar.com\\\/avatar\\\/7126bead2c4dec8de61bb2e929eb8883a3bfc2d631934833b3e8d2ebc4a183a3?s=96&d=mm&r=g\",\"contentUrl\":\"https:\\\/\\\/secure.gravatar.com\\\/avatar\\\/7126bead2c4dec8de61bb2e929eb8883a3bfc2d631934833b3e8d2ebc4a183a3?s=96&d=mm&r=g\",\"caption\":\"admin\"},\"url\":\"https:\\\/\\\/apeimeudon.fr\\\/Blog-APEI\\\/author\\\/admin\\\/\"}]}<\/script>\n<!-- \/ Yoast SEO plugin. -->","yoast_head_json":{"title":"La galette des b\u00e9n\u00e9voles 2018 - La Gazette des Foyers de l&#039;APEI de Meudon","robots":{"index":"index","follow":"follow","max-snippet":"max-snippet:-1","max-image-preview":"max-image-preview:large","max-video-preview":"max-video-preview:-1"},"canonical":"https:\/\/apeimeudon.fr\/Blog-APEI\/la-galette-des-benevoles\/","og_locale":"fr_FR","og_type":"article","og_title":"La galette des b\u00e9n\u00e9voles 2018 - La Gazette des Foyers de l&#039;APEI de Meudon","og_description":"C\u2019est le 9 janvier 2018 que notre pr\u00e9sidente, Catherine GOLFIER entour\u00e9e des membres du conseil d\u2019administration de notre association ont invit\u00e9 tous les b\u00e9n\u00e9voles qui ont particip\u00e9 \u00e0 la vente de l&rsquo;APEI salle des Tybilles\u00a0 du 24 au 26 novembre 2017 \u00e0 partager le pot de l\u2019amiti\u00e9 et \u00e0 d\u00e9guster une excellente galette des rois [&hellip;]","og_url":"https:\/\/apeimeudon.fr\/Blog-APEI\/la-galette-des-benevoles\/","og_site_name":"La Gazette des Foyers de l&#039;APEI de Meudon","article_published_time":"2018-01-13T20:08:46+00:00","article_modified_time":"2019-01-16T17:01:34+00:00","og_image":[{"width":1024,"height":768,"url":"https:\/\/apeimeudon.fr\/Blog-APEI\/wp-content\/uploads\/2018\/01\/Galette-1-1024x768.jpg","type":"image\/jpeg"}],"author":"admin","twitter_card":"summary_large_image","twitter_misc":{"\u00c9crit par":"admin","Dur\u00e9e de lecture estim\u00e9e":"2 minutes"},"schema":{"@context":"https:\/\/schema.org","@graph":[{"@type":"Article","@id":"https:\/\/apeimeudon.fr\/Blog-APEI\/la-galette-des-benevoles\/#article","isPartOf":{"@id":"https:\/\/apeimeudon.fr\/Blog-APEI\/la-galette-des-benevoles\/"},"author":{"name":"admin","@id":"https:\/\/apeimeudon.fr\/Blog-APEI\/#\/schema\/person\/0036ae94e919b3b6d0a126605fb77ae3"},"headline":"La galette des b\u00e9n\u00e9voles 2018","datePublished":"2018-01-13T20:08:46+00:00","dateModified":"2019-01-16T17:01:34+00:00","mainEntityOfPage":{"@id":"https:\/\/apeimeudon.fr\/Blog-APEI\/la-galette-des-benevoles\/"},"wordCount":482,"commentCount":0,"publisher":{"@id":"https:\/\/apeimeudon.fr\/Blog-APEI\/#organization"},"image":{"@id":"https:\/\/apeimeudon.fr\/Blog-APEI\/la-galette-des-benevoles\/#primaryimage"},"thumbnailUrl":"https:\/\/apeimeudon.fr\/Blog-APEI\/wp-content\/uploads\/2018\/01\/Galette-1.jpg","articleSection":["Galette des b\u00e9n\u00e9voles"],"inLanguage":"fr-FR","potentialAction":[{"@type":"CommentAction","name":"Comment","target":["https:\/\/apeimeudon.fr\/Blog-APEI\/la-galette-des-benevoles\/#respond"]}]},{"@type":"WebPage","@id":"https:\/\/apeimeudon.fr\/Blog-APEI\/la-galette-des-benevoles\/","url":"https:\/\/apeimeudon.fr\/Blog-APEI\/la-galette-des-benevoles\/","name":"La galette des b\u00e9n\u00e9voles 2018 - La Gazette des Foyers de l&#039;APEI de Meudon","isPartOf":{"@id":"https:\/\/apeimeudon.fr\/Blog-APEI\/#website"},"primaryImageOfPage":{"@id":"https:\/\/apeimeudon.fr\/Blog-APEI\/la-galette-des-benevoles\/#primaryimage"},"image":{"@id":"https:\/\/apeimeudon.fr\/Blog-APEI\/la-galette-des-benevoles\/#primaryimage"},"thumbnailUrl":"https:\/\/apeimeudon.fr\/Blog-APEI\/wp-content\/uploads\/2018\/01\/Galette-1.jpg","datePublished":"2018-01-13T20:08:46+00:00","dateModified":"2019-01-16T17:01:34+00:00","breadcrumb":{"@id":"https:\/\/apeimeudon.fr\/Blog-APEI\/la-galette-des-benevoles\/#breadcrumb"},"inLanguage":"fr-FR","potentialAction":[{"@type":"ReadAction","target":["https:\/\/apeimeudon.fr\/Blog-APEI\/la-galette-des-benevoles\/"]}]},{"@type":"ImageObject","inLanguage":"fr-FR","@id":"https:\/\/apeimeudon.fr\/Blog-APEI\/la-galette-des-benevoles\/#primaryimage","url":"https:\/\/apeimeudon.fr\/Blog-APEI\/wp-content\/uploads\/2018\/01\/Galette-1.jpg","contentUrl":"https:\/\/apeimeudon.fr\/Blog-APEI\/wp-content\/uploads\/2018\/01\/Galette-1.jpg","width":4160,"height":3120,"caption":"La galette de Monsieur Franck THOMASSE"},{"@type":"BreadcrumbList","@id":"https:\/\/apeimeudon.fr\/Blog-APEI\/la-galette-des-benevoles\/#breadcrumb","itemListElement":[{"@type":"ListItem","position":1,"name":"Accueil","item":"https:\/\/apeimeudon.fr\/Blog-APEI\/"},{"@type":"ListItem","position":2,"name":"La galette des b\u00e9n\u00e9voles 2018"}]},{"@type":"WebSite","@id":"https:\/\/apeimeudon.fr\/Blog-APEI\/#website","url":"https:\/\/apeimeudon.fr\/Blog-APEI\/","name":"La Gazette des Foyers de l&#039;APEI de Meudon","description":"Nos diff\u00e9rences loin de nous l\u00e9ser doivent nous enrichir -  Antoine de Saint-Exup\u00e9ry","publisher":{"@id":"https:\/\/apeimeudon.fr\/Blog-APEI\/#organization"},"potentialAction":[{"@type":"SearchAction","target":{"@type":"EntryPoint","urlTemplate":"https:\/\/apeimeudon.fr\/Blog-APEI\/?s={search_term_string}"},"query-input":{"@type":"PropertyValueSpecification","valueRequired":true,"valueName":"search_term_string"}}],"inLanguage":"fr-FR"},{"@type":"Organization","@id":"https:\/\/apeimeudon.fr\/Blog-APEI\/#organization","name":"APEI de Meudon","url":"https:\/\/apeimeudon.fr\/Blog-APEI\/","logo":{"@type":"ImageObject","inLanguage":"fr-FR","@id":"https:\/\/apeimeudon.fr\/Blog-APEI\/#\/schema\/logo\/image\/","url":"https:\/\/apeimeudon.fr\/Blog-APEI\/wp-content\/uploads\/2017\/10\/Icone-APEI.png","contentUrl":"https:\/\/apeimeudon.fr\/Blog-APEI\/wp-content\/uploads\/2017\/10\/Icone-APEI.png","width":128,"height":128,"caption":"APEI de Meudon"},"image":{"@id":"https:\/\/apeimeudon.fr\/Blog-APEI\/#\/schema\/logo\/image\/"}},{"@type":"Person","@id":"https:\/\/apeimeudon.fr\/Blog-APEI\/#\/schema\/person\/0036ae94e919b3b6d0a126605fb77ae3","name":"admin","image":{"@type":"ImageObject","inLanguage":"fr-FR","@id":"https:\/\/secure.gravatar.com\/avatar\/7126bead2c4dec8de61bb2e929eb8883a3bfc2d631934833b3e8d2ebc4a183a3?s=96&d=mm&r=g","url":"https:\/\/secure.gravatar.com\/avatar\/7126bead2c4dec8de61bb2e929eb8883a3bfc2d631934833b3e8d2ebc4a183a3?s=96&d=mm&r=g","contentUrl":"https:\/\/secure.gravatar.com\/avatar\/7126bead2c4dec8de61bb2e929eb8883a3bfc2d631934833b3e8d2ebc4a183a3?s=96&d=mm&r=g","caption":"admin"},"url":"https:\/\/apeimeudon.fr\/Blog-APEI\/author\/admin\/"}]}},"_links":{"self":[{"href":"https:\/\/apeimeudon.fr\/Blog-APEI\/wp-json\/wp\/v2\/posts\/198","targetHints":{"allow":["GET"]}}],"collection":[{"href":"https:\/\/apeimeudon.fr\/Blog-APEI\/wp-json\/wp\/v2\/posts"}],"about":[{"href":"https:\/\/apeimeudon.fr\/Blog-APEI\/wp-json\/wp\/v2\/types\/post"}],"author":[{"embeddable":true,"href":"https:\/\/apeimeudon.fr\/Blog-APEI\/wp-json\/wp\/v2\/users\/1"}],"replies":[{"embeddable":true,"href":"https:\/\/apeimeudon.fr\/Blog-APEI\/wp-json\/wp\/v2\/comments?post=198"}],"version-history":[{"count":7,"href":"https:\/\/apeimeudon.fr\/Blog-APEI\/wp-json\/wp\/v2\/posts\/198\/revisions"}],"predecessor-version":[{"id":380,"href":"https:\/\/apeimeudon.fr\/Blog-APEI\/wp-json\/wp\/v2\/posts\/198\/revisions\/380"}],"wp:featuredmedia":[{"embeddable":true,"href":"https:\/\/apeimeudon.fr\/Blog-APEI\/wp-json\/wp\/v2\/media\/200"}],"wp:attachment":[{"href":"https:\/\/apeimeudon.fr\/Blog-APEI\/wp-json\/wp\/v2\/media?parent=198"}],"wp:term":[{"taxonomy":"category","embeddable":true,"href":"https:\/\/apeimeudon.fr\/Blog-APEI\/wp-json\/wp\/v2\/categories?post=198"},{"taxonomy":"post_tag","embeddable":true,"href":"https:\/\/apeimeudon.fr\/Blog-APEI\/wp-json\/wp\/v2\/tags?post=198"}],"curies":[{"name":"wp","href":"https:\/\/api.w.org\/{rel}","templated":true}]}}