{"id":2241,"date":"2021-06-15T16:31:41","date_gmt":"2021-06-15T14:31:41","guid":{"rendered":"https:\/\/apeimeudon.fr\/Blog-APEI\/?p=2241"},"modified":"2021-06-15T16:31:43","modified_gmt":"2021-06-15T14:31:43","slug":"les-residents-dhourdin-a-la-cinematheque","status":"publish","type":"post","link":"https:\/\/apeimeudon.fr\/Blog-APEI\/les-residents-dhourdin-a-la-cinematheque\/","title":{"rendered":"Les R\u00e9sidents d\u2019Hourdin \u00e0 la Cin\u00e9math\u00e8que"},"content":{"rendered":"\n<p>\u00c9tant tr\u00e8s peu dimanche, nous en avons profit\u00e9 pour nous rendre \u00e0 la cin\u00e9math\u00e8que de Paris voir l\u2019exposition sur Louis de Fun\u00e8s.<\/p>\n\n\n\n<!--more-->\n\n\n\n<p>Moment de rigolades et de souvenirs \u2026\u2026<\/p>\n\n\n\n<p><\/p>\n\n\n<p>\r\n\t\t\t\t\t\n\r\n\t\t\t\t\t<!-- START UNITE GALLERY 1.7.62 -->\r\n\t\t\t\t\t\r\n\t\t\t\t\n\t\t\t<div id='unitegallery_108_1' class='unite-gallery' style='margin:0px auto;'>\n\t\t\t\t\n\n\t\t\t\t\t\t<img alt=\"2CV du film Le Corniaud (1965)\"\n\t\t\t\t\t\t     src=\"\" data-image=\"https:\/\/apeimeudon.fr\/Blog-APEI\/wp-content\/uploads\/2021\/06\/2CV-du-film-Le-Corniaud-1965-scaled.jpg\"\n\t\t\t\t\t\t     data-thumb=\"https:\/\/apeimeudon.fr\/Blog-APEI\/wp-content\/uploads\/2021\/06\/2CV-du-film-Le-Corniaud-1965-300x225.jpg\"\n\t\t\t\t\t\t     title=\"\"\n\t\t\t\t\t\t     style=\"display:none\">\n\n\t\t\t\t\t\t<img alt=\"Costume du film Rabbi Jacob (1973)\"\n\t\t\t\t\t\t     src=\"\" data-image=\"https:\/\/apeimeudon.fr\/Blog-APEI\/wp-content\/uploads\/2021\/06\/Costume-du-film-Rabbi-Jacob-1973-scaled.jpg\"\n\t\t\t\t\t\t     data-thumb=\"https:\/\/apeimeudon.fr\/Blog-APEI\/wp-content\/uploads\/2021\/06\/Costume-du-film-Rabbi-Jacob-1973-225x300.jpg\"\n\t\t\t\t\t\t     title=\"\"\n\t\t\t\t\t\t     style=\"display:none\">\n\n\t\t\t\t\t\t<img alt=\"De Fun\u00e8s dans le Gendarme de Saint-Tropez (1964)\"\n\t\t\t\t\t\t     src=\"\" data-image=\"https:\/\/apeimeudon.fr\/Blog-APEI\/wp-content\/uploads\/2021\/06\/De-Funes-dans-le-Gendarme-de-Saint-Tropez-1964-scaled.jpg\"\n\t\t\t\t\t\t     data-thumb=\"https:\/\/apeimeudon.fr\/Blog-APEI\/wp-content\/uploads\/2021\/06\/De-Funes-dans-le-Gendarme-de-Saint-Tropez-1964-225x300.jpg\"\n\t\t\t\t\t\t     title=\"\"\n\t\t\t\t\t\t     style=\"display:none\">\n\n\t\t\t\t\t\t<img alt=\"Roberte \u00e0 c\u00f4t\u00e9 du Gendarme de Saint-Tropez\"\n\t\t\t\t\t\t     src=\"\" data-image=\"https:\/\/apeimeudon.fr\/Blog-APEI\/wp-content\/uploads\/2021\/06\/Roberte-a-cote-du-Gendarme-de-Saint-Tropez-scaled.jpg\"\n\t\t\t\t\t\t     data-thumb=\"https:\/\/apeimeudon.fr\/Blog-APEI\/wp-content\/uploads\/2021\/06\/Roberte-a-cote-du-Gendarme-de-Saint-Tropez-225x300.jpg\"\n\t\t\t\t\t\t     title=\"\"\n\t\t\t\t\t\t     style=\"display:none\">\n\n\t\t\t\t\t\t<img alt=\"Fant\u00f4mas - DS coup\u00e9e en deux\"\n\t\t\t\t\t\t     src=\"\" data-image=\"https:\/\/apeimeudon.fr\/Blog-APEI\/wp-content\/uploads\/2021\/06\/Fantomas-DS-coupee-en-deux-scaled.jpg\"\n\t\t\t\t\t\t     data-thumb=\"https:\/\/apeimeudon.fr\/Blog-APEI\/wp-content\/uploads\/2021\/06\/Fantomas-DS-coupee-en-deux-300x225.jpg\"\n\t\t\t\t\t\t     title=\"\"\n\t\t\t\t\t\t     style=\"display:none\">\n\n\t\t\t\t\t\t<img alt=\"De Fun\u00e8s - Le fou dansant\"\n\t\t\t\t\t\t     src=\"\" data-image=\"https:\/\/apeimeudon.fr\/Blog-APEI\/wp-content\/uploads\/2021\/06\/De-Funes-Le-fou-dansant-scaled.jpg\"\n\t\t\t\t\t\t     data-thumb=\"https:\/\/apeimeudon.fr\/Blog-APEI\/wp-content\/uploads\/2021\/06\/De-Funes-Le-fou-dansant-225x300.jpg\"\n\t\t\t\t\t\t     title=\"\"\n\t\t\t\t\t\t     style=\"display:none\">\n\t\t\t<\/div>\n\n\t\t\t<script type='text\/javascript'>\n\t\t\t\twindow.onload = function(e) {\n\t\t\t\t\tif(typeof ugCheckForErrors == \"undefined\"){\n\t\t\t\t\t\tdocument.getElementById(\"unitegallery_108_1\").innerHTML = \"<span style='color:red'>Unite Gallery Error - gallery js and css files not included in the footer. Please make sure that wp_footer() function is added to your theme.<\/span>\";}\n\t\t\t\t\telse{ ugCheckForErrors(\"unitegallery_108_1\", \"jquery\");}\n\t\t\t\t};\n\t\t\t<\/script>\n\n\t\t\t<!-- END UNITEGALLERY --><\/p>\n\n\n\n<p><\/p>\n","protected":false},"excerpt":{"rendered":"<p>\u00c9tant tr\u00e8s peu dimanche, nous en avons profit\u00e9 pour nous rendre \u00e0 la cin\u00e9math\u00e8que de Paris voir l\u2019exposition sur Louis de Fun\u00e8s.<\/p>\n","protected":false},"author":8,"featured_media":2240,"comment_status":"open","ping_status":"open","sticky":false,"template":"","format":"standard","meta":{"_acf_changed":false,"_monsterinsights_skip_tracking":false,"_monsterinsights_sitenote_active":false,"_monsterinsights_sitenote_note":"","_monsterinsights_sitenote_category":0,"ngg_post_thumbnail":0,"footnotes":""},"categories":[42],"tags":[],"class_list":["post-2241","post","type-post","status-publish","format-standard","has-post-thumbnail","hentry","category-foyer-hourdin"],"acf":[],"yoast_head":"<!-- This site is optimized with the Yoast SEO plugin v27.3 - https:\/\/yoast.com\/product\/yoast-seo-wordpress\/ -->\n<title>Les R\u00e9sidents d\u2019Hourdin \u00e0 la Cin\u00e9math\u00e8que - La Gazette des Foyers de l&#039;APEI de Meudon<\/title>\n<meta name=\"robots\" content=\"index, follow, max-snippet:-1, max-image-preview:large, max-video-preview:-1\" \/>\n<link rel=\"canonical\" href=\"https:\/\/apeimeudon.fr\/Blog-APEI\/les-residents-dhourdin-a-la-cinematheque\/\" \/>\n<meta property=\"og:locale\" content=\"fr_FR\" \/>\n<meta property=\"og:type\" content=\"article\" \/>\n<meta property=\"og:title\" content=\"Les R\u00e9sidents d\u2019Hourdin \u00e0 la Cin\u00e9math\u00e8que - La Gazette des Foyers de l&#039;APEI de Meudon\" \/>\n<meta property=\"og:description\" content=\"\u00c9tant tr\u00e8s peu dimanche, nous en avons profit\u00e9 pour nous rendre \u00e0 la cin\u00e9math\u00e8que de Paris voir l\u2019exposition sur Louis de Fun\u00e8s.\" \/>\n<meta property=\"og:url\" content=\"https:\/\/apeimeudon.fr\/Blog-APEI\/les-residents-dhourdin-a-la-cinematheque\/\" \/>\n<meta property=\"og:site_name\" content=\"La Gazette des Foyers de l&#039;APEI de Meudon\" \/>\n<meta property=\"article:published_time\" content=\"2021-06-15T14:31:41+00:00\" \/>\n<meta property=\"article:modified_time\" content=\"2021-06-15T14:31:43+00:00\" \/>\n<meta property=\"og:image\" content=\"https:\/\/apeimeudon.fr\/Blog-APEI\/wp-content\/uploads\/2021\/06\/Miniature-2.jpg\" \/>\n\t<meta property=\"og:image:width\" content=\"518\" \/>\n\t<meta property=\"og:image:height\" content=\"292\" \/>\n\t<meta property=\"og:image:type\" content=\"image\/jpeg\" \/>\n<meta name=\"author\" content=\"Equipe r\u00e9dactionnelle Foyer Georges HOURDIN\" \/>\n<meta name=\"twitter:card\" content=\"summary_large_image\" \/>\n<meta name=\"twitter:label1\" content=\"\u00c9crit par\" \/>\n\t<meta name=\"twitter:data1\" content=\"Equipe r\u00e9dactionnelle Foyer Georges HOURDIN\" \/>\n\t<meta name=\"twitter:label2\" content=\"Dur\u00e9e de lecture estim\u00e9e\" \/>\n\t<meta name=\"twitter:data2\" content=\"1 minute\" \/>\n<script type=\"application\/ld+json\" class=\"yoast-schema-graph\">{\"@context\":\"https:\\\/\\\/schema.org\",\"@graph\":[{\"@type\":\"Article\",\"@id\":\"https:\\\/\\\/apeimeudon.fr\\\/Blog-APEI\\\/les-residents-dhourdin-a-la-cinematheque\\\/#article\",\"isPartOf\":{\"@id\":\"https:\\\/\\\/apeimeudon.fr\\\/Blog-APEI\\\/les-residents-dhourdin-a-la-cinematheque\\\/\"},\"author\":{\"name\":\"Equipe r\u00e9dactionnelle Foyer Georges HOURDIN\",\"@id\":\"https:\\\/\\\/apeimeudon.fr\\\/Blog-APEI\\\/#\\\/schema\\\/person\\\/564b4a79fa3998006bce7ba007dcd40a\"},\"headline\":\"Les R\u00e9sidents d\u2019Hourdin \u00e0 la Cin\u00e9math\u00e8que\",\"datePublished\":\"2021-06-15T14:31:41+00:00\",\"dateModified\":\"2021-06-15T14:31:43+00:00\",\"mainEntityOfPage\":{\"@id\":\"https:\\\/\\\/apeimeudon.fr\\\/Blog-APEI\\\/les-residents-dhourdin-a-la-cinematheque\\\/\"},\"wordCount\":46,\"commentCount\":0,\"publisher\":{\"@id\":\"https:\\\/\\\/apeimeudon.fr\\\/Blog-APEI\\\/#organization\"},\"image\":{\"@id\":\"https:\\\/\\\/apeimeudon.fr\\\/Blog-APEI\\\/les-residents-dhourdin-a-la-cinematheque\\\/#primaryimage\"},\"thumbnailUrl\":\"https:\\\/\\\/apeimeudon.fr\\\/Blog-APEI\\\/wp-content\\\/uploads\\\/2021\\\/06\\\/Miniature-2.jpg\",\"articleSection\":[\"Foyer Hourdin\"],\"inLanguage\":\"fr-FR\",\"potentialAction\":[{\"@type\":\"CommentAction\",\"name\":\"Comment\",\"target\":[\"https:\\\/\\\/apeimeudon.fr\\\/Blog-APEI\\\/les-residents-dhourdin-a-la-cinematheque\\\/#respond\"]}]},{\"@type\":\"WebPage\",\"@id\":\"https:\\\/\\\/apeimeudon.fr\\\/Blog-APEI\\\/les-residents-dhourdin-a-la-cinematheque\\\/\",\"url\":\"https:\\\/\\\/apeimeudon.fr\\\/Blog-APEI\\\/les-residents-dhourdin-a-la-cinematheque\\\/\",\"name\":\"Les R\u00e9sidents d\u2019Hourdin \u00e0 la Cin\u00e9math\u00e8que - La Gazette des Foyers de l&#039;APEI de Meudon\",\"isPartOf\":{\"@id\":\"https:\\\/\\\/apeimeudon.fr\\\/Blog-APEI\\\/#website\"},\"primaryImageOfPage\":{\"@id\":\"https:\\\/\\\/apeimeudon.fr\\\/Blog-APEI\\\/les-residents-dhourdin-a-la-cinematheque\\\/#primaryimage\"},\"image\":{\"@id\":\"https:\\\/\\\/apeimeudon.fr\\\/Blog-APEI\\\/les-residents-dhourdin-a-la-cinematheque\\\/#primaryimage\"},\"thumbnailUrl\":\"https:\\\/\\\/apeimeudon.fr\\\/Blog-APEI\\\/wp-content\\\/uploads\\\/2021\\\/06\\\/Miniature-2.jpg\",\"datePublished\":\"2021-06-15T14:31:41+00:00\",\"dateModified\":\"2021-06-15T14:31:43+00:00\",\"breadcrumb\":{\"@id\":\"https:\\\/\\\/apeimeudon.fr\\\/Blog-APEI\\\/les-residents-dhourdin-a-la-cinematheque\\\/#breadcrumb\"},\"inLanguage\":\"fr-FR\",\"potentialAction\":[{\"@type\":\"ReadAction\",\"target\":[\"https:\\\/\\\/apeimeudon.fr\\\/Blog-APEI\\\/les-residents-dhourdin-a-la-cinematheque\\\/\"]}]},{\"@type\":\"ImageObject\",\"inLanguage\":\"fr-FR\",\"@id\":\"https:\\\/\\\/apeimeudon.fr\\\/Blog-APEI\\\/les-residents-dhourdin-a-la-cinematheque\\\/#primaryimage\",\"url\":\"https:\\\/\\\/apeimeudon.fr\\\/Blog-APEI\\\/wp-content\\\/uploads\\\/2021\\\/06\\\/Miniature-2.jpg\",\"contentUrl\":\"https:\\\/\\\/apeimeudon.fr\\\/Blog-APEI\\\/wp-content\\\/uploads\\\/2021\\\/06\\\/Miniature-2.jpg\",\"width\":518,\"height\":292},{\"@type\":\"BreadcrumbList\",\"@id\":\"https:\\\/\\\/apeimeudon.fr\\\/Blog-APEI\\\/les-residents-dhourdin-a-la-cinematheque\\\/#breadcrumb\",\"itemListElement\":[{\"@type\":\"ListItem\",\"position\":1,\"name\":\"Accueil\",\"item\":\"https:\\\/\\\/apeimeudon.fr\\\/Blog-APEI\\\/\"},{\"@type\":\"ListItem\",\"position\":2,\"name\":\"Les R\u00e9sidents d\u2019Hourdin \u00e0 la Cin\u00e9math\u00e8que\"}]},{\"@type\":\"WebSite\",\"@id\":\"https:\\\/\\\/apeimeudon.fr\\\/Blog-APEI\\\/#website\",\"url\":\"https:\\\/\\\/apeimeudon.fr\\\/Blog-APEI\\\/\",\"name\":\"La Gazette des Foyers de l&#039;APEI de Meudon\",\"description\":\"Nos diff\u00e9rences loin de nous l\u00e9ser doivent nous enrichir -  Antoine de Saint-Exup\u00e9ry\",\"publisher\":{\"@id\":\"https:\\\/\\\/apeimeudon.fr\\\/Blog-APEI\\\/#organization\"},\"potentialAction\":[{\"@type\":\"SearchAction\",\"target\":{\"@type\":\"EntryPoint\",\"urlTemplate\":\"https:\\\/\\\/apeimeudon.fr\\\/Blog-APEI\\\/?s={search_term_string}\"},\"query-input\":{\"@type\":\"PropertyValueSpecification\",\"valueRequired\":true,\"valueName\":\"search_term_string\"}}],\"inLanguage\":\"fr-FR\"},{\"@type\":\"Organization\",\"@id\":\"https:\\\/\\\/apeimeudon.fr\\\/Blog-APEI\\\/#organization\",\"name\":\"APEI de Meudon\",\"url\":\"https:\\\/\\\/apeimeudon.fr\\\/Blog-APEI\\\/\",\"logo\":{\"@type\":\"ImageObject\",\"inLanguage\":\"fr-FR\",\"@id\":\"https:\\\/\\\/apeimeudon.fr\\\/Blog-APEI\\\/#\\\/schema\\\/logo\\\/image\\\/\",\"url\":\"https:\\\/\\\/apeimeudon.fr\\\/Blog-APEI\\\/wp-content\\\/uploads\\\/2017\\\/10\\\/Icone-APEI.png\",\"contentUrl\":\"https:\\\/\\\/apeimeudon.fr\\\/Blog-APEI\\\/wp-content\\\/uploads\\\/2017\\\/10\\\/Icone-APEI.png\",\"width\":128,\"height\":128,\"caption\":\"APEI de Meudon\"},\"image\":{\"@id\":\"https:\\\/\\\/apeimeudon.fr\\\/Blog-APEI\\\/#\\\/schema\\\/logo\\\/image\\\/\"}},{\"@type\":\"Person\",\"@id\":\"https:\\\/\\\/apeimeudon.fr\\\/Blog-APEI\\\/#\\\/schema\\\/person\\\/564b4a79fa3998006bce7ba007dcd40a\",\"name\":\"Equipe r\u00e9dactionnelle Foyer Georges HOURDIN\",\"image\":{\"@type\":\"ImageObject\",\"inLanguage\":\"fr-FR\",\"@id\":\"https:\\\/\\\/secure.gravatar.com\\\/avatar\\\/fa4c0dacb0dc58a85b4b3bf6247ee0da5c911b8b0ac7b6a9b8b7074187222763?s=96&d=mm&r=g\",\"url\":\"https:\\\/\\\/secure.gravatar.com\\\/avatar\\\/fa4c0dacb0dc58a85b4b3bf6247ee0da5c911b8b0ac7b6a9b8b7074187222763?s=96&d=mm&r=g\",\"contentUrl\":\"https:\\\/\\\/secure.gravatar.com\\\/avatar\\\/fa4c0dacb0dc58a85b4b3bf6247ee0da5c911b8b0ac7b6a9b8b7074187222763?s=96&d=mm&r=g\",\"caption\":\"Equipe r\u00e9dactionnelle Foyer Georges HOURDIN\"},\"url\":\"https:\\\/\\\/apeimeudon.fr\\\/Blog-APEI\\\/author\\\/hourdin\\\/\"}]}<\/script>\n<!-- \/ Yoast SEO plugin. -->","yoast_head_json":{"title":"Les R\u00e9sidents d\u2019Hourdin \u00e0 la Cin\u00e9math\u00e8que - La Gazette des Foyers de l&#039;APEI de Meudon","robots":{"index":"index","follow":"follow","max-snippet":"max-snippet:-1","max-image-preview":"max-image-preview:large","max-video-preview":"max-video-preview:-1"},"canonical":"https:\/\/apeimeudon.fr\/Blog-APEI\/les-residents-dhourdin-a-la-cinematheque\/","og_locale":"fr_FR","og_type":"article","og_title":"Les R\u00e9sidents d\u2019Hourdin \u00e0 la Cin\u00e9math\u00e8que - La Gazette des Foyers de l&#039;APEI de Meudon","og_description":"\u00c9tant tr\u00e8s peu dimanche, nous en avons profit\u00e9 pour nous rendre \u00e0 la cin\u00e9math\u00e8que de Paris voir l\u2019exposition sur Louis de Fun\u00e8s.","og_url":"https:\/\/apeimeudon.fr\/Blog-APEI\/les-residents-dhourdin-a-la-cinematheque\/","og_site_name":"La Gazette des Foyers de l&#039;APEI de Meudon","article_published_time":"2021-06-15T14:31:41+00:00","article_modified_time":"2021-06-15T14:31:43+00:00","og_image":[{"width":518,"height":292,"url":"https:\/\/apeimeudon.fr\/Blog-APEI\/wp-content\/uploads\/2021\/06\/Miniature-2.jpg","type":"image\/jpeg"}],"author":"Equipe r\u00e9dactionnelle Foyer Georges HOURDIN","twitter_card":"summary_large_image","twitter_misc":{"\u00c9crit par":"Equipe r\u00e9dactionnelle Foyer Georges HOURDIN","Dur\u00e9e de lecture estim\u00e9e":"1 minute"},"schema":{"@context":"https:\/\/schema.org","@graph":[{"@type":"Article","@id":"https:\/\/apeimeudon.fr\/Blog-APEI\/les-residents-dhourdin-a-la-cinematheque\/#article","isPartOf":{"@id":"https:\/\/apeimeudon.fr\/Blog-APEI\/les-residents-dhourdin-a-la-cinematheque\/"},"author":{"name":"Equipe r\u00e9dactionnelle Foyer Georges HOURDIN","@id":"https:\/\/apeimeudon.fr\/Blog-APEI\/#\/schema\/person\/564b4a79fa3998006bce7ba007dcd40a"},"headline":"Les R\u00e9sidents d\u2019Hourdin \u00e0 la Cin\u00e9math\u00e8que","datePublished":"2021-06-15T14:31:41+00:00","dateModified":"2021-06-15T14:31:43+00:00","mainEntityOfPage":{"@id":"https:\/\/apeimeudon.fr\/Blog-APEI\/les-residents-dhourdin-a-la-cinematheque\/"},"wordCount":46,"commentCount":0,"publisher":{"@id":"https:\/\/apeimeudon.fr\/Blog-APEI\/#organization"},"image":{"@id":"https:\/\/apeimeudon.fr\/Blog-APEI\/les-residents-dhourdin-a-la-cinematheque\/#primaryimage"},"thumbnailUrl":"https:\/\/apeimeudon.fr\/Blog-APEI\/wp-content\/uploads\/2021\/06\/Miniature-2.jpg","articleSection":["Foyer Hourdin"],"inLanguage":"fr-FR","potentialAction":[{"@type":"CommentAction","name":"Comment","target":["https:\/\/apeimeudon.fr\/Blog-APEI\/les-residents-dhourdin-a-la-cinematheque\/#respond"]}]},{"@type":"WebPage","@id":"https:\/\/apeimeudon.fr\/Blog-APEI\/les-residents-dhourdin-a-la-cinematheque\/","url":"https:\/\/apeimeudon.fr\/Blog-APEI\/les-residents-dhourdin-a-la-cinematheque\/","name":"Les R\u00e9sidents d\u2019Hourdin \u00e0 la Cin\u00e9math\u00e8que - La Gazette des Foyers de l&#039;APEI de Meudon","isPartOf":{"@id":"https:\/\/apeimeudon.fr\/Blog-APEI\/#website"},"primaryImageOfPage":{"@id":"https:\/\/apeimeudon.fr\/Blog-APEI\/les-residents-dhourdin-a-la-cinematheque\/#primaryimage"},"image":{"@id":"https:\/\/apeimeudon.fr\/Blog-APEI\/les-residents-dhourdin-a-la-cinematheque\/#primaryimage"},"thumbnailUrl":"https:\/\/apeimeudon.fr\/Blog-APEI\/wp-content\/uploads\/2021\/06\/Miniature-2.jpg","datePublished":"2021-06-15T14:31:41+00:00","dateModified":"2021-06-15T14:31:43+00:00","breadcrumb":{"@id":"https:\/\/apeimeudon.fr\/Blog-APEI\/les-residents-dhourdin-a-la-cinematheque\/#breadcrumb"},"inLanguage":"fr-FR","potentialAction":[{"@type":"ReadAction","target":["https:\/\/apeimeudon.fr\/Blog-APEI\/les-residents-dhourdin-a-la-cinematheque\/"]}]},{"@type":"ImageObject","inLanguage":"fr-FR","@id":"https:\/\/apeimeudon.fr\/Blog-APEI\/les-residents-dhourdin-a-la-cinematheque\/#primaryimage","url":"https:\/\/apeimeudon.fr\/Blog-APEI\/wp-content\/uploads\/2021\/06\/Miniature-2.jpg","contentUrl":"https:\/\/apeimeudon.fr\/Blog-APEI\/wp-content\/uploads\/2021\/06\/Miniature-2.jpg","width":518,"height":292},{"@type":"BreadcrumbList","@id":"https:\/\/apeimeudon.fr\/Blog-APEI\/les-residents-dhourdin-a-la-cinematheque\/#breadcrumb","itemListElement":[{"@type":"ListItem","position":1,"name":"Accueil","item":"https:\/\/apeimeudon.fr\/Blog-APEI\/"},{"@type":"ListItem","position":2,"name":"Les R\u00e9sidents d\u2019Hourdin \u00e0 la Cin\u00e9math\u00e8que"}]},{"@type":"WebSite","@id":"https:\/\/apeimeudon.fr\/Blog-APEI\/#website","url":"https:\/\/apeimeudon.fr\/Blog-APEI\/","name":"La Gazette des Foyers de l&#039;APEI de Meudon","description":"Nos diff\u00e9rences loin de nous l\u00e9ser doivent nous enrichir -  Antoine de Saint-Exup\u00e9ry","publisher":{"@id":"https:\/\/apeimeudon.fr\/Blog-APEI\/#organization"},"potentialAction":[{"@type":"SearchAction","target":{"@type":"EntryPoint","urlTemplate":"https:\/\/apeimeudon.fr\/Blog-APEI\/?s={search_term_string}"},"query-input":{"@type":"PropertyValueSpecification","valueRequired":true,"valueName":"search_term_string"}}],"inLanguage":"fr-FR"},{"@type":"Organization","@id":"https:\/\/apeimeudon.fr\/Blog-APEI\/#organization","name":"APEI de Meudon","url":"https:\/\/apeimeudon.fr\/Blog-APEI\/","logo":{"@type":"ImageObject","inLanguage":"fr-FR","@id":"https:\/\/apeimeudon.fr\/Blog-APEI\/#\/schema\/logo\/image\/","url":"https:\/\/apeimeudon.fr\/Blog-APEI\/wp-content\/uploads\/2017\/10\/Icone-APEI.png","contentUrl":"https:\/\/apeimeudon.fr\/Blog-APEI\/wp-content\/uploads\/2017\/10\/Icone-APEI.png","width":128,"height":128,"caption":"APEI de Meudon"},"image":{"@id":"https:\/\/apeimeudon.fr\/Blog-APEI\/#\/schema\/logo\/image\/"}},{"@type":"Person","@id":"https:\/\/apeimeudon.fr\/Blog-APEI\/#\/schema\/person\/564b4a79fa3998006bce7ba007dcd40a","name":"Equipe r\u00e9dactionnelle Foyer Georges HOURDIN","image":{"@type":"ImageObject","inLanguage":"fr-FR","@id":"https:\/\/secure.gravatar.com\/avatar\/fa4c0dacb0dc58a85b4b3bf6247ee0da5c911b8b0ac7b6a9b8b7074187222763?s=96&d=mm&r=g","url":"https:\/\/secure.gravatar.com\/avatar\/fa4c0dacb0dc58a85b4b3bf6247ee0da5c911b8b0ac7b6a9b8b7074187222763?s=96&d=mm&r=g","contentUrl":"https:\/\/secure.gravatar.com\/avatar\/fa4c0dacb0dc58a85b4b3bf6247ee0da5c911b8b0ac7b6a9b8b7074187222763?s=96&d=mm&r=g","caption":"Equipe r\u00e9dactionnelle Foyer Georges HOURDIN"},"url":"https:\/\/apeimeudon.fr\/Blog-APEI\/author\/hourdin\/"}]}},"_links":{"self":[{"href":"https:\/\/apeimeudon.fr\/Blog-APEI\/wp-json\/wp\/v2\/posts\/2241","targetHints":{"allow":["GET"]}}],"collection":[{"href":"https:\/\/apeimeudon.fr\/Blog-APEI\/wp-json\/wp\/v2\/posts"}],"about":[{"href":"https:\/\/apeimeudon.fr\/Blog-APEI\/wp-json\/wp\/v2\/types\/post"}],"author":[{"embeddable":true,"href":"https:\/\/apeimeudon.fr\/Blog-APEI\/wp-json\/wp\/v2\/users\/8"}],"replies":[{"embeddable":true,"href":"https:\/\/apeimeudon.fr\/Blog-APEI\/wp-json\/wp\/v2\/comments?post=2241"}],"version-history":[{"count":1,"href":"https:\/\/apeimeudon.fr\/Blog-APEI\/wp-json\/wp\/v2\/posts\/2241\/revisions"}],"predecessor-version":[{"id":2242,"href":"https:\/\/apeimeudon.fr\/Blog-APEI\/wp-json\/wp\/v2\/posts\/2241\/revisions\/2242"}],"wp:featuredmedia":[{"embeddable":true,"href":"https:\/\/apeimeudon.fr\/Blog-APEI\/wp-json\/wp\/v2\/media\/2240"}],"wp:attachment":[{"href":"https:\/\/apeimeudon.fr\/Blog-APEI\/wp-json\/wp\/v2\/media?parent=2241"}],"wp:term":[{"taxonomy":"category","embeddable":true,"href":"https:\/\/apeimeudon.fr\/Blog-APEI\/wp-json\/wp\/v2\/categories?post=2241"},{"taxonomy":"post_tag","embeddable":true,"href":"https:\/\/apeimeudon.fr\/Blog-APEI\/wp-json\/wp\/v2\/tags?post=2241"}],"curies":[{"name":"wp","href":"https:\/\/api.w.org\/{rel}","templated":true}]}}