{"id":226,"date":"2018-02-28T10:21:42","date_gmt":"2018-02-28T09:21:42","guid":{"rendered":"http:\/\/apeimeudon.fr\/Blog-APEI\/?p=226"},"modified":"2018-02-28T17:47:36","modified_gmt":"2018-02-28T16:47:36","slug":"journee-neige-lampes","status":"publish","type":"post","link":"https:\/\/apeimeudon.fr\/Blog-APEI\/journee-neige-lampes\/","title":{"rendered":"Une journ\u00e9e neige au Lampes"},"content":{"rendered":"<p style=\"text-align: center;\">Ce jeudi 08 f\u00e9vrier alors que tout est calme, Christelle arrive \u00e0 6h20 au foyer. H\u00e9 oui quand il neige il faut pr\u00e9voir du temps au cas o\u00f9\u00a0!!!!<\/p>\n<p style=\"text-align: center;\">Les r\u00e9sidents se r\u00e9veillent petit \u00e0 petit et descendent prendre leur petit d\u00e9jeuner.<\/p>\n<p style=\"text-align: center;\">Un magnifique lev\u00e9 de soleil nous met de bonne humeur et Christelle commence \u00e0 chanter les chansons demand\u00e9es par les r\u00e9sidents.<\/p>\n<p><!--more--><\/p>\n<p style=\"text-align: center;\">Une fois bien r\u00e9veill\u00e9s et habill\u00e9s direction dehors pour faire un gros bonhomme de neige. C\u2019est Joelle, Nicolas et olivier qui s\u2019y collent aid\u00e9s par leur \u00e9ducatrice.<\/p>\n<p style=\"text-align: center;\">Quelques boules de neige \u00e9chappent des mains des r\u00e9sidents. \u00c9clats de rire sont au rendez-vous.<\/p>\n<p style=\"text-align: center;\">Une fois notre chef d\u2019\u0153uvre termin\u00e9, il faut immortaliser le moment et hop une photo.<\/p>\n<p><img loading=\"lazy\" decoding=\"async\" class=\"wp-image-228 aligncenter\" src=\"http:\/\/apeimeudon.fr\/Blog-APEI\/wp-content\/uploads\/2018\/02\/IMG_20180208_132252.jpg\" alt=\"\" width=\"982\" height=\"1310\" srcset=\"https:\/\/apeimeudon.fr\/Blog-APEI\/wp-content\/uploads\/2018\/02\/IMG_20180208_132252.jpg 2976w, https:\/\/apeimeudon.fr\/Blog-APEI\/wp-content\/uploads\/2018\/02\/IMG_20180208_132252-225x300.jpg 225w, https:\/\/apeimeudon.fr\/Blog-APEI\/wp-content\/uploads\/2018\/02\/IMG_20180208_132252-768x1024.jpg 768w, https:\/\/apeimeudon.fr\/Blog-APEI\/wp-content\/uploads\/2018\/02\/IMG_20180208_132252-576x768.jpg 576w\" sizes=\"auto, (max-width: 982px) 100vw, 982px\" \/><\/p>\n<p>&nbsp;<\/p>\n<p style=\"text-align: center;\">Mais que ce passe-t-il en arri\u00e8re-plan\u00a0??? Les r\u00e9sidents \u00e0 l\u2019int\u00e9rieur du foyer font leur petit curieux et s\u2019incrustent sur la photo.<\/p>\n<p>&nbsp;<\/p>\n<p><img loading=\"lazy\" decoding=\"async\" class=\"wp-image-229 aligncenter\" src=\"http:\/\/apeimeudon.fr\/Blog-APEI\/wp-content\/uploads\/2018\/02\/IMG_20180208_132523.jpg\" alt=\"\" width=\"986\" height=\"740\" srcset=\"https:\/\/apeimeudon.fr\/Blog-APEI\/wp-content\/uploads\/2018\/02\/IMG_20180208_132523.jpg 3968w, https:\/\/apeimeudon.fr\/Blog-APEI\/wp-content\/uploads\/2018\/02\/IMG_20180208_132523-300x225.jpg 300w, https:\/\/apeimeudon.fr\/Blog-APEI\/wp-content\/uploads\/2018\/02\/IMG_20180208_132523-768x576.jpg 768w, https:\/\/apeimeudon.fr\/Blog-APEI\/wp-content\/uploads\/2018\/02\/IMG_20180208_132523-1024x768.jpg 1024w\" sizes=\"auto, (max-width: 986px) 100vw, 986px\" \/><\/p>\n<p>&nbsp;<\/p>\n<p>&nbsp;<\/p>\n","protected":false},"excerpt":{"rendered":"<p>Ce jeudi 08 f\u00e9vrier alors que tout est calme, Christelle arrive \u00e0 6h20 au foyer. H\u00e9 oui quand il neige il faut pr\u00e9voir du temps au cas o\u00f9\u00a0!!!! Les r\u00e9sidents se r\u00e9veillent petit \u00e0 petit et descendent prendre leur petit d\u00e9jeuner. Un magnifique lev\u00e9 de soleil nous met de bonne humeur et Christelle commence \u00e0 [&hellip;]<\/p>\n","protected":false},"author":3,"featured_media":236,"comment_status":"open","ping_status":"open","sticky":false,"template":"","format":"standard","meta":{"_acf_changed":false,"_monsterinsights_skip_tracking":false,"_monsterinsights_sitenote_active":false,"_monsterinsights_sitenote_note":"","_monsterinsights_sitenote_category":0,"ngg_post_thumbnail":0,"footnotes":""},"categories":[1],"tags":[],"class_list":["post-226","post","type-post","status-publish","format-standard","has-post-thumbnail","hentry","category-non-classe"],"acf":[],"yoast_head":"<!-- This site is optimized with the Yoast SEO plugin v27.3 - https:\/\/yoast.com\/product\/yoast-seo-wordpress\/ -->\n<title>Une journ\u00e9e neige au Lampes - La Gazette des Foyers de l&#039;APEI de Meudon<\/title>\n<meta name=\"robots\" content=\"index, follow, max-snippet:-1, max-image-preview:large, max-video-preview:-1\" \/>\n<link rel=\"canonical\" href=\"https:\/\/apeimeudon.fr\/Blog-APEI\/journee-neige-lampes\/\" \/>\n<meta property=\"og:locale\" content=\"fr_FR\" \/>\n<meta property=\"og:type\" content=\"article\" \/>\n<meta property=\"og:title\" content=\"Une journ\u00e9e neige au Lampes - La Gazette des Foyers de l&#039;APEI de Meudon\" \/>\n<meta property=\"og:description\" content=\"Ce jeudi 08 f\u00e9vrier alors que tout est calme, Christelle arrive \u00e0 6h20 au foyer. H\u00e9 oui quand il neige il faut pr\u00e9voir du temps au cas o\u00f9\u00a0!!!! Les r\u00e9sidents se r\u00e9veillent petit \u00e0 petit et descendent prendre leur petit d\u00e9jeuner. Un magnifique lev\u00e9 de soleil nous met de bonne humeur et Christelle commence \u00e0 [&hellip;]\" \/>\n<meta property=\"og:url\" content=\"https:\/\/apeimeudon.fr\/Blog-APEI\/journee-neige-lampes\/\" \/>\n<meta property=\"og:site_name\" content=\"La Gazette des Foyers de l&#039;APEI de Meudon\" \/>\n<meta property=\"article:published_time\" content=\"2018-02-28T09:21:42+00:00\" \/>\n<meta property=\"article:modified_time\" content=\"2018-02-28T16:47:36+00:00\" \/>\n<meta property=\"og:image\" content=\"https:\/\/apeimeudon.fr\/Blog-APEI\/wp-content\/uploads\/2018\/02\/Bonhomme-de-neige-e1525104891844.jpg\" \/>\n\t<meta property=\"og:image:width\" content=\"200\" \/>\n\t<meta property=\"og:image:height\" content=\"164\" \/>\n\t<meta property=\"og:image:type\" content=\"image\/jpeg\" \/>\n<meta name=\"author\" content=\"Equipe r\u00e9dactionnelle Foyer des Lampes\" \/>\n<meta name=\"twitter:card\" content=\"summary_large_image\" \/>\n<meta name=\"twitter:label1\" content=\"\u00c9crit par\" \/>\n\t<meta name=\"twitter:data1\" content=\"Equipe r\u00e9dactionnelle Foyer des Lampes\" \/>\n\t<meta name=\"twitter:label2\" content=\"Dur\u00e9e de lecture estim\u00e9e\" \/>\n\t<meta name=\"twitter:data2\" content=\"1 minute\" \/>\n<script type=\"application\/ld+json\" class=\"yoast-schema-graph\">{\"@context\":\"https:\\\/\\\/schema.org\",\"@graph\":[{\"@type\":\"Article\",\"@id\":\"https:\\\/\\\/apeimeudon.fr\\\/Blog-APEI\\\/journee-neige-lampes\\\/#article\",\"isPartOf\":{\"@id\":\"https:\\\/\\\/apeimeudon.fr\\\/Blog-APEI\\\/journee-neige-lampes\\\/\"},\"author\":{\"name\":\"Equipe r\u00e9dactionnelle Foyer des Lampes\",\"@id\":\"https:\\\/\\\/apeimeudon.fr\\\/Blog-APEI\\\/#\\\/schema\\\/person\\\/536e2dc69b6d8456308013bd9a7b762b\"},\"headline\":\"Une journ\u00e9e neige au Lampes\",\"datePublished\":\"2018-02-28T09:21:42+00:00\",\"dateModified\":\"2018-02-28T16:47:36+00:00\",\"mainEntityOfPage\":{\"@id\":\"https:\\\/\\\/apeimeudon.fr\\\/Blog-APEI\\\/journee-neige-lampes\\\/\"},\"wordCount\":165,\"commentCount\":0,\"publisher\":{\"@id\":\"https:\\\/\\\/apeimeudon.fr\\\/Blog-APEI\\\/#organization\"},\"image\":{\"@id\":\"https:\\\/\\\/apeimeudon.fr\\\/Blog-APEI\\\/journee-neige-lampes\\\/#primaryimage\"},\"thumbnailUrl\":\"https:\\\/\\\/apeimeudon.fr\\\/Blog-APEI\\\/wp-content\\\/uploads\\\/2018\\\/02\\\/Bonhomme-de-neige-e1525104891844.jpg\",\"inLanguage\":\"fr-FR\",\"potentialAction\":[{\"@type\":\"CommentAction\",\"name\":\"Comment\",\"target\":[\"https:\\\/\\\/apeimeudon.fr\\\/Blog-APEI\\\/journee-neige-lampes\\\/#respond\"]}]},{\"@type\":\"WebPage\",\"@id\":\"https:\\\/\\\/apeimeudon.fr\\\/Blog-APEI\\\/journee-neige-lampes\\\/\",\"url\":\"https:\\\/\\\/apeimeudon.fr\\\/Blog-APEI\\\/journee-neige-lampes\\\/\",\"name\":\"Une journ\u00e9e neige au Lampes - La Gazette des Foyers de l&#039;APEI de Meudon\",\"isPartOf\":{\"@id\":\"https:\\\/\\\/apeimeudon.fr\\\/Blog-APEI\\\/#website\"},\"primaryImageOfPage\":{\"@id\":\"https:\\\/\\\/apeimeudon.fr\\\/Blog-APEI\\\/journee-neige-lampes\\\/#primaryimage\"},\"image\":{\"@id\":\"https:\\\/\\\/apeimeudon.fr\\\/Blog-APEI\\\/journee-neige-lampes\\\/#primaryimage\"},\"thumbnailUrl\":\"https:\\\/\\\/apeimeudon.fr\\\/Blog-APEI\\\/wp-content\\\/uploads\\\/2018\\\/02\\\/Bonhomme-de-neige-e1525104891844.jpg\",\"datePublished\":\"2018-02-28T09:21:42+00:00\",\"dateModified\":\"2018-02-28T16:47:36+00:00\",\"breadcrumb\":{\"@id\":\"https:\\\/\\\/apeimeudon.fr\\\/Blog-APEI\\\/journee-neige-lampes\\\/#breadcrumb\"},\"inLanguage\":\"fr-FR\",\"potentialAction\":[{\"@type\":\"ReadAction\",\"target\":[\"https:\\\/\\\/apeimeudon.fr\\\/Blog-APEI\\\/journee-neige-lampes\\\/\"]}]},{\"@type\":\"ImageObject\",\"inLanguage\":\"fr-FR\",\"@id\":\"https:\\\/\\\/apeimeudon.fr\\\/Blog-APEI\\\/journee-neige-lampes\\\/#primaryimage\",\"url\":\"https:\\\/\\\/apeimeudon.fr\\\/Blog-APEI\\\/wp-content\\\/uploads\\\/2018\\\/02\\\/Bonhomme-de-neige-e1525104891844.jpg\",\"contentUrl\":\"https:\\\/\\\/apeimeudon.fr\\\/Blog-APEI\\\/wp-content\\\/uploads\\\/2018\\\/02\\\/Bonhomme-de-neige-e1525104891844.jpg\",\"width\":200,\"height\":164},{\"@type\":\"BreadcrumbList\",\"@id\":\"https:\\\/\\\/apeimeudon.fr\\\/Blog-APEI\\\/journee-neige-lampes\\\/#breadcrumb\",\"itemListElement\":[{\"@type\":\"ListItem\",\"position\":1,\"name\":\"Accueil\",\"item\":\"https:\\\/\\\/apeimeudon.fr\\\/Blog-APEI\\\/\"},{\"@type\":\"ListItem\",\"position\":2,\"name\":\"Une journ\u00e9e neige au Lampes\"}]},{\"@type\":\"WebSite\",\"@id\":\"https:\\\/\\\/apeimeudon.fr\\\/Blog-APEI\\\/#website\",\"url\":\"https:\\\/\\\/apeimeudon.fr\\\/Blog-APEI\\\/\",\"name\":\"La Gazette des Foyers de l&#039;APEI de Meudon\",\"description\":\"Nos diff\u00e9rences loin de nous l\u00e9ser doivent nous enrichir -  Antoine de Saint-Exup\u00e9ry\",\"publisher\":{\"@id\":\"https:\\\/\\\/apeimeudon.fr\\\/Blog-APEI\\\/#organization\"},\"potentialAction\":[{\"@type\":\"SearchAction\",\"target\":{\"@type\":\"EntryPoint\",\"urlTemplate\":\"https:\\\/\\\/apeimeudon.fr\\\/Blog-APEI\\\/?s={search_term_string}\"},\"query-input\":{\"@type\":\"PropertyValueSpecification\",\"valueRequired\":true,\"valueName\":\"search_term_string\"}}],\"inLanguage\":\"fr-FR\"},{\"@type\":\"Organization\",\"@id\":\"https:\\\/\\\/apeimeudon.fr\\\/Blog-APEI\\\/#organization\",\"name\":\"APEI de Meudon\",\"url\":\"https:\\\/\\\/apeimeudon.fr\\\/Blog-APEI\\\/\",\"logo\":{\"@type\":\"ImageObject\",\"inLanguage\":\"fr-FR\",\"@id\":\"https:\\\/\\\/apeimeudon.fr\\\/Blog-APEI\\\/#\\\/schema\\\/logo\\\/image\\\/\",\"url\":\"https:\\\/\\\/apeimeudon.fr\\\/Blog-APEI\\\/wp-content\\\/uploads\\\/2017\\\/10\\\/Icone-APEI.png\",\"contentUrl\":\"https:\\\/\\\/apeimeudon.fr\\\/Blog-APEI\\\/wp-content\\\/uploads\\\/2017\\\/10\\\/Icone-APEI.png\",\"width\":128,\"height\":128,\"caption\":\"APEI de Meudon\"},\"image\":{\"@id\":\"https:\\\/\\\/apeimeudon.fr\\\/Blog-APEI\\\/#\\\/schema\\\/logo\\\/image\\\/\"}},{\"@type\":\"Person\",\"@id\":\"https:\\\/\\\/apeimeudon.fr\\\/Blog-APEI\\\/#\\\/schema\\\/person\\\/536e2dc69b6d8456308013bd9a7b762b\",\"name\":\"Equipe r\u00e9dactionnelle Foyer des Lampes\",\"image\":{\"@type\":\"ImageObject\",\"inLanguage\":\"fr-FR\",\"@id\":\"https:\\\/\\\/secure.gravatar.com\\\/avatar\\\/c64021a86f77cc135da78b91677b4c8cb3c2882fad89dba6a7a7defab5e64683?s=96&d=mm&r=g\",\"url\":\"https:\\\/\\\/secure.gravatar.com\\\/avatar\\\/c64021a86f77cc135da78b91677b4c8cb3c2882fad89dba6a7a7defab5e64683?s=96&d=mm&r=g\",\"contentUrl\":\"https:\\\/\\\/secure.gravatar.com\\\/avatar\\\/c64021a86f77cc135da78b91677b4c8cb3c2882fad89dba6a7a7defab5e64683?s=96&d=mm&r=g\",\"caption\":\"Equipe r\u00e9dactionnelle Foyer des Lampes\"},\"url\":\"https:\\\/\\\/apeimeudon.fr\\\/Blog-APEI\\\/author\\\/lampes\\\/\"}]}<\/script>\n<!-- \/ Yoast SEO plugin. -->","yoast_head_json":{"title":"Une journ\u00e9e neige au Lampes - La Gazette des Foyers de l&#039;APEI de Meudon","robots":{"index":"index","follow":"follow","max-snippet":"max-snippet:-1","max-image-preview":"max-image-preview:large","max-video-preview":"max-video-preview:-1"},"canonical":"https:\/\/apeimeudon.fr\/Blog-APEI\/journee-neige-lampes\/","og_locale":"fr_FR","og_type":"article","og_title":"Une journ\u00e9e neige au Lampes - La Gazette des Foyers de l&#039;APEI de Meudon","og_description":"Ce jeudi 08 f\u00e9vrier alors que tout est calme, Christelle arrive \u00e0 6h20 au foyer. H\u00e9 oui quand il neige il faut pr\u00e9voir du temps au cas o\u00f9\u00a0!!!! Les r\u00e9sidents se r\u00e9veillent petit \u00e0 petit et descendent prendre leur petit d\u00e9jeuner. Un magnifique lev\u00e9 de soleil nous met de bonne humeur et Christelle commence \u00e0 [&hellip;]","og_url":"https:\/\/apeimeudon.fr\/Blog-APEI\/journee-neige-lampes\/","og_site_name":"La Gazette des Foyers de l&#039;APEI de Meudon","article_published_time":"2018-02-28T09:21:42+00:00","article_modified_time":"2018-02-28T16:47:36+00:00","og_image":[{"width":200,"height":164,"url":"https:\/\/apeimeudon.fr\/Blog-APEI\/wp-content\/uploads\/2018\/02\/Bonhomme-de-neige-e1525104891844.jpg","type":"image\/jpeg"}],"author":"Equipe r\u00e9dactionnelle Foyer des Lampes","twitter_card":"summary_large_image","twitter_misc":{"\u00c9crit par":"Equipe r\u00e9dactionnelle Foyer des Lampes","Dur\u00e9e de lecture estim\u00e9e":"1 minute"},"schema":{"@context":"https:\/\/schema.org","@graph":[{"@type":"Article","@id":"https:\/\/apeimeudon.fr\/Blog-APEI\/journee-neige-lampes\/#article","isPartOf":{"@id":"https:\/\/apeimeudon.fr\/Blog-APEI\/journee-neige-lampes\/"},"author":{"name":"Equipe r\u00e9dactionnelle Foyer des Lampes","@id":"https:\/\/apeimeudon.fr\/Blog-APEI\/#\/schema\/person\/536e2dc69b6d8456308013bd9a7b762b"},"headline":"Une journ\u00e9e neige au Lampes","datePublished":"2018-02-28T09:21:42+00:00","dateModified":"2018-02-28T16:47:36+00:00","mainEntityOfPage":{"@id":"https:\/\/apeimeudon.fr\/Blog-APEI\/journee-neige-lampes\/"},"wordCount":165,"commentCount":0,"publisher":{"@id":"https:\/\/apeimeudon.fr\/Blog-APEI\/#organization"},"image":{"@id":"https:\/\/apeimeudon.fr\/Blog-APEI\/journee-neige-lampes\/#primaryimage"},"thumbnailUrl":"https:\/\/apeimeudon.fr\/Blog-APEI\/wp-content\/uploads\/2018\/02\/Bonhomme-de-neige-e1525104891844.jpg","inLanguage":"fr-FR","potentialAction":[{"@type":"CommentAction","name":"Comment","target":["https:\/\/apeimeudon.fr\/Blog-APEI\/journee-neige-lampes\/#respond"]}]},{"@type":"WebPage","@id":"https:\/\/apeimeudon.fr\/Blog-APEI\/journee-neige-lampes\/","url":"https:\/\/apeimeudon.fr\/Blog-APEI\/journee-neige-lampes\/","name":"Une journ\u00e9e neige au Lampes - La Gazette des Foyers de l&#039;APEI de Meudon","isPartOf":{"@id":"https:\/\/apeimeudon.fr\/Blog-APEI\/#website"},"primaryImageOfPage":{"@id":"https:\/\/apeimeudon.fr\/Blog-APEI\/journee-neige-lampes\/#primaryimage"},"image":{"@id":"https:\/\/apeimeudon.fr\/Blog-APEI\/journee-neige-lampes\/#primaryimage"},"thumbnailUrl":"https:\/\/apeimeudon.fr\/Blog-APEI\/wp-content\/uploads\/2018\/02\/Bonhomme-de-neige-e1525104891844.jpg","datePublished":"2018-02-28T09:21:42+00:00","dateModified":"2018-02-28T16:47:36+00:00","breadcrumb":{"@id":"https:\/\/apeimeudon.fr\/Blog-APEI\/journee-neige-lampes\/#breadcrumb"},"inLanguage":"fr-FR","potentialAction":[{"@type":"ReadAction","target":["https:\/\/apeimeudon.fr\/Blog-APEI\/journee-neige-lampes\/"]}]},{"@type":"ImageObject","inLanguage":"fr-FR","@id":"https:\/\/apeimeudon.fr\/Blog-APEI\/journee-neige-lampes\/#primaryimage","url":"https:\/\/apeimeudon.fr\/Blog-APEI\/wp-content\/uploads\/2018\/02\/Bonhomme-de-neige-e1525104891844.jpg","contentUrl":"https:\/\/apeimeudon.fr\/Blog-APEI\/wp-content\/uploads\/2018\/02\/Bonhomme-de-neige-e1525104891844.jpg","width":200,"height":164},{"@type":"BreadcrumbList","@id":"https:\/\/apeimeudon.fr\/Blog-APEI\/journee-neige-lampes\/#breadcrumb","itemListElement":[{"@type":"ListItem","position":1,"name":"Accueil","item":"https:\/\/apeimeudon.fr\/Blog-APEI\/"},{"@type":"ListItem","position":2,"name":"Une journ\u00e9e neige au Lampes"}]},{"@type":"WebSite","@id":"https:\/\/apeimeudon.fr\/Blog-APEI\/#website","url":"https:\/\/apeimeudon.fr\/Blog-APEI\/","name":"La Gazette des Foyers de l&#039;APEI de Meudon","description":"Nos diff\u00e9rences loin de nous l\u00e9ser doivent nous enrichir -  Antoine de Saint-Exup\u00e9ry","publisher":{"@id":"https:\/\/apeimeudon.fr\/Blog-APEI\/#organization"},"potentialAction":[{"@type":"SearchAction","target":{"@type":"EntryPoint","urlTemplate":"https:\/\/apeimeudon.fr\/Blog-APEI\/?s={search_term_string}"},"query-input":{"@type":"PropertyValueSpecification","valueRequired":true,"valueName":"search_term_string"}}],"inLanguage":"fr-FR"},{"@type":"Organization","@id":"https:\/\/apeimeudon.fr\/Blog-APEI\/#organization","name":"APEI de Meudon","url":"https:\/\/apeimeudon.fr\/Blog-APEI\/","logo":{"@type":"ImageObject","inLanguage":"fr-FR","@id":"https:\/\/apeimeudon.fr\/Blog-APEI\/#\/schema\/logo\/image\/","url":"https:\/\/apeimeudon.fr\/Blog-APEI\/wp-content\/uploads\/2017\/10\/Icone-APEI.png","contentUrl":"https:\/\/apeimeudon.fr\/Blog-APEI\/wp-content\/uploads\/2017\/10\/Icone-APEI.png","width":128,"height":128,"caption":"APEI de Meudon"},"image":{"@id":"https:\/\/apeimeudon.fr\/Blog-APEI\/#\/schema\/logo\/image\/"}},{"@type":"Person","@id":"https:\/\/apeimeudon.fr\/Blog-APEI\/#\/schema\/person\/536e2dc69b6d8456308013bd9a7b762b","name":"Equipe r\u00e9dactionnelle Foyer des Lampes","image":{"@type":"ImageObject","inLanguage":"fr-FR","@id":"https:\/\/secure.gravatar.com\/avatar\/c64021a86f77cc135da78b91677b4c8cb3c2882fad89dba6a7a7defab5e64683?s=96&d=mm&r=g","url":"https:\/\/secure.gravatar.com\/avatar\/c64021a86f77cc135da78b91677b4c8cb3c2882fad89dba6a7a7defab5e64683?s=96&d=mm&r=g","contentUrl":"https:\/\/secure.gravatar.com\/avatar\/c64021a86f77cc135da78b91677b4c8cb3c2882fad89dba6a7a7defab5e64683?s=96&d=mm&r=g","caption":"Equipe r\u00e9dactionnelle Foyer des Lampes"},"url":"https:\/\/apeimeudon.fr\/Blog-APEI\/author\/lampes\/"}]}},"_links":{"self":[{"href":"https:\/\/apeimeudon.fr\/Blog-APEI\/wp-json\/wp\/v2\/posts\/226","targetHints":{"allow":["GET"]}}],"collection":[{"href":"https:\/\/apeimeudon.fr\/Blog-APEI\/wp-json\/wp\/v2\/posts"}],"about":[{"href":"https:\/\/apeimeudon.fr\/Blog-APEI\/wp-json\/wp\/v2\/types\/post"}],"author":[{"embeddable":true,"href":"https:\/\/apeimeudon.fr\/Blog-APEI\/wp-json\/wp\/v2\/users\/3"}],"replies":[{"embeddable":true,"href":"https:\/\/apeimeudon.fr\/Blog-APEI\/wp-json\/wp\/v2\/comments?post=226"}],"version-history":[{"count":7,"href":"https:\/\/apeimeudon.fr\/Blog-APEI\/wp-json\/wp\/v2\/posts\/226\/revisions"}],"predecessor-version":[{"id":237,"href":"https:\/\/apeimeudon.fr\/Blog-APEI\/wp-json\/wp\/v2\/posts\/226\/revisions\/237"}],"wp:featuredmedia":[{"embeddable":true,"href":"https:\/\/apeimeudon.fr\/Blog-APEI\/wp-json\/wp\/v2\/media\/236"}],"wp:attachment":[{"href":"https:\/\/apeimeudon.fr\/Blog-APEI\/wp-json\/wp\/v2\/media?parent=226"}],"wp:term":[{"taxonomy":"category","embeddable":true,"href":"https:\/\/apeimeudon.fr\/Blog-APEI\/wp-json\/wp\/v2\/categories?post=226"},{"taxonomy":"post_tag","embeddable":true,"href":"https:\/\/apeimeudon.fr\/Blog-APEI\/wp-json\/wp\/v2\/tags?post=226"}],"curies":[{"name":"wp","href":"https:\/\/api.w.org\/{rel}","templated":true}]}}