{"id":2377,"date":"2021-10-20T14:48:38","date_gmt":"2021-10-20T12:48:38","guid":{"rendered":"https:\/\/apeimeudon.fr\/Blog-APEI\/?p=2377"},"modified":"2021-10-20T14:48:40","modified_gmt":"2021-10-20T12:48:40","slug":"au-revoir-severine","status":"publish","type":"post","link":"https:\/\/apeimeudon.fr\/Blog-APEI\/au-revoir-severine\/","title":{"rendered":"Au revoir S\u00e9verine !"},"content":{"rendered":"\n<p>C\u2019est avec une grande \u00e9motion que nous avons partag\u00e9 le pot de l\u2019amiti\u00e9 pour f\u00eater le d\u00e9part de notre cheffe de service S\u00e9verine REVIRIAUD qui est rest\u00e9e 11 ans aupr\u00e8s de nous.<\/p>\n\n\n\n<!--more-->\n\n\n\n<p>Apr\u00e8s les discours de notre Directeur Monsieur LAPLANE, du Pr\u00e9sident de l\u2019APEI de Meudon Monsieur TURGIS, qui a engag\u00e9 en 2010 S\u00e9verine, et de notre Pr\u00e9sident actuel Monsieur GORCY, c\u2019est avec la gorge serr\u00e9e que plusieurs r\u00e9sidents du Foyer Fleury ont voulu lui dire l\u2019attachement qu\u2019ils ont et toutes les joies qu\u2019ils ont partag\u00e9es aupr\u00e8s de leur Cheffe de service.<\/p>\n\n\n\n<p>Toute l\u2019assistance pr\u00e9sente, tant les dirigeants de l\u2019association,&nbsp; les membres de l\u2019\u00e9quipe \u00e9ducative et p\u00e9dagogique de S\u00e9verine que les parents et r\u00e9sidents du foyer, a pr\u00e9sent\u00e9 \u00e0 S\u00e9verine tous ses v\u0153ux de r\u00e9ussite pour ses futurs projets professionnels.<\/p>\n\n\n\n<p>La soir\u00e9e s\u2019est termin\u00e9e autour du verre de l\u2019amiti\u00e9 et le partage d\u2019un fabuleux buffet. S\u00e9verine a ensuite ouvert tous les cadeaux offerts par ceux qui ont voulu lui laisser une marque de son passage parmi eux.<\/p>\n\n\n\n<p>Bonne route S\u00e9verine, nous vous oublierons pas\u00a0!<\/p>\n\n\n\n<p><\/p>\n\n\n\n<p class=\"has-text-align-center\"><strong><em>A pr\u00e9sent quelques clich\u00e9s de cette soir\u00e9e &#8230;.<\/em><\/strong><\/p>\n\n\n\n<p><\/p>\n\n\n\nngg_shortcode_0_placeholder\n\n\n\n<p><\/p>\n","protected":false},"excerpt":{"rendered":"<p>C\u2019est avec une grande \u00e9motion que nous avons partag\u00e9 le pot de l\u2019amiti\u00e9 pour f\u00eater le d\u00e9part de notre cheffe de service S\u00e9verine REVIRIAUD qui est rest\u00e9e 11 ans aupr\u00e8s de nous.<\/p>\n","protected":false},"author":2,"featured_media":2360,"comment_status":"open","ping_status":"open","sticky":false,"template":"","format":"standard","meta":{"_acf_changed":false,"_monsterinsights_skip_tracking":false,"_monsterinsights_sitenote_active":false,"_monsterinsights_sitenote_note":"","_monsterinsights_sitenote_category":0,"ngg_post_thumbnail":0,"footnotes":""},"categories":[32],"tags":[],"class_list":["post-2377","post","type-post","status-publish","format-standard","has-post-thumbnail","hentry","category-foyer-fleury"],"acf":[],"yoast_head":"<!-- This site is optimized with the Yoast SEO plugin v27.3 - https:\/\/yoast.com\/product\/yoast-seo-wordpress\/ -->\n<title>Au revoir S\u00e9verine ! - La Gazette des Foyers de l&#039;APEI de Meudon<\/title>\n<meta name=\"robots\" content=\"index, follow, max-snippet:-1, max-image-preview:large, max-video-preview:-1\" \/>\n<link rel=\"canonical\" href=\"https:\/\/apeimeudon.fr\/Blog-APEI\/au-revoir-severine\/\" \/>\n<meta property=\"og:locale\" content=\"fr_FR\" \/>\n<meta property=\"og:type\" content=\"article\" \/>\n<meta property=\"og:title\" content=\"Au revoir S\u00e9verine ! - La Gazette des Foyers de l&#039;APEI de Meudon\" \/>\n<meta property=\"og:description\" content=\"C\u2019est avec une grande \u00e9motion que nous avons partag\u00e9 le pot de l\u2019amiti\u00e9 pour f\u00eater le d\u00e9part de notre cheffe de service S\u00e9verine REVIRIAUD qui est rest\u00e9e 11 ans aupr\u00e8s de nous.\" \/>\n<meta property=\"og:url\" content=\"https:\/\/apeimeudon.fr\/Blog-APEI\/au-revoir-severine\/\" \/>\n<meta property=\"og:site_name\" content=\"La Gazette des Foyers de l&#039;APEI de Meudon\" \/>\n<meta property=\"article:published_time\" content=\"2021-10-20T12:48:38+00:00\" \/>\n<meta property=\"article:modified_time\" content=\"2021-10-20T12:48:40+00:00\" \/>\n<meta property=\"og:image\" content=\"https:\/\/apeimeudon.fr\/Blog-APEI\/wp-content\/uploads\/2021\/10\/miniature.jpg\" \/>\n\t<meta property=\"og:image:width\" content=\"471\" \/>\n\t<meta property=\"og:image:height\" content=\"297\" \/>\n\t<meta property=\"og:image:type\" content=\"image\/jpeg\" \/>\n<meta name=\"author\" content=\"Equipe r\u00e9dactionnelle Foyer FLEURY\" \/>\n<meta name=\"twitter:card\" content=\"summary_large_image\" \/>\n<meta name=\"twitter:label1\" content=\"\u00c9crit par\" \/>\n\t<meta name=\"twitter:data1\" content=\"Equipe r\u00e9dactionnelle Foyer FLEURY\" \/>\n\t<meta name=\"twitter:label2\" content=\"Dur\u00e9e de lecture estim\u00e9e\" \/>\n\t<meta name=\"twitter:data2\" content=\"1 minute\" \/>\n<script type=\"application\/ld+json\" class=\"yoast-schema-graph\">{\"@context\":\"https:\\\/\\\/schema.org\",\"@graph\":[{\"@type\":\"Article\",\"@id\":\"https:\\\/\\\/apeimeudon.fr\\\/Blog-APEI\\\/au-revoir-severine\\\/#article\",\"isPartOf\":{\"@id\":\"https:\\\/\\\/apeimeudon.fr\\\/Blog-APEI\\\/au-revoir-severine\\\/\"},\"author\":{\"name\":\"Equipe r\u00e9dactionnelle Foyer FLEURY\",\"@id\":\"https:\\\/\\\/apeimeudon.fr\\\/Blog-APEI\\\/#\\\/schema\\\/person\\\/a81a31019e8af8065790f5c6acfdc547\"},\"headline\":\"Au revoir S\u00e9verine !\",\"datePublished\":\"2021-10-20T12:48:38+00:00\",\"dateModified\":\"2021-10-20T12:48:40+00:00\",\"mainEntityOfPage\":{\"@id\":\"https:\\\/\\\/apeimeudon.fr\\\/Blog-APEI\\\/au-revoir-severine\\\/\"},\"wordCount\":231,\"commentCount\":0,\"publisher\":{\"@id\":\"https:\\\/\\\/apeimeudon.fr\\\/Blog-APEI\\\/#organization\"},\"image\":{\"@id\":\"https:\\\/\\\/apeimeudon.fr\\\/Blog-APEI\\\/au-revoir-severine\\\/#primaryimage\"},\"thumbnailUrl\":\"https:\\\/\\\/apeimeudon.fr\\\/Blog-APEI\\\/wp-content\\\/uploads\\\/2021\\\/10\\\/miniature.jpg\",\"articleSection\":[\"Foyer Fleury\"],\"inLanguage\":\"fr-FR\",\"potentialAction\":[{\"@type\":\"CommentAction\",\"name\":\"Comment\",\"target\":[\"https:\\\/\\\/apeimeudon.fr\\\/Blog-APEI\\\/au-revoir-severine\\\/#respond\"]}]},{\"@type\":\"WebPage\",\"@id\":\"https:\\\/\\\/apeimeudon.fr\\\/Blog-APEI\\\/au-revoir-severine\\\/\",\"url\":\"https:\\\/\\\/apeimeudon.fr\\\/Blog-APEI\\\/au-revoir-severine\\\/\",\"name\":\"Au revoir S\u00e9verine ! - La Gazette des Foyers de l&#039;APEI de Meudon\",\"isPartOf\":{\"@id\":\"https:\\\/\\\/apeimeudon.fr\\\/Blog-APEI\\\/#website\"},\"primaryImageOfPage\":{\"@id\":\"https:\\\/\\\/apeimeudon.fr\\\/Blog-APEI\\\/au-revoir-severine\\\/#primaryimage\"},\"image\":{\"@id\":\"https:\\\/\\\/apeimeudon.fr\\\/Blog-APEI\\\/au-revoir-severine\\\/#primaryimage\"},\"thumbnailUrl\":\"https:\\\/\\\/apeimeudon.fr\\\/Blog-APEI\\\/wp-content\\\/uploads\\\/2021\\\/10\\\/miniature.jpg\",\"datePublished\":\"2021-10-20T12:48:38+00:00\",\"dateModified\":\"2021-10-20T12:48:40+00:00\",\"breadcrumb\":{\"@id\":\"https:\\\/\\\/apeimeudon.fr\\\/Blog-APEI\\\/au-revoir-severine\\\/#breadcrumb\"},\"inLanguage\":\"fr-FR\",\"potentialAction\":[{\"@type\":\"ReadAction\",\"target\":[\"https:\\\/\\\/apeimeudon.fr\\\/Blog-APEI\\\/au-revoir-severine\\\/\"]}]},{\"@type\":\"ImageObject\",\"inLanguage\":\"fr-FR\",\"@id\":\"https:\\\/\\\/apeimeudon.fr\\\/Blog-APEI\\\/au-revoir-severine\\\/#primaryimage\",\"url\":\"https:\\\/\\\/apeimeudon.fr\\\/Blog-APEI\\\/wp-content\\\/uploads\\\/2021\\\/10\\\/miniature.jpg\",\"contentUrl\":\"https:\\\/\\\/apeimeudon.fr\\\/Blog-APEI\\\/wp-content\\\/uploads\\\/2021\\\/10\\\/miniature.jpg\",\"width\":471,\"height\":297},{\"@type\":\"BreadcrumbList\",\"@id\":\"https:\\\/\\\/apeimeudon.fr\\\/Blog-APEI\\\/au-revoir-severine\\\/#breadcrumb\",\"itemListElement\":[{\"@type\":\"ListItem\",\"position\":1,\"name\":\"Accueil\",\"item\":\"https:\\\/\\\/apeimeudon.fr\\\/Blog-APEI\\\/\"},{\"@type\":\"ListItem\",\"position\":2,\"name\":\"Au revoir S\u00e9verine !\"}]},{\"@type\":\"WebSite\",\"@id\":\"https:\\\/\\\/apeimeudon.fr\\\/Blog-APEI\\\/#website\",\"url\":\"https:\\\/\\\/apeimeudon.fr\\\/Blog-APEI\\\/\",\"name\":\"La Gazette des Foyers de l&#039;APEI de Meudon\",\"description\":\"Nos diff\u00e9rences loin de nous l\u00e9ser doivent nous enrichir -  Antoine de Saint-Exup\u00e9ry\",\"publisher\":{\"@id\":\"https:\\\/\\\/apeimeudon.fr\\\/Blog-APEI\\\/#organization\"},\"potentialAction\":[{\"@type\":\"SearchAction\",\"target\":{\"@type\":\"EntryPoint\",\"urlTemplate\":\"https:\\\/\\\/apeimeudon.fr\\\/Blog-APEI\\\/?s={search_term_string}\"},\"query-input\":{\"@type\":\"PropertyValueSpecification\",\"valueRequired\":true,\"valueName\":\"search_term_string\"}}],\"inLanguage\":\"fr-FR\"},{\"@type\":\"Organization\",\"@id\":\"https:\\\/\\\/apeimeudon.fr\\\/Blog-APEI\\\/#organization\",\"name\":\"APEI de Meudon\",\"url\":\"https:\\\/\\\/apeimeudon.fr\\\/Blog-APEI\\\/\",\"logo\":{\"@type\":\"ImageObject\",\"inLanguage\":\"fr-FR\",\"@id\":\"https:\\\/\\\/apeimeudon.fr\\\/Blog-APEI\\\/#\\\/schema\\\/logo\\\/image\\\/\",\"url\":\"https:\\\/\\\/apeimeudon.fr\\\/Blog-APEI\\\/wp-content\\\/uploads\\\/2017\\\/10\\\/Icone-APEI.png\",\"contentUrl\":\"https:\\\/\\\/apeimeudon.fr\\\/Blog-APEI\\\/wp-content\\\/uploads\\\/2017\\\/10\\\/Icone-APEI.png\",\"width\":128,\"height\":128,\"caption\":\"APEI de Meudon\"},\"image\":{\"@id\":\"https:\\\/\\\/apeimeudon.fr\\\/Blog-APEI\\\/#\\\/schema\\\/logo\\\/image\\\/\"}},{\"@type\":\"Person\",\"@id\":\"https:\\\/\\\/apeimeudon.fr\\\/Blog-APEI\\\/#\\\/schema\\\/person\\\/a81a31019e8af8065790f5c6acfdc547\",\"name\":\"Equipe r\u00e9dactionnelle Foyer FLEURY\",\"image\":{\"@type\":\"ImageObject\",\"inLanguage\":\"fr-FR\",\"@id\":\"https:\\\/\\\/secure.gravatar.com\\\/avatar\\\/077b0b63c066e0ecf5a8ce55f379e3e6cc4cee7cb3fc656a19335177af2035da?s=96&d=mm&r=g\",\"url\":\"https:\\\/\\\/secure.gravatar.com\\\/avatar\\\/077b0b63c066e0ecf5a8ce55f379e3e6cc4cee7cb3fc656a19335177af2035da?s=96&d=mm&r=g\",\"contentUrl\":\"https:\\\/\\\/secure.gravatar.com\\\/avatar\\\/077b0b63c066e0ecf5a8ce55f379e3e6cc4cee7cb3fc656a19335177af2035da?s=96&d=mm&r=g\",\"caption\":\"Equipe r\u00e9dactionnelle Foyer FLEURY\"},\"url\":\"https:\\\/\\\/apeimeudon.fr\\\/Blog-APEI\\\/author\\\/fleury\\\/\"}]}<\/script>\n<!-- \/ Yoast SEO plugin. -->","yoast_head_json":{"title":"Au revoir S\u00e9verine ! - La Gazette des Foyers de l&#039;APEI de Meudon","robots":{"index":"index","follow":"follow","max-snippet":"max-snippet:-1","max-image-preview":"max-image-preview:large","max-video-preview":"max-video-preview:-1"},"canonical":"https:\/\/apeimeudon.fr\/Blog-APEI\/au-revoir-severine\/","og_locale":"fr_FR","og_type":"article","og_title":"Au revoir S\u00e9verine ! - La Gazette des Foyers de l&#039;APEI de Meudon","og_description":"C\u2019est avec une grande \u00e9motion que nous avons partag\u00e9 le pot de l\u2019amiti\u00e9 pour f\u00eater le d\u00e9part de notre cheffe de service S\u00e9verine REVIRIAUD qui est rest\u00e9e 11 ans aupr\u00e8s de nous.","og_url":"https:\/\/apeimeudon.fr\/Blog-APEI\/au-revoir-severine\/","og_site_name":"La Gazette des Foyers de l&#039;APEI de Meudon","article_published_time":"2021-10-20T12:48:38+00:00","article_modified_time":"2021-10-20T12:48:40+00:00","og_image":[{"width":471,"height":297,"url":"https:\/\/apeimeudon.fr\/Blog-APEI\/wp-content\/uploads\/2021\/10\/miniature.jpg","type":"image\/jpeg"}],"author":"Equipe r\u00e9dactionnelle Foyer FLEURY","twitter_card":"summary_large_image","twitter_misc":{"\u00c9crit par":"Equipe r\u00e9dactionnelle Foyer FLEURY","Dur\u00e9e de lecture estim\u00e9e":"1 minute"},"schema":{"@context":"https:\/\/schema.org","@graph":[{"@type":"Article","@id":"https:\/\/apeimeudon.fr\/Blog-APEI\/au-revoir-severine\/#article","isPartOf":{"@id":"https:\/\/apeimeudon.fr\/Blog-APEI\/au-revoir-severine\/"},"author":{"name":"Equipe r\u00e9dactionnelle Foyer FLEURY","@id":"https:\/\/apeimeudon.fr\/Blog-APEI\/#\/schema\/person\/a81a31019e8af8065790f5c6acfdc547"},"headline":"Au revoir S\u00e9verine !","datePublished":"2021-10-20T12:48:38+00:00","dateModified":"2021-10-20T12:48:40+00:00","mainEntityOfPage":{"@id":"https:\/\/apeimeudon.fr\/Blog-APEI\/au-revoir-severine\/"},"wordCount":231,"commentCount":0,"publisher":{"@id":"https:\/\/apeimeudon.fr\/Blog-APEI\/#organization"},"image":{"@id":"https:\/\/apeimeudon.fr\/Blog-APEI\/au-revoir-severine\/#primaryimage"},"thumbnailUrl":"https:\/\/apeimeudon.fr\/Blog-APEI\/wp-content\/uploads\/2021\/10\/miniature.jpg","articleSection":["Foyer Fleury"],"inLanguage":"fr-FR","potentialAction":[{"@type":"CommentAction","name":"Comment","target":["https:\/\/apeimeudon.fr\/Blog-APEI\/au-revoir-severine\/#respond"]}]},{"@type":"WebPage","@id":"https:\/\/apeimeudon.fr\/Blog-APEI\/au-revoir-severine\/","url":"https:\/\/apeimeudon.fr\/Blog-APEI\/au-revoir-severine\/","name":"Au revoir S\u00e9verine ! - La Gazette des Foyers de l&#039;APEI de Meudon","isPartOf":{"@id":"https:\/\/apeimeudon.fr\/Blog-APEI\/#website"},"primaryImageOfPage":{"@id":"https:\/\/apeimeudon.fr\/Blog-APEI\/au-revoir-severine\/#primaryimage"},"image":{"@id":"https:\/\/apeimeudon.fr\/Blog-APEI\/au-revoir-severine\/#primaryimage"},"thumbnailUrl":"https:\/\/apeimeudon.fr\/Blog-APEI\/wp-content\/uploads\/2021\/10\/miniature.jpg","datePublished":"2021-10-20T12:48:38+00:00","dateModified":"2021-10-20T12:48:40+00:00","breadcrumb":{"@id":"https:\/\/apeimeudon.fr\/Blog-APEI\/au-revoir-severine\/#breadcrumb"},"inLanguage":"fr-FR","potentialAction":[{"@type":"ReadAction","target":["https:\/\/apeimeudon.fr\/Blog-APEI\/au-revoir-severine\/"]}]},{"@type":"ImageObject","inLanguage":"fr-FR","@id":"https:\/\/apeimeudon.fr\/Blog-APEI\/au-revoir-severine\/#primaryimage","url":"https:\/\/apeimeudon.fr\/Blog-APEI\/wp-content\/uploads\/2021\/10\/miniature.jpg","contentUrl":"https:\/\/apeimeudon.fr\/Blog-APEI\/wp-content\/uploads\/2021\/10\/miniature.jpg","width":471,"height":297},{"@type":"BreadcrumbList","@id":"https:\/\/apeimeudon.fr\/Blog-APEI\/au-revoir-severine\/#breadcrumb","itemListElement":[{"@type":"ListItem","position":1,"name":"Accueil","item":"https:\/\/apeimeudon.fr\/Blog-APEI\/"},{"@type":"ListItem","position":2,"name":"Au revoir S\u00e9verine !"}]},{"@type":"WebSite","@id":"https:\/\/apeimeudon.fr\/Blog-APEI\/#website","url":"https:\/\/apeimeudon.fr\/Blog-APEI\/","name":"La Gazette des Foyers de l&#039;APEI de Meudon","description":"Nos diff\u00e9rences loin de nous l\u00e9ser doivent nous enrichir -  Antoine de Saint-Exup\u00e9ry","publisher":{"@id":"https:\/\/apeimeudon.fr\/Blog-APEI\/#organization"},"potentialAction":[{"@type":"SearchAction","target":{"@type":"EntryPoint","urlTemplate":"https:\/\/apeimeudon.fr\/Blog-APEI\/?s={search_term_string}"},"query-input":{"@type":"PropertyValueSpecification","valueRequired":true,"valueName":"search_term_string"}}],"inLanguage":"fr-FR"},{"@type":"Organization","@id":"https:\/\/apeimeudon.fr\/Blog-APEI\/#organization","name":"APEI de Meudon","url":"https:\/\/apeimeudon.fr\/Blog-APEI\/","logo":{"@type":"ImageObject","inLanguage":"fr-FR","@id":"https:\/\/apeimeudon.fr\/Blog-APEI\/#\/schema\/logo\/image\/","url":"https:\/\/apeimeudon.fr\/Blog-APEI\/wp-content\/uploads\/2017\/10\/Icone-APEI.png","contentUrl":"https:\/\/apeimeudon.fr\/Blog-APEI\/wp-content\/uploads\/2017\/10\/Icone-APEI.png","width":128,"height":128,"caption":"APEI de Meudon"},"image":{"@id":"https:\/\/apeimeudon.fr\/Blog-APEI\/#\/schema\/logo\/image\/"}},{"@type":"Person","@id":"https:\/\/apeimeudon.fr\/Blog-APEI\/#\/schema\/person\/a81a31019e8af8065790f5c6acfdc547","name":"Equipe r\u00e9dactionnelle Foyer FLEURY","image":{"@type":"ImageObject","inLanguage":"fr-FR","@id":"https:\/\/secure.gravatar.com\/avatar\/077b0b63c066e0ecf5a8ce55f379e3e6cc4cee7cb3fc656a19335177af2035da?s=96&d=mm&r=g","url":"https:\/\/secure.gravatar.com\/avatar\/077b0b63c066e0ecf5a8ce55f379e3e6cc4cee7cb3fc656a19335177af2035da?s=96&d=mm&r=g","contentUrl":"https:\/\/secure.gravatar.com\/avatar\/077b0b63c066e0ecf5a8ce55f379e3e6cc4cee7cb3fc656a19335177af2035da?s=96&d=mm&r=g","caption":"Equipe r\u00e9dactionnelle Foyer FLEURY"},"url":"https:\/\/apeimeudon.fr\/Blog-APEI\/author\/fleury\/"}]}},"_links":{"self":[{"href":"https:\/\/apeimeudon.fr\/Blog-APEI\/wp-json\/wp\/v2\/posts\/2377","targetHints":{"allow":["GET"]}}],"collection":[{"href":"https:\/\/apeimeudon.fr\/Blog-APEI\/wp-json\/wp\/v2\/posts"}],"about":[{"href":"https:\/\/apeimeudon.fr\/Blog-APEI\/wp-json\/wp\/v2\/types\/post"}],"author":[{"embeddable":true,"href":"https:\/\/apeimeudon.fr\/Blog-APEI\/wp-json\/wp\/v2\/users\/2"}],"replies":[{"embeddable":true,"href":"https:\/\/apeimeudon.fr\/Blog-APEI\/wp-json\/wp\/v2\/comments?post=2377"}],"version-history":[{"count":2,"href":"https:\/\/apeimeudon.fr\/Blog-APEI\/wp-json\/wp\/v2\/posts\/2377\/revisions"}],"predecessor-version":[{"id":2379,"href":"https:\/\/apeimeudon.fr\/Blog-APEI\/wp-json\/wp\/v2\/posts\/2377\/revisions\/2379"}],"wp:featuredmedia":[{"embeddable":true,"href":"https:\/\/apeimeudon.fr\/Blog-APEI\/wp-json\/wp\/v2\/media\/2360"}],"wp:attachment":[{"href":"https:\/\/apeimeudon.fr\/Blog-APEI\/wp-json\/wp\/v2\/media?parent=2377"}],"wp:term":[{"taxonomy":"category","embeddable":true,"href":"https:\/\/apeimeudon.fr\/Blog-APEI\/wp-json\/wp\/v2\/categories?post=2377"},{"taxonomy":"post_tag","embeddable":true,"href":"https:\/\/apeimeudon.fr\/Blog-APEI\/wp-json\/wp\/v2\/tags?post=2377"}],"curies":[{"name":"wp","href":"https:\/\/api.w.org\/{rel}","templated":true}]}}