{"id":2445,"date":"2022-05-24T17:26:33","date_gmt":"2022-05-24T15:26:33","guid":{"rendered":"http:\/\/apeimeudon.fr\/Blog-APEI\/?p=2445"},"modified":"2022-05-25T11:22:46","modified_gmt":"2022-05-25T09:22:46","slug":"pose-de-la-premiere-pierre-de-leam-a-meudon-la-foret","status":"publish","type":"post","link":"https:\/\/apeimeudon.fr\/Blog-APEI\/pose-de-la-premiere-pierre-de-leam-a-meudon-la-foret\/","title":{"rendered":"Pose de la premi\u00e8re pierre de l&rsquo;EAM \u00e0 Meudon la For\u00eat"},"content":{"rendered":"\n<p>C\u2019est sous un soleil de plomb que le mardi 17 mai 2022 la c\u00e9r\u00e9monie de la pose de la premi\u00e8re pierre (ou plut\u00f4t de la premi\u00e8re poutrelle) du foyer de Meudon La For\u00eat a eu lieu. <\/p>\n\n\n\n<!--more-->\n\n\n\n<p>C\u2019est avec plaisir que nous vous en faisons d\u00e9couvrir les moments forts.<\/p>\n\n\n\n<p>Comme vous pouvez le voir sur les photos, les travaux avancent bien et l\u2019APEI de Meudon esp\u00e8re fortement couper le ruban de l\u2019inauguration du site en 2023 comme pr\u00e9vu.<\/p>\n\n\n\n<p>Vous pouvez lire le discours du Pr\u00e9sident en cliquant sur le lien ci-dessous :<\/p>\n\n\n\n<div class=\"wp-block-image\"><figure class=\"aligncenter size-full is-resized\"><img loading=\"lazy\" decoding=\"async\" src=\"http:\/\/apeimeudon.fr\/Blog-APEI\/wp-content\/uploads\/2022\/05\/adobe-pdf-logo-300x300-1.png\" alt=\"\" class=\"wp-image-2453\" width=\"160\" height=\"160\" srcset=\"https:\/\/apeimeudon.fr\/Blog-APEI\/wp-content\/uploads\/2022\/05\/adobe-pdf-logo-300x300-1.png 300w, https:\/\/apeimeudon.fr\/Blog-APEI\/wp-content\/uploads\/2022\/05\/adobe-pdf-logo-300x300-1-150x150.png 150w\" sizes=\"auto, (max-width: 160px) 100vw, 160px\" \/><figcaption><a href=\"http:\/\/apeimeudon.fr\/Blog-APEI\/wp-content\/uploads\/2022\/05\/Discours-du-Presidentde-l-APEI-de-Meudon.pdf\" target=\"_blank\" rel=\"noreferrer noopener\">Discours du Pr\u00e9sident de l&rsquo;APEI de Meudon<\/a><\/figcaption><\/figure><\/div>\n\n\n\n<p>A tous et \u00e0 toutes, merci. Gr\u00e2ce \u00e0 vous, nous sommes plus forts.<\/p>\n\n\n\n<p><\/p>\n\n\n\n<p><\/p>\n\n\n\n<p class=\"has-text-align-right\">Groupe Communication de l&rsquo;APEI de Meudon<\/p>\n\n\n\n<p><\/p>\n\n\n\n<p class=\"has-text-align-center\"><strong><em>Reportage photos de l&rsquo;\u00e9v\u00e8nement (17 mai 2022)<\/em><\/strong><\/p>\n\n\n<p>\r\n\t\t\t\t\t\n\r\n\t\t\t\t\t<!-- START UNITE GALLERY 1.7.62 -->\r\n\t\t\t\t\t\r\n\t\t\t\t\n\t\t\t<div id='unitegallery_118_1' class='unite-gallery' style='margin:0px auto;'>\n\t\t\t\t\n\n\t\t\t\t\t\t<img alt=\"IMG_4546\"\n\t\t\t\t\t\t     src=\"\" data-image=\"https:\/\/apeimeudon.fr\/Blog-APEI\/wp-content\/uploads\/2022\/05\/IMG_4546-scaled.jpg\"\n\t\t\t\t\t\t     data-thumb=\"https:\/\/apeimeudon.fr\/Blog-APEI\/wp-content\/uploads\/2022\/05\/IMG_4546-300x200.jpg\"\n\t\t\t\t\t\t     title=\"\"\n\t\t\t\t\t\t     style=\"display:none\">\n\n\t\t\t\t\t\t<img alt=\"IMG_4551-001\"\n\t\t\t\t\t\t     src=\"\" data-image=\"https:\/\/apeimeudon.fr\/Blog-APEI\/wp-content\/uploads\/2022\/05\/IMG_4551-001-scaled.jpg\"\n\t\t\t\t\t\t     data-thumb=\"https:\/\/apeimeudon.fr\/Blog-APEI\/wp-content\/uploads\/2022\/05\/IMG_4551-001-200x300.jpg\"\n\t\t\t\t\t\t     title=\"\"\n\t\t\t\t\t\t     style=\"display:none\">\n\n\t\t\t\t\t\t<img alt=\"IMG_4533\"\n\t\t\t\t\t\t     src=\"\" data-image=\"https:\/\/apeimeudon.fr\/Blog-APEI\/wp-content\/uploads\/2022\/05\/IMG_4533-scaled.jpg\"\n\t\t\t\t\t\t     data-thumb=\"https:\/\/apeimeudon.fr\/Blog-APEI\/wp-content\/uploads\/2022\/05\/IMG_4533-300x200.jpg\"\n\t\t\t\t\t\t     title=\"\"\n\t\t\t\t\t\t     style=\"display:none\">\n\n\t\t\t\t\t\t<img alt=\"IMG_4563\"\n\t\t\t\t\t\t     src=\"\" data-image=\"https:\/\/apeimeudon.fr\/Blog-APEI\/wp-content\/uploads\/2022\/05\/IMG_4563-scaled.jpg\"\n\t\t\t\t\t\t     data-thumb=\"https:\/\/apeimeudon.fr\/Blog-APEI\/wp-content\/uploads\/2022\/05\/IMG_4563-300x200.jpg\"\n\t\t\t\t\t\t     title=\"\"\n\t\t\t\t\t\t     style=\"display:none\">\n\n\t\t\t\t\t\t<img alt=\"IMG_4537\"\n\t\t\t\t\t\t     src=\"\" data-image=\"https:\/\/apeimeudon.fr\/Blog-APEI\/wp-content\/uploads\/2022\/05\/IMG_4537-scaled.jpg\"\n\t\t\t\t\t\t     data-thumb=\"https:\/\/apeimeudon.fr\/Blog-APEI\/wp-content\/uploads\/2022\/05\/IMG_4537-300x200.jpg\"\n\t\t\t\t\t\t     title=\"\"\n\t\t\t\t\t\t     style=\"display:none\">\n\n\t\t\t\t\t\t<img alt=\"IMG_4614\"\n\t\t\t\t\t\t     src=\"\" data-image=\"https:\/\/apeimeudon.fr\/Blog-APEI\/wp-content\/uploads\/2022\/05\/IMG_4614-scaled.jpg\"\n\t\t\t\t\t\t     data-thumb=\"https:\/\/apeimeudon.fr\/Blog-APEI\/wp-content\/uploads\/2022\/05\/IMG_4614-300x200.jpg\"\n\t\t\t\t\t\t     title=\"\"\n\t\t\t\t\t\t     style=\"display:none\">\n\n\t\t\t\t\t\t<img alt=\"IMG_4604\"\n\t\t\t\t\t\t     src=\"\" data-image=\"https:\/\/apeimeudon.fr\/Blog-APEI\/wp-content\/uploads\/2022\/05\/IMG_4604-scaled.jpg\"\n\t\t\t\t\t\t     data-thumb=\"https:\/\/apeimeudon.fr\/Blog-APEI\/wp-content\/uploads\/2022\/05\/IMG_4604-300x200.jpg\"\n\t\t\t\t\t\t     title=\"\"\n\t\t\t\t\t\t     style=\"display:none\">\n\n\t\t\t\t\t\t<img alt=\"IMG_4632\"\n\t\t\t\t\t\t     src=\"\" data-image=\"https:\/\/apeimeudon.fr\/Blog-APEI\/wp-content\/uploads\/2022\/05\/IMG_4632-scaled.jpg\"\n\t\t\t\t\t\t     data-thumb=\"https:\/\/apeimeudon.fr\/Blog-APEI\/wp-content\/uploads\/2022\/05\/IMG_4632-300x200.jpg\"\n\t\t\t\t\t\t     title=\"\"\n\t\t\t\t\t\t     style=\"display:none\">\n\n\t\t\t\t\t\t<img alt=\"IMG_4587\"\n\t\t\t\t\t\t     src=\"\" data-image=\"https:\/\/apeimeudon.fr\/Blog-APEI\/wp-content\/uploads\/2022\/05\/IMG_4587-scaled.jpg\"\n\t\t\t\t\t\t     data-thumb=\"https:\/\/apeimeudon.fr\/Blog-APEI\/wp-content\/uploads\/2022\/05\/IMG_4587-300x200.jpg\"\n\t\t\t\t\t\t     title=\"\"\n\t\t\t\t\t\t     style=\"display:none\">\n\n\t\t\t\t\t\t<img alt=\"IMG_4578a\"\n\t\t\t\t\t\t     src=\"\" data-image=\"https:\/\/apeimeudon.fr\/Blog-APEI\/wp-content\/uploads\/2022\/05\/IMG_4578a-scaled.jpg\"\n\t\t\t\t\t\t     data-thumb=\"https:\/\/apeimeudon.fr\/Blog-APEI\/wp-content\/uploads\/2022\/05\/IMG_4578a-300x200.jpg\"\n\t\t\t\t\t\t     title=\"\"\n\t\t\t\t\t\t     style=\"display:none\">\n\n\t\t\t\t\t\t<img alt=\"IMG_4571\"\n\t\t\t\t\t\t     src=\"\" data-image=\"https:\/\/apeimeudon.fr\/Blog-APEI\/wp-content\/uploads\/2022\/05\/IMG_4571-scaled.jpg\"\n\t\t\t\t\t\t     data-thumb=\"https:\/\/apeimeudon.fr\/Blog-APEI\/wp-content\/uploads\/2022\/05\/IMG_4571-300x200.jpg\"\n\t\t\t\t\t\t     title=\"\"\n\t\t\t\t\t\t     style=\"display:none\">\n\n\t\t\t\t\t\t<img alt=\"IMG_4570\"\n\t\t\t\t\t\t     src=\"\" data-image=\"https:\/\/apeimeudon.fr\/Blog-APEI\/wp-content\/uploads\/2022\/05\/IMG_4570-scaled.jpg\"\n\t\t\t\t\t\t     data-thumb=\"https:\/\/apeimeudon.fr\/Blog-APEI\/wp-content\/uploads\/2022\/05\/IMG_4570-300x200.jpg\"\n\t\t\t\t\t\t     title=\"\"\n\t\t\t\t\t\t     style=\"display:none\">\n\t\t\t<\/div>\n\n\t\t\t<script type='text\/javascript'>\n\t\t\t\twindow.onload = function(e) {\n\t\t\t\t\tif(typeof ugCheckForErrors == \"undefined\"){\n\t\t\t\t\t\tdocument.getElementById(\"unitegallery_118_1\").innerHTML = \"<span style='color:red'>Unite Gallery Error - gallery js and css files not included in the footer. Please make sure that wp_footer() function is added to your theme.<\/span>\";}\n\t\t\t\t\telse{ ugCheckForErrors(\"unitegallery_118_1\", \"jquery\");}\n\t\t\t\t};\n\t\t\t<\/script>\n\n\t\t\t<!-- END UNITEGALLERY --><\/p>\n","protected":false},"excerpt":{"rendered":"<p>C\u2019est sous un soleil de plomb que le mardi 17 mai 2022 la c\u00e9r\u00e9monie de la pose de la premi\u00e8re pierre (ou plut\u00f4t de la premi\u00e8re poutrelle) du foyer de Meudon La For\u00eat a eu lieu.<\/p>\n","protected":false},"author":10,"featured_media":2444,"comment_status":"open","ping_status":"open","sticky":false,"template":"","format":"standard","meta":{"_acf_changed":false,"_monsterinsights_skip_tracking":false,"_monsterinsights_sitenote_active":false,"_monsterinsights_sitenote_note":"","_monsterinsights_sitenote_category":0,"ngg_post_thumbnail":0,"footnotes":""},"categories":[50],"tags":[],"class_list":["post-2445","post","type-post","status-publish","format-standard","has-post-thumbnail","hentry","category-eam-meudon-la-foret"],"acf":[],"yoast_head":"<!-- This site is optimized with the Yoast SEO plugin v27.5 - https:\/\/yoast.com\/product\/yoast-seo-wordpress\/ -->\n<title>Pose de la premi\u00e8re pierre de l&#039;EAM \u00e0 Meudon la For\u00eat - La Gazette des Foyers de l&#039;APEI de Meudon<\/title>\n<meta name=\"robots\" content=\"index, follow, max-snippet:-1, max-image-preview:large, max-video-preview:-1\" \/>\n<link rel=\"canonical\" href=\"https:\/\/apeimeudon.fr\/Blog-APEI\/pose-de-la-premiere-pierre-de-leam-a-meudon-la-foret\/\" \/>\n<meta property=\"og:locale\" content=\"fr_FR\" \/>\n<meta property=\"og:type\" content=\"article\" \/>\n<meta property=\"og:title\" content=\"Pose de la premi\u00e8re pierre de l&#039;EAM \u00e0 Meudon la For\u00eat - La Gazette des Foyers de l&#039;APEI de Meudon\" \/>\n<meta property=\"og:description\" content=\"C\u2019est sous un soleil de plomb que le mardi 17 mai 2022 la c\u00e9r\u00e9monie de la pose de la premi\u00e8re pierre (ou plut\u00f4t de la premi\u00e8re poutrelle) du foyer de Meudon La For\u00eat a eu lieu.\" \/>\n<meta property=\"og:url\" content=\"https:\/\/apeimeudon.fr\/Blog-APEI\/pose-de-la-premiere-pierre-de-leam-a-meudon-la-foret\/\" \/>\n<meta property=\"og:site_name\" content=\"La Gazette des Foyers de l&#039;APEI de Meudon\" \/>\n<meta property=\"article:published_time\" content=\"2022-05-24T15:26:33+00:00\" \/>\n<meta property=\"article:modified_time\" content=\"2022-05-25T09:22:46+00:00\" \/>\n<meta property=\"og:image\" content=\"https:\/\/apeimeudon.fr\/Blog-APEI\/wp-content\/uploads\/2022\/05\/Miniature.jpg\" \/>\n\t<meta property=\"og:image:width\" content=\"350\" \/>\n\t<meta property=\"og:image:height\" content=\"233\" \/>\n\t<meta property=\"og:image:type\" content=\"image\/jpeg\" \/>\n<meta name=\"author\" content=\"Groupe Communication\" \/>\n<meta name=\"twitter:card\" content=\"summary_large_image\" \/>\n<meta name=\"twitter:label1\" content=\"\u00c9crit par\" \/>\n\t<meta name=\"twitter:data1\" content=\"Groupe Communication\" \/>\n\t<meta name=\"twitter:label2\" content=\"Dur\u00e9e de lecture estim\u00e9e\" \/>\n\t<meta name=\"twitter:data2\" content=\"1 minute\" \/>\n<script type=\"application\/ld+json\" class=\"yoast-schema-graph\">{\"@context\":\"https:\\\/\\\/schema.org\",\"@graph\":[{\"@type\":\"Article\",\"@id\":\"https:\\\/\\\/apeimeudon.fr\\\/Blog-APEI\\\/pose-de-la-premiere-pierre-de-leam-a-meudon-la-foret\\\/#article\",\"isPartOf\":{\"@id\":\"https:\\\/\\\/apeimeudon.fr\\\/Blog-APEI\\\/pose-de-la-premiere-pierre-de-leam-a-meudon-la-foret\\\/\"},\"author\":{\"name\":\"Groupe Communication\",\"@id\":\"https:\\\/\\\/apeimeudon.fr\\\/Blog-APEI\\\/#\\\/schema\\\/person\\\/7b748d1733e78ea55c5d6da41bed4a0f\"},\"headline\":\"Pose de la premi\u00e8re pierre de l&rsquo;EAM \u00e0 Meudon la For\u00eat\",\"datePublished\":\"2022-05-24T15:26:33+00:00\",\"dateModified\":\"2022-05-25T09:22:46+00:00\",\"mainEntityOfPage\":{\"@id\":\"https:\\\/\\\/apeimeudon.fr\\\/Blog-APEI\\\/pose-de-la-premiere-pierre-de-leam-a-meudon-la-foret\\\/\"},\"wordCount\":150,\"commentCount\":0,\"publisher\":{\"@id\":\"https:\\\/\\\/apeimeudon.fr\\\/Blog-APEI\\\/#organization\"},\"image\":{\"@id\":\"https:\\\/\\\/apeimeudon.fr\\\/Blog-APEI\\\/pose-de-la-premiere-pierre-de-leam-a-meudon-la-foret\\\/#primaryimage\"},\"thumbnailUrl\":\"https:\\\/\\\/apeimeudon.fr\\\/Blog-APEI\\\/wp-content\\\/uploads\\\/2022\\\/05\\\/Miniature.jpg\",\"articleSection\":[\"EAM Meudon la For\u00eat\"],\"inLanguage\":\"fr-FR\",\"potentialAction\":[{\"@type\":\"CommentAction\",\"name\":\"Comment\",\"target\":[\"https:\\\/\\\/apeimeudon.fr\\\/Blog-APEI\\\/pose-de-la-premiere-pierre-de-leam-a-meudon-la-foret\\\/#respond\"]}]},{\"@type\":\"WebPage\",\"@id\":\"https:\\\/\\\/apeimeudon.fr\\\/Blog-APEI\\\/pose-de-la-premiere-pierre-de-leam-a-meudon-la-foret\\\/\",\"url\":\"https:\\\/\\\/apeimeudon.fr\\\/Blog-APEI\\\/pose-de-la-premiere-pierre-de-leam-a-meudon-la-foret\\\/\",\"name\":\"Pose de la premi\u00e8re pierre de l'EAM \u00e0 Meudon la For\u00eat - La Gazette des Foyers de l&#039;APEI de Meudon\",\"isPartOf\":{\"@id\":\"https:\\\/\\\/apeimeudon.fr\\\/Blog-APEI\\\/#website\"},\"primaryImageOfPage\":{\"@id\":\"https:\\\/\\\/apeimeudon.fr\\\/Blog-APEI\\\/pose-de-la-premiere-pierre-de-leam-a-meudon-la-foret\\\/#primaryimage\"},\"image\":{\"@id\":\"https:\\\/\\\/apeimeudon.fr\\\/Blog-APEI\\\/pose-de-la-premiere-pierre-de-leam-a-meudon-la-foret\\\/#primaryimage\"},\"thumbnailUrl\":\"https:\\\/\\\/apeimeudon.fr\\\/Blog-APEI\\\/wp-content\\\/uploads\\\/2022\\\/05\\\/Miniature.jpg\",\"datePublished\":\"2022-05-24T15:26:33+00:00\",\"dateModified\":\"2022-05-25T09:22:46+00:00\",\"breadcrumb\":{\"@id\":\"https:\\\/\\\/apeimeudon.fr\\\/Blog-APEI\\\/pose-de-la-premiere-pierre-de-leam-a-meudon-la-foret\\\/#breadcrumb\"},\"inLanguage\":\"fr-FR\",\"potentialAction\":[{\"@type\":\"ReadAction\",\"target\":[\"https:\\\/\\\/apeimeudon.fr\\\/Blog-APEI\\\/pose-de-la-premiere-pierre-de-leam-a-meudon-la-foret\\\/\"]}]},{\"@type\":\"ImageObject\",\"inLanguage\":\"fr-FR\",\"@id\":\"https:\\\/\\\/apeimeudon.fr\\\/Blog-APEI\\\/pose-de-la-premiere-pierre-de-leam-a-meudon-la-foret\\\/#primaryimage\",\"url\":\"https:\\\/\\\/apeimeudon.fr\\\/Blog-APEI\\\/wp-content\\\/uploads\\\/2022\\\/05\\\/Miniature.jpg\",\"contentUrl\":\"https:\\\/\\\/apeimeudon.fr\\\/Blog-APEI\\\/wp-content\\\/uploads\\\/2022\\\/05\\\/Miniature.jpg\",\"width\":350,\"height\":233},{\"@type\":\"BreadcrumbList\",\"@id\":\"https:\\\/\\\/apeimeudon.fr\\\/Blog-APEI\\\/pose-de-la-premiere-pierre-de-leam-a-meudon-la-foret\\\/#breadcrumb\",\"itemListElement\":[{\"@type\":\"ListItem\",\"position\":1,\"name\":\"Accueil\",\"item\":\"https:\\\/\\\/apeimeudon.fr\\\/Blog-APEI\\\/\"},{\"@type\":\"ListItem\",\"position\":2,\"name\":\"Pose de la premi\u00e8re pierre de l&rsquo;EAM \u00e0 Meudon la For\u00eat\"}]},{\"@type\":\"WebSite\",\"@id\":\"https:\\\/\\\/apeimeudon.fr\\\/Blog-APEI\\\/#website\",\"url\":\"https:\\\/\\\/apeimeudon.fr\\\/Blog-APEI\\\/\",\"name\":\"La Gazette des Foyers de l&#039;APEI de Meudon\",\"description\":\"Nos diff\u00e9rences loin de nous l\u00e9ser doivent nous enrichir -  Antoine de Saint-Exup\u00e9ry\",\"publisher\":{\"@id\":\"https:\\\/\\\/apeimeudon.fr\\\/Blog-APEI\\\/#organization\"},\"potentialAction\":[{\"@type\":\"SearchAction\",\"target\":{\"@type\":\"EntryPoint\",\"urlTemplate\":\"https:\\\/\\\/apeimeudon.fr\\\/Blog-APEI\\\/?s={search_term_string}\"},\"query-input\":{\"@type\":\"PropertyValueSpecification\",\"valueRequired\":true,\"valueName\":\"search_term_string\"}}],\"inLanguage\":\"fr-FR\"},{\"@type\":\"Organization\",\"@id\":\"https:\\\/\\\/apeimeudon.fr\\\/Blog-APEI\\\/#organization\",\"name\":\"APEI de Meudon\",\"url\":\"https:\\\/\\\/apeimeudon.fr\\\/Blog-APEI\\\/\",\"logo\":{\"@type\":\"ImageObject\",\"inLanguage\":\"fr-FR\",\"@id\":\"https:\\\/\\\/apeimeudon.fr\\\/Blog-APEI\\\/#\\\/schema\\\/logo\\\/image\\\/\",\"url\":\"https:\\\/\\\/apeimeudon.fr\\\/Blog-APEI\\\/wp-content\\\/uploads\\\/2017\\\/10\\\/Icone-APEI.png\",\"contentUrl\":\"https:\\\/\\\/apeimeudon.fr\\\/Blog-APEI\\\/wp-content\\\/uploads\\\/2017\\\/10\\\/Icone-APEI.png\",\"width\":128,\"height\":128,\"caption\":\"APEI de Meudon\"},\"image\":{\"@id\":\"https:\\\/\\\/apeimeudon.fr\\\/Blog-APEI\\\/#\\\/schema\\\/logo\\\/image\\\/\"}},{\"@type\":\"Person\",\"@id\":\"https:\\\/\\\/apeimeudon.fr\\\/Blog-APEI\\\/#\\\/schema\\\/person\\\/7b748d1733e78ea55c5d6da41bed4a0f\",\"name\":\"Groupe Communication\",\"image\":{\"@type\":\"ImageObject\",\"inLanguage\":\"fr-FR\",\"@id\":\"https:\\\/\\\/secure.gravatar.com\\\/avatar\\\/16759e2385ef7d38ff1630539b0a3c3691c67e29fc372f741c4ee2a2ad4838f5?s=96&d=mm&r=g\",\"url\":\"https:\\\/\\\/secure.gravatar.com\\\/avatar\\\/16759e2385ef7d38ff1630539b0a3c3691c67e29fc372f741c4ee2a2ad4838f5?s=96&d=mm&r=g\",\"contentUrl\":\"https:\\\/\\\/secure.gravatar.com\\\/avatar\\\/16759e2385ef7d38ff1630539b0a3c3691c67e29fc372f741c4ee2a2ad4838f5?s=96&d=mm&r=g\",\"caption\":\"Groupe Communication\"},\"url\":\"https:\\\/\\\/apeimeudon.fr\\\/Blog-APEI\\\/author\\\/groupe-communication\\\/\"}]}<\/script>\n<!-- \/ Yoast SEO plugin. -->","yoast_head_json":{"title":"Pose de la premi\u00e8re pierre de l'EAM \u00e0 Meudon la For\u00eat - La Gazette des Foyers de l&#039;APEI de Meudon","robots":{"index":"index","follow":"follow","max-snippet":"max-snippet:-1","max-image-preview":"max-image-preview:large","max-video-preview":"max-video-preview:-1"},"canonical":"https:\/\/apeimeudon.fr\/Blog-APEI\/pose-de-la-premiere-pierre-de-leam-a-meudon-la-foret\/","og_locale":"fr_FR","og_type":"article","og_title":"Pose de la premi\u00e8re pierre de l'EAM \u00e0 Meudon la For\u00eat - La Gazette des Foyers de l&#039;APEI de Meudon","og_description":"C\u2019est sous un soleil de plomb que le mardi 17 mai 2022 la c\u00e9r\u00e9monie de la pose de la premi\u00e8re pierre (ou plut\u00f4t de la premi\u00e8re poutrelle) du foyer de Meudon La For\u00eat a eu lieu.","og_url":"https:\/\/apeimeudon.fr\/Blog-APEI\/pose-de-la-premiere-pierre-de-leam-a-meudon-la-foret\/","og_site_name":"La Gazette des Foyers de l&#039;APEI de Meudon","article_published_time":"2022-05-24T15:26:33+00:00","article_modified_time":"2022-05-25T09:22:46+00:00","og_image":[{"width":350,"height":233,"url":"https:\/\/apeimeudon.fr\/Blog-APEI\/wp-content\/uploads\/2022\/05\/Miniature.jpg","type":"image\/jpeg"}],"author":"Groupe Communication","twitter_card":"summary_large_image","twitter_misc":{"\u00c9crit par":"Groupe Communication","Dur\u00e9e de lecture estim\u00e9e":"1 minute"},"schema":{"@context":"https:\/\/schema.org","@graph":[{"@type":"Article","@id":"https:\/\/apeimeudon.fr\/Blog-APEI\/pose-de-la-premiere-pierre-de-leam-a-meudon-la-foret\/#article","isPartOf":{"@id":"https:\/\/apeimeudon.fr\/Blog-APEI\/pose-de-la-premiere-pierre-de-leam-a-meudon-la-foret\/"},"author":{"name":"Groupe Communication","@id":"https:\/\/apeimeudon.fr\/Blog-APEI\/#\/schema\/person\/7b748d1733e78ea55c5d6da41bed4a0f"},"headline":"Pose de la premi\u00e8re pierre de l&rsquo;EAM \u00e0 Meudon la For\u00eat","datePublished":"2022-05-24T15:26:33+00:00","dateModified":"2022-05-25T09:22:46+00:00","mainEntityOfPage":{"@id":"https:\/\/apeimeudon.fr\/Blog-APEI\/pose-de-la-premiere-pierre-de-leam-a-meudon-la-foret\/"},"wordCount":150,"commentCount":0,"publisher":{"@id":"https:\/\/apeimeudon.fr\/Blog-APEI\/#organization"},"image":{"@id":"https:\/\/apeimeudon.fr\/Blog-APEI\/pose-de-la-premiere-pierre-de-leam-a-meudon-la-foret\/#primaryimage"},"thumbnailUrl":"https:\/\/apeimeudon.fr\/Blog-APEI\/wp-content\/uploads\/2022\/05\/Miniature.jpg","articleSection":["EAM Meudon la For\u00eat"],"inLanguage":"fr-FR","potentialAction":[{"@type":"CommentAction","name":"Comment","target":["https:\/\/apeimeudon.fr\/Blog-APEI\/pose-de-la-premiere-pierre-de-leam-a-meudon-la-foret\/#respond"]}]},{"@type":"WebPage","@id":"https:\/\/apeimeudon.fr\/Blog-APEI\/pose-de-la-premiere-pierre-de-leam-a-meudon-la-foret\/","url":"https:\/\/apeimeudon.fr\/Blog-APEI\/pose-de-la-premiere-pierre-de-leam-a-meudon-la-foret\/","name":"Pose de la premi\u00e8re pierre de l'EAM \u00e0 Meudon la For\u00eat - La Gazette des Foyers de l&#039;APEI de Meudon","isPartOf":{"@id":"https:\/\/apeimeudon.fr\/Blog-APEI\/#website"},"primaryImageOfPage":{"@id":"https:\/\/apeimeudon.fr\/Blog-APEI\/pose-de-la-premiere-pierre-de-leam-a-meudon-la-foret\/#primaryimage"},"image":{"@id":"https:\/\/apeimeudon.fr\/Blog-APEI\/pose-de-la-premiere-pierre-de-leam-a-meudon-la-foret\/#primaryimage"},"thumbnailUrl":"https:\/\/apeimeudon.fr\/Blog-APEI\/wp-content\/uploads\/2022\/05\/Miniature.jpg","datePublished":"2022-05-24T15:26:33+00:00","dateModified":"2022-05-25T09:22:46+00:00","breadcrumb":{"@id":"https:\/\/apeimeudon.fr\/Blog-APEI\/pose-de-la-premiere-pierre-de-leam-a-meudon-la-foret\/#breadcrumb"},"inLanguage":"fr-FR","potentialAction":[{"@type":"ReadAction","target":["https:\/\/apeimeudon.fr\/Blog-APEI\/pose-de-la-premiere-pierre-de-leam-a-meudon-la-foret\/"]}]},{"@type":"ImageObject","inLanguage":"fr-FR","@id":"https:\/\/apeimeudon.fr\/Blog-APEI\/pose-de-la-premiere-pierre-de-leam-a-meudon-la-foret\/#primaryimage","url":"https:\/\/apeimeudon.fr\/Blog-APEI\/wp-content\/uploads\/2022\/05\/Miniature.jpg","contentUrl":"https:\/\/apeimeudon.fr\/Blog-APEI\/wp-content\/uploads\/2022\/05\/Miniature.jpg","width":350,"height":233},{"@type":"BreadcrumbList","@id":"https:\/\/apeimeudon.fr\/Blog-APEI\/pose-de-la-premiere-pierre-de-leam-a-meudon-la-foret\/#breadcrumb","itemListElement":[{"@type":"ListItem","position":1,"name":"Accueil","item":"https:\/\/apeimeudon.fr\/Blog-APEI\/"},{"@type":"ListItem","position":2,"name":"Pose de la premi\u00e8re pierre de l&rsquo;EAM \u00e0 Meudon la For\u00eat"}]},{"@type":"WebSite","@id":"https:\/\/apeimeudon.fr\/Blog-APEI\/#website","url":"https:\/\/apeimeudon.fr\/Blog-APEI\/","name":"La Gazette des Foyers de l&#039;APEI de Meudon","description":"Nos diff\u00e9rences loin de nous l\u00e9ser doivent nous enrichir -  Antoine de Saint-Exup\u00e9ry","publisher":{"@id":"https:\/\/apeimeudon.fr\/Blog-APEI\/#organization"},"potentialAction":[{"@type":"SearchAction","target":{"@type":"EntryPoint","urlTemplate":"https:\/\/apeimeudon.fr\/Blog-APEI\/?s={search_term_string}"},"query-input":{"@type":"PropertyValueSpecification","valueRequired":true,"valueName":"search_term_string"}}],"inLanguage":"fr-FR"},{"@type":"Organization","@id":"https:\/\/apeimeudon.fr\/Blog-APEI\/#organization","name":"APEI de Meudon","url":"https:\/\/apeimeudon.fr\/Blog-APEI\/","logo":{"@type":"ImageObject","inLanguage":"fr-FR","@id":"https:\/\/apeimeudon.fr\/Blog-APEI\/#\/schema\/logo\/image\/","url":"https:\/\/apeimeudon.fr\/Blog-APEI\/wp-content\/uploads\/2017\/10\/Icone-APEI.png","contentUrl":"https:\/\/apeimeudon.fr\/Blog-APEI\/wp-content\/uploads\/2017\/10\/Icone-APEI.png","width":128,"height":128,"caption":"APEI de Meudon"},"image":{"@id":"https:\/\/apeimeudon.fr\/Blog-APEI\/#\/schema\/logo\/image\/"}},{"@type":"Person","@id":"https:\/\/apeimeudon.fr\/Blog-APEI\/#\/schema\/person\/7b748d1733e78ea55c5d6da41bed4a0f","name":"Groupe Communication","image":{"@type":"ImageObject","inLanguage":"fr-FR","@id":"https:\/\/secure.gravatar.com\/avatar\/16759e2385ef7d38ff1630539b0a3c3691c67e29fc372f741c4ee2a2ad4838f5?s=96&d=mm&r=g","url":"https:\/\/secure.gravatar.com\/avatar\/16759e2385ef7d38ff1630539b0a3c3691c67e29fc372f741c4ee2a2ad4838f5?s=96&d=mm&r=g","contentUrl":"https:\/\/secure.gravatar.com\/avatar\/16759e2385ef7d38ff1630539b0a3c3691c67e29fc372f741c4ee2a2ad4838f5?s=96&d=mm&r=g","caption":"Groupe Communication"},"url":"https:\/\/apeimeudon.fr\/Blog-APEI\/author\/groupe-communication\/"}]}},"_links":{"self":[{"href":"https:\/\/apeimeudon.fr\/Blog-APEI\/wp-json\/wp\/v2\/posts\/2445","targetHints":{"allow":["GET"]}}],"collection":[{"href":"https:\/\/apeimeudon.fr\/Blog-APEI\/wp-json\/wp\/v2\/posts"}],"about":[{"href":"https:\/\/apeimeudon.fr\/Blog-APEI\/wp-json\/wp\/v2\/types\/post"}],"author":[{"embeddable":true,"href":"https:\/\/apeimeudon.fr\/Blog-APEI\/wp-json\/wp\/v2\/users\/10"}],"replies":[{"embeddable":true,"href":"https:\/\/apeimeudon.fr\/Blog-APEI\/wp-json\/wp\/v2\/comments?post=2445"}],"version-history":[{"count":10,"href":"https:\/\/apeimeudon.fr\/Blog-APEI\/wp-json\/wp\/v2\/posts\/2445\/revisions"}],"predecessor-version":[{"id":2463,"href":"https:\/\/apeimeudon.fr\/Blog-APEI\/wp-json\/wp\/v2\/posts\/2445\/revisions\/2463"}],"wp:featuredmedia":[{"embeddable":true,"href":"https:\/\/apeimeudon.fr\/Blog-APEI\/wp-json\/wp\/v2\/media\/2444"}],"wp:attachment":[{"href":"https:\/\/apeimeudon.fr\/Blog-APEI\/wp-json\/wp\/v2\/media?parent=2445"}],"wp:term":[{"taxonomy":"category","embeddable":true,"href":"https:\/\/apeimeudon.fr\/Blog-APEI\/wp-json\/wp\/v2\/categories?post=2445"},{"taxonomy":"post_tag","embeddable":true,"href":"https:\/\/apeimeudon.fr\/Blog-APEI\/wp-json\/wp\/v2\/tags?post=2445"}],"curies":[{"name":"wp","href":"https:\/\/api.w.org\/{rel}","templated":true}]}}