{"id":263,"date":"2018-04-09T16:08:24","date_gmt":"2018-04-09T14:08:24","guid":{"rendered":"http:\/\/apeimeudon.fr\/Blog-APEI\/?p=263"},"modified":"2018-04-09T17:31:44","modified_gmt":"2018-04-09T15:31:44","slug":"soiree-spectacle-traces-de-reves","status":"publish","type":"post","link":"https:\/\/apeimeudon.fr\/Blog-APEI\/soiree-spectacle-traces-de-reves\/","title":{"rendered":"Soir\u00e9e spectacle Traces de R\u00eaves"},"content":{"rendered":"<p>C\u2019est par une belle soir\u00e9e printani\u00e8re que s\u2019est d\u00e9roul\u00e9e la repr\u00e9sentation de la troisi\u00e8me cr\u00e9ation de l\u2019atelier de danse du foyer de Fleury \u00e0 Meudon.<\/p>\n<p>Apr\u00e8s Bo\u00eetes \u00e0 R\u00eaves et Trace ta Trace, les artistes de l\u2019atelier nous ont pr\u00e9sent\u00e9 \u00ab Traces de R\u00eaves \u00bb, un voyage po\u00e9tique compos\u00e9 de huit tableaux chor\u00e9graphiques mettant en sc\u00e8ne nos danseurs.<\/p>\n<p><!--more--><\/p>\n<p>Cette cr\u00e9ation est construite comme une succession d\u2019images faisant \u00e9cho aux pens\u00e9es d\u00e9cousues qui traversent nos r\u00eaves, entre fiction et r\u00e9alit\u00e9. Ce spectacle met en lumi\u00e8re le talent et le remarquable engagement des artistes. Chaque interpr\u00e8te a trouv\u00e9 sa libert\u00e9 sa spontan\u00e9it\u00e9 gestuelle tout en \u00e9tant dans une exigence artistique.<\/p>\n<p>L\u2019\u00e9criture de ce spectacle s\u2019articule autour des souhaits des danseurs du foyer et de leurs s\u00e9quences favorites lors des deux pr\u00e9c\u00e9dents spectacles. Une nouvelle \u00e9criture est n\u00e9e\u2026<\/p>\n<p>Laissons-nous surprendre par leurs Traces de R\u00eaves dans une salle comble au th\u00e9\u00e2tre de la Tour des Dames o\u00f9 un triomphe a \u00e9t\u00e9 r\u00e9serv\u00e9 \u00e0 tous les artistes pr\u00e9sents sur cette sc\u00e8ne.<\/p>\n<p>&nbsp;<\/p>\n<div style=\"width: 720px;\" class=\"wp-video\"><video class=\"wp-video-shortcode\" id=\"video-263-1\" width=\"720\" height=\"432\" preload=\"metadata\" controls=\"controls\"><source type=\"video\/mp4\" src=\"http:\/\/apeimeudon.fr\/Blog-APEI\/wp-content\/uploads\/2018\/04\/Tracesder\u00eaves_compresse.mp4?_=1\" \/><a href=\"http:\/\/apeimeudon.fr\/Blog-APEI\/wp-content\/uploads\/2018\/04\/Tracesder\u00eaves_compresse.mp4\">http:\/\/apeimeudon.fr\/Blog-APEI\/wp-content\/uploads\/2018\/04\/Tracesder\u00eaves_compresse.mp4<\/a><\/video><\/div>\n<p>&nbsp;<\/p>\n<h4><em><strong>L<\/strong><\/em><em><strong>es danseurs :<\/strong><\/em><\/h4>\n<ul>\n<li>Lila Aldelmoum\u00e8ne<\/li>\n<li>Alexis Bilanga<\/li>\n<li>Marion Boudaud<\/li>\n<li>St\u00e9phane Bovery<\/li>\n<li>Mehdi Cochener<\/li>\n<li>Anne Guillemot<\/li>\n<li>Nadia Jeremie<\/li>\n<li>Karim Lachal<\/li>\n<li>Christophe Larchet<\/li>\n<li>Christine Leroy<\/li>\n<li>Christian Nguyen<\/li>\n<li>S\u00e9bastien Schmidt<\/li>\n<li>et M\u00e9lanie Chavy (\u00c9ducatrice au foyer de Fleury)<\/li>\n<\/ul>\n<h4><em><strong>Direction artistique :\u00a0 <\/strong><\/em><\/h4>\n<ul>\n<li>Kathy M\u00e9puis<\/li>\n<\/ul>\n<h4><em><strong>Cr\u00e9ation lumi\u00e8res : <\/strong><\/em><\/h4>\n<ul>\n<li>Marylin Alasse<\/li>\n<\/ul>\n<h4><em><strong>Bande son : <\/strong><\/em><\/h4>\n<ul>\n<li>Henry Torgue,<\/li>\n<li>Ren\u00e9 Aubry,<\/li>\n<li>Hauschka,<\/li>\n<li>Flaskkvarten,<\/li>\n<li>Ava Noto,<\/li>\n<li>Royksopp<\/li>\n<\/ul>\n<h4><em><strong>Texte : <\/strong><\/em><\/h4>\n<ul>\n<li>Extraits de <em><strong>\u00ab l\u2019\u00e2me adore nager \u00bb<\/strong><\/em> Henri Michaux.<\/li>\n<\/ul>\n<p>&nbsp;<\/p>\n<h4 style=\"text-align: center;\"><em><strong>Gallerie de photos<\/strong><\/em><\/h4>\n<p>\r\n\t\t\t\t\t\n\r\n\t\t\t\t\t<!-- START UNITE GALLERY 1.7.62 -->\r\n\t\t\t\t\t\r\n\t\t\t\t\n\t\t\t<div id='unitegallery_8_1' class='unite-gallery' style='margin:0px auto;'>\n\t\t\t\t\n\n\t\t\t\t\t\t<img alt=\"Photo Traces de R\u00eaves_001\"\n\t\t\t\t\t\t     src=\"\" data-image=\"https:\/\/apeimeudon.fr\/Blog-APEI\/wp-content\/uploads\/2018\/04\/Photo-Traces-de-R\u00eaves_001.jpg\"\n\t\t\t\t\t\t     data-thumb=\"https:\/\/apeimeudon.fr\/Blog-APEI\/wp-content\/uploads\/2018\/04\/Photo-Traces-de-R\u00eaves_001-300x225.jpg\"\n\t\t\t\t\t\t     title=\"\"\n\t\t\t\t\t\t     style=\"display:none\">\n\n\t\t\t\t\t\t<img alt=\"Photo Traces de R\u00eaves_002\"\n\t\t\t\t\t\t     src=\"\" data-image=\"https:\/\/apeimeudon.fr\/Blog-APEI\/wp-content\/uploads\/2018\/04\/Photo-Traces-de-R\u00eaves_002.jpg\"\n\t\t\t\t\t\t     data-thumb=\"https:\/\/apeimeudon.fr\/Blog-APEI\/wp-content\/uploads\/2018\/04\/Photo-Traces-de-R\u00eaves_002-300x225.jpg\"\n\t\t\t\t\t\t     title=\"\"\n\t\t\t\t\t\t     style=\"display:none\">\n\n\t\t\t\t\t\t<img alt=\"Photo Traces de R\u00eaves_003\"\n\t\t\t\t\t\t     src=\"\" data-image=\"https:\/\/apeimeudon.fr\/Blog-APEI\/wp-content\/uploads\/2018\/04\/Photo-Traces-de-R\u00eaves_003.jpg\"\n\t\t\t\t\t\t     data-thumb=\"https:\/\/apeimeudon.fr\/Blog-APEI\/wp-content\/uploads\/2018\/04\/Photo-Traces-de-R\u00eaves_003-300x225.jpg\"\n\t\t\t\t\t\t     title=\"\"\n\t\t\t\t\t\t     style=\"display:none\">\n\n\t\t\t\t\t\t<img alt=\"Photo Traces de R\u00eaves_004\"\n\t\t\t\t\t\t     src=\"\" data-image=\"https:\/\/apeimeudon.fr\/Blog-APEI\/wp-content\/uploads\/2018\/04\/Photo-Traces-de-R\u00eaves_004.jpg\"\n\t\t\t\t\t\t     data-thumb=\"https:\/\/apeimeudon.fr\/Blog-APEI\/wp-content\/uploads\/2018\/04\/Photo-Traces-de-R\u00eaves_004-300x225.jpg\"\n\t\t\t\t\t\t     title=\"\"\n\t\t\t\t\t\t     style=\"display:none\">\n\n\t\t\t\t\t\t<img alt=\"Photo Traces de R\u00eaves_005\"\n\t\t\t\t\t\t     src=\"\" data-image=\"https:\/\/apeimeudon.fr\/Blog-APEI\/wp-content\/uploads\/2018\/04\/Photo-Traces-de-R\u00eaves_005.jpg\"\n\t\t\t\t\t\t     data-thumb=\"https:\/\/apeimeudon.fr\/Blog-APEI\/wp-content\/uploads\/2018\/04\/Photo-Traces-de-R\u00eaves_005-300x225.jpg\"\n\t\t\t\t\t\t     title=\"\"\n\t\t\t\t\t\t     style=\"display:none\">\n\n\t\t\t\t\t\t<img alt=\"Photo Traces de R\u00eaves_006\"\n\t\t\t\t\t\t     src=\"\" data-image=\"https:\/\/apeimeudon.fr\/Blog-APEI\/wp-content\/uploads\/2018\/04\/Photo-Traces-de-R\u00eaves_006.jpg\"\n\t\t\t\t\t\t     data-thumb=\"https:\/\/apeimeudon.fr\/Blog-APEI\/wp-content\/uploads\/2018\/04\/Photo-Traces-de-R\u00eaves_006-300x225.jpg\"\n\t\t\t\t\t\t     title=\"\"\n\t\t\t\t\t\t     style=\"display:none\">\n\n\t\t\t\t\t\t<img alt=\"Photo Traces de R\u00eaves_007\"\n\t\t\t\t\t\t     src=\"\" data-image=\"https:\/\/apeimeudon.fr\/Blog-APEI\/wp-content\/uploads\/2018\/04\/Photo-Traces-de-R\u00eaves_007.jpg\"\n\t\t\t\t\t\t     data-thumb=\"https:\/\/apeimeudon.fr\/Blog-APEI\/wp-content\/uploads\/2018\/04\/Photo-Traces-de-R\u00eaves_007-300x225.jpg\"\n\t\t\t\t\t\t     title=\"\"\n\t\t\t\t\t\t     style=\"display:none\">\n\n\t\t\t\t\t\t<img alt=\"Photo Traces de R\u00eaves_008\"\n\t\t\t\t\t\t     src=\"\" data-image=\"https:\/\/apeimeudon.fr\/Blog-APEI\/wp-content\/uploads\/2018\/04\/Photo-Traces-de-R\u00eaves_008.jpg\"\n\t\t\t\t\t\t     data-thumb=\"https:\/\/apeimeudon.fr\/Blog-APEI\/wp-content\/uploads\/2018\/04\/Photo-Traces-de-R\u00eaves_008-300x225.jpg\"\n\t\t\t\t\t\t     title=\"\"\n\t\t\t\t\t\t     style=\"display:none\">\n\n\t\t\t\t\t\t<img alt=\"Photo Traces de R\u00eaves_009\"\n\t\t\t\t\t\t     src=\"\" data-image=\"https:\/\/apeimeudon.fr\/Blog-APEI\/wp-content\/uploads\/2018\/04\/Photo-Traces-de-R\u00eaves_009.jpg\"\n\t\t\t\t\t\t     data-thumb=\"https:\/\/apeimeudon.fr\/Blog-APEI\/wp-content\/uploads\/2018\/04\/Photo-Traces-de-R\u00eaves_009-300x225.jpg\"\n\t\t\t\t\t\t     title=\"\"\n\t\t\t\t\t\t     style=\"display:none\">\n\n\t\t\t\t\t\t<img alt=\"Photo Traces de R\u00eaves_010\"\n\t\t\t\t\t\t     src=\"\" data-image=\"https:\/\/apeimeudon.fr\/Blog-APEI\/wp-content\/uploads\/2018\/04\/Photo-Traces-de-R\u00eaves_010.jpg\"\n\t\t\t\t\t\t     data-thumb=\"https:\/\/apeimeudon.fr\/Blog-APEI\/wp-content\/uploads\/2018\/04\/Photo-Traces-de-R\u00eaves_010-300x225.jpg\"\n\t\t\t\t\t\t     title=\"\"\n\t\t\t\t\t\t     style=\"display:none\">\n\n\t\t\t\t\t\t<img alt=\"Photo Traces de R\u00eaves_011\"\n\t\t\t\t\t\t     src=\"\" data-image=\"https:\/\/apeimeudon.fr\/Blog-APEI\/wp-content\/uploads\/2018\/04\/Photo-Traces-de-R\u00eaves_011.jpg\"\n\t\t\t\t\t\t     data-thumb=\"https:\/\/apeimeudon.fr\/Blog-APEI\/wp-content\/uploads\/2018\/04\/Photo-Traces-de-R\u00eaves_011-300x225.jpg\"\n\t\t\t\t\t\t     title=\"\"\n\t\t\t\t\t\t     style=\"display:none\">\n\n\t\t\t\t\t\t<img alt=\"Photo Traces de R\u00eaves_012\"\n\t\t\t\t\t\t     src=\"\" data-image=\"https:\/\/apeimeudon.fr\/Blog-APEI\/wp-content\/uploads\/2018\/04\/Photo-Traces-de-R\u00eaves_012.jpg\"\n\t\t\t\t\t\t     data-thumb=\"https:\/\/apeimeudon.fr\/Blog-APEI\/wp-content\/uploads\/2018\/04\/Photo-Traces-de-R\u00eaves_012-300x225.jpg\"\n\t\t\t\t\t\t     title=\"\"\n\t\t\t\t\t\t     style=\"display:none\">\n\t\t\t<\/div>\n\n\t\t\t<script type='text\/javascript'>\n\t\t\t\twindow.onload = function(e) {\n\t\t\t\t\tif(typeof ugCheckForErrors == \"undefined\"){\n\t\t\t\t\t\tdocument.getElementById(\"unitegallery_8_1\").innerHTML = \"<span style='color:red'>Unite Gallery Error - gallery js and css files not included in the footer. Please make sure that wp_footer() function is added to your theme.<\/span>\";}\n\t\t\t\t\telse{ ugCheckForErrors(\"unitegallery_8_1\", \"jquery\");}\n\t\t\t\t};\n\t\t\t<\/script>\n\n\t\t\t<!-- END UNITEGALLERY --><\/p>\n","protected":false},"excerpt":{"rendered":"<p>C\u2019est par une belle soir\u00e9e printani\u00e8re que s\u2019est d\u00e9roul\u00e9e la repr\u00e9sentation de la troisi\u00e8me cr\u00e9ation de l\u2019atelier de danse du foyer de Fleury \u00e0 Meudon. Apr\u00e8s Bo\u00eetes \u00e0 R\u00eaves et Trace ta Trace, les artistes de l\u2019atelier nous ont pr\u00e9sent\u00e9 \u00ab Traces de R\u00eaves \u00bb, un voyage po\u00e9tique compos\u00e9 de huit tableaux chor\u00e9graphiques mettant en [&hellip;]<\/p>\n","protected":false},"author":2,"featured_media":270,"comment_status":"open","ping_status":"open","sticky":false,"template":"","format":"standard","meta":{"_acf_changed":false,"_monsterinsights_skip_tracking":false,"_monsterinsights_sitenote_active":false,"_monsterinsights_sitenote_note":"","_monsterinsights_sitenote_category":0,"ngg_post_thumbnail":0,"footnotes":""},"categories":[32,20],"tags":[],"class_list":["post-263","post","type-post","status-publish","format-standard","has-post-thumbnail","hentry","category-foyer-fleury","category-theatre"],"acf":[],"yoast_head":"<!-- This site is optimized with the Yoast SEO plugin v27.3 - https:\/\/yoast.com\/product\/yoast-seo-wordpress\/ -->\n<title>Soir\u00e9e spectacle Traces de R\u00eaves - La Gazette des Foyers de l&#039;APEI de Meudon<\/title>\n<meta name=\"robots\" content=\"index, follow, max-snippet:-1, max-image-preview:large, max-video-preview:-1\" \/>\n<link rel=\"canonical\" href=\"https:\/\/apeimeudon.fr\/Blog-APEI\/soiree-spectacle-traces-de-reves\/\" \/>\n<meta property=\"og:locale\" content=\"fr_FR\" \/>\n<meta property=\"og:type\" content=\"article\" \/>\n<meta property=\"og:title\" content=\"Soir\u00e9e spectacle Traces de R\u00eaves - La Gazette des Foyers de l&#039;APEI de Meudon\" \/>\n<meta property=\"og:description\" content=\"C\u2019est par une belle soir\u00e9e printani\u00e8re que s\u2019est d\u00e9roul\u00e9e la repr\u00e9sentation de la troisi\u00e8me cr\u00e9ation de l\u2019atelier de danse du foyer de Fleury \u00e0 Meudon. Apr\u00e8s Bo\u00eetes \u00e0 R\u00eaves et Trace ta Trace, les artistes de l\u2019atelier nous ont pr\u00e9sent\u00e9 \u00ab Traces de R\u00eaves \u00bb, un voyage po\u00e9tique compos\u00e9 de huit tableaux chor\u00e9graphiques mettant en [&hellip;]\" \/>\n<meta property=\"og:url\" content=\"https:\/\/apeimeudon.fr\/Blog-APEI\/soiree-spectacle-traces-de-reves\/\" \/>\n<meta property=\"og:site_name\" content=\"La Gazette des Foyers de l&#039;APEI de Meudon\" \/>\n<meta property=\"article:published_time\" content=\"2018-04-09T14:08:24+00:00\" \/>\n<meta property=\"article:modified_time\" content=\"2018-04-09T15:31:44+00:00\" \/>\n<meta property=\"og:image\" content=\"https:\/\/apeimeudon.fr\/Blog-APEI\/wp-content\/uploads\/2018\/04\/Photo-Traces-de-R\u00eaves_Mini.jpg\" \/>\n\t<meta property=\"og:image:width\" content=\"416\" \/>\n\t<meta property=\"og:image:height\" content=\"312\" \/>\n\t<meta property=\"og:image:type\" content=\"image\/jpeg\" \/>\n<meta name=\"author\" content=\"Equipe r\u00e9dactionnelle Foyer FLEURY\" \/>\n<meta name=\"twitter:card\" content=\"summary_large_image\" \/>\n<meta name=\"twitter:label1\" content=\"\u00c9crit par\" \/>\n\t<meta name=\"twitter:data1\" content=\"Equipe r\u00e9dactionnelle Foyer FLEURY\" \/>\n\t<meta name=\"twitter:label2\" content=\"Dur\u00e9e de lecture estim\u00e9e\" \/>\n\t<meta name=\"twitter:data2\" content=\"1 minute\" \/>\n<script type=\"application\/ld+json\" class=\"yoast-schema-graph\">{\"@context\":\"https:\\\/\\\/schema.org\",\"@graph\":[{\"@type\":\"Article\",\"@id\":\"https:\\\/\\\/apeimeudon.fr\\\/Blog-APEI\\\/soiree-spectacle-traces-de-reves\\\/#article\",\"isPartOf\":{\"@id\":\"https:\\\/\\\/apeimeudon.fr\\\/Blog-APEI\\\/soiree-spectacle-traces-de-reves\\\/\"},\"author\":{\"name\":\"Equipe r\u00e9dactionnelle Foyer FLEURY\",\"@id\":\"https:\\\/\\\/apeimeudon.fr\\\/Blog-APEI\\\/#\\\/schema\\\/person\\\/a81a31019e8af8065790f5c6acfdc547\"},\"headline\":\"Soir\u00e9e spectacle Traces de R\u00eaves\",\"datePublished\":\"2018-04-09T14:08:24+00:00\",\"dateModified\":\"2018-04-09T15:31:44+00:00\",\"mainEntityOfPage\":{\"@id\":\"https:\\\/\\\/apeimeudon.fr\\\/Blog-APEI\\\/soiree-spectacle-traces-de-reves\\\/\"},\"wordCount\":302,\"commentCount\":0,\"publisher\":{\"@id\":\"https:\\\/\\\/apeimeudon.fr\\\/Blog-APEI\\\/#organization\"},\"image\":{\"@id\":\"https:\\\/\\\/apeimeudon.fr\\\/Blog-APEI\\\/soiree-spectacle-traces-de-reves\\\/#primaryimage\"},\"thumbnailUrl\":\"https:\\\/\\\/apeimeudon.fr\\\/Blog-APEI\\\/wp-content\\\/uploads\\\/2018\\\/04\\\/Photo-Traces-de-R\u00eaves_Mini.jpg\",\"articleSection\":[\"Foyer Fleury\",\"Th\u00e9\u00e2tre\"],\"inLanguage\":\"fr-FR\",\"potentialAction\":[{\"@type\":\"CommentAction\",\"name\":\"Comment\",\"target\":[\"https:\\\/\\\/apeimeudon.fr\\\/Blog-APEI\\\/soiree-spectacle-traces-de-reves\\\/#respond\"]}]},{\"@type\":\"WebPage\",\"@id\":\"https:\\\/\\\/apeimeudon.fr\\\/Blog-APEI\\\/soiree-spectacle-traces-de-reves\\\/\",\"url\":\"https:\\\/\\\/apeimeudon.fr\\\/Blog-APEI\\\/soiree-spectacle-traces-de-reves\\\/\",\"name\":\"Soir\u00e9e spectacle Traces de R\u00eaves - La Gazette des Foyers de l&#039;APEI de Meudon\",\"isPartOf\":{\"@id\":\"https:\\\/\\\/apeimeudon.fr\\\/Blog-APEI\\\/#website\"},\"primaryImageOfPage\":{\"@id\":\"https:\\\/\\\/apeimeudon.fr\\\/Blog-APEI\\\/soiree-spectacle-traces-de-reves\\\/#primaryimage\"},\"image\":{\"@id\":\"https:\\\/\\\/apeimeudon.fr\\\/Blog-APEI\\\/soiree-spectacle-traces-de-reves\\\/#primaryimage\"},\"thumbnailUrl\":\"https:\\\/\\\/apeimeudon.fr\\\/Blog-APEI\\\/wp-content\\\/uploads\\\/2018\\\/04\\\/Photo-Traces-de-R\u00eaves_Mini.jpg\",\"datePublished\":\"2018-04-09T14:08:24+00:00\",\"dateModified\":\"2018-04-09T15:31:44+00:00\",\"breadcrumb\":{\"@id\":\"https:\\\/\\\/apeimeudon.fr\\\/Blog-APEI\\\/soiree-spectacle-traces-de-reves\\\/#breadcrumb\"},\"inLanguage\":\"fr-FR\",\"potentialAction\":[{\"@type\":\"ReadAction\",\"target\":[\"https:\\\/\\\/apeimeudon.fr\\\/Blog-APEI\\\/soiree-spectacle-traces-de-reves\\\/\"]}]},{\"@type\":\"ImageObject\",\"inLanguage\":\"fr-FR\",\"@id\":\"https:\\\/\\\/apeimeudon.fr\\\/Blog-APEI\\\/soiree-spectacle-traces-de-reves\\\/#primaryimage\",\"url\":\"https:\\\/\\\/apeimeudon.fr\\\/Blog-APEI\\\/wp-content\\\/uploads\\\/2018\\\/04\\\/Photo-Traces-de-R\u00eaves_Mini.jpg\",\"contentUrl\":\"https:\\\/\\\/apeimeudon.fr\\\/Blog-APEI\\\/wp-content\\\/uploads\\\/2018\\\/04\\\/Photo-Traces-de-R\u00eaves_Mini.jpg\",\"width\":416,\"height\":312},{\"@type\":\"BreadcrumbList\",\"@id\":\"https:\\\/\\\/apeimeudon.fr\\\/Blog-APEI\\\/soiree-spectacle-traces-de-reves\\\/#breadcrumb\",\"itemListElement\":[{\"@type\":\"ListItem\",\"position\":1,\"name\":\"Accueil\",\"item\":\"https:\\\/\\\/apeimeudon.fr\\\/Blog-APEI\\\/\"},{\"@type\":\"ListItem\",\"position\":2,\"name\":\"Soir\u00e9e spectacle Traces de R\u00eaves\"}]},{\"@type\":\"WebSite\",\"@id\":\"https:\\\/\\\/apeimeudon.fr\\\/Blog-APEI\\\/#website\",\"url\":\"https:\\\/\\\/apeimeudon.fr\\\/Blog-APEI\\\/\",\"name\":\"La Gazette des Foyers de l&#039;APEI de Meudon\",\"description\":\"Nos diff\u00e9rences loin de nous l\u00e9ser doivent nous enrichir -  Antoine de Saint-Exup\u00e9ry\",\"publisher\":{\"@id\":\"https:\\\/\\\/apeimeudon.fr\\\/Blog-APEI\\\/#organization\"},\"potentialAction\":[{\"@type\":\"SearchAction\",\"target\":{\"@type\":\"EntryPoint\",\"urlTemplate\":\"https:\\\/\\\/apeimeudon.fr\\\/Blog-APEI\\\/?s={search_term_string}\"},\"query-input\":{\"@type\":\"PropertyValueSpecification\",\"valueRequired\":true,\"valueName\":\"search_term_string\"}}],\"inLanguage\":\"fr-FR\"},{\"@type\":\"Organization\",\"@id\":\"https:\\\/\\\/apeimeudon.fr\\\/Blog-APEI\\\/#organization\",\"name\":\"APEI de Meudon\",\"url\":\"https:\\\/\\\/apeimeudon.fr\\\/Blog-APEI\\\/\",\"logo\":{\"@type\":\"ImageObject\",\"inLanguage\":\"fr-FR\",\"@id\":\"https:\\\/\\\/apeimeudon.fr\\\/Blog-APEI\\\/#\\\/schema\\\/logo\\\/image\\\/\",\"url\":\"https:\\\/\\\/apeimeudon.fr\\\/Blog-APEI\\\/wp-content\\\/uploads\\\/2017\\\/10\\\/Icone-APEI.png\",\"contentUrl\":\"https:\\\/\\\/apeimeudon.fr\\\/Blog-APEI\\\/wp-content\\\/uploads\\\/2017\\\/10\\\/Icone-APEI.png\",\"width\":128,\"height\":128,\"caption\":\"APEI de Meudon\"},\"image\":{\"@id\":\"https:\\\/\\\/apeimeudon.fr\\\/Blog-APEI\\\/#\\\/schema\\\/logo\\\/image\\\/\"}},{\"@type\":\"Person\",\"@id\":\"https:\\\/\\\/apeimeudon.fr\\\/Blog-APEI\\\/#\\\/schema\\\/person\\\/a81a31019e8af8065790f5c6acfdc547\",\"name\":\"Equipe r\u00e9dactionnelle Foyer FLEURY\",\"image\":{\"@type\":\"ImageObject\",\"inLanguage\":\"fr-FR\",\"@id\":\"https:\\\/\\\/secure.gravatar.com\\\/avatar\\\/077b0b63c066e0ecf5a8ce55f379e3e6cc4cee7cb3fc656a19335177af2035da?s=96&d=mm&r=g\",\"url\":\"https:\\\/\\\/secure.gravatar.com\\\/avatar\\\/077b0b63c066e0ecf5a8ce55f379e3e6cc4cee7cb3fc656a19335177af2035da?s=96&d=mm&r=g\",\"contentUrl\":\"https:\\\/\\\/secure.gravatar.com\\\/avatar\\\/077b0b63c066e0ecf5a8ce55f379e3e6cc4cee7cb3fc656a19335177af2035da?s=96&d=mm&r=g\",\"caption\":\"Equipe r\u00e9dactionnelle Foyer FLEURY\"},\"url\":\"https:\\\/\\\/apeimeudon.fr\\\/Blog-APEI\\\/author\\\/fleury\\\/\"}]}<\/script>\n<!-- \/ Yoast SEO plugin. -->","yoast_head_json":{"title":"Soir\u00e9e spectacle Traces de R\u00eaves - La Gazette des Foyers de l&#039;APEI de Meudon","robots":{"index":"index","follow":"follow","max-snippet":"max-snippet:-1","max-image-preview":"max-image-preview:large","max-video-preview":"max-video-preview:-1"},"canonical":"https:\/\/apeimeudon.fr\/Blog-APEI\/soiree-spectacle-traces-de-reves\/","og_locale":"fr_FR","og_type":"article","og_title":"Soir\u00e9e spectacle Traces de R\u00eaves - La Gazette des Foyers de l&#039;APEI de Meudon","og_description":"C\u2019est par une belle soir\u00e9e printani\u00e8re que s\u2019est d\u00e9roul\u00e9e la repr\u00e9sentation de la troisi\u00e8me cr\u00e9ation de l\u2019atelier de danse du foyer de Fleury \u00e0 Meudon. Apr\u00e8s Bo\u00eetes \u00e0 R\u00eaves et Trace ta Trace, les artistes de l\u2019atelier nous ont pr\u00e9sent\u00e9 \u00ab Traces de R\u00eaves \u00bb, un voyage po\u00e9tique compos\u00e9 de huit tableaux chor\u00e9graphiques mettant en [&hellip;]","og_url":"https:\/\/apeimeudon.fr\/Blog-APEI\/soiree-spectacle-traces-de-reves\/","og_site_name":"La Gazette des Foyers de l&#039;APEI de Meudon","article_published_time":"2018-04-09T14:08:24+00:00","article_modified_time":"2018-04-09T15:31:44+00:00","og_image":[{"width":416,"height":312,"url":"https:\/\/apeimeudon.fr\/Blog-APEI\/wp-content\/uploads\/2018\/04\/Photo-Traces-de-R\u00eaves_Mini.jpg","type":"image\/jpeg"}],"author":"Equipe r\u00e9dactionnelle Foyer FLEURY","twitter_card":"summary_large_image","twitter_misc":{"\u00c9crit par":"Equipe r\u00e9dactionnelle Foyer FLEURY","Dur\u00e9e de lecture estim\u00e9e":"1 minute"},"schema":{"@context":"https:\/\/schema.org","@graph":[{"@type":"Article","@id":"https:\/\/apeimeudon.fr\/Blog-APEI\/soiree-spectacle-traces-de-reves\/#article","isPartOf":{"@id":"https:\/\/apeimeudon.fr\/Blog-APEI\/soiree-spectacle-traces-de-reves\/"},"author":{"name":"Equipe r\u00e9dactionnelle Foyer FLEURY","@id":"https:\/\/apeimeudon.fr\/Blog-APEI\/#\/schema\/person\/a81a31019e8af8065790f5c6acfdc547"},"headline":"Soir\u00e9e spectacle Traces de R\u00eaves","datePublished":"2018-04-09T14:08:24+00:00","dateModified":"2018-04-09T15:31:44+00:00","mainEntityOfPage":{"@id":"https:\/\/apeimeudon.fr\/Blog-APEI\/soiree-spectacle-traces-de-reves\/"},"wordCount":302,"commentCount":0,"publisher":{"@id":"https:\/\/apeimeudon.fr\/Blog-APEI\/#organization"},"image":{"@id":"https:\/\/apeimeudon.fr\/Blog-APEI\/soiree-spectacle-traces-de-reves\/#primaryimage"},"thumbnailUrl":"https:\/\/apeimeudon.fr\/Blog-APEI\/wp-content\/uploads\/2018\/04\/Photo-Traces-de-R\u00eaves_Mini.jpg","articleSection":["Foyer Fleury","Th\u00e9\u00e2tre"],"inLanguage":"fr-FR","potentialAction":[{"@type":"CommentAction","name":"Comment","target":["https:\/\/apeimeudon.fr\/Blog-APEI\/soiree-spectacle-traces-de-reves\/#respond"]}]},{"@type":"WebPage","@id":"https:\/\/apeimeudon.fr\/Blog-APEI\/soiree-spectacle-traces-de-reves\/","url":"https:\/\/apeimeudon.fr\/Blog-APEI\/soiree-spectacle-traces-de-reves\/","name":"Soir\u00e9e spectacle Traces de R\u00eaves - La Gazette des Foyers de l&#039;APEI de Meudon","isPartOf":{"@id":"https:\/\/apeimeudon.fr\/Blog-APEI\/#website"},"primaryImageOfPage":{"@id":"https:\/\/apeimeudon.fr\/Blog-APEI\/soiree-spectacle-traces-de-reves\/#primaryimage"},"image":{"@id":"https:\/\/apeimeudon.fr\/Blog-APEI\/soiree-spectacle-traces-de-reves\/#primaryimage"},"thumbnailUrl":"https:\/\/apeimeudon.fr\/Blog-APEI\/wp-content\/uploads\/2018\/04\/Photo-Traces-de-R\u00eaves_Mini.jpg","datePublished":"2018-04-09T14:08:24+00:00","dateModified":"2018-04-09T15:31:44+00:00","breadcrumb":{"@id":"https:\/\/apeimeudon.fr\/Blog-APEI\/soiree-spectacle-traces-de-reves\/#breadcrumb"},"inLanguage":"fr-FR","potentialAction":[{"@type":"ReadAction","target":["https:\/\/apeimeudon.fr\/Blog-APEI\/soiree-spectacle-traces-de-reves\/"]}]},{"@type":"ImageObject","inLanguage":"fr-FR","@id":"https:\/\/apeimeudon.fr\/Blog-APEI\/soiree-spectacle-traces-de-reves\/#primaryimage","url":"https:\/\/apeimeudon.fr\/Blog-APEI\/wp-content\/uploads\/2018\/04\/Photo-Traces-de-R\u00eaves_Mini.jpg","contentUrl":"https:\/\/apeimeudon.fr\/Blog-APEI\/wp-content\/uploads\/2018\/04\/Photo-Traces-de-R\u00eaves_Mini.jpg","width":416,"height":312},{"@type":"BreadcrumbList","@id":"https:\/\/apeimeudon.fr\/Blog-APEI\/soiree-spectacle-traces-de-reves\/#breadcrumb","itemListElement":[{"@type":"ListItem","position":1,"name":"Accueil","item":"https:\/\/apeimeudon.fr\/Blog-APEI\/"},{"@type":"ListItem","position":2,"name":"Soir\u00e9e spectacle Traces de R\u00eaves"}]},{"@type":"WebSite","@id":"https:\/\/apeimeudon.fr\/Blog-APEI\/#website","url":"https:\/\/apeimeudon.fr\/Blog-APEI\/","name":"La Gazette des Foyers de l&#039;APEI de Meudon","description":"Nos diff\u00e9rences loin de nous l\u00e9ser doivent nous enrichir -  Antoine de Saint-Exup\u00e9ry","publisher":{"@id":"https:\/\/apeimeudon.fr\/Blog-APEI\/#organization"},"potentialAction":[{"@type":"SearchAction","target":{"@type":"EntryPoint","urlTemplate":"https:\/\/apeimeudon.fr\/Blog-APEI\/?s={search_term_string}"},"query-input":{"@type":"PropertyValueSpecification","valueRequired":true,"valueName":"search_term_string"}}],"inLanguage":"fr-FR"},{"@type":"Organization","@id":"https:\/\/apeimeudon.fr\/Blog-APEI\/#organization","name":"APEI de Meudon","url":"https:\/\/apeimeudon.fr\/Blog-APEI\/","logo":{"@type":"ImageObject","inLanguage":"fr-FR","@id":"https:\/\/apeimeudon.fr\/Blog-APEI\/#\/schema\/logo\/image\/","url":"https:\/\/apeimeudon.fr\/Blog-APEI\/wp-content\/uploads\/2017\/10\/Icone-APEI.png","contentUrl":"https:\/\/apeimeudon.fr\/Blog-APEI\/wp-content\/uploads\/2017\/10\/Icone-APEI.png","width":128,"height":128,"caption":"APEI de Meudon"},"image":{"@id":"https:\/\/apeimeudon.fr\/Blog-APEI\/#\/schema\/logo\/image\/"}},{"@type":"Person","@id":"https:\/\/apeimeudon.fr\/Blog-APEI\/#\/schema\/person\/a81a31019e8af8065790f5c6acfdc547","name":"Equipe r\u00e9dactionnelle Foyer FLEURY","image":{"@type":"ImageObject","inLanguage":"fr-FR","@id":"https:\/\/secure.gravatar.com\/avatar\/077b0b63c066e0ecf5a8ce55f379e3e6cc4cee7cb3fc656a19335177af2035da?s=96&d=mm&r=g","url":"https:\/\/secure.gravatar.com\/avatar\/077b0b63c066e0ecf5a8ce55f379e3e6cc4cee7cb3fc656a19335177af2035da?s=96&d=mm&r=g","contentUrl":"https:\/\/secure.gravatar.com\/avatar\/077b0b63c066e0ecf5a8ce55f379e3e6cc4cee7cb3fc656a19335177af2035da?s=96&d=mm&r=g","caption":"Equipe r\u00e9dactionnelle Foyer FLEURY"},"url":"https:\/\/apeimeudon.fr\/Blog-APEI\/author\/fleury\/"}]}},"_links":{"self":[{"href":"https:\/\/apeimeudon.fr\/Blog-APEI\/wp-json\/wp\/v2\/posts\/263","targetHints":{"allow":["GET"]}}],"collection":[{"href":"https:\/\/apeimeudon.fr\/Blog-APEI\/wp-json\/wp\/v2\/posts"}],"about":[{"href":"https:\/\/apeimeudon.fr\/Blog-APEI\/wp-json\/wp\/v2\/types\/post"}],"author":[{"embeddable":true,"href":"https:\/\/apeimeudon.fr\/Blog-APEI\/wp-json\/wp\/v2\/users\/2"}],"replies":[{"embeddable":true,"href":"https:\/\/apeimeudon.fr\/Blog-APEI\/wp-json\/wp\/v2\/comments?post=263"}],"version-history":[{"count":5,"href":"https:\/\/apeimeudon.fr\/Blog-APEI\/wp-json\/wp\/v2\/posts\/263\/revisions"}],"predecessor-version":[{"id":269,"href":"https:\/\/apeimeudon.fr\/Blog-APEI\/wp-json\/wp\/v2\/posts\/263\/revisions\/269"}],"wp:featuredmedia":[{"embeddable":true,"href":"https:\/\/apeimeudon.fr\/Blog-APEI\/wp-json\/wp\/v2\/media\/270"}],"wp:attachment":[{"href":"https:\/\/apeimeudon.fr\/Blog-APEI\/wp-json\/wp\/v2\/media?parent=263"}],"wp:term":[{"taxonomy":"category","embeddable":true,"href":"https:\/\/apeimeudon.fr\/Blog-APEI\/wp-json\/wp\/v2\/categories?post=263"},{"taxonomy":"post_tag","embeddable":true,"href":"https:\/\/apeimeudon.fr\/Blog-APEI\/wp-json\/wp\/v2\/tags?post=263"}],"curies":[{"name":"wp","href":"https:\/\/api.w.org\/{rel}","templated":true}]}}