{"id":2744,"date":"2022-12-09T11:35:03","date_gmt":"2022-12-09T10:35:03","guid":{"rendered":"http:\/\/apeimeudon.fr\/Blog-APEI\/?p=2744"},"modified":"2022-12-09T11:35:04","modified_gmt":"2022-12-09T10:35:04","slug":"vente-de-noel-2022","status":"publish","type":"post","link":"https:\/\/apeimeudon.fr\/Blog-APEI\/vente-de-noel-2022\/","title":{"rendered":"Vente de No\u00ebl 2022"},"content":{"rendered":"\n<p>Du vendredi 25 au dimanche 27 novembre 2022, L\u2019APEI de Meudon a assur\u00e9, apr\u00e8s trois ans d\u2019interruption en raison du Covid, sa grande vente au profit de ses foyers et plus particuli\u00e8rement du nouveau foyer de Meudon-la-For\u00eat qui va accueillir tr\u00e8s prochainement de nombreux r\u00e9sidents.<\/p>\n\n\n\n<!--more-->\n\n\n\n<p>L\u2019APEI de Meudon remercie chaleureusement les nombreux b\u00e9n\u00e9voles qui ont \u0153uvr\u00e9 avec professionnalisme et bonne humeur pour la r\u00e9ussite de l\u2019\u00e9v\u00e9nement.<\/p>\n\n\n\n<p>Merci \u00e0 nos fid\u00e8les clients et supporters qui ont d\u00e9fi\u00e9 le mauvais temps, la r\u00e9surgence de l\u2019\u00e9pid\u00e9mie, pour venir acheter un cadeau, un jouet, un objet ancien, Merci \u00e0 ceux qui ont d\u00e9jeun\u00e9 et se sont r\u00e9gal\u00e9s des plats d\u00e9licieux servis avec le sourire et qui pouvaient d\u00e9guster les trop bons g\u00e2teaux de nos p\u00e2tissi\u00e8res maison&nbsp;! &nbsp;<\/p>\n\n\n\n<p>Un immense bravo \u00e0 toutes et tous vous qui nous avez aid\u00e9s et support\u00e9s.<\/p>\n\n\n\n<p>ENCORE MERCI A TOUTES ET TOUS&nbsp;!<\/p>\n\n\n\n<p>Les b\u00e9n\u00e9fices de la vente de l\u2019APEI vont apporter leur pierre \u00e0 la finalisation du foyer de Meudon-la-For\u00eat.<\/p>\n\n\n\n<p class=\"has-text-align-center\"><strong><em>A pr\u00e9sent cliquez sur la vid\u00e9o pour la visionner :<\/em><\/strong><\/p>\n\n\n\n<figure class=\"wp-block-embed is-type-video is-provider-youtube wp-block-embed-youtube wp-embed-aspect-16-9 wp-has-aspect-ratio\"><div class=\"wp-block-embed__wrapper\">\n<iframe loading=\"lazy\" title=\"Ventes de No\u00ebl 2022 aux Tybilles\" width=\"720\" height=\"405\" src=\"https:\/\/www.youtube.com\/embed\/jdIAWaQd7Qg?feature=oembed\" frameborder=\"0\" allow=\"accelerometer; autoplay; clipboard-write; encrypted-media; gyroscope; picture-in-picture\" allowfullscreen><\/iframe>\n<\/div><\/figure>\n","protected":false},"excerpt":{"rendered":"<p>Du vendredi 25 au dimanche 27 novembre 2022, L\u2019APEI de Meudon a assur\u00e9, apr\u00e8s trois ans d\u2019interruption en raison du Covid, sa grande vente au profit de ses foyers et plus particuli\u00e8rement du nouveau foyer de Meudon-la-For\u00eat qui va accueillir tr\u00e8s prochainement de nombreux r\u00e9sidents.<\/p>\n","protected":false},"author":10,"featured_media":2743,"comment_status":"open","ping_status":"open","sticky":false,"template":"","format":"standard","meta":{"_acf_changed":false,"_monsterinsights_skip_tracking":false,"_monsterinsights_sitenote_active":false,"_monsterinsights_sitenote_note":"","_monsterinsights_sitenote_category":0,"ngg_post_thumbnail":0,"footnotes":""},"categories":[4,56],"tags":[],"class_list":["post-2744","post","type-post","status-publish","format-standard","has-post-thumbnail","hentry","category-tybilles","category-vente-de-noel"],"acf":[],"yoast_head":"<!-- This site is optimized with the Yoast SEO plugin v27.3 - https:\/\/yoast.com\/product\/yoast-seo-wordpress\/ -->\n<title>Vente de No\u00ebl 2022 - La Gazette des Foyers de l&#039;APEI de Meudon<\/title>\n<meta name=\"robots\" content=\"index, follow, max-snippet:-1, max-image-preview:large, max-video-preview:-1\" \/>\n<link rel=\"canonical\" href=\"https:\/\/apeimeudon.fr\/Blog-APEI\/vente-de-noel-2022\/\" \/>\n<meta property=\"og:locale\" content=\"fr_FR\" \/>\n<meta property=\"og:type\" content=\"article\" \/>\n<meta property=\"og:title\" content=\"Vente de No\u00ebl 2022 - La Gazette des Foyers de l&#039;APEI de Meudon\" \/>\n<meta property=\"og:description\" content=\"Du vendredi 25 au dimanche 27 novembre 2022, L\u2019APEI de Meudon a assur\u00e9, apr\u00e8s trois ans d\u2019interruption en raison du Covid, sa grande vente au profit de ses foyers et plus particuli\u00e8rement du nouveau foyer de Meudon-la-For\u00eat qui va accueillir tr\u00e8s prochainement de nombreux r\u00e9sidents.\" \/>\n<meta property=\"og:url\" content=\"https:\/\/apeimeudon.fr\/Blog-APEI\/vente-de-noel-2022\/\" \/>\n<meta property=\"og:site_name\" content=\"La Gazette des Foyers de l&#039;APEI de Meudon\" \/>\n<meta property=\"article:published_time\" content=\"2022-12-09T10:35:03+00:00\" \/>\n<meta property=\"article:modified_time\" content=\"2022-12-09T10:35:04+00:00\" \/>\n<meta property=\"og:image\" content=\"https:\/\/apeimeudon.fr\/Blog-APEI\/wp-content\/uploads\/2022\/12\/Miniature.jpg\" \/>\n\t<meta property=\"og:image:width\" content=\"641\" \/>\n\t<meta property=\"og:image:height\" content=\"336\" \/>\n\t<meta property=\"og:image:type\" content=\"image\/jpeg\" \/>\n<meta name=\"author\" content=\"Groupe Communication\" \/>\n<meta name=\"twitter:card\" content=\"summary_large_image\" \/>\n<meta name=\"twitter:label1\" content=\"\u00c9crit par\" \/>\n\t<meta name=\"twitter:data1\" content=\"Groupe Communication\" \/>\n\t<meta name=\"twitter:label2\" content=\"Dur\u00e9e de lecture estim\u00e9e\" \/>\n\t<meta name=\"twitter:data2\" content=\"1 minute\" \/>\n<script type=\"application\/ld+json\" class=\"yoast-schema-graph\">{\"@context\":\"https:\\\/\\\/schema.org\",\"@graph\":[{\"@type\":\"Article\",\"@id\":\"https:\\\/\\\/apeimeudon.fr\\\/Blog-APEI\\\/vente-de-noel-2022\\\/#article\",\"isPartOf\":{\"@id\":\"https:\\\/\\\/apeimeudon.fr\\\/Blog-APEI\\\/vente-de-noel-2022\\\/\"},\"author\":{\"name\":\"Groupe Communication\",\"@id\":\"https:\\\/\\\/apeimeudon.fr\\\/Blog-APEI\\\/#\\\/schema\\\/person\\\/7b748d1733e78ea55c5d6da41bed4a0f\"},\"headline\":\"Vente de No\u00ebl 2022\",\"datePublished\":\"2022-12-09T10:35:03+00:00\",\"dateModified\":\"2022-12-09T10:35:04+00:00\",\"mainEntityOfPage\":{\"@id\":\"https:\\\/\\\/apeimeudon.fr\\\/Blog-APEI\\\/vente-de-noel-2022\\\/\"},\"wordCount\":208,\"commentCount\":0,\"publisher\":{\"@id\":\"https:\\\/\\\/apeimeudon.fr\\\/Blog-APEI\\\/#organization\"},\"image\":{\"@id\":\"https:\\\/\\\/apeimeudon.fr\\\/Blog-APEI\\\/vente-de-noel-2022\\\/#primaryimage\"},\"thumbnailUrl\":\"https:\\\/\\\/apeimeudon.fr\\\/Blog-APEI\\\/wp-content\\\/uploads\\\/2022\\\/12\\\/Miniature.jpg\",\"articleSection\":[\"Tybilles\",\"Vente de No\u00ebl\"],\"inLanguage\":\"fr-FR\",\"potentialAction\":[{\"@type\":\"CommentAction\",\"name\":\"Comment\",\"target\":[\"https:\\\/\\\/apeimeudon.fr\\\/Blog-APEI\\\/vente-de-noel-2022\\\/#respond\"]}]},{\"@type\":\"WebPage\",\"@id\":\"https:\\\/\\\/apeimeudon.fr\\\/Blog-APEI\\\/vente-de-noel-2022\\\/\",\"url\":\"https:\\\/\\\/apeimeudon.fr\\\/Blog-APEI\\\/vente-de-noel-2022\\\/\",\"name\":\"Vente de No\u00ebl 2022 - La Gazette des Foyers de l&#039;APEI de Meudon\",\"isPartOf\":{\"@id\":\"https:\\\/\\\/apeimeudon.fr\\\/Blog-APEI\\\/#website\"},\"primaryImageOfPage\":{\"@id\":\"https:\\\/\\\/apeimeudon.fr\\\/Blog-APEI\\\/vente-de-noel-2022\\\/#primaryimage\"},\"image\":{\"@id\":\"https:\\\/\\\/apeimeudon.fr\\\/Blog-APEI\\\/vente-de-noel-2022\\\/#primaryimage\"},\"thumbnailUrl\":\"https:\\\/\\\/apeimeudon.fr\\\/Blog-APEI\\\/wp-content\\\/uploads\\\/2022\\\/12\\\/Miniature.jpg\",\"datePublished\":\"2022-12-09T10:35:03+00:00\",\"dateModified\":\"2022-12-09T10:35:04+00:00\",\"breadcrumb\":{\"@id\":\"https:\\\/\\\/apeimeudon.fr\\\/Blog-APEI\\\/vente-de-noel-2022\\\/#breadcrumb\"},\"inLanguage\":\"fr-FR\",\"potentialAction\":[{\"@type\":\"ReadAction\",\"target\":[\"https:\\\/\\\/apeimeudon.fr\\\/Blog-APEI\\\/vente-de-noel-2022\\\/\"]}]},{\"@type\":\"ImageObject\",\"inLanguage\":\"fr-FR\",\"@id\":\"https:\\\/\\\/apeimeudon.fr\\\/Blog-APEI\\\/vente-de-noel-2022\\\/#primaryimage\",\"url\":\"https:\\\/\\\/apeimeudon.fr\\\/Blog-APEI\\\/wp-content\\\/uploads\\\/2022\\\/12\\\/Miniature.jpg\",\"contentUrl\":\"https:\\\/\\\/apeimeudon.fr\\\/Blog-APEI\\\/wp-content\\\/uploads\\\/2022\\\/12\\\/Miniature.jpg\",\"width\":641,\"height\":336},{\"@type\":\"BreadcrumbList\",\"@id\":\"https:\\\/\\\/apeimeudon.fr\\\/Blog-APEI\\\/vente-de-noel-2022\\\/#breadcrumb\",\"itemListElement\":[{\"@type\":\"ListItem\",\"position\":1,\"name\":\"Accueil\",\"item\":\"https:\\\/\\\/apeimeudon.fr\\\/Blog-APEI\\\/\"},{\"@type\":\"ListItem\",\"position\":2,\"name\":\"Vente de No\u00ebl 2022\"}]},{\"@type\":\"WebSite\",\"@id\":\"https:\\\/\\\/apeimeudon.fr\\\/Blog-APEI\\\/#website\",\"url\":\"https:\\\/\\\/apeimeudon.fr\\\/Blog-APEI\\\/\",\"name\":\"La Gazette des Foyers de l&#039;APEI de Meudon\",\"description\":\"Nos diff\u00e9rences loin de nous l\u00e9ser doivent nous enrichir -  Antoine de Saint-Exup\u00e9ry\",\"publisher\":{\"@id\":\"https:\\\/\\\/apeimeudon.fr\\\/Blog-APEI\\\/#organization\"},\"potentialAction\":[{\"@type\":\"SearchAction\",\"target\":{\"@type\":\"EntryPoint\",\"urlTemplate\":\"https:\\\/\\\/apeimeudon.fr\\\/Blog-APEI\\\/?s={search_term_string}\"},\"query-input\":{\"@type\":\"PropertyValueSpecification\",\"valueRequired\":true,\"valueName\":\"search_term_string\"}}],\"inLanguage\":\"fr-FR\"},{\"@type\":\"Organization\",\"@id\":\"https:\\\/\\\/apeimeudon.fr\\\/Blog-APEI\\\/#organization\",\"name\":\"APEI de Meudon\",\"url\":\"https:\\\/\\\/apeimeudon.fr\\\/Blog-APEI\\\/\",\"logo\":{\"@type\":\"ImageObject\",\"inLanguage\":\"fr-FR\",\"@id\":\"https:\\\/\\\/apeimeudon.fr\\\/Blog-APEI\\\/#\\\/schema\\\/logo\\\/image\\\/\",\"url\":\"https:\\\/\\\/apeimeudon.fr\\\/Blog-APEI\\\/wp-content\\\/uploads\\\/2017\\\/10\\\/Icone-APEI.png\",\"contentUrl\":\"https:\\\/\\\/apeimeudon.fr\\\/Blog-APEI\\\/wp-content\\\/uploads\\\/2017\\\/10\\\/Icone-APEI.png\",\"width\":128,\"height\":128,\"caption\":\"APEI de Meudon\"},\"image\":{\"@id\":\"https:\\\/\\\/apeimeudon.fr\\\/Blog-APEI\\\/#\\\/schema\\\/logo\\\/image\\\/\"}},{\"@type\":\"Person\",\"@id\":\"https:\\\/\\\/apeimeudon.fr\\\/Blog-APEI\\\/#\\\/schema\\\/person\\\/7b748d1733e78ea55c5d6da41bed4a0f\",\"name\":\"Groupe Communication\",\"image\":{\"@type\":\"ImageObject\",\"inLanguage\":\"fr-FR\",\"@id\":\"https:\\\/\\\/secure.gravatar.com\\\/avatar\\\/16759e2385ef7d38ff1630539b0a3c3691c67e29fc372f741c4ee2a2ad4838f5?s=96&d=mm&r=g\",\"url\":\"https:\\\/\\\/secure.gravatar.com\\\/avatar\\\/16759e2385ef7d38ff1630539b0a3c3691c67e29fc372f741c4ee2a2ad4838f5?s=96&d=mm&r=g\",\"contentUrl\":\"https:\\\/\\\/secure.gravatar.com\\\/avatar\\\/16759e2385ef7d38ff1630539b0a3c3691c67e29fc372f741c4ee2a2ad4838f5?s=96&d=mm&r=g\",\"caption\":\"Groupe Communication\"},\"url\":\"https:\\\/\\\/apeimeudon.fr\\\/Blog-APEI\\\/author\\\/groupe-communication\\\/\"}]}<\/script>\n<!-- \/ Yoast SEO plugin. -->","yoast_head_json":{"title":"Vente de No\u00ebl 2022 - La Gazette des Foyers de l&#039;APEI de Meudon","robots":{"index":"index","follow":"follow","max-snippet":"max-snippet:-1","max-image-preview":"max-image-preview:large","max-video-preview":"max-video-preview:-1"},"canonical":"https:\/\/apeimeudon.fr\/Blog-APEI\/vente-de-noel-2022\/","og_locale":"fr_FR","og_type":"article","og_title":"Vente de No\u00ebl 2022 - La Gazette des Foyers de l&#039;APEI de Meudon","og_description":"Du vendredi 25 au dimanche 27 novembre 2022, L\u2019APEI de Meudon a assur\u00e9, apr\u00e8s trois ans d\u2019interruption en raison du Covid, sa grande vente au profit de ses foyers et plus particuli\u00e8rement du nouveau foyer de Meudon-la-For\u00eat qui va accueillir tr\u00e8s prochainement de nombreux r\u00e9sidents.","og_url":"https:\/\/apeimeudon.fr\/Blog-APEI\/vente-de-noel-2022\/","og_site_name":"La Gazette des Foyers de l&#039;APEI de Meudon","article_published_time":"2022-12-09T10:35:03+00:00","article_modified_time":"2022-12-09T10:35:04+00:00","og_image":[{"width":641,"height":336,"url":"https:\/\/apeimeudon.fr\/Blog-APEI\/wp-content\/uploads\/2022\/12\/Miniature.jpg","type":"image\/jpeg"}],"author":"Groupe Communication","twitter_card":"summary_large_image","twitter_misc":{"\u00c9crit par":"Groupe Communication","Dur\u00e9e de lecture estim\u00e9e":"1 minute"},"schema":{"@context":"https:\/\/schema.org","@graph":[{"@type":"Article","@id":"https:\/\/apeimeudon.fr\/Blog-APEI\/vente-de-noel-2022\/#article","isPartOf":{"@id":"https:\/\/apeimeudon.fr\/Blog-APEI\/vente-de-noel-2022\/"},"author":{"name":"Groupe Communication","@id":"https:\/\/apeimeudon.fr\/Blog-APEI\/#\/schema\/person\/7b748d1733e78ea55c5d6da41bed4a0f"},"headline":"Vente de No\u00ebl 2022","datePublished":"2022-12-09T10:35:03+00:00","dateModified":"2022-12-09T10:35:04+00:00","mainEntityOfPage":{"@id":"https:\/\/apeimeudon.fr\/Blog-APEI\/vente-de-noel-2022\/"},"wordCount":208,"commentCount":0,"publisher":{"@id":"https:\/\/apeimeudon.fr\/Blog-APEI\/#organization"},"image":{"@id":"https:\/\/apeimeudon.fr\/Blog-APEI\/vente-de-noel-2022\/#primaryimage"},"thumbnailUrl":"https:\/\/apeimeudon.fr\/Blog-APEI\/wp-content\/uploads\/2022\/12\/Miniature.jpg","articleSection":["Tybilles","Vente de No\u00ebl"],"inLanguage":"fr-FR","potentialAction":[{"@type":"CommentAction","name":"Comment","target":["https:\/\/apeimeudon.fr\/Blog-APEI\/vente-de-noel-2022\/#respond"]}]},{"@type":"WebPage","@id":"https:\/\/apeimeudon.fr\/Blog-APEI\/vente-de-noel-2022\/","url":"https:\/\/apeimeudon.fr\/Blog-APEI\/vente-de-noel-2022\/","name":"Vente de No\u00ebl 2022 - La Gazette des Foyers de l&#039;APEI de Meudon","isPartOf":{"@id":"https:\/\/apeimeudon.fr\/Blog-APEI\/#website"},"primaryImageOfPage":{"@id":"https:\/\/apeimeudon.fr\/Blog-APEI\/vente-de-noel-2022\/#primaryimage"},"image":{"@id":"https:\/\/apeimeudon.fr\/Blog-APEI\/vente-de-noel-2022\/#primaryimage"},"thumbnailUrl":"https:\/\/apeimeudon.fr\/Blog-APEI\/wp-content\/uploads\/2022\/12\/Miniature.jpg","datePublished":"2022-12-09T10:35:03+00:00","dateModified":"2022-12-09T10:35:04+00:00","breadcrumb":{"@id":"https:\/\/apeimeudon.fr\/Blog-APEI\/vente-de-noel-2022\/#breadcrumb"},"inLanguage":"fr-FR","potentialAction":[{"@type":"ReadAction","target":["https:\/\/apeimeudon.fr\/Blog-APEI\/vente-de-noel-2022\/"]}]},{"@type":"ImageObject","inLanguage":"fr-FR","@id":"https:\/\/apeimeudon.fr\/Blog-APEI\/vente-de-noel-2022\/#primaryimage","url":"https:\/\/apeimeudon.fr\/Blog-APEI\/wp-content\/uploads\/2022\/12\/Miniature.jpg","contentUrl":"https:\/\/apeimeudon.fr\/Blog-APEI\/wp-content\/uploads\/2022\/12\/Miniature.jpg","width":641,"height":336},{"@type":"BreadcrumbList","@id":"https:\/\/apeimeudon.fr\/Blog-APEI\/vente-de-noel-2022\/#breadcrumb","itemListElement":[{"@type":"ListItem","position":1,"name":"Accueil","item":"https:\/\/apeimeudon.fr\/Blog-APEI\/"},{"@type":"ListItem","position":2,"name":"Vente de No\u00ebl 2022"}]},{"@type":"WebSite","@id":"https:\/\/apeimeudon.fr\/Blog-APEI\/#website","url":"https:\/\/apeimeudon.fr\/Blog-APEI\/","name":"La Gazette des Foyers de l&#039;APEI de Meudon","description":"Nos diff\u00e9rences loin de nous l\u00e9ser doivent nous enrichir -  Antoine de Saint-Exup\u00e9ry","publisher":{"@id":"https:\/\/apeimeudon.fr\/Blog-APEI\/#organization"},"potentialAction":[{"@type":"SearchAction","target":{"@type":"EntryPoint","urlTemplate":"https:\/\/apeimeudon.fr\/Blog-APEI\/?s={search_term_string}"},"query-input":{"@type":"PropertyValueSpecification","valueRequired":true,"valueName":"search_term_string"}}],"inLanguage":"fr-FR"},{"@type":"Organization","@id":"https:\/\/apeimeudon.fr\/Blog-APEI\/#organization","name":"APEI de Meudon","url":"https:\/\/apeimeudon.fr\/Blog-APEI\/","logo":{"@type":"ImageObject","inLanguage":"fr-FR","@id":"https:\/\/apeimeudon.fr\/Blog-APEI\/#\/schema\/logo\/image\/","url":"https:\/\/apeimeudon.fr\/Blog-APEI\/wp-content\/uploads\/2017\/10\/Icone-APEI.png","contentUrl":"https:\/\/apeimeudon.fr\/Blog-APEI\/wp-content\/uploads\/2017\/10\/Icone-APEI.png","width":128,"height":128,"caption":"APEI de Meudon"},"image":{"@id":"https:\/\/apeimeudon.fr\/Blog-APEI\/#\/schema\/logo\/image\/"}},{"@type":"Person","@id":"https:\/\/apeimeudon.fr\/Blog-APEI\/#\/schema\/person\/7b748d1733e78ea55c5d6da41bed4a0f","name":"Groupe Communication","image":{"@type":"ImageObject","inLanguage":"fr-FR","@id":"https:\/\/secure.gravatar.com\/avatar\/16759e2385ef7d38ff1630539b0a3c3691c67e29fc372f741c4ee2a2ad4838f5?s=96&d=mm&r=g","url":"https:\/\/secure.gravatar.com\/avatar\/16759e2385ef7d38ff1630539b0a3c3691c67e29fc372f741c4ee2a2ad4838f5?s=96&d=mm&r=g","contentUrl":"https:\/\/secure.gravatar.com\/avatar\/16759e2385ef7d38ff1630539b0a3c3691c67e29fc372f741c4ee2a2ad4838f5?s=96&d=mm&r=g","caption":"Groupe Communication"},"url":"https:\/\/apeimeudon.fr\/Blog-APEI\/author\/groupe-communication\/"}]}},"_links":{"self":[{"href":"https:\/\/apeimeudon.fr\/Blog-APEI\/wp-json\/wp\/v2\/posts\/2744","targetHints":{"allow":["GET"]}}],"collection":[{"href":"https:\/\/apeimeudon.fr\/Blog-APEI\/wp-json\/wp\/v2\/posts"}],"about":[{"href":"https:\/\/apeimeudon.fr\/Blog-APEI\/wp-json\/wp\/v2\/types\/post"}],"author":[{"embeddable":true,"href":"https:\/\/apeimeudon.fr\/Blog-APEI\/wp-json\/wp\/v2\/users\/10"}],"replies":[{"embeddable":true,"href":"https:\/\/apeimeudon.fr\/Blog-APEI\/wp-json\/wp\/v2\/comments?post=2744"}],"version-history":[{"count":2,"href":"https:\/\/apeimeudon.fr\/Blog-APEI\/wp-json\/wp\/v2\/posts\/2744\/revisions"}],"predecessor-version":[{"id":2747,"href":"https:\/\/apeimeudon.fr\/Blog-APEI\/wp-json\/wp\/v2\/posts\/2744\/revisions\/2747"}],"wp:featuredmedia":[{"embeddable":true,"href":"https:\/\/apeimeudon.fr\/Blog-APEI\/wp-json\/wp\/v2\/media\/2743"}],"wp:attachment":[{"href":"https:\/\/apeimeudon.fr\/Blog-APEI\/wp-json\/wp\/v2\/media?parent=2744"}],"wp:term":[{"taxonomy":"category","embeddable":true,"href":"https:\/\/apeimeudon.fr\/Blog-APEI\/wp-json\/wp\/v2\/categories?post=2744"},{"taxonomy":"post_tag","embeddable":true,"href":"https:\/\/apeimeudon.fr\/Blog-APEI\/wp-json\/wp\/v2\/tags?post=2744"}],"curies":[{"name":"wp","href":"https:\/\/api.w.org\/{rel}","templated":true}]}}