{"id":2793,"date":"2023-01-30T00:46:27","date_gmt":"2023-01-29T23:46:27","guid":{"rendered":"http:\/\/apeimeudon.fr\/Blog-APEI\/?p=2793"},"modified":"2023-01-30T00:46:29","modified_gmt":"2023-01-29T23:46:29","slug":"voeux-du-maire-de-meudon-aux-bds","status":"publish","type":"post","link":"https:\/\/apeimeudon.fr\/Blog-APEI\/voeux-du-maire-de-meudon-aux-bds\/","title":{"rendered":"Voeux du Maire de Meudon aux BdS"},"content":{"rendered":"\n<p>Nous avons re\u00e7u la visite de Monsieur Le Maire de Meudon mercredi 26 janvier \u00e0 l\u2019occasion de l\u2019\u00e9change de v\u0153ux pour 2023. Les r\u00e9sidents et l\u2019ensemble du personnel lui ont r\u00e9serv\u00e9 un accueil chaleureux. <\/p>\n\n\n\n<!--more-->\n\n\n\n<p class=\"has-text-align-right\">Monsieur Le Maire a pu avoir un mot pour chacun et une attention avec un ballotin de chocolat.<br>Nous avons poursuivi notre \u00e9change avec un verre de l\u2019amiti\u00e9 durant lequel nous avons pu \u00e9changer sur les projets du foyer pour 2023 et donner des nouvelles de la construction de l\u2019EAM \u00ab La For\u00eat \u00bb.<br>Ce fut un bon moment.<br>D. Eudes<br>Chef de service<\/p>\n\n\n<p>\r\n\t\t\t\t\t\n\r\n\t\t\t\t\t<!-- START UNITE GALLERY 1.7.62 -->\r\n\t\t\t\t\t\r\n\t\t\t\t\n\t\t\t<div id='unitegallery_130_1' class='unite-gallery' style='margin:0px auto;'>\n\t\t\t\t\n\n\t\t\t\t\t\t<img alt=\"20230125_153938\"\n\t\t\t\t\t\t     src=\"\" data-image=\"https:\/\/apeimeudon.fr\/Blog-APEI\/wp-content\/uploads\/2023\/01\/20230125_153938-scaled.jpg\"\n\t\t\t\t\t\t     data-thumb=\"https:\/\/apeimeudon.fr\/Blog-APEI\/wp-content\/uploads\/2023\/01\/20230125_153938-300x225.jpg\"\n\t\t\t\t\t\t     title=\"\"\n\t\t\t\t\t\t     style=\"display:none\">\n\n\t\t\t\t\t\t<img alt=\"20230125_153853\"\n\t\t\t\t\t\t     src=\"\" data-image=\"https:\/\/apeimeudon.fr\/Blog-APEI\/wp-content\/uploads\/2023\/01\/20230125_153853-scaled.jpg\"\n\t\t\t\t\t\t     data-thumb=\"https:\/\/apeimeudon.fr\/Blog-APEI\/wp-content\/uploads\/2023\/01\/20230125_153853-225x300.jpg\"\n\t\t\t\t\t\t     title=\"\"\n\t\t\t\t\t\t     style=\"display:none\">\n\n\t\t\t\t\t\t<img alt=\"20230125_153850\"\n\t\t\t\t\t\t     src=\"\" data-image=\"https:\/\/apeimeudon.fr\/Blog-APEI\/wp-content\/uploads\/2023\/01\/20230125_153850-scaled.jpg\"\n\t\t\t\t\t\t     data-thumb=\"https:\/\/apeimeudon.fr\/Blog-APEI\/wp-content\/uploads\/2023\/01\/20230125_153850-225x300.jpg\"\n\t\t\t\t\t\t     title=\"\"\n\t\t\t\t\t\t     style=\"display:none\">\n\n\t\t\t\t\t\t<img alt=\"20230125_153630\"\n\t\t\t\t\t\t     src=\"\" data-image=\"https:\/\/apeimeudon.fr\/Blog-APEI\/wp-content\/uploads\/2023\/01\/20230125_153630-scaled.jpg\"\n\t\t\t\t\t\t     data-thumb=\"https:\/\/apeimeudon.fr\/Blog-APEI\/wp-content\/uploads\/2023\/01\/20230125_153630-225x300.jpg\"\n\t\t\t\t\t\t     title=\"\"\n\t\t\t\t\t\t     style=\"display:none\">\n\n\t\t\t\t\t\t<img alt=\"20230125_153629\"\n\t\t\t\t\t\t     src=\"\" data-image=\"https:\/\/apeimeudon.fr\/Blog-APEI\/wp-content\/uploads\/2023\/01\/20230125_153629-scaled.jpg\"\n\t\t\t\t\t\t     data-thumb=\"https:\/\/apeimeudon.fr\/Blog-APEI\/wp-content\/uploads\/2023\/01\/20230125_153629-300x225.jpg\"\n\t\t\t\t\t\t     title=\"\"\n\t\t\t\t\t\t     style=\"display:none\">\n\n\t\t\t\t\t\t<img alt=\"20230125_153440\"\n\t\t\t\t\t\t     src=\"\" data-image=\"https:\/\/apeimeudon.fr\/Blog-APEI\/wp-content\/uploads\/2023\/01\/20230125_153440-scaled.jpg\"\n\t\t\t\t\t\t     data-thumb=\"https:\/\/apeimeudon.fr\/Blog-APEI\/wp-content\/uploads\/2023\/01\/20230125_153440-300x225.jpg\"\n\t\t\t\t\t\t     title=\"\"\n\t\t\t\t\t\t     style=\"display:none\">\n\n\t\t\t\t\t\t<img alt=\"20230125_153305\"\n\t\t\t\t\t\t     src=\"\" data-image=\"https:\/\/apeimeudon.fr\/Blog-APEI\/wp-content\/uploads\/2023\/01\/20230125_153305-scaled.jpg\"\n\t\t\t\t\t\t     data-thumb=\"https:\/\/apeimeudon.fr\/Blog-APEI\/wp-content\/uploads\/2023\/01\/20230125_153305-225x300.jpg\"\n\t\t\t\t\t\t     title=\"\"\n\t\t\t\t\t\t     style=\"display:none\">\n\n\t\t\t\t\t\t<img alt=\"20230125_153201\"\n\t\t\t\t\t\t     src=\"\" data-image=\"https:\/\/apeimeudon.fr\/Blog-APEI\/wp-content\/uploads\/2023\/01\/20230125_153201-scaled.jpg\"\n\t\t\t\t\t\t     data-thumb=\"https:\/\/apeimeudon.fr\/Blog-APEI\/wp-content\/uploads\/2023\/01\/20230125_153201-300x225.jpg\"\n\t\t\t\t\t\t     title=\"\"\n\t\t\t\t\t\t     style=\"display:none\">\n\n\t\t\t\t\t\t<img alt=\"20230125_152953\"\n\t\t\t\t\t\t     src=\"\" data-image=\"https:\/\/apeimeudon.fr\/Blog-APEI\/wp-content\/uploads\/2023\/01\/20230125_152953-scaled.jpg\"\n\t\t\t\t\t\t     data-thumb=\"https:\/\/apeimeudon.fr\/Blog-APEI\/wp-content\/uploads\/2023\/01\/20230125_152953-300x225.jpg\"\n\t\t\t\t\t\t     title=\"\"\n\t\t\t\t\t\t     style=\"display:none\">\n\n\t\t\t\t\t\t<img alt=\"20230125_152936\"\n\t\t\t\t\t\t     src=\"\" data-image=\"https:\/\/apeimeudon.fr\/Blog-APEI\/wp-content\/uploads\/2023\/01\/20230125_152936-scaled.jpg\"\n\t\t\t\t\t\t     data-thumb=\"https:\/\/apeimeudon.fr\/Blog-APEI\/wp-content\/uploads\/2023\/01\/20230125_152936-225x300.jpg\"\n\t\t\t\t\t\t     title=\"\"\n\t\t\t\t\t\t     style=\"display:none\">\n\n\t\t\t\t\t\t<img alt=\"20230125_152433\"\n\t\t\t\t\t\t     src=\"\" data-image=\"https:\/\/apeimeudon.fr\/Blog-APEI\/wp-content\/uploads\/2023\/01\/20230125_152433-scaled.jpg\"\n\t\t\t\t\t\t     data-thumb=\"https:\/\/apeimeudon.fr\/Blog-APEI\/wp-content\/uploads\/2023\/01\/20230125_152433-300x225.jpg\"\n\t\t\t\t\t\t     title=\"\"\n\t\t\t\t\t\t     style=\"display:none\">\n\n\t\t\t\t\t\t<img alt=\"20230125_152207\"\n\t\t\t\t\t\t     src=\"\" data-image=\"https:\/\/apeimeudon.fr\/Blog-APEI\/wp-content\/uploads\/2023\/01\/20230125_152207-scaled.jpg\"\n\t\t\t\t\t\t     data-thumb=\"https:\/\/apeimeudon.fr\/Blog-APEI\/wp-content\/uploads\/2023\/01\/20230125_152207-225x300.jpg\"\n\t\t\t\t\t\t     title=\"\"\n\t\t\t\t\t\t     style=\"display:none\">\n\t\t\t<\/div>\n\n\t\t\t<script type='text\/javascript'>\n\t\t\t\twindow.onload = function(e) {\n\t\t\t\t\tif(typeof ugCheckForErrors == \"undefined\"){\n\t\t\t\t\t\tdocument.getElementById(\"unitegallery_130_1\").innerHTML = \"<span style='color:red'>Unite Gallery Error - gallery js and css files not included in the footer. Please make sure that wp_footer() function is added to your theme.<\/span>\";}\n\t\t\t\t\telse{ ugCheckForErrors(\"unitegallery_130_1\", \"jquery\");}\n\t\t\t\t};\n\t\t\t<\/script>\n\n\t\t\t<!-- END UNITEGALLERY --><\/p>\n","protected":false},"excerpt":{"rendered":"<p>Nous avons re\u00e7u la visite de Monsieur Le Maire de Meudon mercredi 26 janvier \u00e0 l\u2019occasion de l\u2019\u00e9change de v\u0153ux pour 2023. Les r\u00e9sidents et l\u2019ensemble du personnel lui ont r\u00e9serv\u00e9 un accueil chaleureux.<\/p>\n","protected":false},"author":5,"featured_media":2792,"comment_status":"open","ping_status":"open","sticky":false,"template":"","format":"standard","meta":{"_acf_changed":false,"_monsterinsights_skip_tracking":false,"_monsterinsights_sitenote_active":false,"_monsterinsights_sitenote_note":"","_monsterinsights_sitenote_category":0,"ngg_post_thumbnail":0,"footnotes":""},"categories":[41,52,1],"tags":[],"class_list":["post-2793","post","type-post","status-publish","format-standard","has-post-thumbnail","hentry","category-bords-de-seine","category-fete","category-non-classe"],"acf":[],"yoast_head":"<!-- This site is optimized with the Yoast SEO plugin v27.3 - https:\/\/yoast.com\/product\/yoast-seo-wordpress\/ -->\n<title>Voeux du Maire de Meudon aux BdS - La Gazette des Foyers de l&#039;APEI de Meudon<\/title>\n<meta name=\"robots\" content=\"index, follow, max-snippet:-1, max-image-preview:large, max-video-preview:-1\" \/>\n<link rel=\"canonical\" href=\"https:\/\/apeimeudon.fr\/Blog-APEI\/voeux-du-maire-de-meudon-aux-bds\/\" \/>\n<meta property=\"og:locale\" content=\"fr_FR\" \/>\n<meta property=\"og:type\" content=\"article\" \/>\n<meta property=\"og:title\" content=\"Voeux du Maire de Meudon aux BdS - La Gazette des Foyers de l&#039;APEI de Meudon\" \/>\n<meta property=\"og:description\" content=\"Nous avons re\u00e7u la visite de Monsieur Le Maire de Meudon mercredi 26 janvier \u00e0 l\u2019occasion de l\u2019\u00e9change de v\u0153ux pour 2023. Les r\u00e9sidents et l\u2019ensemble du personnel lui ont r\u00e9serv\u00e9 un accueil chaleureux.\" \/>\n<meta property=\"og:url\" content=\"https:\/\/apeimeudon.fr\/Blog-APEI\/voeux-du-maire-de-meudon-aux-bds\/\" \/>\n<meta property=\"og:site_name\" content=\"La Gazette des Foyers de l&#039;APEI de Meudon\" \/>\n<meta property=\"article:published_time\" content=\"2023-01-29T23:46:27+00:00\" \/>\n<meta property=\"article:modified_time\" content=\"2023-01-29T23:46:29+00:00\" \/>\n<meta property=\"og:image\" content=\"https:\/\/apeimeudon.fr\/Blog-APEI\/wp-content\/uploads\/2023\/01\/miniature-1.jpg\" \/>\n\t<meta property=\"og:image:width\" content=\"400\" \/>\n\t<meta property=\"og:image:height\" content=\"237\" \/>\n\t<meta property=\"og:image:type\" content=\"image\/jpeg\" \/>\n<meta name=\"author\" content=\"Foyer Bds\" \/>\n<meta name=\"twitter:card\" content=\"summary_large_image\" \/>\n<meta name=\"twitter:label1\" content=\"\u00c9crit par\" \/>\n\t<meta name=\"twitter:data1\" content=\"Foyer Bds\" \/>\n\t<meta name=\"twitter:label2\" content=\"Dur\u00e9e de lecture estim\u00e9e\" \/>\n\t<meta name=\"twitter:data2\" content=\"1 minute\" \/>\n<script type=\"application\/ld+json\" class=\"yoast-schema-graph\">{\"@context\":\"https:\\\/\\\/schema.org\",\"@graph\":[{\"@type\":\"Article\",\"@id\":\"https:\\\/\\\/apeimeudon.fr\\\/Blog-APEI\\\/voeux-du-maire-de-meudon-aux-bds\\\/#article\",\"isPartOf\":{\"@id\":\"https:\\\/\\\/apeimeudon.fr\\\/Blog-APEI\\\/voeux-du-maire-de-meudon-aux-bds\\\/\"},\"author\":{\"name\":\"Foyer Bds\",\"@id\":\"https:\\\/\\\/apeimeudon.fr\\\/Blog-APEI\\\/#\\\/schema\\\/person\\\/2d41ddaee88bc491f0395565c04d6dcf\"},\"headline\":\"Voeux du Maire de Meudon aux BdS\",\"datePublished\":\"2023-01-29T23:46:27+00:00\",\"dateModified\":\"2023-01-29T23:46:29+00:00\",\"mainEntityOfPage\":{\"@id\":\"https:\\\/\\\/apeimeudon.fr\\\/Blog-APEI\\\/voeux-du-maire-de-meudon-aux-bds\\\/\"},\"wordCount\":111,\"commentCount\":0,\"publisher\":{\"@id\":\"https:\\\/\\\/apeimeudon.fr\\\/Blog-APEI\\\/#organization\"},\"image\":{\"@id\":\"https:\\\/\\\/apeimeudon.fr\\\/Blog-APEI\\\/voeux-du-maire-de-meudon-aux-bds\\\/#primaryimage\"},\"thumbnailUrl\":\"https:\\\/\\\/apeimeudon.fr\\\/Blog-APEI\\\/wp-content\\\/uploads\\\/2023\\\/01\\\/miniature-1.jpg\",\"articleSection\":[\"Bords de Seine\",\"F\u00eate\"],\"inLanguage\":\"fr-FR\",\"potentialAction\":[{\"@type\":\"CommentAction\",\"name\":\"Comment\",\"target\":[\"https:\\\/\\\/apeimeudon.fr\\\/Blog-APEI\\\/voeux-du-maire-de-meudon-aux-bds\\\/#respond\"]}]},{\"@type\":\"WebPage\",\"@id\":\"https:\\\/\\\/apeimeudon.fr\\\/Blog-APEI\\\/voeux-du-maire-de-meudon-aux-bds\\\/\",\"url\":\"https:\\\/\\\/apeimeudon.fr\\\/Blog-APEI\\\/voeux-du-maire-de-meudon-aux-bds\\\/\",\"name\":\"Voeux du Maire de Meudon aux BdS - La Gazette des Foyers de l&#039;APEI de Meudon\",\"isPartOf\":{\"@id\":\"https:\\\/\\\/apeimeudon.fr\\\/Blog-APEI\\\/#website\"},\"primaryImageOfPage\":{\"@id\":\"https:\\\/\\\/apeimeudon.fr\\\/Blog-APEI\\\/voeux-du-maire-de-meudon-aux-bds\\\/#primaryimage\"},\"image\":{\"@id\":\"https:\\\/\\\/apeimeudon.fr\\\/Blog-APEI\\\/voeux-du-maire-de-meudon-aux-bds\\\/#primaryimage\"},\"thumbnailUrl\":\"https:\\\/\\\/apeimeudon.fr\\\/Blog-APEI\\\/wp-content\\\/uploads\\\/2023\\\/01\\\/miniature-1.jpg\",\"datePublished\":\"2023-01-29T23:46:27+00:00\",\"dateModified\":\"2023-01-29T23:46:29+00:00\",\"breadcrumb\":{\"@id\":\"https:\\\/\\\/apeimeudon.fr\\\/Blog-APEI\\\/voeux-du-maire-de-meudon-aux-bds\\\/#breadcrumb\"},\"inLanguage\":\"fr-FR\",\"potentialAction\":[{\"@type\":\"ReadAction\",\"target\":[\"https:\\\/\\\/apeimeudon.fr\\\/Blog-APEI\\\/voeux-du-maire-de-meudon-aux-bds\\\/\"]}]},{\"@type\":\"ImageObject\",\"inLanguage\":\"fr-FR\",\"@id\":\"https:\\\/\\\/apeimeudon.fr\\\/Blog-APEI\\\/voeux-du-maire-de-meudon-aux-bds\\\/#primaryimage\",\"url\":\"https:\\\/\\\/apeimeudon.fr\\\/Blog-APEI\\\/wp-content\\\/uploads\\\/2023\\\/01\\\/miniature-1.jpg\",\"contentUrl\":\"https:\\\/\\\/apeimeudon.fr\\\/Blog-APEI\\\/wp-content\\\/uploads\\\/2023\\\/01\\\/miniature-1.jpg\",\"width\":400,\"height\":237},{\"@type\":\"BreadcrumbList\",\"@id\":\"https:\\\/\\\/apeimeudon.fr\\\/Blog-APEI\\\/voeux-du-maire-de-meudon-aux-bds\\\/#breadcrumb\",\"itemListElement\":[{\"@type\":\"ListItem\",\"position\":1,\"name\":\"Accueil\",\"item\":\"https:\\\/\\\/apeimeudon.fr\\\/Blog-APEI\\\/\"},{\"@type\":\"ListItem\",\"position\":2,\"name\":\"Voeux du Maire de Meudon aux BdS\"}]},{\"@type\":\"WebSite\",\"@id\":\"https:\\\/\\\/apeimeudon.fr\\\/Blog-APEI\\\/#website\",\"url\":\"https:\\\/\\\/apeimeudon.fr\\\/Blog-APEI\\\/\",\"name\":\"La Gazette des Foyers de l&#039;APEI de Meudon\",\"description\":\"Nos diff\u00e9rences loin de nous l\u00e9ser doivent nous enrichir -  Antoine de Saint-Exup\u00e9ry\",\"publisher\":{\"@id\":\"https:\\\/\\\/apeimeudon.fr\\\/Blog-APEI\\\/#organization\"},\"potentialAction\":[{\"@type\":\"SearchAction\",\"target\":{\"@type\":\"EntryPoint\",\"urlTemplate\":\"https:\\\/\\\/apeimeudon.fr\\\/Blog-APEI\\\/?s={search_term_string}\"},\"query-input\":{\"@type\":\"PropertyValueSpecification\",\"valueRequired\":true,\"valueName\":\"search_term_string\"}}],\"inLanguage\":\"fr-FR\"},{\"@type\":\"Organization\",\"@id\":\"https:\\\/\\\/apeimeudon.fr\\\/Blog-APEI\\\/#organization\",\"name\":\"APEI de Meudon\",\"url\":\"https:\\\/\\\/apeimeudon.fr\\\/Blog-APEI\\\/\",\"logo\":{\"@type\":\"ImageObject\",\"inLanguage\":\"fr-FR\",\"@id\":\"https:\\\/\\\/apeimeudon.fr\\\/Blog-APEI\\\/#\\\/schema\\\/logo\\\/image\\\/\",\"url\":\"https:\\\/\\\/apeimeudon.fr\\\/Blog-APEI\\\/wp-content\\\/uploads\\\/2017\\\/10\\\/Icone-APEI.png\",\"contentUrl\":\"https:\\\/\\\/apeimeudon.fr\\\/Blog-APEI\\\/wp-content\\\/uploads\\\/2017\\\/10\\\/Icone-APEI.png\",\"width\":128,\"height\":128,\"caption\":\"APEI de Meudon\"},\"image\":{\"@id\":\"https:\\\/\\\/apeimeudon.fr\\\/Blog-APEI\\\/#\\\/schema\\\/logo\\\/image\\\/\"}},{\"@type\":\"Person\",\"@id\":\"https:\\\/\\\/apeimeudon.fr\\\/Blog-APEI\\\/#\\\/schema\\\/person\\\/2d41ddaee88bc491f0395565c04d6dcf\",\"name\":\"Foyer Bds\",\"image\":{\"@type\":\"ImageObject\",\"inLanguage\":\"fr-FR\",\"@id\":\"https:\\\/\\\/secure.gravatar.com\\\/avatar\\\/2824d78017d63e5b1d89886a235d39ec793723d3510d9d5266ff1a9edbc71999?s=96&d=mm&r=g\",\"url\":\"https:\\\/\\\/secure.gravatar.com\\\/avatar\\\/2824d78017d63e5b1d89886a235d39ec793723d3510d9d5266ff1a9edbc71999?s=96&d=mm&r=g\",\"contentUrl\":\"https:\\\/\\\/secure.gravatar.com\\\/avatar\\\/2824d78017d63e5b1d89886a235d39ec793723d3510d9d5266ff1a9edbc71999?s=96&d=mm&r=g\",\"caption\":\"Foyer Bds\"},\"url\":\"https:\\\/\\\/apeimeudon.fr\\\/Blog-APEI\\\/author\\\/foyer-bds\\\/\"}]}<\/script>\n<!-- \/ Yoast SEO plugin. -->","yoast_head_json":{"title":"Voeux du Maire de Meudon aux BdS - La Gazette des Foyers de l&#039;APEI de Meudon","robots":{"index":"index","follow":"follow","max-snippet":"max-snippet:-1","max-image-preview":"max-image-preview:large","max-video-preview":"max-video-preview:-1"},"canonical":"https:\/\/apeimeudon.fr\/Blog-APEI\/voeux-du-maire-de-meudon-aux-bds\/","og_locale":"fr_FR","og_type":"article","og_title":"Voeux du Maire de Meudon aux BdS - La Gazette des Foyers de l&#039;APEI de Meudon","og_description":"Nous avons re\u00e7u la visite de Monsieur Le Maire de Meudon mercredi 26 janvier \u00e0 l\u2019occasion de l\u2019\u00e9change de v\u0153ux pour 2023. Les r\u00e9sidents et l\u2019ensemble du personnel lui ont r\u00e9serv\u00e9 un accueil chaleureux.","og_url":"https:\/\/apeimeudon.fr\/Blog-APEI\/voeux-du-maire-de-meudon-aux-bds\/","og_site_name":"La Gazette des Foyers de l&#039;APEI de Meudon","article_published_time":"2023-01-29T23:46:27+00:00","article_modified_time":"2023-01-29T23:46:29+00:00","og_image":[{"width":400,"height":237,"url":"https:\/\/apeimeudon.fr\/Blog-APEI\/wp-content\/uploads\/2023\/01\/miniature-1.jpg","type":"image\/jpeg"}],"author":"Foyer Bds","twitter_card":"summary_large_image","twitter_misc":{"\u00c9crit par":"Foyer Bds","Dur\u00e9e de lecture estim\u00e9e":"1 minute"},"schema":{"@context":"https:\/\/schema.org","@graph":[{"@type":"Article","@id":"https:\/\/apeimeudon.fr\/Blog-APEI\/voeux-du-maire-de-meudon-aux-bds\/#article","isPartOf":{"@id":"https:\/\/apeimeudon.fr\/Blog-APEI\/voeux-du-maire-de-meudon-aux-bds\/"},"author":{"name":"Foyer Bds","@id":"https:\/\/apeimeudon.fr\/Blog-APEI\/#\/schema\/person\/2d41ddaee88bc491f0395565c04d6dcf"},"headline":"Voeux du Maire de Meudon aux BdS","datePublished":"2023-01-29T23:46:27+00:00","dateModified":"2023-01-29T23:46:29+00:00","mainEntityOfPage":{"@id":"https:\/\/apeimeudon.fr\/Blog-APEI\/voeux-du-maire-de-meudon-aux-bds\/"},"wordCount":111,"commentCount":0,"publisher":{"@id":"https:\/\/apeimeudon.fr\/Blog-APEI\/#organization"},"image":{"@id":"https:\/\/apeimeudon.fr\/Blog-APEI\/voeux-du-maire-de-meudon-aux-bds\/#primaryimage"},"thumbnailUrl":"https:\/\/apeimeudon.fr\/Blog-APEI\/wp-content\/uploads\/2023\/01\/miniature-1.jpg","articleSection":["Bords de Seine","F\u00eate"],"inLanguage":"fr-FR","potentialAction":[{"@type":"CommentAction","name":"Comment","target":["https:\/\/apeimeudon.fr\/Blog-APEI\/voeux-du-maire-de-meudon-aux-bds\/#respond"]}]},{"@type":"WebPage","@id":"https:\/\/apeimeudon.fr\/Blog-APEI\/voeux-du-maire-de-meudon-aux-bds\/","url":"https:\/\/apeimeudon.fr\/Blog-APEI\/voeux-du-maire-de-meudon-aux-bds\/","name":"Voeux du Maire de Meudon aux BdS - La Gazette des Foyers de l&#039;APEI de Meudon","isPartOf":{"@id":"https:\/\/apeimeudon.fr\/Blog-APEI\/#website"},"primaryImageOfPage":{"@id":"https:\/\/apeimeudon.fr\/Blog-APEI\/voeux-du-maire-de-meudon-aux-bds\/#primaryimage"},"image":{"@id":"https:\/\/apeimeudon.fr\/Blog-APEI\/voeux-du-maire-de-meudon-aux-bds\/#primaryimage"},"thumbnailUrl":"https:\/\/apeimeudon.fr\/Blog-APEI\/wp-content\/uploads\/2023\/01\/miniature-1.jpg","datePublished":"2023-01-29T23:46:27+00:00","dateModified":"2023-01-29T23:46:29+00:00","breadcrumb":{"@id":"https:\/\/apeimeudon.fr\/Blog-APEI\/voeux-du-maire-de-meudon-aux-bds\/#breadcrumb"},"inLanguage":"fr-FR","potentialAction":[{"@type":"ReadAction","target":["https:\/\/apeimeudon.fr\/Blog-APEI\/voeux-du-maire-de-meudon-aux-bds\/"]}]},{"@type":"ImageObject","inLanguage":"fr-FR","@id":"https:\/\/apeimeudon.fr\/Blog-APEI\/voeux-du-maire-de-meudon-aux-bds\/#primaryimage","url":"https:\/\/apeimeudon.fr\/Blog-APEI\/wp-content\/uploads\/2023\/01\/miniature-1.jpg","contentUrl":"https:\/\/apeimeudon.fr\/Blog-APEI\/wp-content\/uploads\/2023\/01\/miniature-1.jpg","width":400,"height":237},{"@type":"BreadcrumbList","@id":"https:\/\/apeimeudon.fr\/Blog-APEI\/voeux-du-maire-de-meudon-aux-bds\/#breadcrumb","itemListElement":[{"@type":"ListItem","position":1,"name":"Accueil","item":"https:\/\/apeimeudon.fr\/Blog-APEI\/"},{"@type":"ListItem","position":2,"name":"Voeux du Maire de Meudon aux BdS"}]},{"@type":"WebSite","@id":"https:\/\/apeimeudon.fr\/Blog-APEI\/#website","url":"https:\/\/apeimeudon.fr\/Blog-APEI\/","name":"La Gazette des Foyers de l&#039;APEI de Meudon","description":"Nos diff\u00e9rences loin de nous l\u00e9ser doivent nous enrichir -  Antoine de Saint-Exup\u00e9ry","publisher":{"@id":"https:\/\/apeimeudon.fr\/Blog-APEI\/#organization"},"potentialAction":[{"@type":"SearchAction","target":{"@type":"EntryPoint","urlTemplate":"https:\/\/apeimeudon.fr\/Blog-APEI\/?s={search_term_string}"},"query-input":{"@type":"PropertyValueSpecification","valueRequired":true,"valueName":"search_term_string"}}],"inLanguage":"fr-FR"},{"@type":"Organization","@id":"https:\/\/apeimeudon.fr\/Blog-APEI\/#organization","name":"APEI de Meudon","url":"https:\/\/apeimeudon.fr\/Blog-APEI\/","logo":{"@type":"ImageObject","inLanguage":"fr-FR","@id":"https:\/\/apeimeudon.fr\/Blog-APEI\/#\/schema\/logo\/image\/","url":"https:\/\/apeimeudon.fr\/Blog-APEI\/wp-content\/uploads\/2017\/10\/Icone-APEI.png","contentUrl":"https:\/\/apeimeudon.fr\/Blog-APEI\/wp-content\/uploads\/2017\/10\/Icone-APEI.png","width":128,"height":128,"caption":"APEI de Meudon"},"image":{"@id":"https:\/\/apeimeudon.fr\/Blog-APEI\/#\/schema\/logo\/image\/"}},{"@type":"Person","@id":"https:\/\/apeimeudon.fr\/Blog-APEI\/#\/schema\/person\/2d41ddaee88bc491f0395565c04d6dcf","name":"Foyer Bds","image":{"@type":"ImageObject","inLanguage":"fr-FR","@id":"https:\/\/secure.gravatar.com\/avatar\/2824d78017d63e5b1d89886a235d39ec793723d3510d9d5266ff1a9edbc71999?s=96&d=mm&r=g","url":"https:\/\/secure.gravatar.com\/avatar\/2824d78017d63e5b1d89886a235d39ec793723d3510d9d5266ff1a9edbc71999?s=96&d=mm&r=g","contentUrl":"https:\/\/secure.gravatar.com\/avatar\/2824d78017d63e5b1d89886a235d39ec793723d3510d9d5266ff1a9edbc71999?s=96&d=mm&r=g","caption":"Foyer Bds"},"url":"https:\/\/apeimeudon.fr\/Blog-APEI\/author\/foyer-bds\/"}]}},"_links":{"self":[{"href":"https:\/\/apeimeudon.fr\/Blog-APEI\/wp-json\/wp\/v2\/posts\/2793","targetHints":{"allow":["GET"]}}],"collection":[{"href":"https:\/\/apeimeudon.fr\/Blog-APEI\/wp-json\/wp\/v2\/posts"}],"about":[{"href":"https:\/\/apeimeudon.fr\/Blog-APEI\/wp-json\/wp\/v2\/types\/post"}],"author":[{"embeddable":true,"href":"https:\/\/apeimeudon.fr\/Blog-APEI\/wp-json\/wp\/v2\/users\/5"}],"replies":[{"embeddable":true,"href":"https:\/\/apeimeudon.fr\/Blog-APEI\/wp-json\/wp\/v2\/comments?post=2793"}],"version-history":[{"count":1,"href":"https:\/\/apeimeudon.fr\/Blog-APEI\/wp-json\/wp\/v2\/posts\/2793\/revisions"}],"predecessor-version":[{"id":2794,"href":"https:\/\/apeimeudon.fr\/Blog-APEI\/wp-json\/wp\/v2\/posts\/2793\/revisions\/2794"}],"wp:featuredmedia":[{"embeddable":true,"href":"https:\/\/apeimeudon.fr\/Blog-APEI\/wp-json\/wp\/v2\/media\/2792"}],"wp:attachment":[{"href":"https:\/\/apeimeudon.fr\/Blog-APEI\/wp-json\/wp\/v2\/media?parent=2793"}],"wp:term":[{"taxonomy":"category","embeddable":true,"href":"https:\/\/apeimeudon.fr\/Blog-APEI\/wp-json\/wp\/v2\/categories?post=2793"},{"taxonomy":"post_tag","embeddable":true,"href":"https:\/\/apeimeudon.fr\/Blog-APEI\/wp-json\/wp\/v2\/tags?post=2793"}],"curies":[{"name":"wp","href":"https:\/\/api.w.org\/{rel}","templated":true}]}}