{"id":2898,"date":"2023-05-05T18:12:28","date_gmt":"2023-05-05T16:12:28","guid":{"rendered":"http:\/\/apeimeudon.fr\/Blog-APEI\/?p=2898"},"modified":"2023-05-05T18:12:30","modified_gmt":"2023-05-05T16:12:30","slug":"michel-reprend-le-tram","status":"publish","type":"post","link":"https:\/\/apeimeudon.fr\/Blog-APEI\/michel-reprend-le-tram\/","title":{"rendered":"Michel reprend le Tram !"},"content":{"rendered":"\n<p>Apr\u00e8s plusieurs mois de travail \u00e9ducatif r\u00e9gulier avec le c\u00e9l\u00e8bre MICHEL des Bords de Seine, il a r\u00e9ussi&nbsp;!!!<\/p>\n\n\n\n<p class=\"has-text-align-center\"><strong>MICHEL A PRIS LE TRAM pour quelques stations.<\/strong><\/p>\n\n\n\n<!--more-->\n\n\n\n<p>Michel a toujours \u00e9t\u00e9 un grand voyageur. Il adore le train, le m\u00e9tro, le Tram\u2026. Tous les jours avant le confinement et la pand\u00e9mie, il circulait en Ile de France. Il a d\u00fb cesser et rester au foyer comme tous durant de longs mois.<\/p>\n\n\n\n<p>Michel a ainsi perdu ses rep\u00e8res,&nbsp; ses envies. Des peurs monumentales sont apparues. Michel a refus\u00e9 de sortir durant de longs mois, pr\u00e9textant le bruit, la circulation, la peur des chiens, des p\u00e9tards, la difficult\u00e9 de marcher\u2026 mais son envie \u00e9tait toujours l\u00e0 d\u2019avoir un carnet de ticket en poche pour pouvoir reprendre les transports.<\/p>\n\n\n\n<p>Et aujourd\u2019hui, il a r\u00e9ussi&nbsp;!<\/p>\n\n\n\n<p>Ses yeux n\u2019\u00e9taient pas assez grands pour essayer de voir tout autour de lui, de voir les bateaux sur la Seine, sentir les vibrations du Tram, mettre son ticket dans la machine\u2026<\/p>\n\n\n\n<p><strong>Bravo Michel<\/strong>, vous avez r\u00e9ussi, nous sommes fiers de vous.<\/p>\n\n\n\n<p>Vous nous avez d\u00e9montrez avec simplicit\u00e9, qu\u2019il faut toujours croire que c\u2019est possible.<\/p>\n\n\n\n<p class=\"has-text-align-right\">Dominique<\/p>\n\n\n\n<p><\/p>\n\n\n<p>\r\n\t\t\t\t\t\n\r\n\t\t\t\t\t<!-- START UNITE GALLERY 1.7.62 -->\r\n\t\t\t\t\t\r\n\t\t\t\t\n\t\t\t<div id='unitegallery_139_1' class='unite-gallery' style='margin:0px auto;'>\n\t\t\t\t\n\n\t\t\t\t\t\t<img alt=\"20230427_112023\"\n\t\t\t\t\t\t     src=\"\" data-image=\"https:\/\/apeimeudon.fr\/Blog-APEI\/wp-content\/uploads\/2023\/05\/20230427_112023-scaled.jpg\"\n\t\t\t\t\t\t     data-thumb=\"https:\/\/apeimeudon.fr\/Blog-APEI\/wp-content\/uploads\/2023\/05\/20230427_112023-225x300.jpg\"\n\t\t\t\t\t\t     title=\"\"\n\t\t\t\t\t\t     style=\"display:none\">\n\n\t\t\t\t\t\t<img alt=\"20230427_112630\"\n\t\t\t\t\t\t     src=\"\" data-image=\"https:\/\/apeimeudon.fr\/Blog-APEI\/wp-content\/uploads\/2023\/05\/20230427_112630-scaled.jpg\"\n\t\t\t\t\t\t     data-thumb=\"https:\/\/apeimeudon.fr\/Blog-APEI\/wp-content\/uploads\/2023\/05\/20230427_112630-225x300.jpg\"\n\t\t\t\t\t\t     title=\"\"\n\t\t\t\t\t\t     style=\"display:none\">\n\n\t\t\t\t\t\t<img alt=\"20230427_111616\"\n\t\t\t\t\t\t     src=\"\" data-image=\"https:\/\/apeimeudon.fr\/Blog-APEI\/wp-content\/uploads\/2023\/05\/20230427_111616-scaled.jpg\"\n\t\t\t\t\t\t     data-thumb=\"https:\/\/apeimeudon.fr\/Blog-APEI\/wp-content\/uploads\/2023\/05\/20230427_111616-225x300.jpg\"\n\t\t\t\t\t\t     title=\"\"\n\t\t\t\t\t\t     style=\"display:none\">\n\t\t\t<\/div>\n\n\t\t\t<script type='text\/javascript'>\n\t\t\t\twindow.onload = function(e) {\n\t\t\t\t\tif(typeof ugCheckForErrors == \"undefined\"){\n\t\t\t\t\t\tdocument.getElementById(\"unitegallery_139_1\").innerHTML = \"<span style='color:red'>Unite Gallery Error - gallery js and css files not included in the footer. Please make sure that wp_footer() function is added to your theme.<\/span>\";}\n\t\t\t\t\telse{ ugCheckForErrors(\"unitegallery_139_1\", \"jquery\");}\n\t\t\t\t};\n\t\t\t<\/script>\n\n\t\t\t<!-- END UNITEGALLERY --><\/p>\n","protected":false},"excerpt":{"rendered":"<p>Apr\u00e8s plusieurs mois de travail \u00e9ducatif r\u00e9gulier avec le c\u00e9l\u00e8bre MICHEL des Bords de Seine, il a r\u00e9ussi&nbsp;!!! MICHEL A PRIS LE TRAM pour quelques stations.<\/p>\n","protected":false},"author":5,"featured_media":2897,"comment_status":"open","ping_status":"open","sticky":false,"template":"","format":"standard","meta":{"_acf_changed":false,"_monsterinsights_skip_tracking":false,"_monsterinsights_sitenote_active":false,"_monsterinsights_sitenote_note":"","_monsterinsights_sitenote_category":0,"ngg_post_thumbnail":0,"footnotes":""},"categories":[41,1,49],"tags":[],"class_list":["post-2898","post","type-post","status-publish","format-standard","has-post-thumbnail","hentry","category-bords-de-seine","category-non-classe","category-sortie"],"acf":[],"yoast_head":"<!-- This site is optimized with the Yoast SEO plugin v27.3 - https:\/\/yoast.com\/product\/yoast-seo-wordpress\/ -->\n<title>Michel reprend le Tram ! - La Gazette des Foyers de l&#039;APEI de Meudon<\/title>\n<meta name=\"robots\" content=\"index, follow, max-snippet:-1, max-image-preview:large, max-video-preview:-1\" \/>\n<link rel=\"canonical\" href=\"https:\/\/apeimeudon.fr\/Blog-APEI\/michel-reprend-le-tram\/\" \/>\n<meta property=\"og:locale\" content=\"fr_FR\" \/>\n<meta property=\"og:type\" content=\"article\" \/>\n<meta property=\"og:title\" content=\"Michel reprend le Tram ! - La Gazette des Foyers de l&#039;APEI de Meudon\" \/>\n<meta property=\"og:description\" content=\"Apr\u00e8s plusieurs mois de travail \u00e9ducatif r\u00e9gulier avec le c\u00e9l\u00e8bre MICHEL des Bords de Seine, il a r\u00e9ussi&nbsp;!!! MICHEL A PRIS LE TRAM pour quelques stations.\" \/>\n<meta property=\"og:url\" content=\"https:\/\/apeimeudon.fr\/Blog-APEI\/michel-reprend-le-tram\/\" \/>\n<meta property=\"og:site_name\" content=\"La Gazette des Foyers de l&#039;APEI de Meudon\" \/>\n<meta property=\"article:published_time\" content=\"2023-05-05T16:12:28+00:00\" \/>\n<meta property=\"article:modified_time\" content=\"2023-05-05T16:12:30+00:00\" \/>\n<meta property=\"og:image\" content=\"https:\/\/apeimeudon.fr\/Blog-APEI\/wp-content\/uploads\/2023\/05\/Miniature.jpg\" \/>\n\t<meta property=\"og:image:width\" content=\"400\" \/>\n\t<meta property=\"og:image:height\" content=\"201\" \/>\n\t<meta property=\"og:image:type\" content=\"image\/jpeg\" \/>\n<meta name=\"author\" content=\"Foyer Bds\" \/>\n<meta name=\"twitter:card\" content=\"summary_large_image\" \/>\n<meta name=\"twitter:label1\" content=\"\u00c9crit par\" \/>\n\t<meta name=\"twitter:data1\" content=\"Foyer Bds\" \/>\n\t<meta name=\"twitter:label2\" content=\"Dur\u00e9e de lecture estim\u00e9e\" \/>\n\t<meta name=\"twitter:data2\" content=\"1 minute\" \/>\n<script type=\"application\/ld+json\" class=\"yoast-schema-graph\">{\"@context\":\"https:\\\/\\\/schema.org\",\"@graph\":[{\"@type\":\"Article\",\"@id\":\"https:\\\/\\\/apeimeudon.fr\\\/Blog-APEI\\\/michel-reprend-le-tram\\\/#article\",\"isPartOf\":{\"@id\":\"https:\\\/\\\/apeimeudon.fr\\\/Blog-APEI\\\/michel-reprend-le-tram\\\/\"},\"author\":{\"name\":\"Foyer Bds\",\"@id\":\"https:\\\/\\\/apeimeudon.fr\\\/Blog-APEI\\\/#\\\/schema\\\/person\\\/2d41ddaee88bc491f0395565c04d6dcf\"},\"headline\":\"Michel reprend le Tram !\",\"datePublished\":\"2023-05-05T16:12:28+00:00\",\"dateModified\":\"2023-05-05T16:12:30+00:00\",\"mainEntityOfPage\":{\"@id\":\"https:\\\/\\\/apeimeudon.fr\\\/Blog-APEI\\\/michel-reprend-le-tram\\\/\"},\"wordCount\":216,\"commentCount\":0,\"publisher\":{\"@id\":\"https:\\\/\\\/apeimeudon.fr\\\/Blog-APEI\\\/#organization\"},\"image\":{\"@id\":\"https:\\\/\\\/apeimeudon.fr\\\/Blog-APEI\\\/michel-reprend-le-tram\\\/#primaryimage\"},\"thumbnailUrl\":\"https:\\\/\\\/apeimeudon.fr\\\/Blog-APEI\\\/wp-content\\\/uploads\\\/2023\\\/05\\\/Miniature.jpg\",\"articleSection\":{\"0\":\"Bords de Seine\",\"2\":\"Sortie\"},\"inLanguage\":\"fr-FR\",\"potentialAction\":[{\"@type\":\"CommentAction\",\"name\":\"Comment\",\"target\":[\"https:\\\/\\\/apeimeudon.fr\\\/Blog-APEI\\\/michel-reprend-le-tram\\\/#respond\"]}]},{\"@type\":\"WebPage\",\"@id\":\"https:\\\/\\\/apeimeudon.fr\\\/Blog-APEI\\\/michel-reprend-le-tram\\\/\",\"url\":\"https:\\\/\\\/apeimeudon.fr\\\/Blog-APEI\\\/michel-reprend-le-tram\\\/\",\"name\":\"Michel reprend le Tram ! - La Gazette des Foyers de l&#039;APEI de Meudon\",\"isPartOf\":{\"@id\":\"https:\\\/\\\/apeimeudon.fr\\\/Blog-APEI\\\/#website\"},\"primaryImageOfPage\":{\"@id\":\"https:\\\/\\\/apeimeudon.fr\\\/Blog-APEI\\\/michel-reprend-le-tram\\\/#primaryimage\"},\"image\":{\"@id\":\"https:\\\/\\\/apeimeudon.fr\\\/Blog-APEI\\\/michel-reprend-le-tram\\\/#primaryimage\"},\"thumbnailUrl\":\"https:\\\/\\\/apeimeudon.fr\\\/Blog-APEI\\\/wp-content\\\/uploads\\\/2023\\\/05\\\/Miniature.jpg\",\"datePublished\":\"2023-05-05T16:12:28+00:00\",\"dateModified\":\"2023-05-05T16:12:30+00:00\",\"breadcrumb\":{\"@id\":\"https:\\\/\\\/apeimeudon.fr\\\/Blog-APEI\\\/michel-reprend-le-tram\\\/#breadcrumb\"},\"inLanguage\":\"fr-FR\",\"potentialAction\":[{\"@type\":\"ReadAction\",\"target\":[\"https:\\\/\\\/apeimeudon.fr\\\/Blog-APEI\\\/michel-reprend-le-tram\\\/\"]}]},{\"@type\":\"ImageObject\",\"inLanguage\":\"fr-FR\",\"@id\":\"https:\\\/\\\/apeimeudon.fr\\\/Blog-APEI\\\/michel-reprend-le-tram\\\/#primaryimage\",\"url\":\"https:\\\/\\\/apeimeudon.fr\\\/Blog-APEI\\\/wp-content\\\/uploads\\\/2023\\\/05\\\/Miniature.jpg\",\"contentUrl\":\"https:\\\/\\\/apeimeudon.fr\\\/Blog-APEI\\\/wp-content\\\/uploads\\\/2023\\\/05\\\/Miniature.jpg\",\"width\":400,\"height\":201},{\"@type\":\"BreadcrumbList\",\"@id\":\"https:\\\/\\\/apeimeudon.fr\\\/Blog-APEI\\\/michel-reprend-le-tram\\\/#breadcrumb\",\"itemListElement\":[{\"@type\":\"ListItem\",\"position\":1,\"name\":\"Accueil\",\"item\":\"https:\\\/\\\/apeimeudon.fr\\\/Blog-APEI\\\/\"},{\"@type\":\"ListItem\",\"position\":2,\"name\":\"Michel reprend le Tram !\"}]},{\"@type\":\"WebSite\",\"@id\":\"https:\\\/\\\/apeimeudon.fr\\\/Blog-APEI\\\/#website\",\"url\":\"https:\\\/\\\/apeimeudon.fr\\\/Blog-APEI\\\/\",\"name\":\"La Gazette des Foyers de l&#039;APEI de Meudon\",\"description\":\"Nos diff\u00e9rences loin de nous l\u00e9ser doivent nous enrichir -  Antoine de Saint-Exup\u00e9ry\",\"publisher\":{\"@id\":\"https:\\\/\\\/apeimeudon.fr\\\/Blog-APEI\\\/#organization\"},\"potentialAction\":[{\"@type\":\"SearchAction\",\"target\":{\"@type\":\"EntryPoint\",\"urlTemplate\":\"https:\\\/\\\/apeimeudon.fr\\\/Blog-APEI\\\/?s={search_term_string}\"},\"query-input\":{\"@type\":\"PropertyValueSpecification\",\"valueRequired\":true,\"valueName\":\"search_term_string\"}}],\"inLanguage\":\"fr-FR\"},{\"@type\":\"Organization\",\"@id\":\"https:\\\/\\\/apeimeudon.fr\\\/Blog-APEI\\\/#organization\",\"name\":\"APEI de Meudon\",\"url\":\"https:\\\/\\\/apeimeudon.fr\\\/Blog-APEI\\\/\",\"logo\":{\"@type\":\"ImageObject\",\"inLanguage\":\"fr-FR\",\"@id\":\"https:\\\/\\\/apeimeudon.fr\\\/Blog-APEI\\\/#\\\/schema\\\/logo\\\/image\\\/\",\"url\":\"https:\\\/\\\/apeimeudon.fr\\\/Blog-APEI\\\/wp-content\\\/uploads\\\/2017\\\/10\\\/Icone-APEI.png\",\"contentUrl\":\"https:\\\/\\\/apeimeudon.fr\\\/Blog-APEI\\\/wp-content\\\/uploads\\\/2017\\\/10\\\/Icone-APEI.png\",\"width\":128,\"height\":128,\"caption\":\"APEI de Meudon\"},\"image\":{\"@id\":\"https:\\\/\\\/apeimeudon.fr\\\/Blog-APEI\\\/#\\\/schema\\\/logo\\\/image\\\/\"}},{\"@type\":\"Person\",\"@id\":\"https:\\\/\\\/apeimeudon.fr\\\/Blog-APEI\\\/#\\\/schema\\\/person\\\/2d41ddaee88bc491f0395565c04d6dcf\",\"name\":\"Foyer Bds\",\"image\":{\"@type\":\"ImageObject\",\"inLanguage\":\"fr-FR\",\"@id\":\"https:\\\/\\\/secure.gravatar.com\\\/avatar\\\/2824d78017d63e5b1d89886a235d39ec793723d3510d9d5266ff1a9edbc71999?s=96&d=mm&r=g\",\"url\":\"https:\\\/\\\/secure.gravatar.com\\\/avatar\\\/2824d78017d63e5b1d89886a235d39ec793723d3510d9d5266ff1a9edbc71999?s=96&d=mm&r=g\",\"contentUrl\":\"https:\\\/\\\/secure.gravatar.com\\\/avatar\\\/2824d78017d63e5b1d89886a235d39ec793723d3510d9d5266ff1a9edbc71999?s=96&d=mm&r=g\",\"caption\":\"Foyer Bds\"},\"url\":\"https:\\\/\\\/apeimeudon.fr\\\/Blog-APEI\\\/author\\\/foyer-bds\\\/\"}]}<\/script>\n<!-- \/ Yoast SEO plugin. -->","yoast_head_json":{"title":"Michel reprend le Tram ! - La Gazette des Foyers de l&#039;APEI de Meudon","robots":{"index":"index","follow":"follow","max-snippet":"max-snippet:-1","max-image-preview":"max-image-preview:large","max-video-preview":"max-video-preview:-1"},"canonical":"https:\/\/apeimeudon.fr\/Blog-APEI\/michel-reprend-le-tram\/","og_locale":"fr_FR","og_type":"article","og_title":"Michel reprend le Tram ! - La Gazette des Foyers de l&#039;APEI de Meudon","og_description":"Apr\u00e8s plusieurs mois de travail \u00e9ducatif r\u00e9gulier avec le c\u00e9l\u00e8bre MICHEL des Bords de Seine, il a r\u00e9ussi&nbsp;!!! MICHEL A PRIS LE TRAM pour quelques stations.","og_url":"https:\/\/apeimeudon.fr\/Blog-APEI\/michel-reprend-le-tram\/","og_site_name":"La Gazette des Foyers de l&#039;APEI de Meudon","article_published_time":"2023-05-05T16:12:28+00:00","article_modified_time":"2023-05-05T16:12:30+00:00","og_image":[{"width":400,"height":201,"url":"https:\/\/apeimeudon.fr\/Blog-APEI\/wp-content\/uploads\/2023\/05\/Miniature.jpg","type":"image\/jpeg"}],"author":"Foyer Bds","twitter_card":"summary_large_image","twitter_misc":{"\u00c9crit par":"Foyer Bds","Dur\u00e9e de lecture estim\u00e9e":"1 minute"},"schema":{"@context":"https:\/\/schema.org","@graph":[{"@type":"Article","@id":"https:\/\/apeimeudon.fr\/Blog-APEI\/michel-reprend-le-tram\/#article","isPartOf":{"@id":"https:\/\/apeimeudon.fr\/Blog-APEI\/michel-reprend-le-tram\/"},"author":{"name":"Foyer Bds","@id":"https:\/\/apeimeudon.fr\/Blog-APEI\/#\/schema\/person\/2d41ddaee88bc491f0395565c04d6dcf"},"headline":"Michel reprend le Tram !","datePublished":"2023-05-05T16:12:28+00:00","dateModified":"2023-05-05T16:12:30+00:00","mainEntityOfPage":{"@id":"https:\/\/apeimeudon.fr\/Blog-APEI\/michel-reprend-le-tram\/"},"wordCount":216,"commentCount":0,"publisher":{"@id":"https:\/\/apeimeudon.fr\/Blog-APEI\/#organization"},"image":{"@id":"https:\/\/apeimeudon.fr\/Blog-APEI\/michel-reprend-le-tram\/#primaryimage"},"thumbnailUrl":"https:\/\/apeimeudon.fr\/Blog-APEI\/wp-content\/uploads\/2023\/05\/Miniature.jpg","articleSection":{"0":"Bords de Seine","2":"Sortie"},"inLanguage":"fr-FR","potentialAction":[{"@type":"CommentAction","name":"Comment","target":["https:\/\/apeimeudon.fr\/Blog-APEI\/michel-reprend-le-tram\/#respond"]}]},{"@type":"WebPage","@id":"https:\/\/apeimeudon.fr\/Blog-APEI\/michel-reprend-le-tram\/","url":"https:\/\/apeimeudon.fr\/Blog-APEI\/michel-reprend-le-tram\/","name":"Michel reprend le Tram ! - La Gazette des Foyers de l&#039;APEI de Meudon","isPartOf":{"@id":"https:\/\/apeimeudon.fr\/Blog-APEI\/#website"},"primaryImageOfPage":{"@id":"https:\/\/apeimeudon.fr\/Blog-APEI\/michel-reprend-le-tram\/#primaryimage"},"image":{"@id":"https:\/\/apeimeudon.fr\/Blog-APEI\/michel-reprend-le-tram\/#primaryimage"},"thumbnailUrl":"https:\/\/apeimeudon.fr\/Blog-APEI\/wp-content\/uploads\/2023\/05\/Miniature.jpg","datePublished":"2023-05-05T16:12:28+00:00","dateModified":"2023-05-05T16:12:30+00:00","breadcrumb":{"@id":"https:\/\/apeimeudon.fr\/Blog-APEI\/michel-reprend-le-tram\/#breadcrumb"},"inLanguage":"fr-FR","potentialAction":[{"@type":"ReadAction","target":["https:\/\/apeimeudon.fr\/Blog-APEI\/michel-reprend-le-tram\/"]}]},{"@type":"ImageObject","inLanguage":"fr-FR","@id":"https:\/\/apeimeudon.fr\/Blog-APEI\/michel-reprend-le-tram\/#primaryimage","url":"https:\/\/apeimeudon.fr\/Blog-APEI\/wp-content\/uploads\/2023\/05\/Miniature.jpg","contentUrl":"https:\/\/apeimeudon.fr\/Blog-APEI\/wp-content\/uploads\/2023\/05\/Miniature.jpg","width":400,"height":201},{"@type":"BreadcrumbList","@id":"https:\/\/apeimeudon.fr\/Blog-APEI\/michel-reprend-le-tram\/#breadcrumb","itemListElement":[{"@type":"ListItem","position":1,"name":"Accueil","item":"https:\/\/apeimeudon.fr\/Blog-APEI\/"},{"@type":"ListItem","position":2,"name":"Michel reprend le Tram !"}]},{"@type":"WebSite","@id":"https:\/\/apeimeudon.fr\/Blog-APEI\/#website","url":"https:\/\/apeimeudon.fr\/Blog-APEI\/","name":"La Gazette des Foyers de l&#039;APEI de Meudon","description":"Nos diff\u00e9rences loin de nous l\u00e9ser doivent nous enrichir -  Antoine de Saint-Exup\u00e9ry","publisher":{"@id":"https:\/\/apeimeudon.fr\/Blog-APEI\/#organization"},"potentialAction":[{"@type":"SearchAction","target":{"@type":"EntryPoint","urlTemplate":"https:\/\/apeimeudon.fr\/Blog-APEI\/?s={search_term_string}"},"query-input":{"@type":"PropertyValueSpecification","valueRequired":true,"valueName":"search_term_string"}}],"inLanguage":"fr-FR"},{"@type":"Organization","@id":"https:\/\/apeimeudon.fr\/Blog-APEI\/#organization","name":"APEI de Meudon","url":"https:\/\/apeimeudon.fr\/Blog-APEI\/","logo":{"@type":"ImageObject","inLanguage":"fr-FR","@id":"https:\/\/apeimeudon.fr\/Blog-APEI\/#\/schema\/logo\/image\/","url":"https:\/\/apeimeudon.fr\/Blog-APEI\/wp-content\/uploads\/2017\/10\/Icone-APEI.png","contentUrl":"https:\/\/apeimeudon.fr\/Blog-APEI\/wp-content\/uploads\/2017\/10\/Icone-APEI.png","width":128,"height":128,"caption":"APEI de Meudon"},"image":{"@id":"https:\/\/apeimeudon.fr\/Blog-APEI\/#\/schema\/logo\/image\/"}},{"@type":"Person","@id":"https:\/\/apeimeudon.fr\/Blog-APEI\/#\/schema\/person\/2d41ddaee88bc491f0395565c04d6dcf","name":"Foyer Bds","image":{"@type":"ImageObject","inLanguage":"fr-FR","@id":"https:\/\/secure.gravatar.com\/avatar\/2824d78017d63e5b1d89886a235d39ec793723d3510d9d5266ff1a9edbc71999?s=96&d=mm&r=g","url":"https:\/\/secure.gravatar.com\/avatar\/2824d78017d63e5b1d89886a235d39ec793723d3510d9d5266ff1a9edbc71999?s=96&d=mm&r=g","contentUrl":"https:\/\/secure.gravatar.com\/avatar\/2824d78017d63e5b1d89886a235d39ec793723d3510d9d5266ff1a9edbc71999?s=96&d=mm&r=g","caption":"Foyer Bds"},"url":"https:\/\/apeimeudon.fr\/Blog-APEI\/author\/foyer-bds\/"}]}},"_links":{"self":[{"href":"https:\/\/apeimeudon.fr\/Blog-APEI\/wp-json\/wp\/v2\/posts\/2898","targetHints":{"allow":["GET"]}}],"collection":[{"href":"https:\/\/apeimeudon.fr\/Blog-APEI\/wp-json\/wp\/v2\/posts"}],"about":[{"href":"https:\/\/apeimeudon.fr\/Blog-APEI\/wp-json\/wp\/v2\/types\/post"}],"author":[{"embeddable":true,"href":"https:\/\/apeimeudon.fr\/Blog-APEI\/wp-json\/wp\/v2\/users\/5"}],"replies":[{"embeddable":true,"href":"https:\/\/apeimeudon.fr\/Blog-APEI\/wp-json\/wp\/v2\/comments?post=2898"}],"version-history":[{"count":1,"href":"https:\/\/apeimeudon.fr\/Blog-APEI\/wp-json\/wp\/v2\/posts\/2898\/revisions"}],"predecessor-version":[{"id":2899,"href":"https:\/\/apeimeudon.fr\/Blog-APEI\/wp-json\/wp\/v2\/posts\/2898\/revisions\/2899"}],"wp:featuredmedia":[{"embeddable":true,"href":"https:\/\/apeimeudon.fr\/Blog-APEI\/wp-json\/wp\/v2\/media\/2897"}],"wp:attachment":[{"href":"https:\/\/apeimeudon.fr\/Blog-APEI\/wp-json\/wp\/v2\/media?parent=2898"}],"wp:term":[{"taxonomy":"category","embeddable":true,"href":"https:\/\/apeimeudon.fr\/Blog-APEI\/wp-json\/wp\/v2\/categories?post=2898"},{"taxonomy":"post_tag","embeddable":true,"href":"https:\/\/apeimeudon.fr\/Blog-APEI\/wp-json\/wp\/v2\/tags?post=2898"}],"curies":[{"name":"wp","href":"https:\/\/api.w.org\/{rel}","templated":true}]}}