{"id":35,"date":"2017-10-17T18:16:26","date_gmt":"2017-10-17T16:16:26","guid":{"rendered":"http:\/\/apeimeudon.fr\/Blog-APEI\/?p=35"},"modified":"2017-11-27T17:26:43","modified_gmt":"2017-11-27T16:26:43","slug":"la-mediation-animale","status":"publish","type":"post","link":"https:\/\/apeimeudon.fr\/Blog-APEI\/la-mediation-animale\/","title":{"rendered":"La m\u00e9diation animale"},"content":{"rendered":"<p>La m\u00e9diation animale est propos\u00e9e aux r\u00e9sidents du Foyer de Fleury depuis 2 ans. Elle a pour principal b\u00e9n\u00e9fice de leur permettre de cr\u00e9er un lien avec l\u2019animal tout en d\u00e9veloppant certains acquis tel que la communication, la m\u00e9moire ou la motricit\u00e9.<\/p>\n<p><!--more--><\/p>\n<p>Les r\u00e9sidents participent \u00e0 l\u2019activit\u00e9 une fois par mois sur cinq s\u00e9ances. Ils ont pu faire la rencontre de June, une jeune chienne, accompagn\u00e9 de Chlo\u00e9 l\u2019intervenante.<\/p>\n<p>\u00ab\u00a0Chacun d\u2019entre nous avons un temps individuel avec le chien. Lors de l\u2019activit\u00e9 on joue avec June, on l\u2019accompagne et nous faisons un parcours d\u2019obstacle avec elle tout en la guidant. A la fin de la s\u00e9ance, on la r\u00e9compense avec une croquette \u00ab\u00a0friandise\u00a0\u00bb. Chlo\u00e9 l\u2019intervenante nous aide \u00e0 chaque parcours individuel en nous rassurant et en nous montrant comment \u00eatre avec le chien, comment la tenir et lui parler. Nous utilisons aussi des images pour communiquer avec elle\u00a0\u00bb.<\/p>\n<p>\u00ab\u00a0La m\u00e9diation animale m\u2019a permis de ne plus avoir peur des chiens, et d\u2019avoir confiance face aux animaux\u00a0\u00bb.<\/p>\n<p>Pour plus d\u2019informations, voici le lien du site Internet <a href=\"http:\/\/assomajic.wixsite.com\/majic\" target=\"_blank\" rel=\"noopener\">M.A.J.I.C. M\u00e9diation par l&rsquo;animal<\/a>\u00a0qui vous donnera des informations compl\u00e9mentaires.<\/p>\n<p>Afin de compl\u00e9ter vos informations, d&rsquo;autres sites traitent de ce sujet. Nous vous pr\u00e9sentons ci-dessous d&rsquo;autres liens qui vous apporteront des r\u00e9ponses \u00e0 vos questions :<\/p>\n<ul>\n<li><a href=\"https:\/\/informations.handicap.fr\/art-ferme-chaineau-875-7519.php\" target=\"_blank\" rel=\"noopener\">L&rsquo;animal docteur ou les petits \u00ab\u00a0miracles\u00a0\u00bb du handicap<\/a><\/li>\n<li><a href=\"https:\/\/informations.handicap.fr\/art-infos-handicap-2013-853-6249.php\" target=\"_blank\" rel=\"noopener\">M\u00e9diation animale : des chiens dans nos institutions<\/a><\/li>\n<li><a href=\"https:\/\/www.chiens-mediateurs.com\/mediation-animale.html\" target=\"_blank\" rel=\"noopener\">Les chiens m\u00e9diateurs<\/a><\/li>\n<li><a href=\"http:\/\/www.mediation-animale.org\/l%E2%80%99enfant-autiste-peut-il-recuperer-des-fonctions-cognitives-et-sociales-par-le-lien-a-l%E2%80%99animal\/\" target=\"_blank\" rel=\"noopener\">La m\u00e9diation animale et l&rsquo;autisme<\/a><\/li>\n<li>etc &#8230;<\/li>\n<\/ul>\n<p>&nbsp;<\/p>\n<p>&nbsp;<\/p>\n<p>L&rsquo;\u00e9quipe r\u00e9dactionnelle des r\u00e9sidents du Foyer FLEURY<\/p>\n<p>et S\u00e9verine REVRIAUD &#8211; Chef de service du Foyer FLEURY<\/p>\n<p>&nbsp;<\/p>\n","protected":false},"excerpt":{"rendered":"<p>La m\u00e9diation animale est propos\u00e9e aux r\u00e9sidents du Foyer de Fleury depuis 2 ans. Elle a pour principal b\u00e9n\u00e9fice de leur permettre de cr\u00e9er un lien avec l\u2019animal tout en d\u00e9veloppant certains acquis tel que la communication, la m\u00e9moire ou la motricit\u00e9.<\/p>\n","protected":false},"author":2,"featured_media":49,"comment_status":"open","ping_status":"open","sticky":false,"template":"","format":"standard","meta":{"_acf_changed":false,"_monsterinsights_skip_tracking":false,"_monsterinsights_sitenote_active":false,"_monsterinsights_sitenote_note":"","_monsterinsights_sitenote_category":0,"ngg_post_thumbnail":0,"footnotes":""},"categories":[2,3],"tags":[13,14,15,11,12],"class_list":["post-35","post","type-post","status-publish","format-standard","has-post-thumbnail","hentry","category-mediation","category-mediation-animale","tag-bien-etre","tag-communication","tag-confiance","tag-mediation","tag-mediation-animale"],"acf":[],"yoast_head":"<!-- This site is optimized with the Yoast SEO plugin v27.3 - https:\/\/yoast.com\/product\/yoast-seo-wordpress\/ -->\n<title>La m\u00e9diation animale - La Gazette des Foyers de l&#039;APEI de Meudon<\/title>\n<meta name=\"robots\" content=\"index, follow, max-snippet:-1, max-image-preview:large, max-video-preview:-1\" \/>\n<link rel=\"canonical\" href=\"http:\/\/apeimeudon.fr\/Blog-APEI\/la-mediation-animale\/\" \/>\n<meta property=\"og:locale\" content=\"fr_FR\" \/>\n<meta property=\"og:type\" content=\"article\" \/>\n<meta property=\"og:title\" content=\"La m\u00e9diation animale - La Gazette des Foyers de l&#039;APEI de Meudon\" \/>\n<meta property=\"og:description\" content=\"La m\u00e9diation animale est propos\u00e9e aux r\u00e9sidents du Foyer de Fleury depuis 2 ans. Elle a pour principal b\u00e9n\u00e9fice de leur permettre de cr\u00e9er un lien avec l\u2019animal tout en d\u00e9veloppant certains acquis tel que la communication, la m\u00e9moire ou la motricit\u00e9.\" \/>\n<meta property=\"og:url\" content=\"http:\/\/apeimeudon.fr\/Blog-APEI\/la-mediation-animale\/\" \/>\n<meta property=\"og:site_name\" content=\"La Gazette des Foyers de l&#039;APEI de Meudon\" \/>\n<meta property=\"article:published_time\" content=\"2017-10-17T16:16:26+00:00\" \/>\n<meta property=\"article:modified_time\" content=\"2017-11-27T16:26:43+00:00\" \/>\n<meta property=\"og:image\" content=\"http:\/\/apeimeudon.fr\/Blog-APEI\/wp-content\/uploads\/2017\/10\/Capture-e1508429930979.png\" \/>\n\t<meta property=\"og:image:width\" content=\"172\" \/>\n\t<meta property=\"og:image:height\" content=\"229\" \/>\n\t<meta property=\"og:image:type\" content=\"image\/png\" \/>\n<meta name=\"author\" content=\"Equipe r\u00e9dactionnelle Foyer FLEURY\" \/>\n<meta name=\"twitter:card\" content=\"summary_large_image\" \/>\n<meta name=\"twitter:label1\" content=\"\u00c9crit par\" \/>\n\t<meta name=\"twitter:data1\" content=\"Equipe r\u00e9dactionnelle Foyer FLEURY\" \/>\n\t<meta name=\"twitter:label2\" content=\"Dur\u00e9e de lecture estim\u00e9e\" \/>\n\t<meta name=\"twitter:data2\" content=\"1 minute\" \/>\n<script type=\"application\/ld+json\" class=\"yoast-schema-graph\">{\"@context\":\"https:\\\/\\\/schema.org\",\"@graph\":[{\"@type\":\"Article\",\"@id\":\"http:\\\/\\\/apeimeudon.fr\\\/Blog-APEI\\\/la-mediation-animale\\\/#article\",\"isPartOf\":{\"@id\":\"http:\\\/\\\/apeimeudon.fr\\\/Blog-APEI\\\/la-mediation-animale\\\/\"},\"author\":{\"name\":\"Equipe r\u00e9dactionnelle Foyer FLEURY\",\"@id\":\"https:\\\/\\\/apeimeudon.fr\\\/Blog-APEI\\\/#\\\/schema\\\/person\\\/a81a31019e8af8065790f5c6acfdc547\"},\"headline\":\"La m\u00e9diation animale\",\"datePublished\":\"2017-10-17T16:16:26+00:00\",\"dateModified\":\"2017-11-27T16:26:43+00:00\",\"mainEntityOfPage\":{\"@id\":\"http:\\\/\\\/apeimeudon.fr\\\/Blog-APEI\\\/la-mediation-animale\\\/\"},\"wordCount\":294,\"commentCount\":0,\"publisher\":{\"@id\":\"https:\\\/\\\/apeimeudon.fr\\\/Blog-APEI\\\/#organization\"},\"image\":{\"@id\":\"http:\\\/\\\/apeimeudon.fr\\\/Blog-APEI\\\/la-mediation-animale\\\/#primaryimage\"},\"thumbnailUrl\":\"https:\\\/\\\/apeimeudon.fr\\\/Blog-APEI\\\/wp-content\\\/uploads\\\/2017\\\/10\\\/Capture-e1508429930979.png\",\"keywords\":[\"Bien \u00eatre\",\"Communication\",\"Confiance\",\"M\u00e9diation\",\"M\u00e9diation animale\"],\"articleSection\":[\"M\u00e9diation\",\"M\u00e9diation animale\"],\"inLanguage\":\"fr-FR\",\"potentialAction\":[{\"@type\":\"CommentAction\",\"name\":\"Comment\",\"target\":[\"http:\\\/\\\/apeimeudon.fr\\\/Blog-APEI\\\/la-mediation-animale\\\/#respond\"]}]},{\"@type\":\"WebPage\",\"@id\":\"http:\\\/\\\/apeimeudon.fr\\\/Blog-APEI\\\/la-mediation-animale\\\/\",\"url\":\"http:\\\/\\\/apeimeudon.fr\\\/Blog-APEI\\\/la-mediation-animale\\\/\",\"name\":\"La m\u00e9diation animale - La Gazette des Foyers de l&#039;APEI de Meudon\",\"isPartOf\":{\"@id\":\"https:\\\/\\\/apeimeudon.fr\\\/Blog-APEI\\\/#website\"},\"primaryImageOfPage\":{\"@id\":\"http:\\\/\\\/apeimeudon.fr\\\/Blog-APEI\\\/la-mediation-animale\\\/#primaryimage\"},\"image\":{\"@id\":\"http:\\\/\\\/apeimeudon.fr\\\/Blog-APEI\\\/la-mediation-animale\\\/#primaryimage\"},\"thumbnailUrl\":\"https:\\\/\\\/apeimeudon.fr\\\/Blog-APEI\\\/wp-content\\\/uploads\\\/2017\\\/10\\\/Capture-e1508429930979.png\",\"datePublished\":\"2017-10-17T16:16:26+00:00\",\"dateModified\":\"2017-11-27T16:26:43+00:00\",\"breadcrumb\":{\"@id\":\"http:\\\/\\\/apeimeudon.fr\\\/Blog-APEI\\\/la-mediation-animale\\\/#breadcrumb\"},\"inLanguage\":\"fr-FR\",\"potentialAction\":[{\"@type\":\"ReadAction\",\"target\":[\"http:\\\/\\\/apeimeudon.fr\\\/Blog-APEI\\\/la-mediation-animale\\\/\"]}]},{\"@type\":\"ImageObject\",\"inLanguage\":\"fr-FR\",\"@id\":\"http:\\\/\\\/apeimeudon.fr\\\/Blog-APEI\\\/la-mediation-animale\\\/#primaryimage\",\"url\":\"https:\\\/\\\/apeimeudon.fr\\\/Blog-APEI\\\/wp-content\\\/uploads\\\/2017\\\/10\\\/Capture-e1508429930979.png\",\"contentUrl\":\"https:\\\/\\\/apeimeudon.fr\\\/Blog-APEI\\\/wp-content\\\/uploads\\\/2017\\\/10\\\/Capture-e1508429930979.png\",\"width\":172,\"height\":229},{\"@type\":\"BreadcrumbList\",\"@id\":\"http:\\\/\\\/apeimeudon.fr\\\/Blog-APEI\\\/la-mediation-animale\\\/#breadcrumb\",\"itemListElement\":[{\"@type\":\"ListItem\",\"position\":1,\"name\":\"Accueil\",\"item\":\"https:\\\/\\\/apeimeudon.fr\\\/Blog-APEI\\\/\"},{\"@type\":\"ListItem\",\"position\":2,\"name\":\"La m\u00e9diation animale\"}]},{\"@type\":\"WebSite\",\"@id\":\"https:\\\/\\\/apeimeudon.fr\\\/Blog-APEI\\\/#website\",\"url\":\"https:\\\/\\\/apeimeudon.fr\\\/Blog-APEI\\\/\",\"name\":\"La Gazette des Foyers de l&#039;APEI de Meudon\",\"description\":\"Nos diff\u00e9rences loin de nous l\u00e9ser doivent nous enrichir -  Antoine de Saint-Exup\u00e9ry\",\"publisher\":{\"@id\":\"https:\\\/\\\/apeimeudon.fr\\\/Blog-APEI\\\/#organization\"},\"potentialAction\":[{\"@type\":\"SearchAction\",\"target\":{\"@type\":\"EntryPoint\",\"urlTemplate\":\"https:\\\/\\\/apeimeudon.fr\\\/Blog-APEI\\\/?s={search_term_string}\"},\"query-input\":{\"@type\":\"PropertyValueSpecification\",\"valueRequired\":true,\"valueName\":\"search_term_string\"}}],\"inLanguage\":\"fr-FR\"},{\"@type\":\"Organization\",\"@id\":\"https:\\\/\\\/apeimeudon.fr\\\/Blog-APEI\\\/#organization\",\"name\":\"APEI de Meudon\",\"url\":\"https:\\\/\\\/apeimeudon.fr\\\/Blog-APEI\\\/\",\"logo\":{\"@type\":\"ImageObject\",\"inLanguage\":\"fr-FR\",\"@id\":\"https:\\\/\\\/apeimeudon.fr\\\/Blog-APEI\\\/#\\\/schema\\\/logo\\\/image\\\/\",\"url\":\"https:\\\/\\\/apeimeudon.fr\\\/Blog-APEI\\\/wp-content\\\/uploads\\\/2017\\\/10\\\/Icone-APEI.png\",\"contentUrl\":\"https:\\\/\\\/apeimeudon.fr\\\/Blog-APEI\\\/wp-content\\\/uploads\\\/2017\\\/10\\\/Icone-APEI.png\",\"width\":128,\"height\":128,\"caption\":\"APEI de Meudon\"},\"image\":{\"@id\":\"https:\\\/\\\/apeimeudon.fr\\\/Blog-APEI\\\/#\\\/schema\\\/logo\\\/image\\\/\"}},{\"@type\":\"Person\",\"@id\":\"https:\\\/\\\/apeimeudon.fr\\\/Blog-APEI\\\/#\\\/schema\\\/person\\\/a81a31019e8af8065790f5c6acfdc547\",\"name\":\"Equipe r\u00e9dactionnelle Foyer FLEURY\",\"image\":{\"@type\":\"ImageObject\",\"inLanguage\":\"fr-FR\",\"@id\":\"https:\\\/\\\/secure.gravatar.com\\\/avatar\\\/077b0b63c066e0ecf5a8ce55f379e3e6cc4cee7cb3fc656a19335177af2035da?s=96&d=mm&r=g\",\"url\":\"https:\\\/\\\/secure.gravatar.com\\\/avatar\\\/077b0b63c066e0ecf5a8ce55f379e3e6cc4cee7cb3fc656a19335177af2035da?s=96&d=mm&r=g\",\"contentUrl\":\"https:\\\/\\\/secure.gravatar.com\\\/avatar\\\/077b0b63c066e0ecf5a8ce55f379e3e6cc4cee7cb3fc656a19335177af2035da?s=96&d=mm&r=g\",\"caption\":\"Equipe r\u00e9dactionnelle Foyer FLEURY\"},\"url\":\"https:\\\/\\\/apeimeudon.fr\\\/Blog-APEI\\\/author\\\/fleury\\\/\"}]}<\/script>\n<!-- \/ Yoast SEO plugin. -->","yoast_head_json":{"title":"La m\u00e9diation animale - La Gazette des Foyers de l&#039;APEI de Meudon","robots":{"index":"index","follow":"follow","max-snippet":"max-snippet:-1","max-image-preview":"max-image-preview:large","max-video-preview":"max-video-preview:-1"},"canonical":"http:\/\/apeimeudon.fr\/Blog-APEI\/la-mediation-animale\/","og_locale":"fr_FR","og_type":"article","og_title":"La m\u00e9diation animale - La Gazette des Foyers de l&#039;APEI de Meudon","og_description":"La m\u00e9diation animale est propos\u00e9e aux r\u00e9sidents du Foyer de Fleury depuis 2 ans. Elle a pour principal b\u00e9n\u00e9fice de leur permettre de cr\u00e9er un lien avec l\u2019animal tout en d\u00e9veloppant certains acquis tel que la communication, la m\u00e9moire ou la motricit\u00e9.","og_url":"http:\/\/apeimeudon.fr\/Blog-APEI\/la-mediation-animale\/","og_site_name":"La Gazette des Foyers de l&#039;APEI de Meudon","article_published_time":"2017-10-17T16:16:26+00:00","article_modified_time":"2017-11-27T16:26:43+00:00","og_image":[{"width":172,"height":229,"url":"http:\/\/apeimeudon.fr\/Blog-APEI\/wp-content\/uploads\/2017\/10\/Capture-e1508429930979.png","type":"image\/png"}],"author":"Equipe r\u00e9dactionnelle Foyer FLEURY","twitter_card":"summary_large_image","twitter_misc":{"\u00c9crit par":"Equipe r\u00e9dactionnelle Foyer FLEURY","Dur\u00e9e de lecture estim\u00e9e":"1 minute"},"schema":{"@context":"https:\/\/schema.org","@graph":[{"@type":"Article","@id":"http:\/\/apeimeudon.fr\/Blog-APEI\/la-mediation-animale\/#article","isPartOf":{"@id":"http:\/\/apeimeudon.fr\/Blog-APEI\/la-mediation-animale\/"},"author":{"name":"Equipe r\u00e9dactionnelle Foyer FLEURY","@id":"https:\/\/apeimeudon.fr\/Blog-APEI\/#\/schema\/person\/a81a31019e8af8065790f5c6acfdc547"},"headline":"La m\u00e9diation animale","datePublished":"2017-10-17T16:16:26+00:00","dateModified":"2017-11-27T16:26:43+00:00","mainEntityOfPage":{"@id":"http:\/\/apeimeudon.fr\/Blog-APEI\/la-mediation-animale\/"},"wordCount":294,"commentCount":0,"publisher":{"@id":"https:\/\/apeimeudon.fr\/Blog-APEI\/#organization"},"image":{"@id":"http:\/\/apeimeudon.fr\/Blog-APEI\/la-mediation-animale\/#primaryimage"},"thumbnailUrl":"https:\/\/apeimeudon.fr\/Blog-APEI\/wp-content\/uploads\/2017\/10\/Capture-e1508429930979.png","keywords":["Bien \u00eatre","Communication","Confiance","M\u00e9diation","M\u00e9diation animale"],"articleSection":["M\u00e9diation","M\u00e9diation animale"],"inLanguage":"fr-FR","potentialAction":[{"@type":"CommentAction","name":"Comment","target":["http:\/\/apeimeudon.fr\/Blog-APEI\/la-mediation-animale\/#respond"]}]},{"@type":"WebPage","@id":"http:\/\/apeimeudon.fr\/Blog-APEI\/la-mediation-animale\/","url":"http:\/\/apeimeudon.fr\/Blog-APEI\/la-mediation-animale\/","name":"La m\u00e9diation animale - La Gazette des Foyers de l&#039;APEI de Meudon","isPartOf":{"@id":"https:\/\/apeimeudon.fr\/Blog-APEI\/#website"},"primaryImageOfPage":{"@id":"http:\/\/apeimeudon.fr\/Blog-APEI\/la-mediation-animale\/#primaryimage"},"image":{"@id":"http:\/\/apeimeudon.fr\/Blog-APEI\/la-mediation-animale\/#primaryimage"},"thumbnailUrl":"https:\/\/apeimeudon.fr\/Blog-APEI\/wp-content\/uploads\/2017\/10\/Capture-e1508429930979.png","datePublished":"2017-10-17T16:16:26+00:00","dateModified":"2017-11-27T16:26:43+00:00","breadcrumb":{"@id":"http:\/\/apeimeudon.fr\/Blog-APEI\/la-mediation-animale\/#breadcrumb"},"inLanguage":"fr-FR","potentialAction":[{"@type":"ReadAction","target":["http:\/\/apeimeudon.fr\/Blog-APEI\/la-mediation-animale\/"]}]},{"@type":"ImageObject","inLanguage":"fr-FR","@id":"http:\/\/apeimeudon.fr\/Blog-APEI\/la-mediation-animale\/#primaryimage","url":"https:\/\/apeimeudon.fr\/Blog-APEI\/wp-content\/uploads\/2017\/10\/Capture-e1508429930979.png","contentUrl":"https:\/\/apeimeudon.fr\/Blog-APEI\/wp-content\/uploads\/2017\/10\/Capture-e1508429930979.png","width":172,"height":229},{"@type":"BreadcrumbList","@id":"http:\/\/apeimeudon.fr\/Blog-APEI\/la-mediation-animale\/#breadcrumb","itemListElement":[{"@type":"ListItem","position":1,"name":"Accueil","item":"https:\/\/apeimeudon.fr\/Blog-APEI\/"},{"@type":"ListItem","position":2,"name":"La m\u00e9diation animale"}]},{"@type":"WebSite","@id":"https:\/\/apeimeudon.fr\/Blog-APEI\/#website","url":"https:\/\/apeimeudon.fr\/Blog-APEI\/","name":"La Gazette des Foyers de l&#039;APEI de Meudon","description":"Nos diff\u00e9rences loin de nous l\u00e9ser doivent nous enrichir -  Antoine de Saint-Exup\u00e9ry","publisher":{"@id":"https:\/\/apeimeudon.fr\/Blog-APEI\/#organization"},"potentialAction":[{"@type":"SearchAction","target":{"@type":"EntryPoint","urlTemplate":"https:\/\/apeimeudon.fr\/Blog-APEI\/?s={search_term_string}"},"query-input":{"@type":"PropertyValueSpecification","valueRequired":true,"valueName":"search_term_string"}}],"inLanguage":"fr-FR"},{"@type":"Organization","@id":"https:\/\/apeimeudon.fr\/Blog-APEI\/#organization","name":"APEI de Meudon","url":"https:\/\/apeimeudon.fr\/Blog-APEI\/","logo":{"@type":"ImageObject","inLanguage":"fr-FR","@id":"https:\/\/apeimeudon.fr\/Blog-APEI\/#\/schema\/logo\/image\/","url":"https:\/\/apeimeudon.fr\/Blog-APEI\/wp-content\/uploads\/2017\/10\/Icone-APEI.png","contentUrl":"https:\/\/apeimeudon.fr\/Blog-APEI\/wp-content\/uploads\/2017\/10\/Icone-APEI.png","width":128,"height":128,"caption":"APEI de Meudon"},"image":{"@id":"https:\/\/apeimeudon.fr\/Blog-APEI\/#\/schema\/logo\/image\/"}},{"@type":"Person","@id":"https:\/\/apeimeudon.fr\/Blog-APEI\/#\/schema\/person\/a81a31019e8af8065790f5c6acfdc547","name":"Equipe r\u00e9dactionnelle Foyer FLEURY","image":{"@type":"ImageObject","inLanguage":"fr-FR","@id":"https:\/\/secure.gravatar.com\/avatar\/077b0b63c066e0ecf5a8ce55f379e3e6cc4cee7cb3fc656a19335177af2035da?s=96&d=mm&r=g","url":"https:\/\/secure.gravatar.com\/avatar\/077b0b63c066e0ecf5a8ce55f379e3e6cc4cee7cb3fc656a19335177af2035da?s=96&d=mm&r=g","contentUrl":"https:\/\/secure.gravatar.com\/avatar\/077b0b63c066e0ecf5a8ce55f379e3e6cc4cee7cb3fc656a19335177af2035da?s=96&d=mm&r=g","caption":"Equipe r\u00e9dactionnelle Foyer FLEURY"},"url":"https:\/\/apeimeudon.fr\/Blog-APEI\/author\/fleury\/"}]}},"_links":{"self":[{"href":"https:\/\/apeimeudon.fr\/Blog-APEI\/wp-json\/wp\/v2\/posts\/35","targetHints":{"allow":["GET"]}}],"collection":[{"href":"https:\/\/apeimeudon.fr\/Blog-APEI\/wp-json\/wp\/v2\/posts"}],"about":[{"href":"https:\/\/apeimeudon.fr\/Blog-APEI\/wp-json\/wp\/v2\/types\/post"}],"author":[{"embeddable":true,"href":"https:\/\/apeimeudon.fr\/Blog-APEI\/wp-json\/wp\/v2\/users\/2"}],"replies":[{"embeddable":true,"href":"https:\/\/apeimeudon.fr\/Blog-APEI\/wp-json\/wp\/v2\/comments?post=35"}],"version-history":[{"count":22,"href":"https:\/\/apeimeudon.fr\/Blog-APEI\/wp-json\/wp\/v2\/posts\/35\/revisions"}],"predecessor-version":[{"id":181,"href":"https:\/\/apeimeudon.fr\/Blog-APEI\/wp-json\/wp\/v2\/posts\/35\/revisions\/181"}],"wp:featuredmedia":[{"embeddable":true,"href":"https:\/\/apeimeudon.fr\/Blog-APEI\/wp-json\/wp\/v2\/media\/49"}],"wp:attachment":[{"href":"https:\/\/apeimeudon.fr\/Blog-APEI\/wp-json\/wp\/v2\/media?parent=35"}],"wp:term":[{"taxonomy":"category","embeddable":true,"href":"https:\/\/apeimeudon.fr\/Blog-APEI\/wp-json\/wp\/v2\/categories?post=35"},{"taxonomy":"post_tag","embeddable":true,"href":"https:\/\/apeimeudon.fr\/Blog-APEI\/wp-json\/wp\/v2\/tags?post=35"}],"curies":[{"name":"wp","href":"https:\/\/api.w.org\/{rel}","templated":true}]}}