{"id":381,"date":"2019-01-16T18:34:02","date_gmt":"2019-01-16T17:34:02","guid":{"rendered":"http:\/\/apeimeudon.fr\/Blog-APEI\/?p=381"},"modified":"2019-01-20T11:21:31","modified_gmt":"2019-01-20T10:21:31","slug":"la-galette-des-benevoles-2019","status":"publish","type":"post","link":"https:\/\/apeimeudon.fr\/Blog-APEI\/la-galette-des-benevoles-2019\/","title":{"rendered":"La galette des b\u00e9n\u00e9voles 2019"},"content":{"rendered":"<h3><strong>La galette des Rois <\/strong><\/h3>\n<p>\u00ab\u00a0Je suis la galette, la galette\u2026\u00a0\u00bb. Elle \u00e9tait gigantesque, comme d\u2019habitude, et elle s\u2019est laiss\u00e9e d\u00e9guster le 15 janvier dernier par les responsables, b\u00e9n\u00e9voles de l\u2019APEI et les \u00e9lus de Meudon.<!--more--><\/p>\n<p>Fabriqu\u00e9e comme les autres ann\u00e9es par la boulangerie Thomasse, cette galette a \u00e9t\u00e9 l\u2019occasion de pr\u00e9senter les v\u0153ux de l\u2019association.<\/p>\n<p>Son pr\u00e9sident, Fr\u00e9d\u00e9rik Gorcy en a profit\u00e9 pour rappeler le succ\u00e8s de l\u2019Op\u00e9ration Brioches d\u2019octobre dernier\u00a0: 3200 brioches vendues pour un recette de 10\u00a0600 euros\u00a0!<\/p>\n<p>Il a ensuite parl\u00e9 du projet d\u2019actualit\u00e9 de l\u2019Association\u00a0: le foyer FAM (Foyer d\u2019Accueil M\u00e9dicalis\u00e9) de Meudon-la-For\u00eat qui attend ces jours-ci l\u2019aval de l\u2019Agence R\u00e9gionale de Sant\u00e9.<\/p>\n<p>Apr\u00e8s avoir f\u00e9licit\u00e9 les nombreux b\u00e9n\u00e9voles de l\u2019APEI pr\u00e9sents, Denis Larghero, Maire de Meudon, a \u00e9voqu\u00e9 les liens qui unissent la ville et l\u2019Association. Il est bien s\u00fbr revenu sur le projet du foyer FAM, projet que la municipalit\u00e9 a largement appuy\u00e9. \u00ab\u00a0On a fait le job, a d\u00e9clar\u00e9 Denis Larghero, en ajoutant\u00a0: ce projet r\u00e9pond \u00e0 un besoin. Nous avons mis \u00e0 sa disposition le terrain de l\u2019ancienne cuisine municipale. Et nous travaillons avec l\u2019Office d\u00e9partemental de l\u2019habitat\u00a0\u00bb. Sophie Cluzel, Secr\u00e9taire d\u2019Etat charg\u00e9e des personnes handicap\u00e9es a eu connaissance du projet qu\u2019elle soutient. \u00ab\u00a0Toutes les plan\u00e8tes sont donc align\u00e9es\u00a0\u00bb, a reconnu Denis Larghero. Alors, esp\u00e9rons\u2026<\/p>\n<p>Le Maire a rappel\u00e9 qu\u2019un autre projet \u00e9tait lui aussi \u00e0 l\u2019\u00e9tude \u00e0 Montesson, en association avec le d\u00e9partement des Yvelines. \u00ab\u00a0Vous \u00eates nos partenaires\u00a0\u00bb a remerci\u00e9 Denis Larghero avant de go\u00fbter, aves ses \u00e9lus et toute l\u2019assembl\u00e9e \u00e0 la d\u00e9licieuse galette\u00a0!<\/p>\n<p style=\"text-align: center;\"><em><strong>Galerie de photos (auteur Patrick TOUSSAIN)<\/strong><\/em><\/p>\n<p style=\"text-align: center;\">\r\n\t\t\t\t\t\n\r\n\t\t\t\t\t<!-- START UNITE GALLERY 1.7.62 -->\r\n\t\t\t\t\t\r\n\t\t\t\t\n\t\t\t<div id='unitegallery_19_1' class='unite-gallery' style='margin:0px auto;'>\n\t\t\t\t\n\n\t\t\t\t\t\t<img alt=\"Galette des b\u00e9n\u00e9voles 2019\"\n\t\t\t\t\t\t     src=\"\" data-image=\"https:\/\/apeimeudon.fr\/Blog-APEI\/wp-content\/uploads\/2019\/01\/gAL02.jpg\"\n\t\t\t\t\t\t     data-thumb=\"https:\/\/apeimeudon.fr\/Blog-APEI\/wp-content\/uploads\/2019\/01\/gAL02-300x200.jpg\"\n\t\t\t\t\t\t     title=\"Galette des b\u00e9n\u00e9voles 2019\"\n\t\t\t\t\t\t     style=\"display:none\">\n\n\t\t\t\t\t\t<img alt=\"Discours de Monsieur Denis LARGHERO, Maire de Meudon.\"\n\t\t\t\t\t\t     src=\"\" data-image=\"https:\/\/apeimeudon.fr\/Blog-APEI\/wp-content\/uploads\/2019\/01\/gal07.jpg\"\n\t\t\t\t\t\t     data-thumb=\"https:\/\/apeimeudon.fr\/Blog-APEI\/wp-content\/uploads\/2019\/01\/gal07-300x169.jpg\"\n\t\t\t\t\t\t     title=\"Discours de Monsieur Denis LARGHERO, Maire de Meudon.\"\n\t\t\t\t\t\t     style=\"display:none\">\n\n\t\t\t\t\t\t<img alt=\"Le discours de notre Pr\u00e9sident\"\n\t\t\t\t\t\t     src=\"\" data-image=\"https:\/\/apeimeudon.fr\/Blog-APEI\/wp-content\/uploads\/2019\/01\/GAL04.jpg\"\n\t\t\t\t\t\t     data-thumb=\"https:\/\/apeimeudon.fr\/Blog-APEI\/wp-content\/uploads\/2019\/01\/GAL04-200x300.jpg\"\n\t\t\t\t\t\t     title=\"Le discours de notre Pr\u00e9sident\"\n\t\t\t\t\t\t     style=\"display:none\">\n\n\t\t\t\t\t\t<img alt=\"Frank THOMASSE, artisan boulanger-p\u00e2tissier, et Monsieur Denis LARGHERO, Maire de Meudon.\"\n\t\t\t\t\t\t     src=\"\" data-image=\"https:\/\/apeimeudon.fr\/Blog-APEI\/wp-content\/uploads\/2019\/01\/gal08.jpg\"\n\t\t\t\t\t\t     data-thumb=\"https:\/\/apeimeudon.fr\/Blog-APEI\/wp-content\/uploads\/2019\/01\/gal08-169x300.jpg\"\n\t\t\t\t\t\t     title=\"Frank THOMASSE, artisan boulanger-p\u00e2tissier, et Monsieur Denis LARGHERO, Maire de Meudon.\"\n\t\t\t\t\t\t     style=\"display:none\">\n\n\t\t\t\t\t\t<img alt=\"Monsieur le Maire et notre Pr\u00e9sident coupent la galette\"\n\t\t\t\t\t\t     src=\"\" data-image=\"https:\/\/apeimeudon.fr\/Blog-APEI\/wp-content\/uploads\/2019\/01\/gal01.jpg\"\n\t\t\t\t\t\t     data-thumb=\"https:\/\/apeimeudon.fr\/Blog-APEI\/wp-content\/uploads\/2019\/01\/gal01-300x200.jpg\"\n\t\t\t\t\t\t     title=\"Monsieur le Maire et notre Pr\u00e9sident coupent la galette\"\n\t\t\t\t\t\t     style=\"display:none\">\n\n\t\t\t\t\t\t<img alt=\"Monsieur Larghero, Maire de Meudon\"\n\t\t\t\t\t\t     src=\"\" data-image=\"https:\/\/apeimeudon.fr\/Blog-APEI\/wp-content\/uploads\/2019\/01\/gal6-e1547658678264.jpg\"\n\t\t\t\t\t\t     data-thumb=\"https:\/\/apeimeudon.fr\/Blog-APEI\/wp-content\/uploads\/2019\/01\/gal6-e1547658678264-200x300.jpg\"\n\t\t\t\t\t\t     title=\"Monsieur Larghero, Maire de Meudon\"\n\t\t\t\t\t\t     style=\"display:none\">\n\t\t\t<\/div>\n\n\t\t\t<script type='text\/javascript'>\n\t\t\t\twindow.onload = function(e) {\n\t\t\t\t\tif(typeof ugCheckForErrors == \"undefined\"){\n\t\t\t\t\t\tdocument.getElementById(\"unitegallery_19_1\").innerHTML = \"<span style='color:red'>Unite Gallery Error - gallery js and css files not included in the footer. Please make sure that wp_footer() function is added to your theme.<\/span>\";}\n\t\t\t\t\telse{ ugCheckForErrors(\"unitegallery_19_1\", \"jquery\");}\n\t\t\t\t};\n\t\t\t<\/script>\n\n\t\t\t<!-- END UNITEGALLERY --><\/p>\n","protected":false},"excerpt":{"rendered":"<p>La galette des Rois \u00ab\u00a0Je suis la galette, la galette\u2026\u00a0\u00bb. Elle \u00e9tait gigantesque, comme d\u2019habitude, et elle s\u2019est laiss\u00e9e d\u00e9guster le 15 janvier dernier par les responsables, b\u00e9n\u00e9voles de l\u2019APEI et les \u00e9lus de Meudon.<\/p>\n","protected":false},"author":1,"featured_media":388,"comment_status":"open","ping_status":"open","sticky":false,"template":"","format":"standard","meta":{"_acf_changed":false,"_monsterinsights_skip_tracking":false,"_monsterinsights_sitenote_active":false,"_monsterinsights_sitenote_note":"","_monsterinsights_sitenote_category":0,"ngg_post_thumbnail":0,"footnotes":""},"categories":[31,1],"tags":[],"class_list":["post-381","post","type-post","status-publish","format-standard","has-post-thumbnail","hentry","category-galette-des-benevoles","category-non-classe"],"acf":[],"yoast_head":"<!-- This site is optimized with the Yoast SEO plugin v27.3 - https:\/\/yoast.com\/product\/yoast-seo-wordpress\/ -->\n<title>La galette des b\u00e9n\u00e9voles 2019 - La Gazette des Foyers de l&#039;APEI de Meudon<\/title>\n<meta name=\"robots\" content=\"index, follow, max-snippet:-1, max-image-preview:large, max-video-preview:-1\" \/>\n<link rel=\"canonical\" href=\"http:\/\/apeimeudon.fr\/Blog-APEI\/la-galette-des-benevoles-2019\/\" \/>\n<meta property=\"og:locale\" content=\"fr_FR\" \/>\n<meta property=\"og:type\" content=\"article\" \/>\n<meta property=\"og:title\" content=\"La galette des b\u00e9n\u00e9voles 2019 - La Gazette des Foyers de l&#039;APEI de Meudon\" \/>\n<meta property=\"og:description\" content=\"La galette des Rois \u00ab\u00a0Je suis la galette, la galette\u2026\u00a0\u00bb. Elle \u00e9tait gigantesque, comme d\u2019habitude, et elle s\u2019est laiss\u00e9e d\u00e9guster le 15 janvier dernier par les responsables, b\u00e9n\u00e9voles de l\u2019APEI et les \u00e9lus de Meudon.\" \/>\n<meta property=\"og:url\" content=\"http:\/\/apeimeudon.fr\/Blog-APEI\/la-galette-des-benevoles-2019\/\" \/>\n<meta property=\"og:site_name\" content=\"La Gazette des Foyers de l&#039;APEI de Meudon\" \/>\n<meta property=\"article:published_time\" content=\"2019-01-16T17:34:02+00:00\" \/>\n<meta property=\"article:modified_time\" content=\"2019-01-20T10:21:31+00:00\" \/>\n<meta property=\"og:image\" content=\"http:\/\/apeimeudon.fr\/Blog-APEI\/wp-content\/uploads\/2019\/01\/Galette-2019-miniature.jpg\" \/>\n\t<meta property=\"og:image:width\" content=\"314\" \/>\n\t<meta property=\"og:image:height\" content=\"209\" \/>\n\t<meta property=\"og:image:type\" content=\"image\/jpeg\" \/>\n<meta name=\"author\" content=\"admin\" \/>\n<meta name=\"twitter:card\" content=\"summary_large_image\" \/>\n<meta name=\"twitter:label1\" content=\"\u00c9crit par\" \/>\n\t<meta name=\"twitter:data1\" content=\"admin\" \/>\n\t<meta name=\"twitter:label2\" content=\"Dur\u00e9e de lecture estim\u00e9e\" \/>\n\t<meta name=\"twitter:data2\" content=\"2 minutes\" \/>\n<script type=\"application\/ld+json\" class=\"yoast-schema-graph\">{\"@context\":\"https:\\\/\\\/schema.org\",\"@graph\":[{\"@type\":\"Article\",\"@id\":\"http:\\\/\\\/apeimeudon.fr\\\/Blog-APEI\\\/la-galette-des-benevoles-2019\\\/#article\",\"isPartOf\":{\"@id\":\"http:\\\/\\\/apeimeudon.fr\\\/Blog-APEI\\\/la-galette-des-benevoles-2019\\\/\"},\"author\":{\"name\":\"admin\",\"@id\":\"https:\\\/\\\/apeimeudon.fr\\\/Blog-APEI\\\/#\\\/schema\\\/person\\\/0036ae94e919b3b6d0a126605fb77ae3\"},\"headline\":\"La galette des b\u00e9n\u00e9voles 2019\",\"datePublished\":\"2019-01-16T17:34:02+00:00\",\"dateModified\":\"2019-01-20T10:21:31+00:00\",\"mainEntityOfPage\":{\"@id\":\"http:\\\/\\\/apeimeudon.fr\\\/Blog-APEI\\\/la-galette-des-benevoles-2019\\\/\"},\"wordCount\":319,\"commentCount\":0,\"publisher\":{\"@id\":\"https:\\\/\\\/apeimeudon.fr\\\/Blog-APEI\\\/#organization\"},\"image\":{\"@id\":\"http:\\\/\\\/apeimeudon.fr\\\/Blog-APEI\\\/la-galette-des-benevoles-2019\\\/#primaryimage\"},\"thumbnailUrl\":\"https:\\\/\\\/apeimeudon.fr\\\/Blog-APEI\\\/wp-content\\\/uploads\\\/2019\\\/01\\\/Galette-2019-miniature.jpg\",\"articleSection\":[\"Galette des b\u00e9n\u00e9voles\"],\"inLanguage\":\"fr-FR\",\"potentialAction\":[{\"@type\":\"CommentAction\",\"name\":\"Comment\",\"target\":[\"http:\\\/\\\/apeimeudon.fr\\\/Blog-APEI\\\/la-galette-des-benevoles-2019\\\/#respond\"]}]},{\"@type\":\"WebPage\",\"@id\":\"http:\\\/\\\/apeimeudon.fr\\\/Blog-APEI\\\/la-galette-des-benevoles-2019\\\/\",\"url\":\"http:\\\/\\\/apeimeudon.fr\\\/Blog-APEI\\\/la-galette-des-benevoles-2019\\\/\",\"name\":\"La galette des b\u00e9n\u00e9voles 2019 - La Gazette des Foyers de l&#039;APEI de Meudon\",\"isPartOf\":{\"@id\":\"https:\\\/\\\/apeimeudon.fr\\\/Blog-APEI\\\/#website\"},\"primaryImageOfPage\":{\"@id\":\"http:\\\/\\\/apeimeudon.fr\\\/Blog-APEI\\\/la-galette-des-benevoles-2019\\\/#primaryimage\"},\"image\":{\"@id\":\"http:\\\/\\\/apeimeudon.fr\\\/Blog-APEI\\\/la-galette-des-benevoles-2019\\\/#primaryimage\"},\"thumbnailUrl\":\"https:\\\/\\\/apeimeudon.fr\\\/Blog-APEI\\\/wp-content\\\/uploads\\\/2019\\\/01\\\/Galette-2019-miniature.jpg\",\"datePublished\":\"2019-01-16T17:34:02+00:00\",\"dateModified\":\"2019-01-20T10:21:31+00:00\",\"breadcrumb\":{\"@id\":\"http:\\\/\\\/apeimeudon.fr\\\/Blog-APEI\\\/la-galette-des-benevoles-2019\\\/#breadcrumb\"},\"inLanguage\":\"fr-FR\",\"potentialAction\":[{\"@type\":\"ReadAction\",\"target\":[\"http:\\\/\\\/apeimeudon.fr\\\/Blog-APEI\\\/la-galette-des-benevoles-2019\\\/\"]}]},{\"@type\":\"ImageObject\",\"inLanguage\":\"fr-FR\",\"@id\":\"http:\\\/\\\/apeimeudon.fr\\\/Blog-APEI\\\/la-galette-des-benevoles-2019\\\/#primaryimage\",\"url\":\"https:\\\/\\\/apeimeudon.fr\\\/Blog-APEI\\\/wp-content\\\/uploads\\\/2019\\\/01\\\/Galette-2019-miniature.jpg\",\"contentUrl\":\"https:\\\/\\\/apeimeudon.fr\\\/Blog-APEI\\\/wp-content\\\/uploads\\\/2019\\\/01\\\/Galette-2019-miniature.jpg\",\"width\":314,\"height\":209},{\"@type\":\"BreadcrumbList\",\"@id\":\"http:\\\/\\\/apeimeudon.fr\\\/Blog-APEI\\\/la-galette-des-benevoles-2019\\\/#breadcrumb\",\"itemListElement\":[{\"@type\":\"ListItem\",\"position\":1,\"name\":\"Accueil\",\"item\":\"https:\\\/\\\/apeimeudon.fr\\\/Blog-APEI\\\/\"},{\"@type\":\"ListItem\",\"position\":2,\"name\":\"La galette des b\u00e9n\u00e9voles 2019\"}]},{\"@type\":\"WebSite\",\"@id\":\"https:\\\/\\\/apeimeudon.fr\\\/Blog-APEI\\\/#website\",\"url\":\"https:\\\/\\\/apeimeudon.fr\\\/Blog-APEI\\\/\",\"name\":\"La Gazette des Foyers de l&#039;APEI de Meudon\",\"description\":\"Nos diff\u00e9rences loin de nous l\u00e9ser doivent nous enrichir -  Antoine de Saint-Exup\u00e9ry\",\"publisher\":{\"@id\":\"https:\\\/\\\/apeimeudon.fr\\\/Blog-APEI\\\/#organization\"},\"potentialAction\":[{\"@type\":\"SearchAction\",\"target\":{\"@type\":\"EntryPoint\",\"urlTemplate\":\"https:\\\/\\\/apeimeudon.fr\\\/Blog-APEI\\\/?s={search_term_string}\"},\"query-input\":{\"@type\":\"PropertyValueSpecification\",\"valueRequired\":true,\"valueName\":\"search_term_string\"}}],\"inLanguage\":\"fr-FR\"},{\"@type\":\"Organization\",\"@id\":\"https:\\\/\\\/apeimeudon.fr\\\/Blog-APEI\\\/#organization\",\"name\":\"APEI de Meudon\",\"url\":\"https:\\\/\\\/apeimeudon.fr\\\/Blog-APEI\\\/\",\"logo\":{\"@type\":\"ImageObject\",\"inLanguage\":\"fr-FR\",\"@id\":\"https:\\\/\\\/apeimeudon.fr\\\/Blog-APEI\\\/#\\\/schema\\\/logo\\\/image\\\/\",\"url\":\"https:\\\/\\\/apeimeudon.fr\\\/Blog-APEI\\\/wp-content\\\/uploads\\\/2017\\\/10\\\/Icone-APEI.png\",\"contentUrl\":\"https:\\\/\\\/apeimeudon.fr\\\/Blog-APEI\\\/wp-content\\\/uploads\\\/2017\\\/10\\\/Icone-APEI.png\",\"width\":128,\"height\":128,\"caption\":\"APEI de Meudon\"},\"image\":{\"@id\":\"https:\\\/\\\/apeimeudon.fr\\\/Blog-APEI\\\/#\\\/schema\\\/logo\\\/image\\\/\"}},{\"@type\":\"Person\",\"@id\":\"https:\\\/\\\/apeimeudon.fr\\\/Blog-APEI\\\/#\\\/schema\\\/person\\\/0036ae94e919b3b6d0a126605fb77ae3\",\"name\":\"admin\",\"image\":{\"@type\":\"ImageObject\",\"inLanguage\":\"fr-FR\",\"@id\":\"https:\\\/\\\/secure.gravatar.com\\\/avatar\\\/7126bead2c4dec8de61bb2e929eb8883a3bfc2d631934833b3e8d2ebc4a183a3?s=96&d=mm&r=g\",\"url\":\"https:\\\/\\\/secure.gravatar.com\\\/avatar\\\/7126bead2c4dec8de61bb2e929eb8883a3bfc2d631934833b3e8d2ebc4a183a3?s=96&d=mm&r=g\",\"contentUrl\":\"https:\\\/\\\/secure.gravatar.com\\\/avatar\\\/7126bead2c4dec8de61bb2e929eb8883a3bfc2d631934833b3e8d2ebc4a183a3?s=96&d=mm&r=g\",\"caption\":\"admin\"},\"url\":\"https:\\\/\\\/apeimeudon.fr\\\/Blog-APEI\\\/author\\\/admin\\\/\"}]}<\/script>\n<!-- \/ Yoast SEO plugin. -->","yoast_head_json":{"title":"La galette des b\u00e9n\u00e9voles 2019 - La Gazette des Foyers de l&#039;APEI de Meudon","robots":{"index":"index","follow":"follow","max-snippet":"max-snippet:-1","max-image-preview":"max-image-preview:large","max-video-preview":"max-video-preview:-1"},"canonical":"http:\/\/apeimeudon.fr\/Blog-APEI\/la-galette-des-benevoles-2019\/","og_locale":"fr_FR","og_type":"article","og_title":"La galette des b\u00e9n\u00e9voles 2019 - La Gazette des Foyers de l&#039;APEI de Meudon","og_description":"La galette des Rois \u00ab\u00a0Je suis la galette, la galette\u2026\u00a0\u00bb. Elle \u00e9tait gigantesque, comme d\u2019habitude, et elle s\u2019est laiss\u00e9e d\u00e9guster le 15 janvier dernier par les responsables, b\u00e9n\u00e9voles de l\u2019APEI et les \u00e9lus de Meudon.","og_url":"http:\/\/apeimeudon.fr\/Blog-APEI\/la-galette-des-benevoles-2019\/","og_site_name":"La Gazette des Foyers de l&#039;APEI de Meudon","article_published_time":"2019-01-16T17:34:02+00:00","article_modified_time":"2019-01-20T10:21:31+00:00","og_image":[{"width":314,"height":209,"url":"http:\/\/apeimeudon.fr\/Blog-APEI\/wp-content\/uploads\/2019\/01\/Galette-2019-miniature.jpg","type":"image\/jpeg"}],"author":"admin","twitter_card":"summary_large_image","twitter_misc":{"\u00c9crit par":"admin","Dur\u00e9e de lecture estim\u00e9e":"2 minutes"},"schema":{"@context":"https:\/\/schema.org","@graph":[{"@type":"Article","@id":"http:\/\/apeimeudon.fr\/Blog-APEI\/la-galette-des-benevoles-2019\/#article","isPartOf":{"@id":"http:\/\/apeimeudon.fr\/Blog-APEI\/la-galette-des-benevoles-2019\/"},"author":{"name":"admin","@id":"https:\/\/apeimeudon.fr\/Blog-APEI\/#\/schema\/person\/0036ae94e919b3b6d0a126605fb77ae3"},"headline":"La galette des b\u00e9n\u00e9voles 2019","datePublished":"2019-01-16T17:34:02+00:00","dateModified":"2019-01-20T10:21:31+00:00","mainEntityOfPage":{"@id":"http:\/\/apeimeudon.fr\/Blog-APEI\/la-galette-des-benevoles-2019\/"},"wordCount":319,"commentCount":0,"publisher":{"@id":"https:\/\/apeimeudon.fr\/Blog-APEI\/#organization"},"image":{"@id":"http:\/\/apeimeudon.fr\/Blog-APEI\/la-galette-des-benevoles-2019\/#primaryimage"},"thumbnailUrl":"https:\/\/apeimeudon.fr\/Blog-APEI\/wp-content\/uploads\/2019\/01\/Galette-2019-miniature.jpg","articleSection":["Galette des b\u00e9n\u00e9voles"],"inLanguage":"fr-FR","potentialAction":[{"@type":"CommentAction","name":"Comment","target":["http:\/\/apeimeudon.fr\/Blog-APEI\/la-galette-des-benevoles-2019\/#respond"]}]},{"@type":"WebPage","@id":"http:\/\/apeimeudon.fr\/Blog-APEI\/la-galette-des-benevoles-2019\/","url":"http:\/\/apeimeudon.fr\/Blog-APEI\/la-galette-des-benevoles-2019\/","name":"La galette des b\u00e9n\u00e9voles 2019 - La Gazette des Foyers de l&#039;APEI de Meudon","isPartOf":{"@id":"https:\/\/apeimeudon.fr\/Blog-APEI\/#website"},"primaryImageOfPage":{"@id":"http:\/\/apeimeudon.fr\/Blog-APEI\/la-galette-des-benevoles-2019\/#primaryimage"},"image":{"@id":"http:\/\/apeimeudon.fr\/Blog-APEI\/la-galette-des-benevoles-2019\/#primaryimage"},"thumbnailUrl":"https:\/\/apeimeudon.fr\/Blog-APEI\/wp-content\/uploads\/2019\/01\/Galette-2019-miniature.jpg","datePublished":"2019-01-16T17:34:02+00:00","dateModified":"2019-01-20T10:21:31+00:00","breadcrumb":{"@id":"http:\/\/apeimeudon.fr\/Blog-APEI\/la-galette-des-benevoles-2019\/#breadcrumb"},"inLanguage":"fr-FR","potentialAction":[{"@type":"ReadAction","target":["http:\/\/apeimeudon.fr\/Blog-APEI\/la-galette-des-benevoles-2019\/"]}]},{"@type":"ImageObject","inLanguage":"fr-FR","@id":"http:\/\/apeimeudon.fr\/Blog-APEI\/la-galette-des-benevoles-2019\/#primaryimage","url":"https:\/\/apeimeudon.fr\/Blog-APEI\/wp-content\/uploads\/2019\/01\/Galette-2019-miniature.jpg","contentUrl":"https:\/\/apeimeudon.fr\/Blog-APEI\/wp-content\/uploads\/2019\/01\/Galette-2019-miniature.jpg","width":314,"height":209},{"@type":"BreadcrumbList","@id":"http:\/\/apeimeudon.fr\/Blog-APEI\/la-galette-des-benevoles-2019\/#breadcrumb","itemListElement":[{"@type":"ListItem","position":1,"name":"Accueil","item":"https:\/\/apeimeudon.fr\/Blog-APEI\/"},{"@type":"ListItem","position":2,"name":"La galette des b\u00e9n\u00e9voles 2019"}]},{"@type":"WebSite","@id":"https:\/\/apeimeudon.fr\/Blog-APEI\/#website","url":"https:\/\/apeimeudon.fr\/Blog-APEI\/","name":"La Gazette des Foyers de l&#039;APEI de Meudon","description":"Nos diff\u00e9rences loin de nous l\u00e9ser doivent nous enrichir -  Antoine de Saint-Exup\u00e9ry","publisher":{"@id":"https:\/\/apeimeudon.fr\/Blog-APEI\/#organization"},"potentialAction":[{"@type":"SearchAction","target":{"@type":"EntryPoint","urlTemplate":"https:\/\/apeimeudon.fr\/Blog-APEI\/?s={search_term_string}"},"query-input":{"@type":"PropertyValueSpecification","valueRequired":true,"valueName":"search_term_string"}}],"inLanguage":"fr-FR"},{"@type":"Organization","@id":"https:\/\/apeimeudon.fr\/Blog-APEI\/#organization","name":"APEI de Meudon","url":"https:\/\/apeimeudon.fr\/Blog-APEI\/","logo":{"@type":"ImageObject","inLanguage":"fr-FR","@id":"https:\/\/apeimeudon.fr\/Blog-APEI\/#\/schema\/logo\/image\/","url":"https:\/\/apeimeudon.fr\/Blog-APEI\/wp-content\/uploads\/2017\/10\/Icone-APEI.png","contentUrl":"https:\/\/apeimeudon.fr\/Blog-APEI\/wp-content\/uploads\/2017\/10\/Icone-APEI.png","width":128,"height":128,"caption":"APEI de Meudon"},"image":{"@id":"https:\/\/apeimeudon.fr\/Blog-APEI\/#\/schema\/logo\/image\/"}},{"@type":"Person","@id":"https:\/\/apeimeudon.fr\/Blog-APEI\/#\/schema\/person\/0036ae94e919b3b6d0a126605fb77ae3","name":"admin","image":{"@type":"ImageObject","inLanguage":"fr-FR","@id":"https:\/\/secure.gravatar.com\/avatar\/7126bead2c4dec8de61bb2e929eb8883a3bfc2d631934833b3e8d2ebc4a183a3?s=96&d=mm&r=g","url":"https:\/\/secure.gravatar.com\/avatar\/7126bead2c4dec8de61bb2e929eb8883a3bfc2d631934833b3e8d2ebc4a183a3?s=96&d=mm&r=g","contentUrl":"https:\/\/secure.gravatar.com\/avatar\/7126bead2c4dec8de61bb2e929eb8883a3bfc2d631934833b3e8d2ebc4a183a3?s=96&d=mm&r=g","caption":"admin"},"url":"https:\/\/apeimeudon.fr\/Blog-APEI\/author\/admin\/"}]}},"_links":{"self":[{"href":"https:\/\/apeimeudon.fr\/Blog-APEI\/wp-json\/wp\/v2\/posts\/381","targetHints":{"allow":["GET"]}}],"collection":[{"href":"https:\/\/apeimeudon.fr\/Blog-APEI\/wp-json\/wp\/v2\/posts"}],"about":[{"href":"https:\/\/apeimeudon.fr\/Blog-APEI\/wp-json\/wp\/v2\/types\/post"}],"author":[{"embeddable":true,"href":"https:\/\/apeimeudon.fr\/Blog-APEI\/wp-json\/wp\/v2\/users\/1"}],"replies":[{"embeddable":true,"href":"https:\/\/apeimeudon.fr\/Blog-APEI\/wp-json\/wp\/v2\/comments?post=381"}],"version-history":[{"count":6,"href":"https:\/\/apeimeudon.fr\/Blog-APEI\/wp-json\/wp\/v2\/posts\/381\/revisions"}],"predecessor-version":[{"id":394,"href":"https:\/\/apeimeudon.fr\/Blog-APEI\/wp-json\/wp\/v2\/posts\/381\/revisions\/394"}],"wp:featuredmedia":[{"embeddable":true,"href":"https:\/\/apeimeudon.fr\/Blog-APEI\/wp-json\/wp\/v2\/media\/388"}],"wp:attachment":[{"href":"https:\/\/apeimeudon.fr\/Blog-APEI\/wp-json\/wp\/v2\/media?parent=381"}],"wp:term":[{"taxonomy":"category","embeddable":true,"href":"https:\/\/apeimeudon.fr\/Blog-APEI\/wp-json\/wp\/v2\/categories?post=381"},{"taxonomy":"post_tag","embeddable":true,"href":"https:\/\/apeimeudon.fr\/Blog-APEI\/wp-json\/wp\/v2\/tags?post=381"}],"curies":[{"name":"wp","href":"https:\/\/api.w.org\/{rel}","templated":true}]}}