{"id":426,"date":"2019-02-14T19:30:56","date_gmt":"2019-02-14T18:30:56","guid":{"rendered":"http:\/\/apeimeudon.fr\/Blog-APEI\/?p=426"},"modified":"2019-02-14T19:43:07","modified_gmt":"2019-02-14T18:43:07","slug":"evenements-handball-en-marge-de-leuro-feminin-2018","status":"publish","type":"post","link":"https:\/\/apeimeudon.fr\/Blog-APEI\/evenements-handball-en-marge-de-leuro-feminin-2018\/","title":{"rendered":"Ev\u00e8nements Handball  en marge de l\u2019Euro f\u00e9minin 2018"},"content":{"rendered":"\n<p>Le vendredi 07 D\u00e9cembre 2018, nous avons particip\u00e9 \u00e0 la journ\u00e9e de l\u2019Euro f\u00e9minin 2018 \u00e0 la maison du Handball \u00e0 Cr\u00e9teil.<\/p>\n\n\n\n<!--more-->\n\n\n\n<p>\u00c9taient pr\u00e9sents ce jour-l\u00e0 Alexis, Christian, Christophe, Guillaume,\nKarim, S\u00e9bastien, Christine, St\u00e9phane, David, Jocelin, John-Ross, Mehdi du\nfoyer de Fleury, Marion et Christopher, r\u00e9sidents du foyer des Lampes avec Axel\nle stagiaire et Johana et Armelle nos \u00e9ducatrices.<\/p>\n\n\n\n<p>Nous sommes partis de bonne heure en voiture. Nous avons\n\u00e9t\u00e9 les premiers \u00e0 arriver sur place, ce qui nous a permis de visiter\ntranquillement les magnifiques locaux. Ensuite, on nous a donn\u00e9 des tee-shirts.\nNous avons particip\u00e9 \u00e0 plusieurs ateliers de motricit\u00e9, m\u00e9moire, pr\u00e9cision\u2026.\nNous avons rencontr\u00e9 d\u2019autres \u00e9quipes de hand adapt\u00e9 de l\u2019Ile de France, nous\navons pu faire des petits matchs de&nbsp;4 contre 4.<\/p>\n\n\n\n<p>En remerciement de notre participation \u00e0 cette journ\u00e9e,\nnous avons eu des places gratuites pour aller voir \u00e0 Bercy la petite finale (3<sup>e<\/sup>\net 4e places) de l\u2019Euro f\u00e9minin 2018. Nous y sommes all\u00e9s en transport en\ncommun. Nous avons mang\u00e9 tous ensemble des hamburgers \u00e0 Five Guys. Nous avons\nvu le match Roumanie\/Norv\u00e8ge. La Norv\u00e8ge a gagn\u00e9 gr\u00e2ce \u00e0 notre soutien. Nous\navons pass\u00e9 une excellente journ\u00e9e. L\u2019ambiance \u00e0 Bercy \u00e9tait superbe. C\u2019\u00e9tait,\npour la plupart d\u2019entre nous, notre premi\u00e8re visite dans ce magnifique palais\nomnisport. <\/p>\n\n\n\n<p>Merci \u00e0 l\u2019activit\u00e9 handball pour ces nombreuses\nd\u00e9couvertes et aux prochaines \u00e0 venir&nbsp;!<\/p>\n\n\n\n<p style=\"text-align:right\">S\u00e9bastien, Christian, Christophe, Karim, Alexis et Guillaume,<br>R\u00e9sidents de Fleury.<\/p>\n\n\n\n<p><\/p>\n\n\n<p>\r\n\t\t\t\t\t\n\r\n\t\t\t\t\t<!-- START UNITE GALLERY 1.7.62 -->\r\n\t\t\t\t\t\r\n\t\t\t\t\n\t\t\t<div id='unitegallery_22_1' class='unite-gallery' style='margin:0px auto;'>\n\t\t\t\t\n\n\t\t\t\t\t\t<img alt=\"Handball 2018\"\n\t\t\t\t\t\t     src=\"\" data-image=\"https:\/\/apeimeudon.fr\/Blog-APEI\/wp-content\/uploads\/2019\/02\/Handball-2018.jpg\"\n\t\t\t\t\t\t     data-thumb=\"https:\/\/apeimeudon.fr\/Blog-APEI\/wp-content\/uploads\/2019\/02\/Handball-2018-300x146.jpg\"\n\t\t\t\t\t\t     title=\"\"\n\t\t\t\t\t\t     style=\"display:none\">\n\t\t\t<\/div>\n\n\t\t\t<script type='text\/javascript'>\n\t\t\t\twindow.onload = function(e) {\n\t\t\t\t\tif(typeof ugCheckForErrors == \"undefined\"){\n\t\t\t\t\t\tdocument.getElementById(\"unitegallery_22_1\").innerHTML = \"<span style='color:red'>Unite Gallery Error - gallery js and css files not included in the footer. Please make sure that wp_footer() function is added to your theme.<\/span>\";}\n\t\t\t\t\telse{ ugCheckForErrors(\"unitegallery_22_1\", \"jquery\");}\n\t\t\t\t};\n\t\t\t<\/script>\n\n\t\t\t<!-- END UNITEGALLERY --><br \/>\nL&rsquo;\u00e9quipe de Handball des foyers de l&rsquo;APEI de Meudon<\/p>\n\n\n\n<p><\/p>\n","protected":false},"excerpt":{"rendered":"<p>Le vendredi 07 D\u00e9cembre 2018, nous avons particip\u00e9 \u00e0 la journ\u00e9e de l\u2019Euro f\u00e9minin 2018 \u00e0 la maison du Handball \u00e0 Cr\u00e9teil.<\/p>\n","protected":false},"author":2,"featured_media":428,"comment_status":"open","ping_status":"open","sticky":false,"template":"","format":"standard","meta":{"_acf_changed":false,"_monsterinsights_skip_tracking":false,"_monsterinsights_sitenote_active":false,"_monsterinsights_sitenote_note":"","_monsterinsights_sitenote_category":0,"ngg_post_thumbnail":0,"footnotes":""},"categories":[1,40],"tags":[],"class_list":["post-426","post","type-post","status-publish","format-standard","has-post-thumbnail","hentry","category-non-classe","category-sport"],"acf":[],"yoast_head":"<!-- This site is optimized with the Yoast SEO plugin v27.3 - https:\/\/yoast.com\/product\/yoast-seo-wordpress\/ -->\n<title>Ev\u00e8nements Handball en marge de l\u2019Euro f\u00e9minin 2018 - La Gazette des Foyers de l&#039;APEI de Meudon<\/title>\n<meta name=\"robots\" content=\"index, follow, max-snippet:-1, max-image-preview:large, max-video-preview:-1\" \/>\n<link rel=\"canonical\" href=\"https:\/\/apeimeudon.fr\/Blog-APEI\/evenements-handball-en-marge-de-leuro-feminin-2018\/\" \/>\n<meta property=\"og:locale\" content=\"fr_FR\" \/>\n<meta property=\"og:type\" content=\"article\" \/>\n<meta property=\"og:title\" content=\"Ev\u00e8nements Handball en marge de l\u2019Euro f\u00e9minin 2018 - La Gazette des Foyers de l&#039;APEI de Meudon\" \/>\n<meta property=\"og:description\" content=\"Le vendredi 07 D\u00e9cembre 2018, nous avons particip\u00e9 \u00e0 la journ\u00e9e de l\u2019Euro f\u00e9minin 2018 \u00e0 la maison du Handball \u00e0 Cr\u00e9teil.\" \/>\n<meta property=\"og:url\" content=\"https:\/\/apeimeudon.fr\/Blog-APEI\/evenements-handball-en-marge-de-leuro-feminin-2018\/\" \/>\n<meta property=\"og:site_name\" content=\"La Gazette des Foyers de l&#039;APEI de Meudon\" \/>\n<meta property=\"article:published_time\" content=\"2019-02-14T18:30:56+00:00\" \/>\n<meta property=\"article:modified_time\" content=\"2019-02-14T18:43:07+00:00\" \/>\n<meta property=\"og:image\" content=\"https:\/\/apeimeudon.fr\/Blog-APEI\/wp-content\/uploads\/2019\/02\/Handball-2018-MINIATURE.jpg\" \/>\n\t<meta property=\"og:image:width\" content=\"330\" \/>\n\t<meta property=\"og:image:height\" content=\"161\" \/>\n\t<meta property=\"og:image:type\" content=\"image\/jpeg\" \/>\n<meta name=\"author\" content=\"Equipe r\u00e9dactionnelle Foyer FLEURY\" \/>\n<meta name=\"twitter:card\" content=\"summary_large_image\" \/>\n<meta name=\"twitter:label1\" content=\"\u00c9crit par\" \/>\n\t<meta name=\"twitter:data1\" content=\"Equipe r\u00e9dactionnelle Foyer FLEURY\" \/>\n\t<meta name=\"twitter:label2\" content=\"Dur\u00e9e de lecture estim\u00e9e\" \/>\n\t<meta name=\"twitter:data2\" content=\"1 minute\" \/>\n<script type=\"application\/ld+json\" class=\"yoast-schema-graph\">{\"@context\":\"https:\\\/\\\/schema.org\",\"@graph\":[{\"@type\":\"Article\",\"@id\":\"https:\\\/\\\/apeimeudon.fr\\\/Blog-APEI\\\/evenements-handball-en-marge-de-leuro-feminin-2018\\\/#article\",\"isPartOf\":{\"@id\":\"https:\\\/\\\/apeimeudon.fr\\\/Blog-APEI\\\/evenements-handball-en-marge-de-leuro-feminin-2018\\\/\"},\"author\":{\"name\":\"Equipe r\u00e9dactionnelle Foyer FLEURY\",\"@id\":\"https:\\\/\\\/apeimeudon.fr\\\/Blog-APEI\\\/#\\\/schema\\\/person\\\/a81a31019e8af8065790f5c6acfdc547\"},\"headline\":\"Ev\u00e8nements Handball en marge de l\u2019Euro f\u00e9minin 2018\",\"datePublished\":\"2019-02-14T18:30:56+00:00\",\"dateModified\":\"2019-02-14T18:43:07+00:00\",\"mainEntityOfPage\":{\"@id\":\"https:\\\/\\\/apeimeudon.fr\\\/Blog-APEI\\\/evenements-handball-en-marge-de-leuro-feminin-2018\\\/\"},\"wordCount\":275,\"commentCount\":0,\"publisher\":{\"@id\":\"https:\\\/\\\/apeimeudon.fr\\\/Blog-APEI\\\/#organization\"},\"image\":{\"@id\":\"https:\\\/\\\/apeimeudon.fr\\\/Blog-APEI\\\/evenements-handball-en-marge-de-leuro-feminin-2018\\\/#primaryimage\"},\"thumbnailUrl\":\"https:\\\/\\\/apeimeudon.fr\\\/Blog-APEI\\\/wp-content\\\/uploads\\\/2019\\\/02\\\/Handball-2018-MINIATURE.jpg\",\"articleSection\":{\"1\":\"Sport\"},\"inLanguage\":\"fr-FR\",\"potentialAction\":[{\"@type\":\"CommentAction\",\"name\":\"Comment\",\"target\":[\"https:\\\/\\\/apeimeudon.fr\\\/Blog-APEI\\\/evenements-handball-en-marge-de-leuro-feminin-2018\\\/#respond\"]}]},{\"@type\":\"WebPage\",\"@id\":\"https:\\\/\\\/apeimeudon.fr\\\/Blog-APEI\\\/evenements-handball-en-marge-de-leuro-feminin-2018\\\/\",\"url\":\"https:\\\/\\\/apeimeudon.fr\\\/Blog-APEI\\\/evenements-handball-en-marge-de-leuro-feminin-2018\\\/\",\"name\":\"Ev\u00e8nements Handball en marge de l\u2019Euro f\u00e9minin 2018 - La Gazette des Foyers de l&#039;APEI de Meudon\",\"isPartOf\":{\"@id\":\"https:\\\/\\\/apeimeudon.fr\\\/Blog-APEI\\\/#website\"},\"primaryImageOfPage\":{\"@id\":\"https:\\\/\\\/apeimeudon.fr\\\/Blog-APEI\\\/evenements-handball-en-marge-de-leuro-feminin-2018\\\/#primaryimage\"},\"image\":{\"@id\":\"https:\\\/\\\/apeimeudon.fr\\\/Blog-APEI\\\/evenements-handball-en-marge-de-leuro-feminin-2018\\\/#primaryimage\"},\"thumbnailUrl\":\"https:\\\/\\\/apeimeudon.fr\\\/Blog-APEI\\\/wp-content\\\/uploads\\\/2019\\\/02\\\/Handball-2018-MINIATURE.jpg\",\"datePublished\":\"2019-02-14T18:30:56+00:00\",\"dateModified\":\"2019-02-14T18:43:07+00:00\",\"breadcrumb\":{\"@id\":\"https:\\\/\\\/apeimeudon.fr\\\/Blog-APEI\\\/evenements-handball-en-marge-de-leuro-feminin-2018\\\/#breadcrumb\"},\"inLanguage\":\"fr-FR\",\"potentialAction\":[{\"@type\":\"ReadAction\",\"target\":[\"https:\\\/\\\/apeimeudon.fr\\\/Blog-APEI\\\/evenements-handball-en-marge-de-leuro-feminin-2018\\\/\"]}]},{\"@type\":\"ImageObject\",\"inLanguage\":\"fr-FR\",\"@id\":\"https:\\\/\\\/apeimeudon.fr\\\/Blog-APEI\\\/evenements-handball-en-marge-de-leuro-feminin-2018\\\/#primaryimage\",\"url\":\"https:\\\/\\\/apeimeudon.fr\\\/Blog-APEI\\\/wp-content\\\/uploads\\\/2019\\\/02\\\/Handball-2018-MINIATURE.jpg\",\"contentUrl\":\"https:\\\/\\\/apeimeudon.fr\\\/Blog-APEI\\\/wp-content\\\/uploads\\\/2019\\\/02\\\/Handball-2018-MINIATURE.jpg\",\"width\":330,\"height\":161,\"caption\":\"L'\u00e9quipe de Handball des foyers de l'APEI de Meudon\"},{\"@type\":\"BreadcrumbList\",\"@id\":\"https:\\\/\\\/apeimeudon.fr\\\/Blog-APEI\\\/evenements-handball-en-marge-de-leuro-feminin-2018\\\/#breadcrumb\",\"itemListElement\":[{\"@type\":\"ListItem\",\"position\":1,\"name\":\"Accueil\",\"item\":\"https:\\\/\\\/apeimeudon.fr\\\/Blog-APEI\\\/\"},{\"@type\":\"ListItem\",\"position\":2,\"name\":\"Ev\u00e8nements Handball en marge de l\u2019Euro f\u00e9minin 2018\"}]},{\"@type\":\"WebSite\",\"@id\":\"https:\\\/\\\/apeimeudon.fr\\\/Blog-APEI\\\/#website\",\"url\":\"https:\\\/\\\/apeimeudon.fr\\\/Blog-APEI\\\/\",\"name\":\"La Gazette des Foyers de l&#039;APEI de Meudon\",\"description\":\"Nos diff\u00e9rences loin de nous l\u00e9ser doivent nous enrichir -  Antoine de Saint-Exup\u00e9ry\",\"publisher\":{\"@id\":\"https:\\\/\\\/apeimeudon.fr\\\/Blog-APEI\\\/#organization\"},\"potentialAction\":[{\"@type\":\"SearchAction\",\"target\":{\"@type\":\"EntryPoint\",\"urlTemplate\":\"https:\\\/\\\/apeimeudon.fr\\\/Blog-APEI\\\/?s={search_term_string}\"},\"query-input\":{\"@type\":\"PropertyValueSpecification\",\"valueRequired\":true,\"valueName\":\"search_term_string\"}}],\"inLanguage\":\"fr-FR\"},{\"@type\":\"Organization\",\"@id\":\"https:\\\/\\\/apeimeudon.fr\\\/Blog-APEI\\\/#organization\",\"name\":\"APEI de Meudon\",\"url\":\"https:\\\/\\\/apeimeudon.fr\\\/Blog-APEI\\\/\",\"logo\":{\"@type\":\"ImageObject\",\"inLanguage\":\"fr-FR\",\"@id\":\"https:\\\/\\\/apeimeudon.fr\\\/Blog-APEI\\\/#\\\/schema\\\/logo\\\/image\\\/\",\"url\":\"https:\\\/\\\/apeimeudon.fr\\\/Blog-APEI\\\/wp-content\\\/uploads\\\/2017\\\/10\\\/Icone-APEI.png\",\"contentUrl\":\"https:\\\/\\\/apeimeudon.fr\\\/Blog-APEI\\\/wp-content\\\/uploads\\\/2017\\\/10\\\/Icone-APEI.png\",\"width\":128,\"height\":128,\"caption\":\"APEI de Meudon\"},\"image\":{\"@id\":\"https:\\\/\\\/apeimeudon.fr\\\/Blog-APEI\\\/#\\\/schema\\\/logo\\\/image\\\/\"}},{\"@type\":\"Person\",\"@id\":\"https:\\\/\\\/apeimeudon.fr\\\/Blog-APEI\\\/#\\\/schema\\\/person\\\/a81a31019e8af8065790f5c6acfdc547\",\"name\":\"Equipe r\u00e9dactionnelle Foyer FLEURY\",\"image\":{\"@type\":\"ImageObject\",\"inLanguage\":\"fr-FR\",\"@id\":\"https:\\\/\\\/secure.gravatar.com\\\/avatar\\\/077b0b63c066e0ecf5a8ce55f379e3e6cc4cee7cb3fc656a19335177af2035da?s=96&d=mm&r=g\",\"url\":\"https:\\\/\\\/secure.gravatar.com\\\/avatar\\\/077b0b63c066e0ecf5a8ce55f379e3e6cc4cee7cb3fc656a19335177af2035da?s=96&d=mm&r=g\",\"contentUrl\":\"https:\\\/\\\/secure.gravatar.com\\\/avatar\\\/077b0b63c066e0ecf5a8ce55f379e3e6cc4cee7cb3fc656a19335177af2035da?s=96&d=mm&r=g\",\"caption\":\"Equipe r\u00e9dactionnelle Foyer FLEURY\"},\"url\":\"https:\\\/\\\/apeimeudon.fr\\\/Blog-APEI\\\/author\\\/fleury\\\/\"}]}<\/script>\n<!-- \/ Yoast SEO plugin. -->","yoast_head_json":{"title":"Ev\u00e8nements Handball en marge de l\u2019Euro f\u00e9minin 2018 - La Gazette des Foyers de l&#039;APEI de Meudon","robots":{"index":"index","follow":"follow","max-snippet":"max-snippet:-1","max-image-preview":"max-image-preview:large","max-video-preview":"max-video-preview:-1"},"canonical":"https:\/\/apeimeudon.fr\/Blog-APEI\/evenements-handball-en-marge-de-leuro-feminin-2018\/","og_locale":"fr_FR","og_type":"article","og_title":"Ev\u00e8nements Handball en marge de l\u2019Euro f\u00e9minin 2018 - La Gazette des Foyers de l&#039;APEI de Meudon","og_description":"Le vendredi 07 D\u00e9cembre 2018, nous avons particip\u00e9 \u00e0 la journ\u00e9e de l\u2019Euro f\u00e9minin 2018 \u00e0 la maison du Handball \u00e0 Cr\u00e9teil.","og_url":"https:\/\/apeimeudon.fr\/Blog-APEI\/evenements-handball-en-marge-de-leuro-feminin-2018\/","og_site_name":"La Gazette des Foyers de l&#039;APEI de Meudon","article_published_time":"2019-02-14T18:30:56+00:00","article_modified_time":"2019-02-14T18:43:07+00:00","og_image":[{"width":330,"height":161,"url":"https:\/\/apeimeudon.fr\/Blog-APEI\/wp-content\/uploads\/2019\/02\/Handball-2018-MINIATURE.jpg","type":"image\/jpeg"}],"author":"Equipe r\u00e9dactionnelle Foyer FLEURY","twitter_card":"summary_large_image","twitter_misc":{"\u00c9crit par":"Equipe r\u00e9dactionnelle Foyer FLEURY","Dur\u00e9e de lecture estim\u00e9e":"1 minute"},"schema":{"@context":"https:\/\/schema.org","@graph":[{"@type":"Article","@id":"https:\/\/apeimeudon.fr\/Blog-APEI\/evenements-handball-en-marge-de-leuro-feminin-2018\/#article","isPartOf":{"@id":"https:\/\/apeimeudon.fr\/Blog-APEI\/evenements-handball-en-marge-de-leuro-feminin-2018\/"},"author":{"name":"Equipe r\u00e9dactionnelle Foyer FLEURY","@id":"https:\/\/apeimeudon.fr\/Blog-APEI\/#\/schema\/person\/a81a31019e8af8065790f5c6acfdc547"},"headline":"Ev\u00e8nements Handball en marge de l\u2019Euro f\u00e9minin 2018","datePublished":"2019-02-14T18:30:56+00:00","dateModified":"2019-02-14T18:43:07+00:00","mainEntityOfPage":{"@id":"https:\/\/apeimeudon.fr\/Blog-APEI\/evenements-handball-en-marge-de-leuro-feminin-2018\/"},"wordCount":275,"commentCount":0,"publisher":{"@id":"https:\/\/apeimeudon.fr\/Blog-APEI\/#organization"},"image":{"@id":"https:\/\/apeimeudon.fr\/Blog-APEI\/evenements-handball-en-marge-de-leuro-feminin-2018\/#primaryimage"},"thumbnailUrl":"https:\/\/apeimeudon.fr\/Blog-APEI\/wp-content\/uploads\/2019\/02\/Handball-2018-MINIATURE.jpg","articleSection":{"1":"Sport"},"inLanguage":"fr-FR","potentialAction":[{"@type":"CommentAction","name":"Comment","target":["https:\/\/apeimeudon.fr\/Blog-APEI\/evenements-handball-en-marge-de-leuro-feminin-2018\/#respond"]}]},{"@type":"WebPage","@id":"https:\/\/apeimeudon.fr\/Blog-APEI\/evenements-handball-en-marge-de-leuro-feminin-2018\/","url":"https:\/\/apeimeudon.fr\/Blog-APEI\/evenements-handball-en-marge-de-leuro-feminin-2018\/","name":"Ev\u00e8nements Handball en marge de l\u2019Euro f\u00e9minin 2018 - La Gazette des Foyers de l&#039;APEI de Meudon","isPartOf":{"@id":"https:\/\/apeimeudon.fr\/Blog-APEI\/#website"},"primaryImageOfPage":{"@id":"https:\/\/apeimeudon.fr\/Blog-APEI\/evenements-handball-en-marge-de-leuro-feminin-2018\/#primaryimage"},"image":{"@id":"https:\/\/apeimeudon.fr\/Blog-APEI\/evenements-handball-en-marge-de-leuro-feminin-2018\/#primaryimage"},"thumbnailUrl":"https:\/\/apeimeudon.fr\/Blog-APEI\/wp-content\/uploads\/2019\/02\/Handball-2018-MINIATURE.jpg","datePublished":"2019-02-14T18:30:56+00:00","dateModified":"2019-02-14T18:43:07+00:00","breadcrumb":{"@id":"https:\/\/apeimeudon.fr\/Blog-APEI\/evenements-handball-en-marge-de-leuro-feminin-2018\/#breadcrumb"},"inLanguage":"fr-FR","potentialAction":[{"@type":"ReadAction","target":["https:\/\/apeimeudon.fr\/Blog-APEI\/evenements-handball-en-marge-de-leuro-feminin-2018\/"]}]},{"@type":"ImageObject","inLanguage":"fr-FR","@id":"https:\/\/apeimeudon.fr\/Blog-APEI\/evenements-handball-en-marge-de-leuro-feminin-2018\/#primaryimage","url":"https:\/\/apeimeudon.fr\/Blog-APEI\/wp-content\/uploads\/2019\/02\/Handball-2018-MINIATURE.jpg","contentUrl":"https:\/\/apeimeudon.fr\/Blog-APEI\/wp-content\/uploads\/2019\/02\/Handball-2018-MINIATURE.jpg","width":330,"height":161,"caption":"L'\u00e9quipe de Handball des foyers de l'APEI de Meudon"},{"@type":"BreadcrumbList","@id":"https:\/\/apeimeudon.fr\/Blog-APEI\/evenements-handball-en-marge-de-leuro-feminin-2018\/#breadcrumb","itemListElement":[{"@type":"ListItem","position":1,"name":"Accueil","item":"https:\/\/apeimeudon.fr\/Blog-APEI\/"},{"@type":"ListItem","position":2,"name":"Ev\u00e8nements Handball en marge de l\u2019Euro f\u00e9minin 2018"}]},{"@type":"WebSite","@id":"https:\/\/apeimeudon.fr\/Blog-APEI\/#website","url":"https:\/\/apeimeudon.fr\/Blog-APEI\/","name":"La Gazette des Foyers de l&#039;APEI de Meudon","description":"Nos diff\u00e9rences loin de nous l\u00e9ser doivent nous enrichir -  Antoine de Saint-Exup\u00e9ry","publisher":{"@id":"https:\/\/apeimeudon.fr\/Blog-APEI\/#organization"},"potentialAction":[{"@type":"SearchAction","target":{"@type":"EntryPoint","urlTemplate":"https:\/\/apeimeudon.fr\/Blog-APEI\/?s={search_term_string}"},"query-input":{"@type":"PropertyValueSpecification","valueRequired":true,"valueName":"search_term_string"}}],"inLanguage":"fr-FR"},{"@type":"Organization","@id":"https:\/\/apeimeudon.fr\/Blog-APEI\/#organization","name":"APEI de Meudon","url":"https:\/\/apeimeudon.fr\/Blog-APEI\/","logo":{"@type":"ImageObject","inLanguage":"fr-FR","@id":"https:\/\/apeimeudon.fr\/Blog-APEI\/#\/schema\/logo\/image\/","url":"https:\/\/apeimeudon.fr\/Blog-APEI\/wp-content\/uploads\/2017\/10\/Icone-APEI.png","contentUrl":"https:\/\/apeimeudon.fr\/Blog-APEI\/wp-content\/uploads\/2017\/10\/Icone-APEI.png","width":128,"height":128,"caption":"APEI de Meudon"},"image":{"@id":"https:\/\/apeimeudon.fr\/Blog-APEI\/#\/schema\/logo\/image\/"}},{"@type":"Person","@id":"https:\/\/apeimeudon.fr\/Blog-APEI\/#\/schema\/person\/a81a31019e8af8065790f5c6acfdc547","name":"Equipe r\u00e9dactionnelle Foyer FLEURY","image":{"@type":"ImageObject","inLanguage":"fr-FR","@id":"https:\/\/secure.gravatar.com\/avatar\/077b0b63c066e0ecf5a8ce55f379e3e6cc4cee7cb3fc656a19335177af2035da?s=96&d=mm&r=g","url":"https:\/\/secure.gravatar.com\/avatar\/077b0b63c066e0ecf5a8ce55f379e3e6cc4cee7cb3fc656a19335177af2035da?s=96&d=mm&r=g","contentUrl":"https:\/\/secure.gravatar.com\/avatar\/077b0b63c066e0ecf5a8ce55f379e3e6cc4cee7cb3fc656a19335177af2035da?s=96&d=mm&r=g","caption":"Equipe r\u00e9dactionnelle Foyer FLEURY"},"url":"https:\/\/apeimeudon.fr\/Blog-APEI\/author\/fleury\/"}]}},"_links":{"self":[{"href":"https:\/\/apeimeudon.fr\/Blog-APEI\/wp-json\/wp\/v2\/posts\/426","targetHints":{"allow":["GET"]}}],"collection":[{"href":"https:\/\/apeimeudon.fr\/Blog-APEI\/wp-json\/wp\/v2\/posts"}],"about":[{"href":"https:\/\/apeimeudon.fr\/Blog-APEI\/wp-json\/wp\/v2\/types\/post"}],"author":[{"embeddable":true,"href":"https:\/\/apeimeudon.fr\/Blog-APEI\/wp-json\/wp\/v2\/users\/2"}],"replies":[{"embeddable":true,"href":"https:\/\/apeimeudon.fr\/Blog-APEI\/wp-json\/wp\/v2\/comments?post=426"}],"version-history":[{"count":7,"href":"https:\/\/apeimeudon.fr\/Blog-APEI\/wp-json\/wp\/v2\/posts\/426\/revisions"}],"predecessor-version":[{"id":442,"href":"https:\/\/apeimeudon.fr\/Blog-APEI\/wp-json\/wp\/v2\/posts\/426\/revisions\/442"}],"wp:featuredmedia":[{"embeddable":true,"href":"https:\/\/apeimeudon.fr\/Blog-APEI\/wp-json\/wp\/v2\/media\/428"}],"wp:attachment":[{"href":"https:\/\/apeimeudon.fr\/Blog-APEI\/wp-json\/wp\/v2\/media?parent=426"}],"wp:term":[{"taxonomy":"category","embeddable":true,"href":"https:\/\/apeimeudon.fr\/Blog-APEI\/wp-json\/wp\/v2\/categories?post=426"},{"taxonomy":"post_tag","embeddable":true,"href":"https:\/\/apeimeudon.fr\/Blog-APEI\/wp-json\/wp\/v2\/tags?post=426"}],"curies":[{"name":"wp","href":"https:\/\/api.w.org\/{rel}","templated":true}]}}