{"id":4601,"date":"2023-12-18T21:54:41","date_gmt":"2023-12-18T20:54:41","guid":{"rendered":"https:\/\/apeimeudon.fr\/Blog-APEI\/?p=4601"},"modified":"2023-12-18T21:54:42","modified_gmt":"2023-12-18T20:54:42","slug":"gouter-de-noel-a-la-residence-hourdin","status":"publish","type":"post","link":"https:\/\/apeimeudon.fr\/Blog-APEI\/gouter-de-noel-a-la-residence-hourdin\/","title":{"rendered":"Go\u00fbter de no\u00ebl \u00e0 la R\u00e9sidence Hourdin"},"content":{"rendered":"\n<p>Samedi 16 d\u00e9cembre, l\u2019\u00e9quipe et les r\u00e9sidents d\u2019Hourdin ont re\u00e7u autour un magnifique go\u00fbter de no\u00ebl qu\u2019ils avaient mis du c\u0153ur \u00e0 pr\u00e9parer durant plusieurs jours.<\/p>\n\n\n\n<!--more-->\n\n\n\n<p>Plusieurs r\u00e9sidents des autres Foyers de l\u2019Association y \u00e9taient invit\u00e9s et ils se sont r\u00e9gal\u00e9s ! Petits sabl\u00e9s, vin et chocolat chaud, churros, mousse et sucettes en chocolat, tout \u00e9tait fait maison.<br>Merci \u00e0 tous d\u2019avoir organis\u00e9 ce beau et chaleureux moment.<\/p>\n\n\n\n<p class=\"has-text-align-right\"><strong>Anne LOZAC\u2019H<\/strong><\/p>\n\n\n\n<p><strong><em>Les photos :<\/em><\/strong><\/p>\n\n\n\nngg_shortcode_0_placeholder\n","protected":false},"excerpt":{"rendered":"<p>Samedi 16 d\u00e9cembre, l\u2019\u00e9quipe et les r\u00e9sidents d\u2019Hourdin ont re\u00e7u autour un magnifique go\u00fbter de no\u00ebl qu\u2019ils avaient mis du c\u0153ur \u00e0 pr\u00e9parer durant plusieurs jours.<\/p>\n","protected":false},"author":8,"featured_media":4576,"comment_status":"open","ping_status":"open","sticky":false,"template":"","format":"standard","meta":{"_acf_changed":false,"_monsterinsights_skip_tracking":false,"_monsterinsights_sitenote_active":false,"_monsterinsights_sitenote_note":"","_monsterinsights_sitenote_category":0,"ngg_post_thumbnail":0,"footnotes":""},"categories":[55,42,1],"tags":[],"class_list":["post-4601","post","type-post","status-publish","format-standard","has-post-thumbnail","hentry","category-bien-etre","category-foyer-hourdin","category-non-classe"],"acf":[],"yoast_head":"<!-- This site is optimized with the Yoast SEO plugin v27.3 - https:\/\/yoast.com\/product\/yoast-seo-wordpress\/ -->\n<title>Go\u00fbter de no\u00ebl \u00e0 la R\u00e9sidence Hourdin - La Gazette des Foyers de l&#039;APEI de Meudon<\/title>\n<meta name=\"robots\" content=\"index, follow, max-snippet:-1, max-image-preview:large, max-video-preview:-1\" \/>\n<link rel=\"canonical\" href=\"https:\/\/apeimeudon.fr\/Blog-APEI\/gouter-de-noel-a-la-residence-hourdin\/\" \/>\n<meta property=\"og:locale\" content=\"fr_FR\" \/>\n<meta property=\"og:type\" content=\"article\" \/>\n<meta property=\"og:title\" content=\"Go\u00fbter de no\u00ebl \u00e0 la R\u00e9sidence Hourdin - La Gazette des Foyers de l&#039;APEI de Meudon\" \/>\n<meta property=\"og:description\" content=\"Samedi 16 d\u00e9cembre, l\u2019\u00e9quipe et les r\u00e9sidents d\u2019Hourdin ont re\u00e7u autour un magnifique go\u00fbter de no\u00ebl qu\u2019ils avaient mis du c\u0153ur \u00e0 pr\u00e9parer durant plusieurs jours.\" \/>\n<meta property=\"og:url\" content=\"https:\/\/apeimeudon.fr\/Blog-APEI\/gouter-de-noel-a-la-residence-hourdin\/\" \/>\n<meta property=\"og:site_name\" content=\"La Gazette des Foyers de l&#039;APEI de Meudon\" \/>\n<meta property=\"article:published_time\" content=\"2023-12-18T20:54:41+00:00\" \/>\n<meta property=\"article:modified_time\" content=\"2023-12-18T20:54:42+00:00\" \/>\n<meta property=\"og:image\" content=\"https:\/\/apeimeudon.fr\/Blog-APEI\/wp-content\/uploads\/2023\/12\/Miniature-3.jpg\" \/>\n\t<meta property=\"og:image:width\" content=\"400\" \/>\n\t<meta property=\"og:image:height\" content=\"255\" \/>\n\t<meta property=\"og:image:type\" content=\"image\/jpeg\" \/>\n<meta name=\"author\" content=\"Equipe r\u00e9dactionnelle Foyer Georges HOURDIN\" \/>\n<meta name=\"twitter:card\" content=\"summary_large_image\" \/>\n<meta name=\"twitter:label1\" content=\"\u00c9crit par\" \/>\n\t<meta name=\"twitter:data1\" content=\"Equipe r\u00e9dactionnelle Foyer Georges HOURDIN\" \/>\n\t<meta name=\"twitter:label2\" content=\"Dur\u00e9e de lecture estim\u00e9e\" \/>\n\t<meta name=\"twitter:data2\" content=\"1 minute\" \/>\n<script type=\"application\/ld+json\" class=\"yoast-schema-graph\">{\"@context\":\"https:\\\/\\\/schema.org\",\"@graph\":[{\"@type\":\"Article\",\"@id\":\"https:\\\/\\\/apeimeudon.fr\\\/Blog-APEI\\\/gouter-de-noel-a-la-residence-hourdin\\\/#article\",\"isPartOf\":{\"@id\":\"https:\\\/\\\/apeimeudon.fr\\\/Blog-APEI\\\/gouter-de-noel-a-la-residence-hourdin\\\/\"},\"author\":{\"name\":\"Equipe r\u00e9dactionnelle Foyer Georges HOURDIN\",\"@id\":\"https:\\\/\\\/apeimeudon.fr\\\/Blog-APEI\\\/#\\\/schema\\\/person\\\/564b4a79fa3998006bce7ba007dcd40a\"},\"headline\":\"Go\u00fbter de no\u00ebl \u00e0 la R\u00e9sidence Hourdin\",\"datePublished\":\"2023-12-18T20:54:41+00:00\",\"dateModified\":\"2023-12-18T20:54:42+00:00\",\"mainEntityOfPage\":{\"@id\":\"https:\\\/\\\/apeimeudon.fr\\\/Blog-APEI\\\/gouter-de-noel-a-la-residence-hourdin\\\/\"},\"wordCount\":104,\"commentCount\":0,\"publisher\":{\"@id\":\"https:\\\/\\\/apeimeudon.fr\\\/Blog-APEI\\\/#organization\"},\"image\":{\"@id\":\"https:\\\/\\\/apeimeudon.fr\\\/Blog-APEI\\\/gouter-de-noel-a-la-residence-hourdin\\\/#primaryimage\"},\"thumbnailUrl\":\"https:\\\/\\\/apeimeudon.fr\\\/Blog-APEI\\\/wp-content\\\/uploads\\\/2023\\\/12\\\/Miniature-3.jpg\",\"articleSection\":[\"Bien Etre\",\"Foyer Hourdin\"],\"inLanguage\":\"fr-FR\",\"potentialAction\":[{\"@type\":\"CommentAction\",\"name\":\"Comment\",\"target\":[\"https:\\\/\\\/apeimeudon.fr\\\/Blog-APEI\\\/gouter-de-noel-a-la-residence-hourdin\\\/#respond\"]}]},{\"@type\":\"WebPage\",\"@id\":\"https:\\\/\\\/apeimeudon.fr\\\/Blog-APEI\\\/gouter-de-noel-a-la-residence-hourdin\\\/\",\"url\":\"https:\\\/\\\/apeimeudon.fr\\\/Blog-APEI\\\/gouter-de-noel-a-la-residence-hourdin\\\/\",\"name\":\"Go\u00fbter de no\u00ebl \u00e0 la R\u00e9sidence Hourdin - La Gazette des Foyers de l&#039;APEI de Meudon\",\"isPartOf\":{\"@id\":\"https:\\\/\\\/apeimeudon.fr\\\/Blog-APEI\\\/#website\"},\"primaryImageOfPage\":{\"@id\":\"https:\\\/\\\/apeimeudon.fr\\\/Blog-APEI\\\/gouter-de-noel-a-la-residence-hourdin\\\/#primaryimage\"},\"image\":{\"@id\":\"https:\\\/\\\/apeimeudon.fr\\\/Blog-APEI\\\/gouter-de-noel-a-la-residence-hourdin\\\/#primaryimage\"},\"thumbnailUrl\":\"https:\\\/\\\/apeimeudon.fr\\\/Blog-APEI\\\/wp-content\\\/uploads\\\/2023\\\/12\\\/Miniature-3.jpg\",\"datePublished\":\"2023-12-18T20:54:41+00:00\",\"dateModified\":\"2023-12-18T20:54:42+00:00\",\"breadcrumb\":{\"@id\":\"https:\\\/\\\/apeimeudon.fr\\\/Blog-APEI\\\/gouter-de-noel-a-la-residence-hourdin\\\/#breadcrumb\"},\"inLanguage\":\"fr-FR\",\"potentialAction\":[{\"@type\":\"ReadAction\",\"target\":[\"https:\\\/\\\/apeimeudon.fr\\\/Blog-APEI\\\/gouter-de-noel-a-la-residence-hourdin\\\/\"]}]},{\"@type\":\"ImageObject\",\"inLanguage\":\"fr-FR\",\"@id\":\"https:\\\/\\\/apeimeudon.fr\\\/Blog-APEI\\\/gouter-de-noel-a-la-residence-hourdin\\\/#primaryimage\",\"url\":\"https:\\\/\\\/apeimeudon.fr\\\/Blog-APEI\\\/wp-content\\\/uploads\\\/2023\\\/12\\\/Miniature-3.jpg\",\"contentUrl\":\"https:\\\/\\\/apeimeudon.fr\\\/Blog-APEI\\\/wp-content\\\/uploads\\\/2023\\\/12\\\/Miniature-3.jpg\",\"width\":400,\"height\":255},{\"@type\":\"BreadcrumbList\",\"@id\":\"https:\\\/\\\/apeimeudon.fr\\\/Blog-APEI\\\/gouter-de-noel-a-la-residence-hourdin\\\/#breadcrumb\",\"itemListElement\":[{\"@type\":\"ListItem\",\"position\":1,\"name\":\"Accueil\",\"item\":\"https:\\\/\\\/apeimeudon.fr\\\/Blog-APEI\\\/\"},{\"@type\":\"ListItem\",\"position\":2,\"name\":\"Go\u00fbter de no\u00ebl \u00e0 la R\u00e9sidence Hourdin\"}]},{\"@type\":\"WebSite\",\"@id\":\"https:\\\/\\\/apeimeudon.fr\\\/Blog-APEI\\\/#website\",\"url\":\"https:\\\/\\\/apeimeudon.fr\\\/Blog-APEI\\\/\",\"name\":\"La Gazette des Foyers de l&#039;APEI de Meudon\",\"description\":\"Nos diff\u00e9rences loin de nous l\u00e9ser doivent nous enrichir -  Antoine de Saint-Exup\u00e9ry\",\"publisher\":{\"@id\":\"https:\\\/\\\/apeimeudon.fr\\\/Blog-APEI\\\/#organization\"},\"potentialAction\":[{\"@type\":\"SearchAction\",\"target\":{\"@type\":\"EntryPoint\",\"urlTemplate\":\"https:\\\/\\\/apeimeudon.fr\\\/Blog-APEI\\\/?s={search_term_string}\"},\"query-input\":{\"@type\":\"PropertyValueSpecification\",\"valueRequired\":true,\"valueName\":\"search_term_string\"}}],\"inLanguage\":\"fr-FR\"},{\"@type\":\"Organization\",\"@id\":\"https:\\\/\\\/apeimeudon.fr\\\/Blog-APEI\\\/#organization\",\"name\":\"APEI de Meudon\",\"url\":\"https:\\\/\\\/apeimeudon.fr\\\/Blog-APEI\\\/\",\"logo\":{\"@type\":\"ImageObject\",\"inLanguage\":\"fr-FR\",\"@id\":\"https:\\\/\\\/apeimeudon.fr\\\/Blog-APEI\\\/#\\\/schema\\\/logo\\\/image\\\/\",\"url\":\"https:\\\/\\\/apeimeudon.fr\\\/Blog-APEI\\\/wp-content\\\/uploads\\\/2017\\\/10\\\/Icone-APEI.png\",\"contentUrl\":\"https:\\\/\\\/apeimeudon.fr\\\/Blog-APEI\\\/wp-content\\\/uploads\\\/2017\\\/10\\\/Icone-APEI.png\",\"width\":128,\"height\":128,\"caption\":\"APEI de Meudon\"},\"image\":{\"@id\":\"https:\\\/\\\/apeimeudon.fr\\\/Blog-APEI\\\/#\\\/schema\\\/logo\\\/image\\\/\"}},{\"@type\":\"Person\",\"@id\":\"https:\\\/\\\/apeimeudon.fr\\\/Blog-APEI\\\/#\\\/schema\\\/person\\\/564b4a79fa3998006bce7ba007dcd40a\",\"name\":\"Equipe r\u00e9dactionnelle Foyer Georges HOURDIN\",\"image\":{\"@type\":\"ImageObject\",\"inLanguage\":\"fr-FR\",\"@id\":\"https:\\\/\\\/secure.gravatar.com\\\/avatar\\\/fa4c0dacb0dc58a85b4b3bf6247ee0da5c911b8b0ac7b6a9b8b7074187222763?s=96&d=mm&r=g\",\"url\":\"https:\\\/\\\/secure.gravatar.com\\\/avatar\\\/fa4c0dacb0dc58a85b4b3bf6247ee0da5c911b8b0ac7b6a9b8b7074187222763?s=96&d=mm&r=g\",\"contentUrl\":\"https:\\\/\\\/secure.gravatar.com\\\/avatar\\\/fa4c0dacb0dc58a85b4b3bf6247ee0da5c911b8b0ac7b6a9b8b7074187222763?s=96&d=mm&r=g\",\"caption\":\"Equipe r\u00e9dactionnelle Foyer Georges HOURDIN\"},\"url\":\"https:\\\/\\\/apeimeudon.fr\\\/Blog-APEI\\\/author\\\/hourdin\\\/\"}]}<\/script>\n<!-- \/ Yoast SEO plugin. -->","yoast_head_json":{"title":"Go\u00fbter de no\u00ebl \u00e0 la R\u00e9sidence Hourdin - La Gazette des Foyers de l&#039;APEI de Meudon","robots":{"index":"index","follow":"follow","max-snippet":"max-snippet:-1","max-image-preview":"max-image-preview:large","max-video-preview":"max-video-preview:-1"},"canonical":"https:\/\/apeimeudon.fr\/Blog-APEI\/gouter-de-noel-a-la-residence-hourdin\/","og_locale":"fr_FR","og_type":"article","og_title":"Go\u00fbter de no\u00ebl \u00e0 la R\u00e9sidence Hourdin - La Gazette des Foyers de l&#039;APEI de Meudon","og_description":"Samedi 16 d\u00e9cembre, l\u2019\u00e9quipe et les r\u00e9sidents d\u2019Hourdin ont re\u00e7u autour un magnifique go\u00fbter de no\u00ebl qu\u2019ils avaient mis du c\u0153ur \u00e0 pr\u00e9parer durant plusieurs jours.","og_url":"https:\/\/apeimeudon.fr\/Blog-APEI\/gouter-de-noel-a-la-residence-hourdin\/","og_site_name":"La Gazette des Foyers de l&#039;APEI de Meudon","article_published_time":"2023-12-18T20:54:41+00:00","article_modified_time":"2023-12-18T20:54:42+00:00","og_image":[{"width":400,"height":255,"url":"https:\/\/apeimeudon.fr\/Blog-APEI\/wp-content\/uploads\/2023\/12\/Miniature-3.jpg","type":"image\/jpeg"}],"author":"Equipe r\u00e9dactionnelle Foyer Georges HOURDIN","twitter_card":"summary_large_image","twitter_misc":{"\u00c9crit par":"Equipe r\u00e9dactionnelle Foyer Georges HOURDIN","Dur\u00e9e de lecture estim\u00e9e":"1 minute"},"schema":{"@context":"https:\/\/schema.org","@graph":[{"@type":"Article","@id":"https:\/\/apeimeudon.fr\/Blog-APEI\/gouter-de-noel-a-la-residence-hourdin\/#article","isPartOf":{"@id":"https:\/\/apeimeudon.fr\/Blog-APEI\/gouter-de-noel-a-la-residence-hourdin\/"},"author":{"name":"Equipe r\u00e9dactionnelle Foyer Georges HOURDIN","@id":"https:\/\/apeimeudon.fr\/Blog-APEI\/#\/schema\/person\/564b4a79fa3998006bce7ba007dcd40a"},"headline":"Go\u00fbter de no\u00ebl \u00e0 la R\u00e9sidence Hourdin","datePublished":"2023-12-18T20:54:41+00:00","dateModified":"2023-12-18T20:54:42+00:00","mainEntityOfPage":{"@id":"https:\/\/apeimeudon.fr\/Blog-APEI\/gouter-de-noel-a-la-residence-hourdin\/"},"wordCount":104,"commentCount":0,"publisher":{"@id":"https:\/\/apeimeudon.fr\/Blog-APEI\/#organization"},"image":{"@id":"https:\/\/apeimeudon.fr\/Blog-APEI\/gouter-de-noel-a-la-residence-hourdin\/#primaryimage"},"thumbnailUrl":"https:\/\/apeimeudon.fr\/Blog-APEI\/wp-content\/uploads\/2023\/12\/Miniature-3.jpg","articleSection":["Bien Etre","Foyer Hourdin"],"inLanguage":"fr-FR","potentialAction":[{"@type":"CommentAction","name":"Comment","target":["https:\/\/apeimeudon.fr\/Blog-APEI\/gouter-de-noel-a-la-residence-hourdin\/#respond"]}]},{"@type":"WebPage","@id":"https:\/\/apeimeudon.fr\/Blog-APEI\/gouter-de-noel-a-la-residence-hourdin\/","url":"https:\/\/apeimeudon.fr\/Blog-APEI\/gouter-de-noel-a-la-residence-hourdin\/","name":"Go\u00fbter de no\u00ebl \u00e0 la R\u00e9sidence Hourdin - La Gazette des Foyers de l&#039;APEI de Meudon","isPartOf":{"@id":"https:\/\/apeimeudon.fr\/Blog-APEI\/#website"},"primaryImageOfPage":{"@id":"https:\/\/apeimeudon.fr\/Blog-APEI\/gouter-de-noel-a-la-residence-hourdin\/#primaryimage"},"image":{"@id":"https:\/\/apeimeudon.fr\/Blog-APEI\/gouter-de-noel-a-la-residence-hourdin\/#primaryimage"},"thumbnailUrl":"https:\/\/apeimeudon.fr\/Blog-APEI\/wp-content\/uploads\/2023\/12\/Miniature-3.jpg","datePublished":"2023-12-18T20:54:41+00:00","dateModified":"2023-12-18T20:54:42+00:00","breadcrumb":{"@id":"https:\/\/apeimeudon.fr\/Blog-APEI\/gouter-de-noel-a-la-residence-hourdin\/#breadcrumb"},"inLanguage":"fr-FR","potentialAction":[{"@type":"ReadAction","target":["https:\/\/apeimeudon.fr\/Blog-APEI\/gouter-de-noel-a-la-residence-hourdin\/"]}]},{"@type":"ImageObject","inLanguage":"fr-FR","@id":"https:\/\/apeimeudon.fr\/Blog-APEI\/gouter-de-noel-a-la-residence-hourdin\/#primaryimage","url":"https:\/\/apeimeudon.fr\/Blog-APEI\/wp-content\/uploads\/2023\/12\/Miniature-3.jpg","contentUrl":"https:\/\/apeimeudon.fr\/Blog-APEI\/wp-content\/uploads\/2023\/12\/Miniature-3.jpg","width":400,"height":255},{"@type":"BreadcrumbList","@id":"https:\/\/apeimeudon.fr\/Blog-APEI\/gouter-de-noel-a-la-residence-hourdin\/#breadcrumb","itemListElement":[{"@type":"ListItem","position":1,"name":"Accueil","item":"https:\/\/apeimeudon.fr\/Blog-APEI\/"},{"@type":"ListItem","position":2,"name":"Go\u00fbter de no\u00ebl \u00e0 la R\u00e9sidence Hourdin"}]},{"@type":"WebSite","@id":"https:\/\/apeimeudon.fr\/Blog-APEI\/#website","url":"https:\/\/apeimeudon.fr\/Blog-APEI\/","name":"La Gazette des Foyers de l&#039;APEI de Meudon","description":"Nos diff\u00e9rences loin de nous l\u00e9ser doivent nous enrichir -  Antoine de Saint-Exup\u00e9ry","publisher":{"@id":"https:\/\/apeimeudon.fr\/Blog-APEI\/#organization"},"potentialAction":[{"@type":"SearchAction","target":{"@type":"EntryPoint","urlTemplate":"https:\/\/apeimeudon.fr\/Blog-APEI\/?s={search_term_string}"},"query-input":{"@type":"PropertyValueSpecification","valueRequired":true,"valueName":"search_term_string"}}],"inLanguage":"fr-FR"},{"@type":"Organization","@id":"https:\/\/apeimeudon.fr\/Blog-APEI\/#organization","name":"APEI de Meudon","url":"https:\/\/apeimeudon.fr\/Blog-APEI\/","logo":{"@type":"ImageObject","inLanguage":"fr-FR","@id":"https:\/\/apeimeudon.fr\/Blog-APEI\/#\/schema\/logo\/image\/","url":"https:\/\/apeimeudon.fr\/Blog-APEI\/wp-content\/uploads\/2017\/10\/Icone-APEI.png","contentUrl":"https:\/\/apeimeudon.fr\/Blog-APEI\/wp-content\/uploads\/2017\/10\/Icone-APEI.png","width":128,"height":128,"caption":"APEI de Meudon"},"image":{"@id":"https:\/\/apeimeudon.fr\/Blog-APEI\/#\/schema\/logo\/image\/"}},{"@type":"Person","@id":"https:\/\/apeimeudon.fr\/Blog-APEI\/#\/schema\/person\/564b4a79fa3998006bce7ba007dcd40a","name":"Equipe r\u00e9dactionnelle Foyer Georges HOURDIN","image":{"@type":"ImageObject","inLanguage":"fr-FR","@id":"https:\/\/secure.gravatar.com\/avatar\/fa4c0dacb0dc58a85b4b3bf6247ee0da5c911b8b0ac7b6a9b8b7074187222763?s=96&d=mm&r=g","url":"https:\/\/secure.gravatar.com\/avatar\/fa4c0dacb0dc58a85b4b3bf6247ee0da5c911b8b0ac7b6a9b8b7074187222763?s=96&d=mm&r=g","contentUrl":"https:\/\/secure.gravatar.com\/avatar\/fa4c0dacb0dc58a85b4b3bf6247ee0da5c911b8b0ac7b6a9b8b7074187222763?s=96&d=mm&r=g","caption":"Equipe r\u00e9dactionnelle Foyer Georges HOURDIN"},"url":"https:\/\/apeimeudon.fr\/Blog-APEI\/author\/hourdin\/"}]}},"_links":{"self":[{"href":"https:\/\/apeimeudon.fr\/Blog-APEI\/wp-json\/wp\/v2\/posts\/4601","targetHints":{"allow":["GET"]}}],"collection":[{"href":"https:\/\/apeimeudon.fr\/Blog-APEI\/wp-json\/wp\/v2\/posts"}],"about":[{"href":"https:\/\/apeimeudon.fr\/Blog-APEI\/wp-json\/wp\/v2\/types\/post"}],"author":[{"embeddable":true,"href":"https:\/\/apeimeudon.fr\/Blog-APEI\/wp-json\/wp\/v2\/users\/8"}],"replies":[{"embeddable":true,"href":"https:\/\/apeimeudon.fr\/Blog-APEI\/wp-json\/wp\/v2\/comments?post=4601"}],"version-history":[{"count":1,"href":"https:\/\/apeimeudon.fr\/Blog-APEI\/wp-json\/wp\/v2\/posts\/4601\/revisions"}],"predecessor-version":[{"id":4602,"href":"https:\/\/apeimeudon.fr\/Blog-APEI\/wp-json\/wp\/v2\/posts\/4601\/revisions\/4602"}],"wp:featuredmedia":[{"embeddable":true,"href":"https:\/\/apeimeudon.fr\/Blog-APEI\/wp-json\/wp\/v2\/media\/4576"}],"wp:attachment":[{"href":"https:\/\/apeimeudon.fr\/Blog-APEI\/wp-json\/wp\/v2\/media?parent=4601"}],"wp:term":[{"taxonomy":"category","embeddable":true,"href":"https:\/\/apeimeudon.fr\/Blog-APEI\/wp-json\/wp\/v2\/categories?post=4601"},{"taxonomy":"post_tag","embeddable":true,"href":"https:\/\/apeimeudon.fr\/Blog-APEI\/wp-json\/wp\/v2\/tags?post=4601"}],"curies":[{"name":"wp","href":"https:\/\/api.w.org\/{rel}","templated":true}]}}