{"id":5589,"date":"2024-04-01T15:30:03","date_gmt":"2024-04-01T13:30:03","guid":{"rendered":"https:\/\/apeimeudon.fr\/Blog-APEI\/?p=5589"},"modified":"2024-04-01T15:30:04","modified_gmt":"2024-04-01T13:30:04","slug":"visite-exposition-a-lima","status":"publish","type":"post","link":"https:\/\/apeimeudon.fr\/Blog-APEI\/visite-exposition-a-lima\/","title":{"rendered":"Visite exposition \u00e0 l&rsquo;IMA"},"content":{"rendered":"\n<p>Nous avons pass\u00e9 un bon moment \u00e0 d\u00e9couvrir les c\u00e9ramiques, les fresques et les sculptures de l&rsquo;institut du monde arabe.<\/p>\n\n\n\n<!--more-->\n\n\n\n<p class=\"has-text-align-right\">Les r\u00e9sidents du Foyer Fleury<\/p>\n\n\n\nngg_shortcode_0_placeholder\n","protected":false},"excerpt":{"rendered":"<p>Nous avons pass\u00e9 un bon moment \u00e0 d\u00e9couvrir les c\u00e9ramiques, les fresques et les sculptures de l&rsquo;institut du monde arabe.<\/p>\n","protected":false},"author":2,"featured_media":5573,"comment_status":"open","ping_status":"open","sticky":false,"template":"","format":"standard","meta":{"_acf_changed":false,"_monsterinsights_skip_tracking":false,"_monsterinsights_sitenote_active":false,"_monsterinsights_sitenote_note":"","_monsterinsights_sitenote_category":0,"ngg_post_thumbnail":0,"footnotes":""},"categories":[32,49],"tags":[],"class_list":["post-5589","post","type-post","status-publish","format-standard","has-post-thumbnail","hentry","category-foyer-fleury","category-sortie"],"acf":[],"yoast_head":"<!-- This site is optimized with the Yoast SEO plugin v27.3 - https:\/\/yoast.com\/product\/yoast-seo-wordpress\/ -->\n<title>Visite exposition \u00e0 l&#039;IMA - La Gazette des Foyers de l&#039;APEI de Meudon<\/title>\n<meta name=\"robots\" content=\"index, follow, max-snippet:-1, max-image-preview:large, max-video-preview:-1\" \/>\n<link rel=\"canonical\" href=\"https:\/\/apeimeudon.fr\/Blog-APEI\/visite-exposition-a-lima\/\" \/>\n<meta property=\"og:locale\" content=\"fr_FR\" \/>\n<meta property=\"og:type\" content=\"article\" \/>\n<meta property=\"og:title\" content=\"Visite exposition \u00e0 l&#039;IMA - La Gazette des Foyers de l&#039;APEI de Meudon\" \/>\n<meta property=\"og:description\" content=\"Nous avons pass\u00e9 un bon moment \u00e0 d\u00e9couvrir les c\u00e9ramiques, les fresques et les sculptures de l&rsquo;institut du monde arabe.\" \/>\n<meta property=\"og:url\" content=\"https:\/\/apeimeudon.fr\/Blog-APEI\/visite-exposition-a-lima\/\" \/>\n<meta property=\"og:site_name\" content=\"La Gazette des Foyers de l&#039;APEI de Meudon\" \/>\n<meta property=\"article:published_time\" content=\"2024-04-01T13:30:03+00:00\" \/>\n<meta property=\"article:modified_time\" content=\"2024-04-01T13:30:04+00:00\" \/>\n<meta property=\"og:image\" content=\"https:\/\/apeimeudon.fr\/Blog-APEI\/wp-content\/uploads\/2024\/04\/Miniature.jpg\" \/>\n\t<meta property=\"og:image:width\" content=\"400\" \/>\n\t<meta property=\"og:image:height\" content=\"200\" \/>\n\t<meta property=\"og:image:type\" content=\"image\/jpeg\" \/>\n<meta name=\"author\" content=\"Equipe r\u00e9dactionnelle Foyer FLEURY\" \/>\n<meta name=\"twitter:card\" content=\"summary_large_image\" \/>\n<meta name=\"twitter:label1\" content=\"\u00c9crit par\" \/>\n\t<meta name=\"twitter:data1\" content=\"Equipe r\u00e9dactionnelle Foyer FLEURY\" \/>\n\t<meta name=\"twitter:label2\" content=\"Dur\u00e9e de lecture estim\u00e9e\" \/>\n\t<meta name=\"twitter:data2\" content=\"1 minute\" \/>\n<script type=\"application\/ld+json\" class=\"yoast-schema-graph\">{\"@context\":\"https:\\\/\\\/schema.org\",\"@graph\":[{\"@type\":\"Article\",\"@id\":\"https:\\\/\\\/apeimeudon.fr\\\/Blog-APEI\\\/visite-exposition-a-lima\\\/#article\",\"isPartOf\":{\"@id\":\"https:\\\/\\\/apeimeudon.fr\\\/Blog-APEI\\\/visite-exposition-a-lima\\\/\"},\"author\":{\"name\":\"Equipe r\u00e9dactionnelle Foyer FLEURY\",\"@id\":\"https:\\\/\\\/apeimeudon.fr\\\/Blog-APEI\\\/#\\\/schema\\\/person\\\/a81a31019e8af8065790f5c6acfdc547\"},\"headline\":\"Visite exposition \u00e0 l&rsquo;IMA\",\"datePublished\":\"2024-04-01T13:30:03+00:00\",\"dateModified\":\"2024-04-01T13:30:04+00:00\",\"mainEntityOfPage\":{\"@id\":\"https:\\\/\\\/apeimeudon.fr\\\/Blog-APEI\\\/visite-exposition-a-lima\\\/\"},\"wordCount\":39,\"commentCount\":0,\"publisher\":{\"@id\":\"https:\\\/\\\/apeimeudon.fr\\\/Blog-APEI\\\/#organization\"},\"image\":{\"@id\":\"https:\\\/\\\/apeimeudon.fr\\\/Blog-APEI\\\/visite-exposition-a-lima\\\/#primaryimage\"},\"thumbnailUrl\":\"https:\\\/\\\/apeimeudon.fr\\\/Blog-APEI\\\/wp-content\\\/uploads\\\/2024\\\/04\\\/Miniature.jpg\",\"articleSection\":[\"Foyer Fleury\",\"Sortie\"],\"inLanguage\":\"fr-FR\",\"potentialAction\":[{\"@type\":\"CommentAction\",\"name\":\"Comment\",\"target\":[\"https:\\\/\\\/apeimeudon.fr\\\/Blog-APEI\\\/visite-exposition-a-lima\\\/#respond\"]}]},{\"@type\":\"WebPage\",\"@id\":\"https:\\\/\\\/apeimeudon.fr\\\/Blog-APEI\\\/visite-exposition-a-lima\\\/\",\"url\":\"https:\\\/\\\/apeimeudon.fr\\\/Blog-APEI\\\/visite-exposition-a-lima\\\/\",\"name\":\"Visite exposition \u00e0 l'IMA - La Gazette des Foyers de l&#039;APEI de Meudon\",\"isPartOf\":{\"@id\":\"https:\\\/\\\/apeimeudon.fr\\\/Blog-APEI\\\/#website\"},\"primaryImageOfPage\":{\"@id\":\"https:\\\/\\\/apeimeudon.fr\\\/Blog-APEI\\\/visite-exposition-a-lima\\\/#primaryimage\"},\"image\":{\"@id\":\"https:\\\/\\\/apeimeudon.fr\\\/Blog-APEI\\\/visite-exposition-a-lima\\\/#primaryimage\"},\"thumbnailUrl\":\"https:\\\/\\\/apeimeudon.fr\\\/Blog-APEI\\\/wp-content\\\/uploads\\\/2024\\\/04\\\/Miniature.jpg\",\"datePublished\":\"2024-04-01T13:30:03+00:00\",\"dateModified\":\"2024-04-01T13:30:04+00:00\",\"breadcrumb\":{\"@id\":\"https:\\\/\\\/apeimeudon.fr\\\/Blog-APEI\\\/visite-exposition-a-lima\\\/#breadcrumb\"},\"inLanguage\":\"fr-FR\",\"potentialAction\":[{\"@type\":\"ReadAction\",\"target\":[\"https:\\\/\\\/apeimeudon.fr\\\/Blog-APEI\\\/visite-exposition-a-lima\\\/\"]}]},{\"@type\":\"ImageObject\",\"inLanguage\":\"fr-FR\",\"@id\":\"https:\\\/\\\/apeimeudon.fr\\\/Blog-APEI\\\/visite-exposition-a-lima\\\/#primaryimage\",\"url\":\"https:\\\/\\\/apeimeudon.fr\\\/Blog-APEI\\\/wp-content\\\/uploads\\\/2024\\\/04\\\/Miniature.jpg\",\"contentUrl\":\"https:\\\/\\\/apeimeudon.fr\\\/Blog-APEI\\\/wp-content\\\/uploads\\\/2024\\\/04\\\/Miniature.jpg\",\"width\":400,\"height\":200},{\"@type\":\"BreadcrumbList\",\"@id\":\"https:\\\/\\\/apeimeudon.fr\\\/Blog-APEI\\\/visite-exposition-a-lima\\\/#breadcrumb\",\"itemListElement\":[{\"@type\":\"ListItem\",\"position\":1,\"name\":\"Accueil\",\"item\":\"https:\\\/\\\/apeimeudon.fr\\\/Blog-APEI\\\/\"},{\"@type\":\"ListItem\",\"position\":2,\"name\":\"Visite exposition \u00e0 l&rsquo;IMA\"}]},{\"@type\":\"WebSite\",\"@id\":\"https:\\\/\\\/apeimeudon.fr\\\/Blog-APEI\\\/#website\",\"url\":\"https:\\\/\\\/apeimeudon.fr\\\/Blog-APEI\\\/\",\"name\":\"La Gazette des Foyers de l&#039;APEI de Meudon\",\"description\":\"Nos diff\u00e9rences loin de nous l\u00e9ser doivent nous enrichir -  Antoine de Saint-Exup\u00e9ry\",\"publisher\":{\"@id\":\"https:\\\/\\\/apeimeudon.fr\\\/Blog-APEI\\\/#organization\"},\"potentialAction\":[{\"@type\":\"SearchAction\",\"target\":{\"@type\":\"EntryPoint\",\"urlTemplate\":\"https:\\\/\\\/apeimeudon.fr\\\/Blog-APEI\\\/?s={search_term_string}\"},\"query-input\":{\"@type\":\"PropertyValueSpecification\",\"valueRequired\":true,\"valueName\":\"search_term_string\"}}],\"inLanguage\":\"fr-FR\"},{\"@type\":\"Organization\",\"@id\":\"https:\\\/\\\/apeimeudon.fr\\\/Blog-APEI\\\/#organization\",\"name\":\"APEI de Meudon\",\"url\":\"https:\\\/\\\/apeimeudon.fr\\\/Blog-APEI\\\/\",\"logo\":{\"@type\":\"ImageObject\",\"inLanguage\":\"fr-FR\",\"@id\":\"https:\\\/\\\/apeimeudon.fr\\\/Blog-APEI\\\/#\\\/schema\\\/logo\\\/image\\\/\",\"url\":\"https:\\\/\\\/apeimeudon.fr\\\/Blog-APEI\\\/wp-content\\\/uploads\\\/2017\\\/10\\\/Icone-APEI.png\",\"contentUrl\":\"https:\\\/\\\/apeimeudon.fr\\\/Blog-APEI\\\/wp-content\\\/uploads\\\/2017\\\/10\\\/Icone-APEI.png\",\"width\":128,\"height\":128,\"caption\":\"APEI de Meudon\"},\"image\":{\"@id\":\"https:\\\/\\\/apeimeudon.fr\\\/Blog-APEI\\\/#\\\/schema\\\/logo\\\/image\\\/\"}},{\"@type\":\"Person\",\"@id\":\"https:\\\/\\\/apeimeudon.fr\\\/Blog-APEI\\\/#\\\/schema\\\/person\\\/a81a31019e8af8065790f5c6acfdc547\",\"name\":\"Equipe r\u00e9dactionnelle Foyer FLEURY\",\"image\":{\"@type\":\"ImageObject\",\"inLanguage\":\"fr-FR\",\"@id\":\"https:\\\/\\\/secure.gravatar.com\\\/avatar\\\/077b0b63c066e0ecf5a8ce55f379e3e6cc4cee7cb3fc656a19335177af2035da?s=96&d=mm&r=g\",\"url\":\"https:\\\/\\\/secure.gravatar.com\\\/avatar\\\/077b0b63c066e0ecf5a8ce55f379e3e6cc4cee7cb3fc656a19335177af2035da?s=96&d=mm&r=g\",\"contentUrl\":\"https:\\\/\\\/secure.gravatar.com\\\/avatar\\\/077b0b63c066e0ecf5a8ce55f379e3e6cc4cee7cb3fc656a19335177af2035da?s=96&d=mm&r=g\",\"caption\":\"Equipe r\u00e9dactionnelle Foyer FLEURY\"},\"url\":\"https:\\\/\\\/apeimeudon.fr\\\/Blog-APEI\\\/author\\\/fleury\\\/\"}]}<\/script>\n<!-- \/ Yoast SEO plugin. -->","yoast_head_json":{"title":"Visite exposition \u00e0 l'IMA - La Gazette des Foyers de l&#039;APEI de Meudon","robots":{"index":"index","follow":"follow","max-snippet":"max-snippet:-1","max-image-preview":"max-image-preview:large","max-video-preview":"max-video-preview:-1"},"canonical":"https:\/\/apeimeudon.fr\/Blog-APEI\/visite-exposition-a-lima\/","og_locale":"fr_FR","og_type":"article","og_title":"Visite exposition \u00e0 l'IMA - La Gazette des Foyers de l&#039;APEI de Meudon","og_description":"Nous avons pass\u00e9 un bon moment \u00e0 d\u00e9couvrir les c\u00e9ramiques, les fresques et les sculptures de l&rsquo;institut du monde arabe.","og_url":"https:\/\/apeimeudon.fr\/Blog-APEI\/visite-exposition-a-lima\/","og_site_name":"La Gazette des Foyers de l&#039;APEI de Meudon","article_published_time":"2024-04-01T13:30:03+00:00","article_modified_time":"2024-04-01T13:30:04+00:00","og_image":[{"width":400,"height":200,"url":"https:\/\/apeimeudon.fr\/Blog-APEI\/wp-content\/uploads\/2024\/04\/Miniature.jpg","type":"image\/jpeg"}],"author":"Equipe r\u00e9dactionnelle Foyer FLEURY","twitter_card":"summary_large_image","twitter_misc":{"\u00c9crit par":"Equipe r\u00e9dactionnelle Foyer FLEURY","Dur\u00e9e de lecture estim\u00e9e":"1 minute"},"schema":{"@context":"https:\/\/schema.org","@graph":[{"@type":"Article","@id":"https:\/\/apeimeudon.fr\/Blog-APEI\/visite-exposition-a-lima\/#article","isPartOf":{"@id":"https:\/\/apeimeudon.fr\/Blog-APEI\/visite-exposition-a-lima\/"},"author":{"name":"Equipe r\u00e9dactionnelle Foyer FLEURY","@id":"https:\/\/apeimeudon.fr\/Blog-APEI\/#\/schema\/person\/a81a31019e8af8065790f5c6acfdc547"},"headline":"Visite exposition \u00e0 l&rsquo;IMA","datePublished":"2024-04-01T13:30:03+00:00","dateModified":"2024-04-01T13:30:04+00:00","mainEntityOfPage":{"@id":"https:\/\/apeimeudon.fr\/Blog-APEI\/visite-exposition-a-lima\/"},"wordCount":39,"commentCount":0,"publisher":{"@id":"https:\/\/apeimeudon.fr\/Blog-APEI\/#organization"},"image":{"@id":"https:\/\/apeimeudon.fr\/Blog-APEI\/visite-exposition-a-lima\/#primaryimage"},"thumbnailUrl":"https:\/\/apeimeudon.fr\/Blog-APEI\/wp-content\/uploads\/2024\/04\/Miniature.jpg","articleSection":["Foyer Fleury","Sortie"],"inLanguage":"fr-FR","potentialAction":[{"@type":"CommentAction","name":"Comment","target":["https:\/\/apeimeudon.fr\/Blog-APEI\/visite-exposition-a-lima\/#respond"]}]},{"@type":"WebPage","@id":"https:\/\/apeimeudon.fr\/Blog-APEI\/visite-exposition-a-lima\/","url":"https:\/\/apeimeudon.fr\/Blog-APEI\/visite-exposition-a-lima\/","name":"Visite exposition \u00e0 l'IMA - La Gazette des Foyers de l&#039;APEI de Meudon","isPartOf":{"@id":"https:\/\/apeimeudon.fr\/Blog-APEI\/#website"},"primaryImageOfPage":{"@id":"https:\/\/apeimeudon.fr\/Blog-APEI\/visite-exposition-a-lima\/#primaryimage"},"image":{"@id":"https:\/\/apeimeudon.fr\/Blog-APEI\/visite-exposition-a-lima\/#primaryimage"},"thumbnailUrl":"https:\/\/apeimeudon.fr\/Blog-APEI\/wp-content\/uploads\/2024\/04\/Miniature.jpg","datePublished":"2024-04-01T13:30:03+00:00","dateModified":"2024-04-01T13:30:04+00:00","breadcrumb":{"@id":"https:\/\/apeimeudon.fr\/Blog-APEI\/visite-exposition-a-lima\/#breadcrumb"},"inLanguage":"fr-FR","potentialAction":[{"@type":"ReadAction","target":["https:\/\/apeimeudon.fr\/Blog-APEI\/visite-exposition-a-lima\/"]}]},{"@type":"ImageObject","inLanguage":"fr-FR","@id":"https:\/\/apeimeudon.fr\/Blog-APEI\/visite-exposition-a-lima\/#primaryimage","url":"https:\/\/apeimeudon.fr\/Blog-APEI\/wp-content\/uploads\/2024\/04\/Miniature.jpg","contentUrl":"https:\/\/apeimeudon.fr\/Blog-APEI\/wp-content\/uploads\/2024\/04\/Miniature.jpg","width":400,"height":200},{"@type":"BreadcrumbList","@id":"https:\/\/apeimeudon.fr\/Blog-APEI\/visite-exposition-a-lima\/#breadcrumb","itemListElement":[{"@type":"ListItem","position":1,"name":"Accueil","item":"https:\/\/apeimeudon.fr\/Blog-APEI\/"},{"@type":"ListItem","position":2,"name":"Visite exposition \u00e0 l&rsquo;IMA"}]},{"@type":"WebSite","@id":"https:\/\/apeimeudon.fr\/Blog-APEI\/#website","url":"https:\/\/apeimeudon.fr\/Blog-APEI\/","name":"La Gazette des Foyers de l&#039;APEI de Meudon","description":"Nos diff\u00e9rences loin de nous l\u00e9ser doivent nous enrichir -  Antoine de Saint-Exup\u00e9ry","publisher":{"@id":"https:\/\/apeimeudon.fr\/Blog-APEI\/#organization"},"potentialAction":[{"@type":"SearchAction","target":{"@type":"EntryPoint","urlTemplate":"https:\/\/apeimeudon.fr\/Blog-APEI\/?s={search_term_string}"},"query-input":{"@type":"PropertyValueSpecification","valueRequired":true,"valueName":"search_term_string"}}],"inLanguage":"fr-FR"},{"@type":"Organization","@id":"https:\/\/apeimeudon.fr\/Blog-APEI\/#organization","name":"APEI de Meudon","url":"https:\/\/apeimeudon.fr\/Blog-APEI\/","logo":{"@type":"ImageObject","inLanguage":"fr-FR","@id":"https:\/\/apeimeudon.fr\/Blog-APEI\/#\/schema\/logo\/image\/","url":"https:\/\/apeimeudon.fr\/Blog-APEI\/wp-content\/uploads\/2017\/10\/Icone-APEI.png","contentUrl":"https:\/\/apeimeudon.fr\/Blog-APEI\/wp-content\/uploads\/2017\/10\/Icone-APEI.png","width":128,"height":128,"caption":"APEI de Meudon"},"image":{"@id":"https:\/\/apeimeudon.fr\/Blog-APEI\/#\/schema\/logo\/image\/"}},{"@type":"Person","@id":"https:\/\/apeimeudon.fr\/Blog-APEI\/#\/schema\/person\/a81a31019e8af8065790f5c6acfdc547","name":"Equipe r\u00e9dactionnelle Foyer FLEURY","image":{"@type":"ImageObject","inLanguage":"fr-FR","@id":"https:\/\/secure.gravatar.com\/avatar\/077b0b63c066e0ecf5a8ce55f379e3e6cc4cee7cb3fc656a19335177af2035da?s=96&d=mm&r=g","url":"https:\/\/secure.gravatar.com\/avatar\/077b0b63c066e0ecf5a8ce55f379e3e6cc4cee7cb3fc656a19335177af2035da?s=96&d=mm&r=g","contentUrl":"https:\/\/secure.gravatar.com\/avatar\/077b0b63c066e0ecf5a8ce55f379e3e6cc4cee7cb3fc656a19335177af2035da?s=96&d=mm&r=g","caption":"Equipe r\u00e9dactionnelle Foyer FLEURY"},"url":"https:\/\/apeimeudon.fr\/Blog-APEI\/author\/fleury\/"}]}},"_links":{"self":[{"href":"https:\/\/apeimeudon.fr\/Blog-APEI\/wp-json\/wp\/v2\/posts\/5589","targetHints":{"allow":["GET"]}}],"collection":[{"href":"https:\/\/apeimeudon.fr\/Blog-APEI\/wp-json\/wp\/v2\/posts"}],"about":[{"href":"https:\/\/apeimeudon.fr\/Blog-APEI\/wp-json\/wp\/v2\/types\/post"}],"author":[{"embeddable":true,"href":"https:\/\/apeimeudon.fr\/Blog-APEI\/wp-json\/wp\/v2\/users\/2"}],"replies":[{"embeddable":true,"href":"https:\/\/apeimeudon.fr\/Blog-APEI\/wp-json\/wp\/v2\/comments?post=5589"}],"version-history":[{"count":1,"href":"https:\/\/apeimeudon.fr\/Blog-APEI\/wp-json\/wp\/v2\/posts\/5589\/revisions"}],"predecessor-version":[{"id":5590,"href":"https:\/\/apeimeudon.fr\/Blog-APEI\/wp-json\/wp\/v2\/posts\/5589\/revisions\/5590"}],"wp:featuredmedia":[{"embeddable":true,"href":"https:\/\/apeimeudon.fr\/Blog-APEI\/wp-json\/wp\/v2\/media\/5573"}],"wp:attachment":[{"href":"https:\/\/apeimeudon.fr\/Blog-APEI\/wp-json\/wp\/v2\/media?parent=5589"}],"wp:term":[{"taxonomy":"category","embeddable":true,"href":"https:\/\/apeimeudon.fr\/Blog-APEI\/wp-json\/wp\/v2\/categories?post=5589"},{"taxonomy":"post_tag","embeddable":true,"href":"https:\/\/apeimeudon.fr\/Blog-APEI\/wp-json\/wp\/v2\/tags?post=5589"}],"curies":[{"name":"wp","href":"https:\/\/api.w.org\/{rel}","templated":true}]}}