{"id":582,"date":"2019-08-26T11:49:15","date_gmt":"2019-08-26T09:49:15","guid":{"rendered":"http:\/\/apeimeudon.fr\/Blog-APEI\/?p=582"},"modified":"2019-08-26T11:49:17","modified_gmt":"2019-08-26T09:49:17","slug":"transfert-sur-la-cote-dopale","status":"publish","type":"post","link":"https:\/\/apeimeudon.fr\/Blog-APEI\/transfert-sur-la-cote-dopale\/","title":{"rendered":"Transfert sur la c\u00f4te d\u2019Opale"},"content":{"rendered":"\n<p>Nous avons organis\u00e9 un transfert\nsur la c\u00f4te d\u2019Opale du 04 au 09 mai 2019 avec 7 r\u00e9sidents du foyer des Bords de\nSeine.<\/p>\n\n\n\n<!--more-->\n\n\n\n<p>Au programme, de nombreuses\nbalades autour des caps Gris Nez et Blanc Nez, Berck sur Mer, la visite du plus\ngrand aquarium d\u2019Europe Nausicaa, du plan\u00e9tarium de St Omer et une journ\u00e9e au\nTouquet o\u00f9 les r\u00e9sidents ont pu admirer la r\u00e9sidence secondaire du pr\u00e9sident\nMacron pour leur plus grand plaisir. Les gendarmes charg\u00e9s de la protection du\nsite nous ont accueilli tr\u00e8s gentiment, et nous avons m\u00eame pu \u00eatre pris en\nphoto avec eux&nbsp;! Et pourtant, comme dirait Edouard&nbsp;: \u00ab&nbsp;c\u2019est\ns\u00e9rieux, ils ne sont pas l\u00e0 pour rigoler&nbsp;!&nbsp;\u00bb<\/p>\n\n\n\n<p>Nous avons s\u00e9journ\u00e9 dans un\nmagnifique gite situ\u00e9 au c\u0153ur d\u2019un centre hippique et bord\u00e9 par un petit cours\nd\u2019eau.<\/p>\n\n\n\n<p>Nous avons d\u00e9gust\u00e9 quelques sp\u00e9cialit\u00e9s culinaires locales, comme la tarte au Maroilles et bien s\u00fbr les moules frites. Nous avons d\u00e9couvert les baraques \u00e0 frites et nous avons achet\u00e9 quelques chocolats dans la fameuse chocolaterie Au Chat bleu.<\/p>\n\n\n\n<p style=\"text-align:center\"><strong><em>Voici quelques clich\u00e9s illustrant notre s\u00e9jour<\/em><\/strong><\/p>\n\n\n<p>\r\n\t\t\t\t\t\n\r\n\t\t\t\t\t<!-- START UNITE GALLERY 1.7.62 -->\r\n\t\t\t\t\t\r\n\t\t\t\t\n\t\t\t<div id='unitegallery_35_1' class='unite-gallery' style='margin:0px auto;'>\n\t\t\t\t\n\n\t\t\t\t\t\t<img alt=\"Transfert sur la c\u00f4te d\u2019Opale 1\"\n\t\t\t\t\t\t     src=\"\" data-image=\"https:\/\/apeimeudon.fr\/Blog-APEI\/wp-content\/uploads\/2019\/08\/Transfert-sur-la-c\u00f4te-d\u2019Opale-1.jpg\"\n\t\t\t\t\t\t     data-thumb=\"https:\/\/apeimeudon.fr\/Blog-APEI\/wp-content\/uploads\/2019\/08\/Transfert-sur-la-c\u00f4te-d\u2019Opale-1-300x225.jpg\"\n\t\t\t\t\t\t     title=\"\"\n\t\t\t\t\t\t     style=\"display:none\">\n\n\t\t\t\t\t\t<img alt=\"Transfert sur la c\u00f4te d\u2019Opale 2\"\n\t\t\t\t\t\t     src=\"\" data-image=\"https:\/\/apeimeudon.fr\/Blog-APEI\/wp-content\/uploads\/2019\/08\/Transfert-sur-la-c\u00f4te-d\u2019Opale-2.jpg\"\n\t\t\t\t\t\t     data-thumb=\"https:\/\/apeimeudon.fr\/Blog-APEI\/wp-content\/uploads\/2019\/08\/Transfert-sur-la-c\u00f4te-d\u2019Opale-2-300x225.jpg\"\n\t\t\t\t\t\t     title=\"\"\n\t\t\t\t\t\t     style=\"display:none\">\n\n\t\t\t\t\t\t<img alt=\"Transfert sur la c\u00f4te d\u2019Opale 4\"\n\t\t\t\t\t\t     src=\"\" data-image=\"https:\/\/apeimeudon.fr\/Blog-APEI\/wp-content\/uploads\/2019\/08\/Transfert-sur-la-c\u00f4te-d\u2019Opale-4.jpg\"\n\t\t\t\t\t\t     data-thumb=\"https:\/\/apeimeudon.fr\/Blog-APEI\/wp-content\/uploads\/2019\/08\/Transfert-sur-la-c\u00f4te-d\u2019Opale-4-300x225.jpg\"\n\t\t\t\t\t\t     title=\"\"\n\t\t\t\t\t\t     style=\"display:none\">\n\n\t\t\t\t\t\t<img alt=\"Transfert sur la c\u00f4te d\u2019Opale 5\"\n\t\t\t\t\t\t     src=\"\" data-image=\"https:\/\/apeimeudon.fr\/Blog-APEI\/wp-content\/uploads\/2019\/08\/Transfert-sur-la-c\u00f4te-d\u2019Opale-5.jpg\"\n\t\t\t\t\t\t     data-thumb=\"https:\/\/apeimeudon.fr\/Blog-APEI\/wp-content\/uploads\/2019\/08\/Transfert-sur-la-c\u00f4te-d\u2019Opale-5-300x225.jpg\"\n\t\t\t\t\t\t     title=\"\"\n\t\t\t\t\t\t     style=\"display:none\">\n\n\t\t\t\t\t\t<img alt=\"Transfert sur la c\u00f4te d\u2019Opale 3\"\n\t\t\t\t\t\t     src=\"\" data-image=\"https:\/\/apeimeudon.fr\/Blog-APEI\/wp-content\/uploads\/2019\/08\/Transfert-sur-la-c\u00f4te-d\u2019Opale-3.jpg\"\n\t\t\t\t\t\t     data-thumb=\"https:\/\/apeimeudon.fr\/Blog-APEI\/wp-content\/uploads\/2019\/08\/Transfert-sur-la-c\u00f4te-d\u2019Opale-3-225x300.jpg\"\n\t\t\t\t\t\t     title=\"\"\n\t\t\t\t\t\t     style=\"display:none\">\n\t\t\t<\/div>\n\n\t\t\t<script type='text\/javascript'>\n\t\t\t\twindow.onload = function(e) {\n\t\t\t\t\tif(typeof ugCheckForErrors == \"undefined\"){\n\t\t\t\t\t\tdocument.getElementById(\"unitegallery_35_1\").innerHTML = \"<span style='color:red'>Unite Gallery Error - gallery js and css files not included in the footer. Please make sure that wp_footer() function is added to your theme.<\/span>\";}\n\t\t\t\t\telse{ ugCheckForErrors(\"unitegallery_35_1\", \"jquery\");}\n\t\t\t\t};\n\t\t\t<\/script>\n\n\t\t\t<!-- END UNITEGALLERY --><\/p>\n","protected":false},"excerpt":{"rendered":"<p>Nous avons organis\u00e9 un transfert sur la c\u00f4te d\u2019Opale du 04 au 09 mai 2019 avec 7 r\u00e9sidents du foyer des Bords de Seine.<\/p>\n","protected":false},"author":5,"featured_media":581,"comment_status":"open","ping_status":"open","sticky":false,"template":"","format":"standard","meta":{"_acf_changed":false,"_monsterinsights_skip_tracking":false,"_monsterinsights_sitenote_active":false,"_monsterinsights_sitenote_note":"","_monsterinsights_sitenote_category":0,"ngg_post_thumbnail":0,"footnotes":""},"categories":[41],"tags":[],"class_list":["post-582","post","type-post","status-publish","format-standard","has-post-thumbnail","hentry","category-bords-de-seine"],"acf":[],"yoast_head":"<!-- This site is optimized with the Yoast SEO plugin v27.3 - https:\/\/yoast.com\/product\/yoast-seo-wordpress\/ -->\n<title>Transfert sur la c\u00f4te d\u2019Opale - La Gazette des Foyers de l&#039;APEI de Meudon<\/title>\n<meta name=\"robots\" content=\"index, follow, max-snippet:-1, max-image-preview:large, max-video-preview:-1\" \/>\n<link rel=\"canonical\" href=\"https:\/\/apeimeudon.fr\/Blog-APEI\/transfert-sur-la-cote-dopale\/\" \/>\n<meta property=\"og:locale\" content=\"fr_FR\" \/>\n<meta property=\"og:type\" content=\"article\" \/>\n<meta property=\"og:title\" content=\"Transfert sur la c\u00f4te d\u2019Opale - La Gazette des Foyers de l&#039;APEI de Meudon\" \/>\n<meta property=\"og:description\" content=\"Nous avons organis\u00e9 un transfert sur la c\u00f4te d\u2019Opale du 04 au 09 mai 2019 avec 7 r\u00e9sidents du foyer des Bords de Seine.\" \/>\n<meta property=\"og:url\" content=\"https:\/\/apeimeudon.fr\/Blog-APEI\/transfert-sur-la-cote-dopale\/\" \/>\n<meta property=\"og:site_name\" content=\"La Gazette des Foyers de l&#039;APEI de Meudon\" \/>\n<meta property=\"article:published_time\" content=\"2019-08-26T09:49:15+00:00\" \/>\n<meta property=\"article:modified_time\" content=\"2019-08-26T09:49:17+00:00\" \/>\n<meta property=\"og:image\" content=\"https:\/\/apeimeudon.fr\/Blog-APEI\/wp-content\/uploads\/2019\/08\/Transfert-sur-la-c\u00f4te-d\u2019Opale-miniature.jpg\" \/>\n\t<meta property=\"og:image:width\" content=\"320\" \/>\n\t<meta property=\"og:image:height\" content=\"240\" \/>\n\t<meta property=\"og:image:type\" content=\"image\/jpeg\" \/>\n<meta name=\"author\" content=\"Foyer Bds\" \/>\n<meta name=\"twitter:card\" content=\"summary_large_image\" \/>\n<meta name=\"twitter:label1\" content=\"\u00c9crit par\" \/>\n\t<meta name=\"twitter:data1\" content=\"Foyer Bds\" \/>\n\t<meta name=\"twitter:label2\" content=\"Dur\u00e9e de lecture estim\u00e9e\" \/>\n\t<meta name=\"twitter:data2\" content=\"1 minute\" \/>\n<script type=\"application\/ld+json\" class=\"yoast-schema-graph\">{\"@context\":\"https:\\\/\\\/schema.org\",\"@graph\":[{\"@type\":\"Article\",\"@id\":\"https:\\\/\\\/apeimeudon.fr\\\/Blog-APEI\\\/transfert-sur-la-cote-dopale\\\/#article\",\"isPartOf\":{\"@id\":\"https:\\\/\\\/apeimeudon.fr\\\/Blog-APEI\\\/transfert-sur-la-cote-dopale\\\/\"},\"author\":{\"name\":\"Foyer Bds\",\"@id\":\"https:\\\/\\\/apeimeudon.fr\\\/Blog-APEI\\\/#\\\/schema\\\/person\\\/2d41ddaee88bc491f0395565c04d6dcf\"},\"headline\":\"Transfert sur la c\u00f4te d\u2019Opale\",\"datePublished\":\"2019-08-26T09:49:15+00:00\",\"dateModified\":\"2019-08-26T09:49:17+00:00\",\"mainEntityOfPage\":{\"@id\":\"https:\\\/\\\/apeimeudon.fr\\\/Blog-APEI\\\/transfert-sur-la-cote-dopale\\\/\"},\"wordCount\":212,\"commentCount\":0,\"publisher\":{\"@id\":\"https:\\\/\\\/apeimeudon.fr\\\/Blog-APEI\\\/#organization\"},\"image\":{\"@id\":\"https:\\\/\\\/apeimeudon.fr\\\/Blog-APEI\\\/transfert-sur-la-cote-dopale\\\/#primaryimage\"},\"thumbnailUrl\":\"https:\\\/\\\/apeimeudon.fr\\\/Blog-APEI\\\/wp-content\\\/uploads\\\/2019\\\/08\\\/Transfert-sur-la-c\u00f4te-d\u2019Opale-miniature.jpg\",\"articleSection\":[\"Bords de Seine\"],\"inLanguage\":\"fr-FR\",\"potentialAction\":[{\"@type\":\"CommentAction\",\"name\":\"Comment\",\"target\":[\"https:\\\/\\\/apeimeudon.fr\\\/Blog-APEI\\\/transfert-sur-la-cote-dopale\\\/#respond\"]}]},{\"@type\":\"WebPage\",\"@id\":\"https:\\\/\\\/apeimeudon.fr\\\/Blog-APEI\\\/transfert-sur-la-cote-dopale\\\/\",\"url\":\"https:\\\/\\\/apeimeudon.fr\\\/Blog-APEI\\\/transfert-sur-la-cote-dopale\\\/\",\"name\":\"Transfert sur la c\u00f4te d\u2019Opale - La Gazette des Foyers de l&#039;APEI de Meudon\",\"isPartOf\":{\"@id\":\"https:\\\/\\\/apeimeudon.fr\\\/Blog-APEI\\\/#website\"},\"primaryImageOfPage\":{\"@id\":\"https:\\\/\\\/apeimeudon.fr\\\/Blog-APEI\\\/transfert-sur-la-cote-dopale\\\/#primaryimage\"},\"image\":{\"@id\":\"https:\\\/\\\/apeimeudon.fr\\\/Blog-APEI\\\/transfert-sur-la-cote-dopale\\\/#primaryimage\"},\"thumbnailUrl\":\"https:\\\/\\\/apeimeudon.fr\\\/Blog-APEI\\\/wp-content\\\/uploads\\\/2019\\\/08\\\/Transfert-sur-la-c\u00f4te-d\u2019Opale-miniature.jpg\",\"datePublished\":\"2019-08-26T09:49:15+00:00\",\"dateModified\":\"2019-08-26T09:49:17+00:00\",\"breadcrumb\":{\"@id\":\"https:\\\/\\\/apeimeudon.fr\\\/Blog-APEI\\\/transfert-sur-la-cote-dopale\\\/#breadcrumb\"},\"inLanguage\":\"fr-FR\",\"potentialAction\":[{\"@type\":\"ReadAction\",\"target\":[\"https:\\\/\\\/apeimeudon.fr\\\/Blog-APEI\\\/transfert-sur-la-cote-dopale\\\/\"]}]},{\"@type\":\"ImageObject\",\"inLanguage\":\"fr-FR\",\"@id\":\"https:\\\/\\\/apeimeudon.fr\\\/Blog-APEI\\\/transfert-sur-la-cote-dopale\\\/#primaryimage\",\"url\":\"https:\\\/\\\/apeimeudon.fr\\\/Blog-APEI\\\/wp-content\\\/uploads\\\/2019\\\/08\\\/Transfert-sur-la-c\u00f4te-d\u2019Opale-miniature.jpg\",\"contentUrl\":\"https:\\\/\\\/apeimeudon.fr\\\/Blog-APEI\\\/wp-content\\\/uploads\\\/2019\\\/08\\\/Transfert-sur-la-c\u00f4te-d\u2019Opale-miniature.jpg\",\"width\":320,\"height\":240},{\"@type\":\"BreadcrumbList\",\"@id\":\"https:\\\/\\\/apeimeudon.fr\\\/Blog-APEI\\\/transfert-sur-la-cote-dopale\\\/#breadcrumb\",\"itemListElement\":[{\"@type\":\"ListItem\",\"position\":1,\"name\":\"Accueil\",\"item\":\"https:\\\/\\\/apeimeudon.fr\\\/Blog-APEI\\\/\"},{\"@type\":\"ListItem\",\"position\":2,\"name\":\"Transfert sur la c\u00f4te d\u2019Opale\"}]},{\"@type\":\"WebSite\",\"@id\":\"https:\\\/\\\/apeimeudon.fr\\\/Blog-APEI\\\/#website\",\"url\":\"https:\\\/\\\/apeimeudon.fr\\\/Blog-APEI\\\/\",\"name\":\"La Gazette des Foyers de l&#039;APEI de Meudon\",\"description\":\"Nos diff\u00e9rences loin de nous l\u00e9ser doivent nous enrichir -  Antoine de Saint-Exup\u00e9ry\",\"publisher\":{\"@id\":\"https:\\\/\\\/apeimeudon.fr\\\/Blog-APEI\\\/#organization\"},\"potentialAction\":[{\"@type\":\"SearchAction\",\"target\":{\"@type\":\"EntryPoint\",\"urlTemplate\":\"https:\\\/\\\/apeimeudon.fr\\\/Blog-APEI\\\/?s={search_term_string}\"},\"query-input\":{\"@type\":\"PropertyValueSpecification\",\"valueRequired\":true,\"valueName\":\"search_term_string\"}}],\"inLanguage\":\"fr-FR\"},{\"@type\":\"Organization\",\"@id\":\"https:\\\/\\\/apeimeudon.fr\\\/Blog-APEI\\\/#organization\",\"name\":\"APEI de Meudon\",\"url\":\"https:\\\/\\\/apeimeudon.fr\\\/Blog-APEI\\\/\",\"logo\":{\"@type\":\"ImageObject\",\"inLanguage\":\"fr-FR\",\"@id\":\"https:\\\/\\\/apeimeudon.fr\\\/Blog-APEI\\\/#\\\/schema\\\/logo\\\/image\\\/\",\"url\":\"https:\\\/\\\/apeimeudon.fr\\\/Blog-APEI\\\/wp-content\\\/uploads\\\/2017\\\/10\\\/Icone-APEI.png\",\"contentUrl\":\"https:\\\/\\\/apeimeudon.fr\\\/Blog-APEI\\\/wp-content\\\/uploads\\\/2017\\\/10\\\/Icone-APEI.png\",\"width\":128,\"height\":128,\"caption\":\"APEI de Meudon\"},\"image\":{\"@id\":\"https:\\\/\\\/apeimeudon.fr\\\/Blog-APEI\\\/#\\\/schema\\\/logo\\\/image\\\/\"}},{\"@type\":\"Person\",\"@id\":\"https:\\\/\\\/apeimeudon.fr\\\/Blog-APEI\\\/#\\\/schema\\\/person\\\/2d41ddaee88bc491f0395565c04d6dcf\",\"name\":\"Foyer Bds\",\"image\":{\"@type\":\"ImageObject\",\"inLanguage\":\"fr-FR\",\"@id\":\"https:\\\/\\\/secure.gravatar.com\\\/avatar\\\/2824d78017d63e5b1d89886a235d39ec793723d3510d9d5266ff1a9edbc71999?s=96&d=mm&r=g\",\"url\":\"https:\\\/\\\/secure.gravatar.com\\\/avatar\\\/2824d78017d63e5b1d89886a235d39ec793723d3510d9d5266ff1a9edbc71999?s=96&d=mm&r=g\",\"contentUrl\":\"https:\\\/\\\/secure.gravatar.com\\\/avatar\\\/2824d78017d63e5b1d89886a235d39ec793723d3510d9d5266ff1a9edbc71999?s=96&d=mm&r=g\",\"caption\":\"Foyer Bds\"},\"url\":\"https:\\\/\\\/apeimeudon.fr\\\/Blog-APEI\\\/author\\\/foyer-bds\\\/\"}]}<\/script>\n<!-- \/ Yoast SEO plugin. -->","yoast_head_json":{"title":"Transfert sur la c\u00f4te d\u2019Opale - La Gazette des Foyers de l&#039;APEI de Meudon","robots":{"index":"index","follow":"follow","max-snippet":"max-snippet:-1","max-image-preview":"max-image-preview:large","max-video-preview":"max-video-preview:-1"},"canonical":"https:\/\/apeimeudon.fr\/Blog-APEI\/transfert-sur-la-cote-dopale\/","og_locale":"fr_FR","og_type":"article","og_title":"Transfert sur la c\u00f4te d\u2019Opale - La Gazette des Foyers de l&#039;APEI de Meudon","og_description":"Nous avons organis\u00e9 un transfert sur la c\u00f4te d\u2019Opale du 04 au 09 mai 2019 avec 7 r\u00e9sidents du foyer des Bords de Seine.","og_url":"https:\/\/apeimeudon.fr\/Blog-APEI\/transfert-sur-la-cote-dopale\/","og_site_name":"La Gazette des Foyers de l&#039;APEI de Meudon","article_published_time":"2019-08-26T09:49:15+00:00","article_modified_time":"2019-08-26T09:49:17+00:00","og_image":[{"width":320,"height":240,"url":"https:\/\/apeimeudon.fr\/Blog-APEI\/wp-content\/uploads\/2019\/08\/Transfert-sur-la-c\u00f4te-d\u2019Opale-miniature.jpg","type":"image\/jpeg"}],"author":"Foyer Bds","twitter_card":"summary_large_image","twitter_misc":{"\u00c9crit par":"Foyer Bds","Dur\u00e9e de lecture estim\u00e9e":"1 minute"},"schema":{"@context":"https:\/\/schema.org","@graph":[{"@type":"Article","@id":"https:\/\/apeimeudon.fr\/Blog-APEI\/transfert-sur-la-cote-dopale\/#article","isPartOf":{"@id":"https:\/\/apeimeudon.fr\/Blog-APEI\/transfert-sur-la-cote-dopale\/"},"author":{"name":"Foyer Bds","@id":"https:\/\/apeimeudon.fr\/Blog-APEI\/#\/schema\/person\/2d41ddaee88bc491f0395565c04d6dcf"},"headline":"Transfert sur la c\u00f4te d\u2019Opale","datePublished":"2019-08-26T09:49:15+00:00","dateModified":"2019-08-26T09:49:17+00:00","mainEntityOfPage":{"@id":"https:\/\/apeimeudon.fr\/Blog-APEI\/transfert-sur-la-cote-dopale\/"},"wordCount":212,"commentCount":0,"publisher":{"@id":"https:\/\/apeimeudon.fr\/Blog-APEI\/#organization"},"image":{"@id":"https:\/\/apeimeudon.fr\/Blog-APEI\/transfert-sur-la-cote-dopale\/#primaryimage"},"thumbnailUrl":"https:\/\/apeimeudon.fr\/Blog-APEI\/wp-content\/uploads\/2019\/08\/Transfert-sur-la-c\u00f4te-d\u2019Opale-miniature.jpg","articleSection":["Bords de Seine"],"inLanguage":"fr-FR","potentialAction":[{"@type":"CommentAction","name":"Comment","target":["https:\/\/apeimeudon.fr\/Blog-APEI\/transfert-sur-la-cote-dopale\/#respond"]}]},{"@type":"WebPage","@id":"https:\/\/apeimeudon.fr\/Blog-APEI\/transfert-sur-la-cote-dopale\/","url":"https:\/\/apeimeudon.fr\/Blog-APEI\/transfert-sur-la-cote-dopale\/","name":"Transfert sur la c\u00f4te d\u2019Opale - La Gazette des Foyers de l&#039;APEI de Meudon","isPartOf":{"@id":"https:\/\/apeimeudon.fr\/Blog-APEI\/#website"},"primaryImageOfPage":{"@id":"https:\/\/apeimeudon.fr\/Blog-APEI\/transfert-sur-la-cote-dopale\/#primaryimage"},"image":{"@id":"https:\/\/apeimeudon.fr\/Blog-APEI\/transfert-sur-la-cote-dopale\/#primaryimage"},"thumbnailUrl":"https:\/\/apeimeudon.fr\/Blog-APEI\/wp-content\/uploads\/2019\/08\/Transfert-sur-la-c\u00f4te-d\u2019Opale-miniature.jpg","datePublished":"2019-08-26T09:49:15+00:00","dateModified":"2019-08-26T09:49:17+00:00","breadcrumb":{"@id":"https:\/\/apeimeudon.fr\/Blog-APEI\/transfert-sur-la-cote-dopale\/#breadcrumb"},"inLanguage":"fr-FR","potentialAction":[{"@type":"ReadAction","target":["https:\/\/apeimeudon.fr\/Blog-APEI\/transfert-sur-la-cote-dopale\/"]}]},{"@type":"ImageObject","inLanguage":"fr-FR","@id":"https:\/\/apeimeudon.fr\/Blog-APEI\/transfert-sur-la-cote-dopale\/#primaryimage","url":"https:\/\/apeimeudon.fr\/Blog-APEI\/wp-content\/uploads\/2019\/08\/Transfert-sur-la-c\u00f4te-d\u2019Opale-miniature.jpg","contentUrl":"https:\/\/apeimeudon.fr\/Blog-APEI\/wp-content\/uploads\/2019\/08\/Transfert-sur-la-c\u00f4te-d\u2019Opale-miniature.jpg","width":320,"height":240},{"@type":"BreadcrumbList","@id":"https:\/\/apeimeudon.fr\/Blog-APEI\/transfert-sur-la-cote-dopale\/#breadcrumb","itemListElement":[{"@type":"ListItem","position":1,"name":"Accueil","item":"https:\/\/apeimeudon.fr\/Blog-APEI\/"},{"@type":"ListItem","position":2,"name":"Transfert sur la c\u00f4te d\u2019Opale"}]},{"@type":"WebSite","@id":"https:\/\/apeimeudon.fr\/Blog-APEI\/#website","url":"https:\/\/apeimeudon.fr\/Blog-APEI\/","name":"La Gazette des Foyers de l&#039;APEI de Meudon","description":"Nos diff\u00e9rences loin de nous l\u00e9ser doivent nous enrichir -  Antoine de Saint-Exup\u00e9ry","publisher":{"@id":"https:\/\/apeimeudon.fr\/Blog-APEI\/#organization"},"potentialAction":[{"@type":"SearchAction","target":{"@type":"EntryPoint","urlTemplate":"https:\/\/apeimeudon.fr\/Blog-APEI\/?s={search_term_string}"},"query-input":{"@type":"PropertyValueSpecification","valueRequired":true,"valueName":"search_term_string"}}],"inLanguage":"fr-FR"},{"@type":"Organization","@id":"https:\/\/apeimeudon.fr\/Blog-APEI\/#organization","name":"APEI de Meudon","url":"https:\/\/apeimeudon.fr\/Blog-APEI\/","logo":{"@type":"ImageObject","inLanguage":"fr-FR","@id":"https:\/\/apeimeudon.fr\/Blog-APEI\/#\/schema\/logo\/image\/","url":"https:\/\/apeimeudon.fr\/Blog-APEI\/wp-content\/uploads\/2017\/10\/Icone-APEI.png","contentUrl":"https:\/\/apeimeudon.fr\/Blog-APEI\/wp-content\/uploads\/2017\/10\/Icone-APEI.png","width":128,"height":128,"caption":"APEI de Meudon"},"image":{"@id":"https:\/\/apeimeudon.fr\/Blog-APEI\/#\/schema\/logo\/image\/"}},{"@type":"Person","@id":"https:\/\/apeimeudon.fr\/Blog-APEI\/#\/schema\/person\/2d41ddaee88bc491f0395565c04d6dcf","name":"Foyer Bds","image":{"@type":"ImageObject","inLanguage":"fr-FR","@id":"https:\/\/secure.gravatar.com\/avatar\/2824d78017d63e5b1d89886a235d39ec793723d3510d9d5266ff1a9edbc71999?s=96&d=mm&r=g","url":"https:\/\/secure.gravatar.com\/avatar\/2824d78017d63e5b1d89886a235d39ec793723d3510d9d5266ff1a9edbc71999?s=96&d=mm&r=g","contentUrl":"https:\/\/secure.gravatar.com\/avatar\/2824d78017d63e5b1d89886a235d39ec793723d3510d9d5266ff1a9edbc71999?s=96&d=mm&r=g","caption":"Foyer Bds"},"url":"https:\/\/apeimeudon.fr\/Blog-APEI\/author\/foyer-bds\/"}]}},"_links":{"self":[{"href":"https:\/\/apeimeudon.fr\/Blog-APEI\/wp-json\/wp\/v2\/posts\/582","targetHints":{"allow":["GET"]}}],"collection":[{"href":"https:\/\/apeimeudon.fr\/Blog-APEI\/wp-json\/wp\/v2\/posts"}],"about":[{"href":"https:\/\/apeimeudon.fr\/Blog-APEI\/wp-json\/wp\/v2\/types\/post"}],"author":[{"embeddable":true,"href":"https:\/\/apeimeudon.fr\/Blog-APEI\/wp-json\/wp\/v2\/users\/5"}],"replies":[{"embeddable":true,"href":"https:\/\/apeimeudon.fr\/Blog-APEI\/wp-json\/wp\/v2\/comments?post=582"}],"version-history":[{"count":2,"href":"https:\/\/apeimeudon.fr\/Blog-APEI\/wp-json\/wp\/v2\/posts\/582\/revisions"}],"predecessor-version":[{"id":584,"href":"https:\/\/apeimeudon.fr\/Blog-APEI\/wp-json\/wp\/v2\/posts\/582\/revisions\/584"}],"wp:featuredmedia":[{"embeddable":true,"href":"https:\/\/apeimeudon.fr\/Blog-APEI\/wp-json\/wp\/v2\/media\/581"}],"wp:attachment":[{"href":"https:\/\/apeimeudon.fr\/Blog-APEI\/wp-json\/wp\/v2\/media?parent=582"}],"wp:term":[{"taxonomy":"category","embeddable":true,"href":"https:\/\/apeimeudon.fr\/Blog-APEI\/wp-json\/wp\/v2\/categories?post=582"},{"taxonomy":"post_tag","embeddable":true,"href":"https:\/\/apeimeudon.fr\/Blog-APEI\/wp-json\/wp\/v2\/tags?post=582"}],"curies":[{"name":"wp","href":"https:\/\/api.w.org\/{rel}","templated":true}]}}