{"id":5920,"date":"2024-06-02T09:22:27","date_gmt":"2024-06-02T07:22:27","guid":{"rendered":"https:\/\/apeimeudon.fr\/Blog-APEI\/?p=5920"},"modified":"2024-06-02T09:25:33","modified_gmt":"2024-06-02T07:25:33","slug":"transfert-de-certains-residents-du-foyer-des-lampes-au-mont-saint-michel","status":"publish","type":"post","link":"https:\/\/apeimeudon.fr\/Blog-APEI\/transfert-de-certains-residents-du-foyer-des-lampes-au-mont-saint-michel\/","title":{"rendered":"S\u00e9jour au Mont Saint-Michel"},"content":{"rendered":"\n<p>Alors que les vacances d\u2019\u00e9t\u00e9 se profilent d\u00e9j\u00e0 , le Foyer des Lampes a pr\u00e9vu 2 s\u00e9jours avant les quatre semaines de fermeture.<\/p>\n\n\n\n<p>Le premier s\u00e9jour avait pour cadre le Mont St Michel et ses environs.<\/p>\n\n\n\n<!--more-->\n\n\n\n<p>Nous sommes donc partis du 24 au 26 mai. Le d\u00e9part a&nbsp; eu lieu le vendredi en d\u00e9but d\u2019apr\u00e8s-midi . Sous un temps plut\u00f4t agr\u00e9able, les kilom\u00e8tres d\u00e9filent tranquillement , un petit arr\u00eat histoire de se d\u00e9gourdir les jambes, et nous voil\u00e0 arriv\u00e9s en fin d\u2019apr\u00e8s-midi dans le petit village de Juilley. Plus compliqu\u00e9 pour nous fut de localiser le gite en effet il se trouvait en dehors du village, seul en plein milieu des champs. Une fois sur place on admire le site , oui on admire , car le cadre est fabuleux&nbsp;: impeccable, verdure tout autour, chevaux, vaches, brebis, champs \u00e0 perte de vue, la vraie campagne de notre enfance&nbsp;!<\/p>\n\n\n\n<p>R\u00e9partition des chambres et nous partons au restaurant. &nbsp;Une cr\u00eaperie sympathique nous accueille avec comme vue \u2026 un magnifique coucher de soleil sur le Mont St Michel. Bonne humeur g\u00e9n\u00e9rale, prix tr\u00e8s int\u00e9ressant , une bonne soir\u00e9e d\u00e9tente tr\u00e8s agr\u00e9able.<\/p>\n\n\n<div class=\"wp-block-image\">\n<figure class=\"aligncenter size-large\"><img decoding=\"async\" src=\"http:\/\/apeimeudon.fr\/Blog-APEI\/wp-content\/uploads\/2024\/06\/Miniature.jpg\" alt=\"\"\/><\/figure>\n<\/div>\n\n\n<p>Premi\u00e8re nuit dans ce beau d\u00e9cor, et le matin arrive &nbsp;et l\u2019heure de se lever aussi car &nbsp;il est d\u00e9j\u00e0 8 h. Un peu dur pour certains, mais bon on a tous le sourire car aujourd\u2019hui on va au Mont St Michel&nbsp;!!!!! Pr\u00e9paration du piquenique et d\u00e9part pour 20 minutes de route avant notre arriv\u00e9e. Photo du groupe \u00e0 l\u2019entr\u00e9e du site, et la marche commando commence tranquillement, quelques arr\u00eats dans les nombreuses boutiques, vue fantastique et ensuite le piquenique. Le temps est toujours aussi agr\u00e9able, balade tranquille, quelques signes de fatigue chez certains r\u00e9sidents et nous redescendons car la fin de l\u2019apr\u00e8s-midi pointe le bout de son nez, nous reprenons la navette qui nous d\u00e9pose pr\u00e8s de nos v\u00e9hicules.<\/p>\n\n\n\n<p>Nous regagnons le gite, pr\u00e9paration du repas et soir\u00e9e tranquille avec balade dans la verdure environnante pour les volontaires.<\/p>\n\n\n\n<p>Dimanche arrive d\u00e9j\u00e0, le programme de cette journ\u00e9e est de visiter la ville de Avranches et son jardin des Plantes. Nettoyage du gite, on boucle les valises et nous partons sur les petites routes normandes&nbsp;. Beau trajet, on arrive juste sur l\u2019entr\u00e9e du Jardin, le temps est un peu plus couvert, mais nous d\u00e9cidons de poursuivre la balade et de piqueniquer sur place. Le temps a d\u00e9cid\u00e9 de ne plus s\u2019arr\u00eater , il est d\u00e9j\u00e0 14 h&nbsp;! Direction le vide grenier du petit village de Val St P\u00e8re. Cadre champ\u00eatre, de tout pour tous, quelques portemonnaie &nbsp;se retrouvent plus l\u00e9gers , et quelques objets en plus dans les valises&nbsp;! Nous regagnons nos v\u00e9hicules pour le retour.<\/p>\n\n\n\n<p>Arriv\u00e9e un peu avant 20 heures au foyer , les r\u00e9sidents sont heureux de leur s\u00e9jour, mais aussi comme souvent heureux de retrouver leur lieu de vie ador\u00e9 et leurs habitudes&nbsp;!<\/p>\n\n\n\n<p class=\"has-text-align-right\">Eric<\/p>\n\n\n\n<p class=\"has-text-align-center\"><strong><em>Une petite vid\u00e9o retra\u00e7ant notre s\u00e9jour :<\/em><\/strong><\/p>\n\n\n\n<figure class=\"wp-block-video\"><video controls src=\"http:\/\/apeimeudon.fr\/Blog-APEI\/wp-content\/uploads\/2024\/05\/Sejour-Mont-St-Michel-\u2010-Realisee-avec-Clipchamp.mp4\"><\/video><\/figure>\n","protected":false},"excerpt":{"rendered":"<p>Alors que les vacances d\u2019\u00e9t\u00e9 se profilent d\u00e9j\u00e0 , le Foyer des Lampes a pr\u00e9vu 2 s\u00e9jours avant les quatre semaines de fermeture. Le premier s\u00e9jour avait pour cadre le Mont St Michel et ses environs.<\/p>\n","protected":false},"author":3,"featured_media":5923,"comment_status":"open","ping_status":"open","sticky":false,"template":"","format":"standard","meta":{"_acf_changed":false,"_monsterinsights_skip_tracking":false,"_monsterinsights_sitenote_active":false,"_monsterinsights_sitenote_note":"","_monsterinsights_sitenote_category":0,"ngg_post_thumbnail":0,"footnotes":""},"categories":[61,34,51],"tags":[],"class_list":["post-5920","post","type-post","status-publish","format-standard","has-post-thumbnail","hentry","category-activite","category-foyer-des-lampes","category-transfert"],"acf":[],"yoast_head":"<!-- This site is optimized with the Yoast SEO plugin v27.3 - https:\/\/yoast.com\/product\/yoast-seo-wordpress\/ -->\n<title>S\u00e9jour au Mont Saint-Michel - La Gazette des Foyers de l&#039;APEI de Meudon<\/title>\n<meta name=\"robots\" content=\"index, follow, max-snippet:-1, max-image-preview:large, max-video-preview:-1\" \/>\n<link rel=\"canonical\" href=\"https:\/\/apeimeudon.fr\/Blog-APEI\/transfert-de-certains-residents-du-foyer-des-lampes-au-mont-saint-michel\/\" \/>\n<meta property=\"og:locale\" content=\"fr_FR\" \/>\n<meta property=\"og:type\" content=\"article\" \/>\n<meta property=\"og:title\" content=\"S\u00e9jour au Mont Saint-Michel - La Gazette des Foyers de l&#039;APEI de Meudon\" \/>\n<meta property=\"og:description\" content=\"Alors que les vacances d\u2019\u00e9t\u00e9 se profilent d\u00e9j\u00e0 , le Foyer des Lampes a pr\u00e9vu 2 s\u00e9jours avant les quatre semaines de fermeture. Le premier s\u00e9jour avait pour cadre le Mont St Michel et ses environs.\" \/>\n<meta property=\"og:url\" content=\"https:\/\/apeimeudon.fr\/Blog-APEI\/transfert-de-certains-residents-du-foyer-des-lampes-au-mont-saint-michel\/\" \/>\n<meta property=\"og:site_name\" content=\"La Gazette des Foyers de l&#039;APEI de Meudon\" \/>\n<meta property=\"article:published_time\" content=\"2024-06-02T07:22:27+00:00\" \/>\n<meta property=\"article:modified_time\" content=\"2024-06-02T07:25:33+00:00\" \/>\n<meta property=\"og:image\" content=\"https:\/\/apeimeudon.fr\/Blog-APEI\/wp-content\/uploads\/2024\/05\/Miniature-MStM.jpg\" \/>\n\t<meta property=\"og:image:width\" content=\"400\" \/>\n\t<meta property=\"og:image:height\" content=\"250\" \/>\n\t<meta property=\"og:image:type\" content=\"image\/jpeg\" \/>\n<meta name=\"author\" content=\"Equipe r\u00e9dactionnelle Foyer des Lampes\" \/>\n<meta name=\"twitter:card\" content=\"summary_large_image\" \/>\n<meta name=\"twitter:label1\" content=\"\u00c9crit par\" \/>\n\t<meta name=\"twitter:data1\" content=\"Equipe r\u00e9dactionnelle Foyer des Lampes\" \/>\n\t<meta name=\"twitter:label2\" content=\"Dur\u00e9e de lecture estim\u00e9e\" \/>\n\t<meta name=\"twitter:data2\" content=\"3 minutes\" \/>\n<script type=\"application\/ld+json\" class=\"yoast-schema-graph\">{\"@context\":\"https:\\\/\\\/schema.org\",\"@graph\":[{\"@type\":\"Article\",\"@id\":\"https:\\\/\\\/apeimeudon.fr\\\/Blog-APEI\\\/transfert-de-certains-residents-du-foyer-des-lampes-au-mont-saint-michel\\\/#article\",\"isPartOf\":{\"@id\":\"https:\\\/\\\/apeimeudon.fr\\\/Blog-APEI\\\/transfert-de-certains-residents-du-foyer-des-lampes-au-mont-saint-michel\\\/\"},\"author\":{\"name\":\"Equipe r\u00e9dactionnelle Foyer des Lampes\",\"@id\":\"https:\\\/\\\/apeimeudon.fr\\\/Blog-APEI\\\/#\\\/schema\\\/person\\\/536e2dc69b6d8456308013bd9a7b762b\"},\"headline\":\"S\u00e9jour au Mont Saint-Michel\",\"datePublished\":\"2024-06-02T07:22:27+00:00\",\"dateModified\":\"2024-06-02T07:25:33+00:00\",\"mainEntityOfPage\":{\"@id\":\"https:\\\/\\\/apeimeudon.fr\\\/Blog-APEI\\\/transfert-de-certains-residents-du-foyer-des-lampes-au-mont-saint-michel\\\/\"},\"wordCount\":546,\"commentCount\":2,\"publisher\":{\"@id\":\"https:\\\/\\\/apeimeudon.fr\\\/Blog-APEI\\\/#organization\"},\"image\":{\"@id\":\"https:\\\/\\\/apeimeudon.fr\\\/Blog-APEI\\\/transfert-de-certains-residents-du-foyer-des-lampes-au-mont-saint-michel\\\/#primaryimage\"},\"thumbnailUrl\":\"https:\\\/\\\/apeimeudon.fr\\\/Blog-APEI\\\/wp-content\\\/uploads\\\/2024\\\/05\\\/Miniature-MStM.jpg\",\"articleSection\":[\"Activit\u00e9\",\"Foyer des Lampes\",\"Transfert\"],\"inLanguage\":\"fr-FR\",\"potentialAction\":[{\"@type\":\"CommentAction\",\"name\":\"Comment\",\"target\":[\"https:\\\/\\\/apeimeudon.fr\\\/Blog-APEI\\\/transfert-de-certains-residents-du-foyer-des-lampes-au-mont-saint-michel\\\/#respond\"]}]},{\"@type\":\"WebPage\",\"@id\":\"https:\\\/\\\/apeimeudon.fr\\\/Blog-APEI\\\/transfert-de-certains-residents-du-foyer-des-lampes-au-mont-saint-michel\\\/\",\"url\":\"https:\\\/\\\/apeimeudon.fr\\\/Blog-APEI\\\/transfert-de-certains-residents-du-foyer-des-lampes-au-mont-saint-michel\\\/\",\"name\":\"S\u00e9jour au Mont Saint-Michel - La Gazette des Foyers de l&#039;APEI de Meudon\",\"isPartOf\":{\"@id\":\"https:\\\/\\\/apeimeudon.fr\\\/Blog-APEI\\\/#website\"},\"primaryImageOfPage\":{\"@id\":\"https:\\\/\\\/apeimeudon.fr\\\/Blog-APEI\\\/transfert-de-certains-residents-du-foyer-des-lampes-au-mont-saint-michel\\\/#primaryimage\"},\"image\":{\"@id\":\"https:\\\/\\\/apeimeudon.fr\\\/Blog-APEI\\\/transfert-de-certains-residents-du-foyer-des-lampes-au-mont-saint-michel\\\/#primaryimage\"},\"thumbnailUrl\":\"https:\\\/\\\/apeimeudon.fr\\\/Blog-APEI\\\/wp-content\\\/uploads\\\/2024\\\/05\\\/Miniature-MStM.jpg\",\"datePublished\":\"2024-06-02T07:22:27+00:00\",\"dateModified\":\"2024-06-02T07:25:33+00:00\",\"breadcrumb\":{\"@id\":\"https:\\\/\\\/apeimeudon.fr\\\/Blog-APEI\\\/transfert-de-certains-residents-du-foyer-des-lampes-au-mont-saint-michel\\\/#breadcrumb\"},\"inLanguage\":\"fr-FR\",\"potentialAction\":[{\"@type\":\"ReadAction\",\"target\":[\"https:\\\/\\\/apeimeudon.fr\\\/Blog-APEI\\\/transfert-de-certains-residents-du-foyer-des-lampes-au-mont-saint-michel\\\/\"]}]},{\"@type\":\"ImageObject\",\"inLanguage\":\"fr-FR\",\"@id\":\"https:\\\/\\\/apeimeudon.fr\\\/Blog-APEI\\\/transfert-de-certains-residents-du-foyer-des-lampes-au-mont-saint-michel\\\/#primaryimage\",\"url\":\"https:\\\/\\\/apeimeudon.fr\\\/Blog-APEI\\\/wp-content\\\/uploads\\\/2024\\\/05\\\/Miniature-MStM.jpg\",\"contentUrl\":\"https:\\\/\\\/apeimeudon.fr\\\/Blog-APEI\\\/wp-content\\\/uploads\\\/2024\\\/05\\\/Miniature-MStM.jpg\",\"width\":400,\"height\":250},{\"@type\":\"BreadcrumbList\",\"@id\":\"https:\\\/\\\/apeimeudon.fr\\\/Blog-APEI\\\/transfert-de-certains-residents-du-foyer-des-lampes-au-mont-saint-michel\\\/#breadcrumb\",\"itemListElement\":[{\"@type\":\"ListItem\",\"position\":1,\"name\":\"Accueil\",\"item\":\"https:\\\/\\\/apeimeudon.fr\\\/Blog-APEI\\\/\"},{\"@type\":\"ListItem\",\"position\":2,\"name\":\"S\u00e9jour au Mont Saint-Michel\"}]},{\"@type\":\"WebSite\",\"@id\":\"https:\\\/\\\/apeimeudon.fr\\\/Blog-APEI\\\/#website\",\"url\":\"https:\\\/\\\/apeimeudon.fr\\\/Blog-APEI\\\/\",\"name\":\"La Gazette des Foyers de l&#039;APEI de Meudon\",\"description\":\"Nos diff\u00e9rences loin de nous l\u00e9ser doivent nous enrichir -  Antoine de Saint-Exup\u00e9ry\",\"publisher\":{\"@id\":\"https:\\\/\\\/apeimeudon.fr\\\/Blog-APEI\\\/#organization\"},\"potentialAction\":[{\"@type\":\"SearchAction\",\"target\":{\"@type\":\"EntryPoint\",\"urlTemplate\":\"https:\\\/\\\/apeimeudon.fr\\\/Blog-APEI\\\/?s={search_term_string}\"},\"query-input\":{\"@type\":\"PropertyValueSpecification\",\"valueRequired\":true,\"valueName\":\"search_term_string\"}}],\"inLanguage\":\"fr-FR\"},{\"@type\":\"Organization\",\"@id\":\"https:\\\/\\\/apeimeudon.fr\\\/Blog-APEI\\\/#organization\",\"name\":\"APEI de Meudon\",\"url\":\"https:\\\/\\\/apeimeudon.fr\\\/Blog-APEI\\\/\",\"logo\":{\"@type\":\"ImageObject\",\"inLanguage\":\"fr-FR\",\"@id\":\"https:\\\/\\\/apeimeudon.fr\\\/Blog-APEI\\\/#\\\/schema\\\/logo\\\/image\\\/\",\"url\":\"https:\\\/\\\/apeimeudon.fr\\\/Blog-APEI\\\/wp-content\\\/uploads\\\/2017\\\/10\\\/Icone-APEI.png\",\"contentUrl\":\"https:\\\/\\\/apeimeudon.fr\\\/Blog-APEI\\\/wp-content\\\/uploads\\\/2017\\\/10\\\/Icone-APEI.png\",\"width\":128,\"height\":128,\"caption\":\"APEI de Meudon\"},\"image\":{\"@id\":\"https:\\\/\\\/apeimeudon.fr\\\/Blog-APEI\\\/#\\\/schema\\\/logo\\\/image\\\/\"}},{\"@type\":\"Person\",\"@id\":\"https:\\\/\\\/apeimeudon.fr\\\/Blog-APEI\\\/#\\\/schema\\\/person\\\/536e2dc69b6d8456308013bd9a7b762b\",\"name\":\"Equipe r\u00e9dactionnelle Foyer des Lampes\",\"image\":{\"@type\":\"ImageObject\",\"inLanguage\":\"fr-FR\",\"@id\":\"https:\\\/\\\/secure.gravatar.com\\\/avatar\\\/c64021a86f77cc135da78b91677b4c8cb3c2882fad89dba6a7a7defab5e64683?s=96&d=mm&r=g\",\"url\":\"https:\\\/\\\/secure.gravatar.com\\\/avatar\\\/c64021a86f77cc135da78b91677b4c8cb3c2882fad89dba6a7a7defab5e64683?s=96&d=mm&r=g\",\"contentUrl\":\"https:\\\/\\\/secure.gravatar.com\\\/avatar\\\/c64021a86f77cc135da78b91677b4c8cb3c2882fad89dba6a7a7defab5e64683?s=96&d=mm&r=g\",\"caption\":\"Equipe r\u00e9dactionnelle Foyer des Lampes\"},\"url\":\"https:\\\/\\\/apeimeudon.fr\\\/Blog-APEI\\\/author\\\/lampes\\\/\"}]}<\/script>\n<!-- \/ Yoast SEO plugin. -->","yoast_head_json":{"title":"S\u00e9jour au Mont Saint-Michel - La Gazette des Foyers de l&#039;APEI de Meudon","robots":{"index":"index","follow":"follow","max-snippet":"max-snippet:-1","max-image-preview":"max-image-preview:large","max-video-preview":"max-video-preview:-1"},"canonical":"https:\/\/apeimeudon.fr\/Blog-APEI\/transfert-de-certains-residents-du-foyer-des-lampes-au-mont-saint-michel\/","og_locale":"fr_FR","og_type":"article","og_title":"S\u00e9jour au Mont Saint-Michel - La Gazette des Foyers de l&#039;APEI de Meudon","og_description":"Alors que les vacances d\u2019\u00e9t\u00e9 se profilent d\u00e9j\u00e0 , le Foyer des Lampes a pr\u00e9vu 2 s\u00e9jours avant les quatre semaines de fermeture. Le premier s\u00e9jour avait pour cadre le Mont St Michel et ses environs.","og_url":"https:\/\/apeimeudon.fr\/Blog-APEI\/transfert-de-certains-residents-du-foyer-des-lampes-au-mont-saint-michel\/","og_site_name":"La Gazette des Foyers de l&#039;APEI de Meudon","article_published_time":"2024-06-02T07:22:27+00:00","article_modified_time":"2024-06-02T07:25:33+00:00","og_image":[{"width":400,"height":250,"url":"https:\/\/apeimeudon.fr\/Blog-APEI\/wp-content\/uploads\/2024\/05\/Miniature-MStM.jpg","type":"image\/jpeg"}],"author":"Equipe r\u00e9dactionnelle Foyer des Lampes","twitter_card":"summary_large_image","twitter_misc":{"\u00c9crit par":"Equipe r\u00e9dactionnelle Foyer des Lampes","Dur\u00e9e de lecture estim\u00e9e":"3 minutes"},"schema":{"@context":"https:\/\/schema.org","@graph":[{"@type":"Article","@id":"https:\/\/apeimeudon.fr\/Blog-APEI\/transfert-de-certains-residents-du-foyer-des-lampes-au-mont-saint-michel\/#article","isPartOf":{"@id":"https:\/\/apeimeudon.fr\/Blog-APEI\/transfert-de-certains-residents-du-foyer-des-lampes-au-mont-saint-michel\/"},"author":{"name":"Equipe r\u00e9dactionnelle Foyer des Lampes","@id":"https:\/\/apeimeudon.fr\/Blog-APEI\/#\/schema\/person\/536e2dc69b6d8456308013bd9a7b762b"},"headline":"S\u00e9jour au Mont Saint-Michel","datePublished":"2024-06-02T07:22:27+00:00","dateModified":"2024-06-02T07:25:33+00:00","mainEntityOfPage":{"@id":"https:\/\/apeimeudon.fr\/Blog-APEI\/transfert-de-certains-residents-du-foyer-des-lampes-au-mont-saint-michel\/"},"wordCount":546,"commentCount":2,"publisher":{"@id":"https:\/\/apeimeudon.fr\/Blog-APEI\/#organization"},"image":{"@id":"https:\/\/apeimeudon.fr\/Blog-APEI\/transfert-de-certains-residents-du-foyer-des-lampes-au-mont-saint-michel\/#primaryimage"},"thumbnailUrl":"https:\/\/apeimeudon.fr\/Blog-APEI\/wp-content\/uploads\/2024\/05\/Miniature-MStM.jpg","articleSection":["Activit\u00e9","Foyer des Lampes","Transfert"],"inLanguage":"fr-FR","potentialAction":[{"@type":"CommentAction","name":"Comment","target":["https:\/\/apeimeudon.fr\/Blog-APEI\/transfert-de-certains-residents-du-foyer-des-lampes-au-mont-saint-michel\/#respond"]}]},{"@type":"WebPage","@id":"https:\/\/apeimeudon.fr\/Blog-APEI\/transfert-de-certains-residents-du-foyer-des-lampes-au-mont-saint-michel\/","url":"https:\/\/apeimeudon.fr\/Blog-APEI\/transfert-de-certains-residents-du-foyer-des-lampes-au-mont-saint-michel\/","name":"S\u00e9jour au Mont Saint-Michel - La Gazette des Foyers de l&#039;APEI de Meudon","isPartOf":{"@id":"https:\/\/apeimeudon.fr\/Blog-APEI\/#website"},"primaryImageOfPage":{"@id":"https:\/\/apeimeudon.fr\/Blog-APEI\/transfert-de-certains-residents-du-foyer-des-lampes-au-mont-saint-michel\/#primaryimage"},"image":{"@id":"https:\/\/apeimeudon.fr\/Blog-APEI\/transfert-de-certains-residents-du-foyer-des-lampes-au-mont-saint-michel\/#primaryimage"},"thumbnailUrl":"https:\/\/apeimeudon.fr\/Blog-APEI\/wp-content\/uploads\/2024\/05\/Miniature-MStM.jpg","datePublished":"2024-06-02T07:22:27+00:00","dateModified":"2024-06-02T07:25:33+00:00","breadcrumb":{"@id":"https:\/\/apeimeudon.fr\/Blog-APEI\/transfert-de-certains-residents-du-foyer-des-lampes-au-mont-saint-michel\/#breadcrumb"},"inLanguage":"fr-FR","potentialAction":[{"@type":"ReadAction","target":["https:\/\/apeimeudon.fr\/Blog-APEI\/transfert-de-certains-residents-du-foyer-des-lampes-au-mont-saint-michel\/"]}]},{"@type":"ImageObject","inLanguage":"fr-FR","@id":"https:\/\/apeimeudon.fr\/Blog-APEI\/transfert-de-certains-residents-du-foyer-des-lampes-au-mont-saint-michel\/#primaryimage","url":"https:\/\/apeimeudon.fr\/Blog-APEI\/wp-content\/uploads\/2024\/05\/Miniature-MStM.jpg","contentUrl":"https:\/\/apeimeudon.fr\/Blog-APEI\/wp-content\/uploads\/2024\/05\/Miniature-MStM.jpg","width":400,"height":250},{"@type":"BreadcrumbList","@id":"https:\/\/apeimeudon.fr\/Blog-APEI\/transfert-de-certains-residents-du-foyer-des-lampes-au-mont-saint-michel\/#breadcrumb","itemListElement":[{"@type":"ListItem","position":1,"name":"Accueil","item":"https:\/\/apeimeudon.fr\/Blog-APEI\/"},{"@type":"ListItem","position":2,"name":"S\u00e9jour au Mont Saint-Michel"}]},{"@type":"WebSite","@id":"https:\/\/apeimeudon.fr\/Blog-APEI\/#website","url":"https:\/\/apeimeudon.fr\/Blog-APEI\/","name":"La Gazette des Foyers de l&#039;APEI de Meudon","description":"Nos diff\u00e9rences loin de nous l\u00e9ser doivent nous enrichir -  Antoine de Saint-Exup\u00e9ry","publisher":{"@id":"https:\/\/apeimeudon.fr\/Blog-APEI\/#organization"},"potentialAction":[{"@type":"SearchAction","target":{"@type":"EntryPoint","urlTemplate":"https:\/\/apeimeudon.fr\/Blog-APEI\/?s={search_term_string}"},"query-input":{"@type":"PropertyValueSpecification","valueRequired":true,"valueName":"search_term_string"}}],"inLanguage":"fr-FR"},{"@type":"Organization","@id":"https:\/\/apeimeudon.fr\/Blog-APEI\/#organization","name":"APEI de Meudon","url":"https:\/\/apeimeudon.fr\/Blog-APEI\/","logo":{"@type":"ImageObject","inLanguage":"fr-FR","@id":"https:\/\/apeimeudon.fr\/Blog-APEI\/#\/schema\/logo\/image\/","url":"https:\/\/apeimeudon.fr\/Blog-APEI\/wp-content\/uploads\/2017\/10\/Icone-APEI.png","contentUrl":"https:\/\/apeimeudon.fr\/Blog-APEI\/wp-content\/uploads\/2017\/10\/Icone-APEI.png","width":128,"height":128,"caption":"APEI de Meudon"},"image":{"@id":"https:\/\/apeimeudon.fr\/Blog-APEI\/#\/schema\/logo\/image\/"}},{"@type":"Person","@id":"https:\/\/apeimeudon.fr\/Blog-APEI\/#\/schema\/person\/536e2dc69b6d8456308013bd9a7b762b","name":"Equipe r\u00e9dactionnelle Foyer des Lampes","image":{"@type":"ImageObject","inLanguage":"fr-FR","@id":"https:\/\/secure.gravatar.com\/avatar\/c64021a86f77cc135da78b91677b4c8cb3c2882fad89dba6a7a7defab5e64683?s=96&d=mm&r=g","url":"https:\/\/secure.gravatar.com\/avatar\/c64021a86f77cc135da78b91677b4c8cb3c2882fad89dba6a7a7defab5e64683?s=96&d=mm&r=g","contentUrl":"https:\/\/secure.gravatar.com\/avatar\/c64021a86f77cc135da78b91677b4c8cb3c2882fad89dba6a7a7defab5e64683?s=96&d=mm&r=g","caption":"Equipe r\u00e9dactionnelle Foyer des Lampes"},"url":"https:\/\/apeimeudon.fr\/Blog-APEI\/author\/lampes\/"}]}},"_links":{"self":[{"href":"https:\/\/apeimeudon.fr\/Blog-APEI\/wp-json\/wp\/v2\/posts\/5920","targetHints":{"allow":["GET"]}}],"collection":[{"href":"https:\/\/apeimeudon.fr\/Blog-APEI\/wp-json\/wp\/v2\/posts"}],"about":[{"href":"https:\/\/apeimeudon.fr\/Blog-APEI\/wp-json\/wp\/v2\/types\/post"}],"author":[{"embeddable":true,"href":"https:\/\/apeimeudon.fr\/Blog-APEI\/wp-json\/wp\/v2\/users\/3"}],"replies":[{"embeddable":true,"href":"https:\/\/apeimeudon.fr\/Blog-APEI\/wp-json\/wp\/v2\/comments?post=5920"}],"version-history":[{"count":5,"href":"https:\/\/apeimeudon.fr\/Blog-APEI\/wp-json\/wp\/v2\/posts\/5920\/revisions"}],"predecessor-version":[{"id":5929,"href":"https:\/\/apeimeudon.fr\/Blog-APEI\/wp-json\/wp\/v2\/posts\/5920\/revisions\/5929"}],"wp:featuredmedia":[{"embeddable":true,"href":"https:\/\/apeimeudon.fr\/Blog-APEI\/wp-json\/wp\/v2\/media\/5923"}],"wp:attachment":[{"href":"https:\/\/apeimeudon.fr\/Blog-APEI\/wp-json\/wp\/v2\/media?parent=5920"}],"wp:term":[{"taxonomy":"category","embeddable":true,"href":"https:\/\/apeimeudon.fr\/Blog-APEI\/wp-json\/wp\/v2\/categories?post=5920"},{"taxonomy":"post_tag","embeddable":true,"href":"https:\/\/apeimeudon.fr\/Blog-APEI\/wp-json\/wp\/v2\/tags?post=5920"}],"curies":[{"name":"wp","href":"https:\/\/api.w.org\/{rel}","templated":true}]}}