{"id":599,"date":"2019-08-26T15:04:20","date_gmt":"2019-08-26T13:04:20","guid":{"rendered":"http:\/\/apeimeudon.fr\/Blog-APEI\/?p=599"},"modified":"2019-08-26T15:04:22","modified_gmt":"2019-08-26T13:04:22","slug":"les-pieds-dans-le-sable-le-parisien","status":"publish","type":"post","link":"https:\/\/apeimeudon.fr\/Blog-APEI\/les-pieds-dans-le-sable-le-parisien\/","title":{"rendered":"Les pieds dans le sable (Le Parisien)"},"content":{"rendered":"\n<p><strong>De Meudon \u00e0\nPantin, ils oublient le handicap les pieds dans le sable<\/strong><\/p>\n\n\n\n<p>Les r\u00e9sidents d\u2019un foyer de vie de Meudon\n(Hauts-de-Seine) ont profit\u00e9 d\u2019une demi-journ\u00e9e de d\u00e9tente \u00e0 SandFabrik, le\nnouveau complexe d\u00e9di\u00e9 aux sports de sable.<\/p>\n\n\n\n<!--more-->\n\n\n\n<p>Transats, cocktails, musique et sable fin : comme un air de vacances\u2026 Ce\njeudi 15 ao\u00fbt, Sylviane, Dominique, Caroline et les treize autres r\u00e9sidents du\nfoyer Bords de Seine ont quitt\u00e9 Meudon (Hauts-de-Seine) pour profiter d&rsquo;un\napr\u00e8s-midi plage\u2026 en Seine-Saint-Denis.<\/p>\n\n\n\n<p>Accueillis par&nbsp;<a href=\"http:\/\/www.leparisien.fr\/seine-saint-denis-93\/un-complexe-dedie-aux-sports-de-sable-a-pantin-06-01-2019-7982088.php\" target=\"_blank\" rel=\"noreferrer noopener\">SandFabrik<\/a>, nouveau\ncomplexe pantinois sp\u00e9cialis\u00e9 dans les sports de sable, ces adultes en\nsituation de handicap ont pu profiter d&rsquo;un instant de d\u00e9tente.<\/p>\n\n\n\n<p><strong>\u00ab Casser le quotidien des r\u00e9sidents \u00bb<\/strong><\/p>\n\n\n\n<p>Le foyer de vie a pour objectif d&rsquo;accompagner au quotidien ces personnes\nvieillissantes, souffrant de handicaps mental et physique, \u00e0 travers la\npratique d&rsquo;activit\u00e9s. \u00ab Nous avons organis\u00e9 cette sortie pour casser le\nquotidien des r\u00e9sidents. Ils vivent toute l&rsquo;ann\u00e9e en collectivit\u00e9 et c&rsquo;\u00e9tait\nimportant de les faire se sentir en vacances le temps d&rsquo;une journ\u00e9e \u00bb, explique\nSt\u00e9phanie Viel, \u00e9ducatrice \u00e0 l&rsquo;origine de cette activit\u00e9.<\/p>\n\n\n\n<p>Certaines jouent au ping-pong, s&rsquo;essaient au volley-ball ou se pr\u00e9lassent\ntranquillement sur un transat, les pieds dans le sable. Tous semblent \u00e9panouis.\n\u00ab \u00c7a me fait tr\u00e8s bizarre d&rsquo;\u00eatre en contact avec le sable, c&rsquo;est agr\u00e9able ! \u00c7a\nme rappelle mes vacances en Bretagne avec mes parents il y a longtemps, de bons\nsouvenirs \u00bb, se rem\u00e9more Edouard, 54 ans qui pr\u00e9f\u00e8re m\u00eame ce sable \u00e0 celui de\nla c\u00f4te ouest.<\/p>\n\n\n\n<p><strong>\u00ab On essaye de se d\u00e9tacher d&rsquo;une image exclusivement ax\u00e9e sur le sport \u00bb<\/strong><\/p>\n\n\n\n<p>Chantal et Christophe, r\u00e9ticents \u00e0 l&rsquo;id\u00e9e d&rsquo;investir la plage, se lancent\net se pr\u00eatent facilement au jeu. \u00ab \u00c0 la base, j&rsquo;\u00e9tais venu pour la bi\u00e8re ! \u00bb,\nsourit Christophe qui s&rsquo;est d\u00e9couvert un talent pour le tennis de table.<\/p>\n\n\n\n<p>Michel, qui ne quitte jamais le foyer habituellement, semble s&rsquo;amuser et ne\nregrette pas d&rsquo;\u00eatre venu. \u00ab Nous nous occupons d&rsquo;un public vieillissant qu&rsquo;il\nest parfois difficile de mobiliser. Ils n&rsquo;ont pas forc\u00e9ment envie de sortir\nalors nous avons convenu que cette sortie serait obligatoire \u00bb, ajoute\nl&rsquo;\u00e9ducatrice. Pour le plus grand bonheur des r\u00e9sidents qui semblent tous passer\nun bon moment.<\/p>\n\n\n\n<p>Du c\u00f4t\u00e9 de SandFabrik, c&rsquo;est une premi\u00e8re. Et une r\u00e9ussite. \u00ab On essaye de se d\u00e9tacher d&rsquo;une image exclusivement ax\u00e9e sur le sport. Ce lieu est avant tout un espace de rencontre et de d\u00e9tente qui veut permettre \u00e0 toute personne, sportive ou non, de (re) trouver des sensations de plage \u00bb, explique Thibault, cofondateur de la structure, qui s&rsquo;attache \u00e0 d\u00e9velopper la pratique sportive aupr\u00e8s de publics handicap\u00e9s. Et notamment le volley-ball assis, discipline paralympique, d\u00e8s la rentr\u00e9e.<\/p>\n\n\n\n<p>Article de  Loana Berbedj  paru dans le Parisien<\/p>\n\n\n\n<p style=\"text-align:center\"><strong><em>Clich\u00e9s pris par les journalistes du Parisien  LP\/Loana Berbedj<\/em><\/strong><\/p>\n\n\n<p>\r\n\t\t\t\t\t\n\r\n\t\t\t\t\t<!-- START UNITE GALLERY 1.7.62 -->\r\n\t\t\t\t\t\r\n\t\t\t\t\n\t\t\t<div id='unitegallery_37_1' class='unite-gallery' style='margin:0px auto;'>\n\t\t\t\t\n\n\t\t\t\t\t\t<img alt=\"article Le Parisien - Pantin, jeudi 15 ao\u00fbt\"\n\t\t\t\t\t\t     src=\"\" data-image=\"https:\/\/apeimeudon.fr\/Blog-APEI\/wp-content\/uploads\/2019\/08\/article-Le-Parisien-2.jpg\"\n\t\t\t\t\t\t     data-thumb=\"https:\/\/apeimeudon.fr\/Blog-APEI\/wp-content\/uploads\/2019\/08\/article-Le-Parisien-2-300x149.jpg\"\n\t\t\t\t\t\t     title=\"Pantin, jeudi 15 ao\u00fbt\"\n\t\t\t\t\t\t     style=\"display:none\">\n\n\t\t\t\t\t\t<img alt=\"article Le Parisien - Jean-Christophe, Christophe et Val\u00e9rie ont pu s\u2019essayer au tennis de table\"\n\t\t\t\t\t\t     src=\"\" data-image=\"https:\/\/apeimeudon.fr\/Blog-APEI\/wp-content\/uploads\/2019\/08\/article-Le-Parisien3.jpg\"\n\t\t\t\t\t\t     data-thumb=\"https:\/\/apeimeudon.fr\/Blog-APEI\/wp-content\/uploads\/2019\/08\/article-Le-Parisien3-300x149.jpg\"\n\t\t\t\t\t\t     title=\"Jean-Christophe, Christophe et Val\u00e9rie ont pu s\u2019essayer au tennis de table\"\n\t\t\t\t\t\t     style=\"display:none\">\n\n\t\t\t\t\t\t<img alt=\"article Le Parisien - Pantin, jeudi 15 ao\u00fbt. Edouard et quinze autres r\u00e9sidents du foyer Bords de Seine \u00e0 Meudon ont pass\u00e9 la journ\u00e9e \u00e0 SandFabrik\"\n\t\t\t\t\t\t     src=\"\" data-image=\"https:\/\/apeimeudon.fr\/Blog-APEI\/wp-content\/uploads\/2019\/08\/article-Le-Parisien-1.jpg\"\n\t\t\t\t\t\t     data-thumb=\"https:\/\/apeimeudon.fr\/Blog-APEI\/wp-content\/uploads\/2019\/08\/article-Le-Parisien-1-300x187.jpg\"\n\t\t\t\t\t\t     title=\"Pantin, jeudi 15 ao\u00fbt. Edouard et quinze autres r\u00e9sidents du foyer Bords de Seine \u00e0 Meudon ont pass\u00e9 la journ\u00e9e \u00e0 SandFabrik\"\n\t\t\t\t\t\t     style=\"display:none\">\n\t\t\t<\/div>\n\n\t\t\t<script type='text\/javascript'>\n\t\t\t\twindow.onload = function(e) {\n\t\t\t\t\tif(typeof ugCheckForErrors == \"undefined\"){\n\t\t\t\t\t\tdocument.getElementById(\"unitegallery_37_1\").innerHTML = \"<span style='color:red'>Unite Gallery Error - gallery js and css files not included in the footer. Please make sure that wp_footer() function is added to your theme.<\/span>\";}\n\t\t\t\t\telse{ ugCheckForErrors(\"unitegallery_37_1\", \"jquery\");}\n\t\t\t\t};\n\t\t\t<\/script>\n\n\t\t\t<!-- END UNITEGALLERY --><\/p>\n","protected":false},"excerpt":{"rendered":"<p>De Meudon \u00e0 Pantin, ils oublient le handicap les pieds dans le sable Les r\u00e9sidents d\u2019un foyer de vie de Meudon (Hauts-de-Seine) ont profit\u00e9 d\u2019une demi-journ\u00e9e de d\u00e9tente \u00e0 SandFabrik, le nouveau complexe d\u00e9di\u00e9 aux sports de sable.<\/p>\n","protected":false},"author":5,"featured_media":597,"comment_status":"open","ping_status":"open","sticky":false,"template":"","format":"standard","meta":{"_acf_changed":false,"_monsterinsights_skip_tracking":false,"_monsterinsights_sitenote_active":false,"_monsterinsights_sitenote_note":"","_monsterinsights_sitenote_category":0,"ngg_post_thumbnail":0,"footnotes":""},"categories":[41,1],"tags":[],"class_list":["post-599","post","type-post","status-publish","format-standard","has-post-thumbnail","hentry","category-bords-de-seine","category-non-classe"],"acf":[],"yoast_head":"<!-- This site is optimized with the Yoast SEO plugin v27.3 - https:\/\/yoast.com\/product\/yoast-seo-wordpress\/ -->\n<title>Les pieds dans le sable (Le Parisien) - La Gazette des Foyers de l&#039;APEI de Meudon<\/title>\n<meta name=\"robots\" content=\"index, follow, max-snippet:-1, max-image-preview:large, max-video-preview:-1\" \/>\n<link rel=\"canonical\" href=\"https:\/\/apeimeudon.fr\/Blog-APEI\/les-pieds-dans-le-sable-le-parisien\/\" \/>\n<meta property=\"og:locale\" content=\"fr_FR\" \/>\n<meta property=\"og:type\" content=\"article\" \/>\n<meta property=\"og:title\" content=\"Les pieds dans le sable (Le Parisien) - La Gazette des Foyers de l&#039;APEI de Meudon\" \/>\n<meta property=\"og:description\" content=\"De Meudon \u00e0 Pantin, ils oublient le handicap les pieds dans le sable Les r\u00e9sidents d\u2019un foyer de vie de Meudon (Hauts-de-Seine) ont profit\u00e9 d\u2019une demi-journ\u00e9e de d\u00e9tente \u00e0 SandFabrik, le nouveau complexe d\u00e9di\u00e9 aux sports de sable.\" \/>\n<meta property=\"og:url\" content=\"https:\/\/apeimeudon.fr\/Blog-APEI\/les-pieds-dans-le-sable-le-parisien\/\" \/>\n<meta property=\"og:site_name\" content=\"La Gazette des Foyers de l&#039;APEI de Meudon\" \/>\n<meta property=\"article:published_time\" content=\"2019-08-26T13:04:20+00:00\" \/>\n<meta property=\"article:modified_time\" content=\"2019-08-26T13:04:22+00:00\" \/>\n<meta property=\"og:image\" content=\"https:\/\/apeimeudon.fr\/Blog-APEI\/wp-content\/uploads\/2019\/08\/article-Le-Parisien-miniature.jpg\" \/>\n\t<meta property=\"og:image:width\" content=\"384\" \/>\n\t<meta property=\"og:image:height\" content=\"190\" \/>\n\t<meta property=\"og:image:type\" content=\"image\/jpeg\" \/>\n<meta name=\"author\" content=\"Foyer Bds\" \/>\n<meta name=\"twitter:card\" content=\"summary_large_image\" \/>\n<meta name=\"twitter:label1\" content=\"\u00c9crit par\" \/>\n\t<meta name=\"twitter:data1\" content=\"Foyer Bds\" \/>\n\t<meta name=\"twitter:label2\" content=\"Dur\u00e9e de lecture estim\u00e9e\" \/>\n\t<meta name=\"twitter:data2\" content=\"2 minutes\" \/>\n<script type=\"application\/ld+json\" class=\"yoast-schema-graph\">{\"@context\":\"https:\\\/\\\/schema.org\",\"@graph\":[{\"@type\":\"Article\",\"@id\":\"https:\\\/\\\/apeimeudon.fr\\\/Blog-APEI\\\/les-pieds-dans-le-sable-le-parisien\\\/#article\",\"isPartOf\":{\"@id\":\"https:\\\/\\\/apeimeudon.fr\\\/Blog-APEI\\\/les-pieds-dans-le-sable-le-parisien\\\/\"},\"author\":{\"name\":\"Foyer Bds\",\"@id\":\"https:\\\/\\\/apeimeudon.fr\\\/Blog-APEI\\\/#\\\/schema\\\/person\\\/2d41ddaee88bc491f0395565c04d6dcf\"},\"headline\":\"Les pieds dans le sable (Le Parisien)\",\"datePublished\":\"2019-08-26T13:04:20+00:00\",\"dateModified\":\"2019-08-26T13:04:22+00:00\",\"mainEntityOfPage\":{\"@id\":\"https:\\\/\\\/apeimeudon.fr\\\/Blog-APEI\\\/les-pieds-dans-le-sable-le-parisien\\\/\"},\"wordCount\":497,\"commentCount\":0,\"publisher\":{\"@id\":\"https:\\\/\\\/apeimeudon.fr\\\/Blog-APEI\\\/#organization\"},\"image\":{\"@id\":\"https:\\\/\\\/apeimeudon.fr\\\/Blog-APEI\\\/les-pieds-dans-le-sable-le-parisien\\\/#primaryimage\"},\"thumbnailUrl\":\"https:\\\/\\\/apeimeudon.fr\\\/Blog-APEI\\\/wp-content\\\/uploads\\\/2019\\\/08\\\/article-Le-Parisien-miniature.jpg\",\"articleSection\":[\"Bords de Seine\"],\"inLanguage\":\"fr-FR\",\"potentialAction\":[{\"@type\":\"CommentAction\",\"name\":\"Comment\",\"target\":[\"https:\\\/\\\/apeimeudon.fr\\\/Blog-APEI\\\/les-pieds-dans-le-sable-le-parisien\\\/#respond\"]}]},{\"@type\":\"WebPage\",\"@id\":\"https:\\\/\\\/apeimeudon.fr\\\/Blog-APEI\\\/les-pieds-dans-le-sable-le-parisien\\\/\",\"url\":\"https:\\\/\\\/apeimeudon.fr\\\/Blog-APEI\\\/les-pieds-dans-le-sable-le-parisien\\\/\",\"name\":\"Les pieds dans le sable (Le Parisien) - La Gazette des Foyers de l&#039;APEI de Meudon\",\"isPartOf\":{\"@id\":\"https:\\\/\\\/apeimeudon.fr\\\/Blog-APEI\\\/#website\"},\"primaryImageOfPage\":{\"@id\":\"https:\\\/\\\/apeimeudon.fr\\\/Blog-APEI\\\/les-pieds-dans-le-sable-le-parisien\\\/#primaryimage\"},\"image\":{\"@id\":\"https:\\\/\\\/apeimeudon.fr\\\/Blog-APEI\\\/les-pieds-dans-le-sable-le-parisien\\\/#primaryimage\"},\"thumbnailUrl\":\"https:\\\/\\\/apeimeudon.fr\\\/Blog-APEI\\\/wp-content\\\/uploads\\\/2019\\\/08\\\/article-Le-Parisien-miniature.jpg\",\"datePublished\":\"2019-08-26T13:04:20+00:00\",\"dateModified\":\"2019-08-26T13:04:22+00:00\",\"breadcrumb\":{\"@id\":\"https:\\\/\\\/apeimeudon.fr\\\/Blog-APEI\\\/les-pieds-dans-le-sable-le-parisien\\\/#breadcrumb\"},\"inLanguage\":\"fr-FR\",\"potentialAction\":[{\"@type\":\"ReadAction\",\"target\":[\"https:\\\/\\\/apeimeudon.fr\\\/Blog-APEI\\\/les-pieds-dans-le-sable-le-parisien\\\/\"]}]},{\"@type\":\"ImageObject\",\"inLanguage\":\"fr-FR\",\"@id\":\"https:\\\/\\\/apeimeudon.fr\\\/Blog-APEI\\\/les-pieds-dans-le-sable-le-parisien\\\/#primaryimage\",\"url\":\"https:\\\/\\\/apeimeudon.fr\\\/Blog-APEI\\\/wp-content\\\/uploads\\\/2019\\\/08\\\/article-Le-Parisien-miniature.jpg\",\"contentUrl\":\"https:\\\/\\\/apeimeudon.fr\\\/Blog-APEI\\\/wp-content\\\/uploads\\\/2019\\\/08\\\/article-Le-Parisien-miniature.jpg\",\"width\":384,\"height\":190},{\"@type\":\"BreadcrumbList\",\"@id\":\"https:\\\/\\\/apeimeudon.fr\\\/Blog-APEI\\\/les-pieds-dans-le-sable-le-parisien\\\/#breadcrumb\",\"itemListElement\":[{\"@type\":\"ListItem\",\"position\":1,\"name\":\"Accueil\",\"item\":\"https:\\\/\\\/apeimeudon.fr\\\/Blog-APEI\\\/\"},{\"@type\":\"ListItem\",\"position\":2,\"name\":\"Les pieds dans le sable (Le Parisien)\"}]},{\"@type\":\"WebSite\",\"@id\":\"https:\\\/\\\/apeimeudon.fr\\\/Blog-APEI\\\/#website\",\"url\":\"https:\\\/\\\/apeimeudon.fr\\\/Blog-APEI\\\/\",\"name\":\"La Gazette des Foyers de l&#039;APEI de Meudon\",\"description\":\"Nos diff\u00e9rences loin de nous l\u00e9ser doivent nous enrichir -  Antoine de Saint-Exup\u00e9ry\",\"publisher\":{\"@id\":\"https:\\\/\\\/apeimeudon.fr\\\/Blog-APEI\\\/#organization\"},\"potentialAction\":[{\"@type\":\"SearchAction\",\"target\":{\"@type\":\"EntryPoint\",\"urlTemplate\":\"https:\\\/\\\/apeimeudon.fr\\\/Blog-APEI\\\/?s={search_term_string}\"},\"query-input\":{\"@type\":\"PropertyValueSpecification\",\"valueRequired\":true,\"valueName\":\"search_term_string\"}}],\"inLanguage\":\"fr-FR\"},{\"@type\":\"Organization\",\"@id\":\"https:\\\/\\\/apeimeudon.fr\\\/Blog-APEI\\\/#organization\",\"name\":\"APEI de Meudon\",\"url\":\"https:\\\/\\\/apeimeudon.fr\\\/Blog-APEI\\\/\",\"logo\":{\"@type\":\"ImageObject\",\"inLanguage\":\"fr-FR\",\"@id\":\"https:\\\/\\\/apeimeudon.fr\\\/Blog-APEI\\\/#\\\/schema\\\/logo\\\/image\\\/\",\"url\":\"https:\\\/\\\/apeimeudon.fr\\\/Blog-APEI\\\/wp-content\\\/uploads\\\/2017\\\/10\\\/Icone-APEI.png\",\"contentUrl\":\"https:\\\/\\\/apeimeudon.fr\\\/Blog-APEI\\\/wp-content\\\/uploads\\\/2017\\\/10\\\/Icone-APEI.png\",\"width\":128,\"height\":128,\"caption\":\"APEI de Meudon\"},\"image\":{\"@id\":\"https:\\\/\\\/apeimeudon.fr\\\/Blog-APEI\\\/#\\\/schema\\\/logo\\\/image\\\/\"}},{\"@type\":\"Person\",\"@id\":\"https:\\\/\\\/apeimeudon.fr\\\/Blog-APEI\\\/#\\\/schema\\\/person\\\/2d41ddaee88bc491f0395565c04d6dcf\",\"name\":\"Foyer Bds\",\"image\":{\"@type\":\"ImageObject\",\"inLanguage\":\"fr-FR\",\"@id\":\"https:\\\/\\\/secure.gravatar.com\\\/avatar\\\/2824d78017d63e5b1d89886a235d39ec793723d3510d9d5266ff1a9edbc71999?s=96&d=mm&r=g\",\"url\":\"https:\\\/\\\/secure.gravatar.com\\\/avatar\\\/2824d78017d63e5b1d89886a235d39ec793723d3510d9d5266ff1a9edbc71999?s=96&d=mm&r=g\",\"contentUrl\":\"https:\\\/\\\/secure.gravatar.com\\\/avatar\\\/2824d78017d63e5b1d89886a235d39ec793723d3510d9d5266ff1a9edbc71999?s=96&d=mm&r=g\",\"caption\":\"Foyer Bds\"},\"url\":\"https:\\\/\\\/apeimeudon.fr\\\/Blog-APEI\\\/author\\\/foyer-bds\\\/\"}]}<\/script>\n<!-- \/ Yoast SEO plugin. -->","yoast_head_json":{"title":"Les pieds dans le sable (Le Parisien) - La Gazette des Foyers de l&#039;APEI de Meudon","robots":{"index":"index","follow":"follow","max-snippet":"max-snippet:-1","max-image-preview":"max-image-preview:large","max-video-preview":"max-video-preview:-1"},"canonical":"https:\/\/apeimeudon.fr\/Blog-APEI\/les-pieds-dans-le-sable-le-parisien\/","og_locale":"fr_FR","og_type":"article","og_title":"Les pieds dans le sable (Le Parisien) - La Gazette des Foyers de l&#039;APEI de Meudon","og_description":"De Meudon \u00e0 Pantin, ils oublient le handicap les pieds dans le sable Les r\u00e9sidents d\u2019un foyer de vie de Meudon (Hauts-de-Seine) ont profit\u00e9 d\u2019une demi-journ\u00e9e de d\u00e9tente \u00e0 SandFabrik, le nouveau complexe d\u00e9di\u00e9 aux sports de sable.","og_url":"https:\/\/apeimeudon.fr\/Blog-APEI\/les-pieds-dans-le-sable-le-parisien\/","og_site_name":"La Gazette des Foyers de l&#039;APEI de Meudon","article_published_time":"2019-08-26T13:04:20+00:00","article_modified_time":"2019-08-26T13:04:22+00:00","og_image":[{"width":384,"height":190,"url":"https:\/\/apeimeudon.fr\/Blog-APEI\/wp-content\/uploads\/2019\/08\/article-Le-Parisien-miniature.jpg","type":"image\/jpeg"}],"author":"Foyer Bds","twitter_card":"summary_large_image","twitter_misc":{"\u00c9crit par":"Foyer Bds","Dur\u00e9e de lecture estim\u00e9e":"2 minutes"},"schema":{"@context":"https:\/\/schema.org","@graph":[{"@type":"Article","@id":"https:\/\/apeimeudon.fr\/Blog-APEI\/les-pieds-dans-le-sable-le-parisien\/#article","isPartOf":{"@id":"https:\/\/apeimeudon.fr\/Blog-APEI\/les-pieds-dans-le-sable-le-parisien\/"},"author":{"name":"Foyer Bds","@id":"https:\/\/apeimeudon.fr\/Blog-APEI\/#\/schema\/person\/2d41ddaee88bc491f0395565c04d6dcf"},"headline":"Les pieds dans le sable (Le Parisien)","datePublished":"2019-08-26T13:04:20+00:00","dateModified":"2019-08-26T13:04:22+00:00","mainEntityOfPage":{"@id":"https:\/\/apeimeudon.fr\/Blog-APEI\/les-pieds-dans-le-sable-le-parisien\/"},"wordCount":497,"commentCount":0,"publisher":{"@id":"https:\/\/apeimeudon.fr\/Blog-APEI\/#organization"},"image":{"@id":"https:\/\/apeimeudon.fr\/Blog-APEI\/les-pieds-dans-le-sable-le-parisien\/#primaryimage"},"thumbnailUrl":"https:\/\/apeimeudon.fr\/Blog-APEI\/wp-content\/uploads\/2019\/08\/article-Le-Parisien-miniature.jpg","articleSection":["Bords de Seine"],"inLanguage":"fr-FR","potentialAction":[{"@type":"CommentAction","name":"Comment","target":["https:\/\/apeimeudon.fr\/Blog-APEI\/les-pieds-dans-le-sable-le-parisien\/#respond"]}]},{"@type":"WebPage","@id":"https:\/\/apeimeudon.fr\/Blog-APEI\/les-pieds-dans-le-sable-le-parisien\/","url":"https:\/\/apeimeudon.fr\/Blog-APEI\/les-pieds-dans-le-sable-le-parisien\/","name":"Les pieds dans le sable (Le Parisien) - La Gazette des Foyers de l&#039;APEI de Meudon","isPartOf":{"@id":"https:\/\/apeimeudon.fr\/Blog-APEI\/#website"},"primaryImageOfPage":{"@id":"https:\/\/apeimeudon.fr\/Blog-APEI\/les-pieds-dans-le-sable-le-parisien\/#primaryimage"},"image":{"@id":"https:\/\/apeimeudon.fr\/Blog-APEI\/les-pieds-dans-le-sable-le-parisien\/#primaryimage"},"thumbnailUrl":"https:\/\/apeimeudon.fr\/Blog-APEI\/wp-content\/uploads\/2019\/08\/article-Le-Parisien-miniature.jpg","datePublished":"2019-08-26T13:04:20+00:00","dateModified":"2019-08-26T13:04:22+00:00","breadcrumb":{"@id":"https:\/\/apeimeudon.fr\/Blog-APEI\/les-pieds-dans-le-sable-le-parisien\/#breadcrumb"},"inLanguage":"fr-FR","potentialAction":[{"@type":"ReadAction","target":["https:\/\/apeimeudon.fr\/Blog-APEI\/les-pieds-dans-le-sable-le-parisien\/"]}]},{"@type":"ImageObject","inLanguage":"fr-FR","@id":"https:\/\/apeimeudon.fr\/Blog-APEI\/les-pieds-dans-le-sable-le-parisien\/#primaryimage","url":"https:\/\/apeimeudon.fr\/Blog-APEI\/wp-content\/uploads\/2019\/08\/article-Le-Parisien-miniature.jpg","contentUrl":"https:\/\/apeimeudon.fr\/Blog-APEI\/wp-content\/uploads\/2019\/08\/article-Le-Parisien-miniature.jpg","width":384,"height":190},{"@type":"BreadcrumbList","@id":"https:\/\/apeimeudon.fr\/Blog-APEI\/les-pieds-dans-le-sable-le-parisien\/#breadcrumb","itemListElement":[{"@type":"ListItem","position":1,"name":"Accueil","item":"https:\/\/apeimeudon.fr\/Blog-APEI\/"},{"@type":"ListItem","position":2,"name":"Les pieds dans le sable (Le Parisien)"}]},{"@type":"WebSite","@id":"https:\/\/apeimeudon.fr\/Blog-APEI\/#website","url":"https:\/\/apeimeudon.fr\/Blog-APEI\/","name":"La Gazette des Foyers de l&#039;APEI de Meudon","description":"Nos diff\u00e9rences loin de nous l\u00e9ser doivent nous enrichir -  Antoine de Saint-Exup\u00e9ry","publisher":{"@id":"https:\/\/apeimeudon.fr\/Blog-APEI\/#organization"},"potentialAction":[{"@type":"SearchAction","target":{"@type":"EntryPoint","urlTemplate":"https:\/\/apeimeudon.fr\/Blog-APEI\/?s={search_term_string}"},"query-input":{"@type":"PropertyValueSpecification","valueRequired":true,"valueName":"search_term_string"}}],"inLanguage":"fr-FR"},{"@type":"Organization","@id":"https:\/\/apeimeudon.fr\/Blog-APEI\/#organization","name":"APEI de Meudon","url":"https:\/\/apeimeudon.fr\/Blog-APEI\/","logo":{"@type":"ImageObject","inLanguage":"fr-FR","@id":"https:\/\/apeimeudon.fr\/Blog-APEI\/#\/schema\/logo\/image\/","url":"https:\/\/apeimeudon.fr\/Blog-APEI\/wp-content\/uploads\/2017\/10\/Icone-APEI.png","contentUrl":"https:\/\/apeimeudon.fr\/Blog-APEI\/wp-content\/uploads\/2017\/10\/Icone-APEI.png","width":128,"height":128,"caption":"APEI de Meudon"},"image":{"@id":"https:\/\/apeimeudon.fr\/Blog-APEI\/#\/schema\/logo\/image\/"}},{"@type":"Person","@id":"https:\/\/apeimeudon.fr\/Blog-APEI\/#\/schema\/person\/2d41ddaee88bc491f0395565c04d6dcf","name":"Foyer Bds","image":{"@type":"ImageObject","inLanguage":"fr-FR","@id":"https:\/\/secure.gravatar.com\/avatar\/2824d78017d63e5b1d89886a235d39ec793723d3510d9d5266ff1a9edbc71999?s=96&d=mm&r=g","url":"https:\/\/secure.gravatar.com\/avatar\/2824d78017d63e5b1d89886a235d39ec793723d3510d9d5266ff1a9edbc71999?s=96&d=mm&r=g","contentUrl":"https:\/\/secure.gravatar.com\/avatar\/2824d78017d63e5b1d89886a235d39ec793723d3510d9d5266ff1a9edbc71999?s=96&d=mm&r=g","caption":"Foyer Bds"},"url":"https:\/\/apeimeudon.fr\/Blog-APEI\/author\/foyer-bds\/"}]}},"_links":{"self":[{"href":"https:\/\/apeimeudon.fr\/Blog-APEI\/wp-json\/wp\/v2\/posts\/599","targetHints":{"allow":["GET"]}}],"collection":[{"href":"https:\/\/apeimeudon.fr\/Blog-APEI\/wp-json\/wp\/v2\/posts"}],"about":[{"href":"https:\/\/apeimeudon.fr\/Blog-APEI\/wp-json\/wp\/v2\/types\/post"}],"author":[{"embeddable":true,"href":"https:\/\/apeimeudon.fr\/Blog-APEI\/wp-json\/wp\/v2\/users\/5"}],"replies":[{"embeddable":true,"href":"https:\/\/apeimeudon.fr\/Blog-APEI\/wp-json\/wp\/v2\/comments?post=599"}],"version-history":[{"count":2,"href":"https:\/\/apeimeudon.fr\/Blog-APEI\/wp-json\/wp\/v2\/posts\/599\/revisions"}],"predecessor-version":[{"id":601,"href":"https:\/\/apeimeudon.fr\/Blog-APEI\/wp-json\/wp\/v2\/posts\/599\/revisions\/601"}],"wp:featuredmedia":[{"embeddable":true,"href":"https:\/\/apeimeudon.fr\/Blog-APEI\/wp-json\/wp\/v2\/media\/597"}],"wp:attachment":[{"href":"https:\/\/apeimeudon.fr\/Blog-APEI\/wp-json\/wp\/v2\/media?parent=599"}],"wp:term":[{"taxonomy":"category","embeddable":true,"href":"https:\/\/apeimeudon.fr\/Blog-APEI\/wp-json\/wp\/v2\/categories?post=599"},{"taxonomy":"post_tag","embeddable":true,"href":"https:\/\/apeimeudon.fr\/Blog-APEI\/wp-json\/wp\/v2\/tags?post=599"}],"curies":[{"name":"wp","href":"https:\/\/api.w.org\/{rel}","templated":true}]}}