{"id":6063,"date":"2024-06-17T19:05:09","date_gmt":"2024-06-17T17:05:09","guid":{"rendered":"https:\/\/apeimeudon.fr\/Blog-APEI\/?p=6063"},"modified":"2024-06-17T19:05:11","modified_gmt":"2024-06-17T17:05:11","slug":"samedi-a-la-mer-avec-les-residents-de-fleury","status":"publish","type":"post","link":"https:\/\/apeimeudon.fr\/Blog-APEI\/samedi-a-la-mer-avec-les-residents-de-fleury\/","title":{"rendered":"Samedi \u00e0 la mer avec les r\u00e9sidents de Fleury"},"content":{"rendered":"\n<p class=\"has-text-align-left\">En ce magnifique samedi du 8 juin ensoleill\u00e9, nous avons d\u00e9cid\u00e9 d\u2019aller \u00e0 la mer dans la ville de Cabourg en Normandie. A notre arriv\u00e9e, il y avait quelques nuages, mais apr\u00e8s \u00eatre sortie du restaurant o\u00f9 nous avons d\u00e9guster une magnifique galette (cr\u00eape sal\u00e9e), le ciel \u00e9tait bleu. <\/p>\n\n\n\n<!--more-->\n\n\n\n<p class=\"has-text-align-left\">Nous avons march\u00e9 sur la plage et nous nous sommes baign\u00e9s avec Madjid, Karim, \u00c9ric et John Ross. Il faisait tr\u00e8s beau et chaud. Apr\u00e8s avoir fait quelques longueurs dans l\u2019eau, nous sommes all\u00e9s bronzer tranquillement sur la plage. Pour le go\u00fbter, nous avons mang\u00e9 une tr\u00e8s bonne glace artisanale, beignet et cr\u00eapes. La gentille dame nous a m\u00eame offert quelques confiseries !<br>Ce fut une tr\u00e8s bonne journ\u00e9e pass\u00e9e \u00e0 la mer et sous un magnifique soleil !<\/p>\n\n\n\n<p class=\"has-text-align-right\"><br><br>Alexis<\/p>\n\n\n\n<p><strong><em>Notre reportage photos et vid\u00e9o :<\/em><\/strong><\/p>\n\n\n\nngg_shortcode_0_placeholder\n\n\n\n<figure class=\"wp-block-video\"><video controls src=\"http:\/\/apeimeudon.fr\/Blog-APEI\/wp-content\/uploads\/2024\/06\/Samedi-a-la-mer.mp4\"><\/video><\/figure>\n","protected":false},"excerpt":{"rendered":"<p>En ce magnifique samedi du 8 juin ensoleill\u00e9, nous avons d\u00e9cid\u00e9 d\u2019aller \u00e0 la mer dans la ville de Cabourg en Normandie. A notre arriv\u00e9e, il y avait quelques nuages, mais apr\u00e8s \u00eatre sortie du restaurant o\u00f9 nous avons d\u00e9guster une magnifique galette (cr\u00eape sal\u00e9e), le ciel \u00e9tait bleu.<\/p>\n","protected":false},"author":2,"featured_media":6066,"comment_status":"open","ping_status":"open","sticky":false,"template":"","format":"standard","meta":{"_acf_changed":false,"_monsterinsights_skip_tracking":false,"_monsterinsights_sitenote_active":false,"_monsterinsights_sitenote_note":"","_monsterinsights_sitenote_category":0,"ngg_post_thumbnail":0,"footnotes":""},"categories":[32,1,49],"tags":[],"class_list":["post-6063","post","type-post","status-publish","format-standard","has-post-thumbnail","hentry","category-foyer-fleury","category-non-classe","category-sortie"],"acf":[],"yoast_head":"<!-- This site is optimized with the Yoast SEO plugin v27.3 - https:\/\/yoast.com\/product\/yoast-seo-wordpress\/ -->\n<title>Samedi \u00e0 la mer avec les r\u00e9sidents de Fleury - La Gazette des Foyers de l&#039;APEI de Meudon<\/title>\n<meta name=\"robots\" content=\"index, follow, max-snippet:-1, max-image-preview:large, max-video-preview:-1\" \/>\n<link rel=\"canonical\" href=\"http:\/\/apeimeudon.fr\/Blog-APEI\/samedi-a-la-mer-avec-les-residents-de-fleury\/\" \/>\n<meta property=\"og:locale\" content=\"fr_FR\" \/>\n<meta property=\"og:type\" content=\"article\" \/>\n<meta property=\"og:title\" content=\"Samedi \u00e0 la mer avec les r\u00e9sidents de Fleury - La Gazette des Foyers de l&#039;APEI de Meudon\" \/>\n<meta property=\"og:description\" content=\"En ce magnifique samedi du 8 juin ensoleill\u00e9, nous avons d\u00e9cid\u00e9 d\u2019aller \u00e0 la mer dans la ville de Cabourg en Normandie. A notre arriv\u00e9e, il y avait quelques nuages, mais apr\u00e8s \u00eatre sortie du restaurant o\u00f9 nous avons d\u00e9guster une magnifique galette (cr\u00eape sal\u00e9e), le ciel \u00e9tait bleu.\" \/>\n<meta property=\"og:url\" content=\"http:\/\/apeimeudon.fr\/Blog-APEI\/samedi-a-la-mer-avec-les-residents-de-fleury\/\" \/>\n<meta property=\"og:site_name\" content=\"La Gazette des Foyers de l&#039;APEI de Meudon\" \/>\n<meta property=\"article:published_time\" content=\"2024-06-17T17:05:09+00:00\" \/>\n<meta property=\"article:modified_time\" content=\"2024-06-17T17:05:11+00:00\" \/>\n<meta property=\"og:image\" content=\"http:\/\/apeimeudon.fr\/Blog-APEI\/wp-content\/uploads\/2024\/06\/Miniature-1.jpg\" \/>\n\t<meta property=\"og:image:width\" content=\"400\" \/>\n\t<meta property=\"og:image:height\" content=\"268\" \/>\n\t<meta property=\"og:image:type\" content=\"image\/jpeg\" \/>\n<meta name=\"author\" content=\"Equipe r\u00e9dactionnelle Foyer FLEURY\" \/>\n<meta name=\"twitter:card\" content=\"summary_large_image\" \/>\n<meta name=\"twitter:label1\" content=\"\u00c9crit par\" \/>\n\t<meta name=\"twitter:data1\" content=\"Equipe r\u00e9dactionnelle Foyer FLEURY\" \/>\n\t<meta name=\"twitter:label2\" content=\"Dur\u00e9e de lecture estim\u00e9e\" \/>\n\t<meta name=\"twitter:data2\" content=\"1 minute\" \/>\n<script type=\"application\/ld+json\" class=\"yoast-schema-graph\">{\"@context\":\"https:\\\/\\\/schema.org\",\"@graph\":[{\"@type\":\"Article\",\"@id\":\"http:\\\/\\\/apeimeudon.fr\\\/Blog-APEI\\\/samedi-a-la-mer-avec-les-residents-de-fleury\\\/#article\",\"isPartOf\":{\"@id\":\"http:\\\/\\\/apeimeudon.fr\\\/Blog-APEI\\\/samedi-a-la-mer-avec-les-residents-de-fleury\\\/\"},\"author\":{\"name\":\"Equipe r\u00e9dactionnelle Foyer FLEURY\",\"@id\":\"https:\\\/\\\/apeimeudon.fr\\\/Blog-APEI\\\/#\\\/schema\\\/person\\\/a81a31019e8af8065790f5c6acfdc547\"},\"headline\":\"Samedi \u00e0 la mer avec les r\u00e9sidents de Fleury\",\"datePublished\":\"2024-06-17T17:05:09+00:00\",\"dateModified\":\"2024-06-17T17:05:11+00:00\",\"mainEntityOfPage\":{\"@id\":\"http:\\\/\\\/apeimeudon.fr\\\/Blog-APEI\\\/samedi-a-la-mer-avec-les-residents-de-fleury\\\/\"},\"wordCount\":165,\"commentCount\":0,\"publisher\":{\"@id\":\"https:\\\/\\\/apeimeudon.fr\\\/Blog-APEI\\\/#organization\"},\"image\":{\"@id\":\"http:\\\/\\\/apeimeudon.fr\\\/Blog-APEI\\\/samedi-a-la-mer-avec-les-residents-de-fleury\\\/#primaryimage\"},\"thumbnailUrl\":\"https:\\\/\\\/apeimeudon.fr\\\/Blog-APEI\\\/wp-content\\\/uploads\\\/2024\\\/06\\\/Miniature-1.jpg\",\"articleSection\":{\"0\":\"Foyer Fleury\",\"2\":\"Sortie\"},\"inLanguage\":\"fr-FR\",\"potentialAction\":[{\"@type\":\"CommentAction\",\"name\":\"Comment\",\"target\":[\"http:\\\/\\\/apeimeudon.fr\\\/Blog-APEI\\\/samedi-a-la-mer-avec-les-residents-de-fleury\\\/#respond\"]}]},{\"@type\":\"WebPage\",\"@id\":\"http:\\\/\\\/apeimeudon.fr\\\/Blog-APEI\\\/samedi-a-la-mer-avec-les-residents-de-fleury\\\/\",\"url\":\"http:\\\/\\\/apeimeudon.fr\\\/Blog-APEI\\\/samedi-a-la-mer-avec-les-residents-de-fleury\\\/\",\"name\":\"Samedi \u00e0 la mer avec les r\u00e9sidents de Fleury - La Gazette des Foyers de l&#039;APEI de Meudon\",\"isPartOf\":{\"@id\":\"https:\\\/\\\/apeimeudon.fr\\\/Blog-APEI\\\/#website\"},\"primaryImageOfPage\":{\"@id\":\"http:\\\/\\\/apeimeudon.fr\\\/Blog-APEI\\\/samedi-a-la-mer-avec-les-residents-de-fleury\\\/#primaryimage\"},\"image\":{\"@id\":\"http:\\\/\\\/apeimeudon.fr\\\/Blog-APEI\\\/samedi-a-la-mer-avec-les-residents-de-fleury\\\/#primaryimage\"},\"thumbnailUrl\":\"https:\\\/\\\/apeimeudon.fr\\\/Blog-APEI\\\/wp-content\\\/uploads\\\/2024\\\/06\\\/Miniature-1.jpg\",\"datePublished\":\"2024-06-17T17:05:09+00:00\",\"dateModified\":\"2024-06-17T17:05:11+00:00\",\"breadcrumb\":{\"@id\":\"http:\\\/\\\/apeimeudon.fr\\\/Blog-APEI\\\/samedi-a-la-mer-avec-les-residents-de-fleury\\\/#breadcrumb\"},\"inLanguage\":\"fr-FR\",\"potentialAction\":[{\"@type\":\"ReadAction\",\"target\":[\"http:\\\/\\\/apeimeudon.fr\\\/Blog-APEI\\\/samedi-a-la-mer-avec-les-residents-de-fleury\\\/\"]}]},{\"@type\":\"ImageObject\",\"inLanguage\":\"fr-FR\",\"@id\":\"http:\\\/\\\/apeimeudon.fr\\\/Blog-APEI\\\/samedi-a-la-mer-avec-les-residents-de-fleury\\\/#primaryimage\",\"url\":\"https:\\\/\\\/apeimeudon.fr\\\/Blog-APEI\\\/wp-content\\\/uploads\\\/2024\\\/06\\\/Miniature-1.jpg\",\"contentUrl\":\"https:\\\/\\\/apeimeudon.fr\\\/Blog-APEI\\\/wp-content\\\/uploads\\\/2024\\\/06\\\/Miniature-1.jpg\",\"width\":400,\"height\":268},{\"@type\":\"BreadcrumbList\",\"@id\":\"http:\\\/\\\/apeimeudon.fr\\\/Blog-APEI\\\/samedi-a-la-mer-avec-les-residents-de-fleury\\\/#breadcrumb\",\"itemListElement\":[{\"@type\":\"ListItem\",\"position\":1,\"name\":\"Accueil\",\"item\":\"https:\\\/\\\/apeimeudon.fr\\\/Blog-APEI\\\/\"},{\"@type\":\"ListItem\",\"position\":2,\"name\":\"Samedi \u00e0 la mer avec les r\u00e9sidents de Fleury\"}]},{\"@type\":\"WebSite\",\"@id\":\"https:\\\/\\\/apeimeudon.fr\\\/Blog-APEI\\\/#website\",\"url\":\"https:\\\/\\\/apeimeudon.fr\\\/Blog-APEI\\\/\",\"name\":\"La Gazette des Foyers de l&#039;APEI de Meudon\",\"description\":\"Nos diff\u00e9rences loin de nous l\u00e9ser doivent nous enrichir -  Antoine de Saint-Exup\u00e9ry\",\"publisher\":{\"@id\":\"https:\\\/\\\/apeimeudon.fr\\\/Blog-APEI\\\/#organization\"},\"potentialAction\":[{\"@type\":\"SearchAction\",\"target\":{\"@type\":\"EntryPoint\",\"urlTemplate\":\"https:\\\/\\\/apeimeudon.fr\\\/Blog-APEI\\\/?s={search_term_string}\"},\"query-input\":{\"@type\":\"PropertyValueSpecification\",\"valueRequired\":true,\"valueName\":\"search_term_string\"}}],\"inLanguage\":\"fr-FR\"},{\"@type\":\"Organization\",\"@id\":\"https:\\\/\\\/apeimeudon.fr\\\/Blog-APEI\\\/#organization\",\"name\":\"APEI de Meudon\",\"url\":\"https:\\\/\\\/apeimeudon.fr\\\/Blog-APEI\\\/\",\"logo\":{\"@type\":\"ImageObject\",\"inLanguage\":\"fr-FR\",\"@id\":\"https:\\\/\\\/apeimeudon.fr\\\/Blog-APEI\\\/#\\\/schema\\\/logo\\\/image\\\/\",\"url\":\"https:\\\/\\\/apeimeudon.fr\\\/Blog-APEI\\\/wp-content\\\/uploads\\\/2017\\\/10\\\/Icone-APEI.png\",\"contentUrl\":\"https:\\\/\\\/apeimeudon.fr\\\/Blog-APEI\\\/wp-content\\\/uploads\\\/2017\\\/10\\\/Icone-APEI.png\",\"width\":128,\"height\":128,\"caption\":\"APEI de Meudon\"},\"image\":{\"@id\":\"https:\\\/\\\/apeimeudon.fr\\\/Blog-APEI\\\/#\\\/schema\\\/logo\\\/image\\\/\"}},{\"@type\":\"Person\",\"@id\":\"https:\\\/\\\/apeimeudon.fr\\\/Blog-APEI\\\/#\\\/schema\\\/person\\\/a81a31019e8af8065790f5c6acfdc547\",\"name\":\"Equipe r\u00e9dactionnelle Foyer FLEURY\",\"image\":{\"@type\":\"ImageObject\",\"inLanguage\":\"fr-FR\",\"@id\":\"https:\\\/\\\/secure.gravatar.com\\\/avatar\\\/077b0b63c066e0ecf5a8ce55f379e3e6cc4cee7cb3fc656a19335177af2035da?s=96&d=mm&r=g\",\"url\":\"https:\\\/\\\/secure.gravatar.com\\\/avatar\\\/077b0b63c066e0ecf5a8ce55f379e3e6cc4cee7cb3fc656a19335177af2035da?s=96&d=mm&r=g\",\"contentUrl\":\"https:\\\/\\\/secure.gravatar.com\\\/avatar\\\/077b0b63c066e0ecf5a8ce55f379e3e6cc4cee7cb3fc656a19335177af2035da?s=96&d=mm&r=g\",\"caption\":\"Equipe r\u00e9dactionnelle Foyer FLEURY\"},\"url\":\"https:\\\/\\\/apeimeudon.fr\\\/Blog-APEI\\\/author\\\/fleury\\\/\"}]}<\/script>\n<!-- \/ Yoast SEO plugin. -->","yoast_head_json":{"title":"Samedi \u00e0 la mer avec les r\u00e9sidents de Fleury - La Gazette des Foyers de l&#039;APEI de Meudon","robots":{"index":"index","follow":"follow","max-snippet":"max-snippet:-1","max-image-preview":"max-image-preview:large","max-video-preview":"max-video-preview:-1"},"canonical":"http:\/\/apeimeudon.fr\/Blog-APEI\/samedi-a-la-mer-avec-les-residents-de-fleury\/","og_locale":"fr_FR","og_type":"article","og_title":"Samedi \u00e0 la mer avec les r\u00e9sidents de Fleury - La Gazette des Foyers de l&#039;APEI de Meudon","og_description":"En ce magnifique samedi du 8 juin ensoleill\u00e9, nous avons d\u00e9cid\u00e9 d\u2019aller \u00e0 la mer dans la ville de Cabourg en Normandie. A notre arriv\u00e9e, il y avait quelques nuages, mais apr\u00e8s \u00eatre sortie du restaurant o\u00f9 nous avons d\u00e9guster une magnifique galette (cr\u00eape sal\u00e9e), le ciel \u00e9tait bleu.","og_url":"http:\/\/apeimeudon.fr\/Blog-APEI\/samedi-a-la-mer-avec-les-residents-de-fleury\/","og_site_name":"La Gazette des Foyers de l&#039;APEI de Meudon","article_published_time":"2024-06-17T17:05:09+00:00","article_modified_time":"2024-06-17T17:05:11+00:00","og_image":[{"width":400,"height":268,"url":"http:\/\/apeimeudon.fr\/Blog-APEI\/wp-content\/uploads\/2024\/06\/Miniature-1.jpg","type":"image\/jpeg"}],"author":"Equipe r\u00e9dactionnelle Foyer FLEURY","twitter_card":"summary_large_image","twitter_misc":{"\u00c9crit par":"Equipe r\u00e9dactionnelle Foyer FLEURY","Dur\u00e9e de lecture estim\u00e9e":"1 minute"},"schema":{"@context":"https:\/\/schema.org","@graph":[{"@type":"Article","@id":"http:\/\/apeimeudon.fr\/Blog-APEI\/samedi-a-la-mer-avec-les-residents-de-fleury\/#article","isPartOf":{"@id":"http:\/\/apeimeudon.fr\/Blog-APEI\/samedi-a-la-mer-avec-les-residents-de-fleury\/"},"author":{"name":"Equipe r\u00e9dactionnelle Foyer FLEURY","@id":"https:\/\/apeimeudon.fr\/Blog-APEI\/#\/schema\/person\/a81a31019e8af8065790f5c6acfdc547"},"headline":"Samedi \u00e0 la mer avec les r\u00e9sidents de Fleury","datePublished":"2024-06-17T17:05:09+00:00","dateModified":"2024-06-17T17:05:11+00:00","mainEntityOfPage":{"@id":"http:\/\/apeimeudon.fr\/Blog-APEI\/samedi-a-la-mer-avec-les-residents-de-fleury\/"},"wordCount":165,"commentCount":0,"publisher":{"@id":"https:\/\/apeimeudon.fr\/Blog-APEI\/#organization"},"image":{"@id":"http:\/\/apeimeudon.fr\/Blog-APEI\/samedi-a-la-mer-avec-les-residents-de-fleury\/#primaryimage"},"thumbnailUrl":"https:\/\/apeimeudon.fr\/Blog-APEI\/wp-content\/uploads\/2024\/06\/Miniature-1.jpg","articleSection":{"0":"Foyer Fleury","2":"Sortie"},"inLanguage":"fr-FR","potentialAction":[{"@type":"CommentAction","name":"Comment","target":["http:\/\/apeimeudon.fr\/Blog-APEI\/samedi-a-la-mer-avec-les-residents-de-fleury\/#respond"]}]},{"@type":"WebPage","@id":"http:\/\/apeimeudon.fr\/Blog-APEI\/samedi-a-la-mer-avec-les-residents-de-fleury\/","url":"http:\/\/apeimeudon.fr\/Blog-APEI\/samedi-a-la-mer-avec-les-residents-de-fleury\/","name":"Samedi \u00e0 la mer avec les r\u00e9sidents de Fleury - La Gazette des Foyers de l&#039;APEI de Meudon","isPartOf":{"@id":"https:\/\/apeimeudon.fr\/Blog-APEI\/#website"},"primaryImageOfPage":{"@id":"http:\/\/apeimeudon.fr\/Blog-APEI\/samedi-a-la-mer-avec-les-residents-de-fleury\/#primaryimage"},"image":{"@id":"http:\/\/apeimeudon.fr\/Blog-APEI\/samedi-a-la-mer-avec-les-residents-de-fleury\/#primaryimage"},"thumbnailUrl":"https:\/\/apeimeudon.fr\/Blog-APEI\/wp-content\/uploads\/2024\/06\/Miniature-1.jpg","datePublished":"2024-06-17T17:05:09+00:00","dateModified":"2024-06-17T17:05:11+00:00","breadcrumb":{"@id":"http:\/\/apeimeudon.fr\/Blog-APEI\/samedi-a-la-mer-avec-les-residents-de-fleury\/#breadcrumb"},"inLanguage":"fr-FR","potentialAction":[{"@type":"ReadAction","target":["http:\/\/apeimeudon.fr\/Blog-APEI\/samedi-a-la-mer-avec-les-residents-de-fleury\/"]}]},{"@type":"ImageObject","inLanguage":"fr-FR","@id":"http:\/\/apeimeudon.fr\/Blog-APEI\/samedi-a-la-mer-avec-les-residents-de-fleury\/#primaryimage","url":"https:\/\/apeimeudon.fr\/Blog-APEI\/wp-content\/uploads\/2024\/06\/Miniature-1.jpg","contentUrl":"https:\/\/apeimeudon.fr\/Blog-APEI\/wp-content\/uploads\/2024\/06\/Miniature-1.jpg","width":400,"height":268},{"@type":"BreadcrumbList","@id":"http:\/\/apeimeudon.fr\/Blog-APEI\/samedi-a-la-mer-avec-les-residents-de-fleury\/#breadcrumb","itemListElement":[{"@type":"ListItem","position":1,"name":"Accueil","item":"https:\/\/apeimeudon.fr\/Blog-APEI\/"},{"@type":"ListItem","position":2,"name":"Samedi \u00e0 la mer avec les r\u00e9sidents de Fleury"}]},{"@type":"WebSite","@id":"https:\/\/apeimeudon.fr\/Blog-APEI\/#website","url":"https:\/\/apeimeudon.fr\/Blog-APEI\/","name":"La Gazette des Foyers de l&#039;APEI de Meudon","description":"Nos diff\u00e9rences loin de nous l\u00e9ser doivent nous enrichir -  Antoine de Saint-Exup\u00e9ry","publisher":{"@id":"https:\/\/apeimeudon.fr\/Blog-APEI\/#organization"},"potentialAction":[{"@type":"SearchAction","target":{"@type":"EntryPoint","urlTemplate":"https:\/\/apeimeudon.fr\/Blog-APEI\/?s={search_term_string}"},"query-input":{"@type":"PropertyValueSpecification","valueRequired":true,"valueName":"search_term_string"}}],"inLanguage":"fr-FR"},{"@type":"Organization","@id":"https:\/\/apeimeudon.fr\/Blog-APEI\/#organization","name":"APEI de Meudon","url":"https:\/\/apeimeudon.fr\/Blog-APEI\/","logo":{"@type":"ImageObject","inLanguage":"fr-FR","@id":"https:\/\/apeimeudon.fr\/Blog-APEI\/#\/schema\/logo\/image\/","url":"https:\/\/apeimeudon.fr\/Blog-APEI\/wp-content\/uploads\/2017\/10\/Icone-APEI.png","contentUrl":"https:\/\/apeimeudon.fr\/Blog-APEI\/wp-content\/uploads\/2017\/10\/Icone-APEI.png","width":128,"height":128,"caption":"APEI de Meudon"},"image":{"@id":"https:\/\/apeimeudon.fr\/Blog-APEI\/#\/schema\/logo\/image\/"}},{"@type":"Person","@id":"https:\/\/apeimeudon.fr\/Blog-APEI\/#\/schema\/person\/a81a31019e8af8065790f5c6acfdc547","name":"Equipe r\u00e9dactionnelle Foyer FLEURY","image":{"@type":"ImageObject","inLanguage":"fr-FR","@id":"https:\/\/secure.gravatar.com\/avatar\/077b0b63c066e0ecf5a8ce55f379e3e6cc4cee7cb3fc656a19335177af2035da?s=96&d=mm&r=g","url":"https:\/\/secure.gravatar.com\/avatar\/077b0b63c066e0ecf5a8ce55f379e3e6cc4cee7cb3fc656a19335177af2035da?s=96&d=mm&r=g","contentUrl":"https:\/\/secure.gravatar.com\/avatar\/077b0b63c066e0ecf5a8ce55f379e3e6cc4cee7cb3fc656a19335177af2035da?s=96&d=mm&r=g","caption":"Equipe r\u00e9dactionnelle Foyer FLEURY"},"url":"https:\/\/apeimeudon.fr\/Blog-APEI\/author\/fleury\/"}]}},"_links":{"self":[{"href":"https:\/\/apeimeudon.fr\/Blog-APEI\/wp-json\/wp\/v2\/posts\/6063","targetHints":{"allow":["GET"]}}],"collection":[{"href":"https:\/\/apeimeudon.fr\/Blog-APEI\/wp-json\/wp\/v2\/posts"}],"about":[{"href":"https:\/\/apeimeudon.fr\/Blog-APEI\/wp-json\/wp\/v2\/types\/post"}],"author":[{"embeddable":true,"href":"https:\/\/apeimeudon.fr\/Blog-APEI\/wp-json\/wp\/v2\/users\/2"}],"replies":[{"embeddable":true,"href":"https:\/\/apeimeudon.fr\/Blog-APEI\/wp-json\/wp\/v2\/comments?post=6063"}],"version-history":[{"count":6,"href":"https:\/\/apeimeudon.fr\/Blog-APEI\/wp-json\/wp\/v2\/posts\/6063\/revisions"}],"predecessor-version":[{"id":6074,"href":"https:\/\/apeimeudon.fr\/Blog-APEI\/wp-json\/wp\/v2\/posts\/6063\/revisions\/6074"}],"wp:featuredmedia":[{"embeddable":true,"href":"https:\/\/apeimeudon.fr\/Blog-APEI\/wp-json\/wp\/v2\/media\/6066"}],"wp:attachment":[{"href":"https:\/\/apeimeudon.fr\/Blog-APEI\/wp-json\/wp\/v2\/media?parent=6063"}],"wp:term":[{"taxonomy":"category","embeddable":true,"href":"https:\/\/apeimeudon.fr\/Blog-APEI\/wp-json\/wp\/v2\/categories?post=6063"},{"taxonomy":"post_tag","embeddable":true,"href":"https:\/\/apeimeudon.fr\/Blog-APEI\/wp-json\/wp\/v2\/tags?post=6063"}],"curies":[{"name":"wp","href":"https:\/\/api.w.org\/{rel}","templated":true}]}}