{"id":6858,"date":"2024-06-21T21:54:46","date_gmt":"2024-06-21T19:54:46","guid":{"rendered":"https:\/\/apeimeudon.fr\/Blog-APEI\/?p=6858"},"modified":"2024-06-21T21:54:48","modified_gmt":"2024-06-21T19:54:48","slug":"fete-de-la-danse-au-foyer-fleury","status":"publish","type":"post","link":"https:\/\/apeimeudon.fr\/Blog-APEI\/fete-de-la-danse-au-foyer-fleury\/","title":{"rendered":"F\u00eate de la danse au foyer Fleury"},"content":{"rendered":"\n<p>La f\u00eate de la danse c\u00e9l\u00e9br\u00e9e le mardi 18 juin avec Sophie et Lucie, accompagn\u00e9es de nos danseurs \u00e9toil\u00e9s Alexis, \u00c9ric, S\u00e9bastien, Christophe, Karim, Antoine, Medhi, et David, sans oublier la f\u00e9e Arnaud&nbsp;!!<\/p>\n\n\n\n<!--more-->\n\n\n\n<p>Entour\u00e9s de leurs familles respectives et du reste des r\u00e9sidents du foyers Fleury nous avons ensuite partag\u00e9 un d\u00e9licieux repas \u00e0 l\u2019ext\u00e9rieur.<\/p>\n\n\n\n<p class=\"has-text-align-right\">Zelia et David<\/p>\n\n\n\n<p><strong><em>A pr\u00e9sent place \u00e0 la f\u00eate :<\/em><\/strong><\/p>\n\n\n\nngg_shortcode_0_placeholder\n\n\n\n<p><strong><em>Quelques vid\u00e9os de cette f\u00eate :<\/em><\/strong><\/p>\n\n\n\n<figure class=\"wp-block-video\"><video height=\"480\" style=\"aspect-ratio: 640 \/ 480;\" width=\"640\" controls src=\"http:\/\/apeimeudon.fr\/Blog-APEI\/wp-content\/uploads\/2024\/06\/Fete-de-la-danse-Partie-1.mp4\"><\/video><\/figure>\n\n\n\n<figure class=\"wp-block-video\"><video height=\"480\" style=\"aspect-ratio: 640 \/ 480;\" width=\"640\" controls src=\"http:\/\/apeimeudon.fr\/Blog-APEI\/wp-content\/uploads\/2024\/06\/Fete-de-la-danse-Partie-2.mp4\"><\/video><\/figure>\n\n\n\n<figure class=\"wp-block-video\"><video height=\"480\" style=\"aspect-ratio: 640 \/ 480;\" width=\"640\" controls src=\"http:\/\/apeimeudon.fr\/Blog-APEI\/wp-content\/uploads\/2024\/06\/Fete-de-la-danse-Partie-3.mp4\"><\/video><\/figure>\n\n\n\n<figure class=\"wp-block-video\"><video height=\"480\" style=\"aspect-ratio: 640 \/ 480;\" width=\"640\" controls src=\"http:\/\/apeimeudon.fr\/Blog-APEI\/wp-content\/uploads\/2024\/06\/Fete-de-la-danse-Partie-4.mp4\"><\/video><\/figure>\n","protected":false},"excerpt":{"rendered":"<p>La f\u00eate de la danse c\u00e9l\u00e9br\u00e9e le mardi 18 juin avec Sophie et Lucie, accompagn\u00e9es de nos danseurs \u00e9toil\u00e9s Alexis, \u00c9ric, S\u00e9bastien, Christophe, Karim, Antoine, Medhi, et David, sans oublier la f\u00e9e Arnaud&nbsp;!!<\/p>\n","protected":false},"author":2,"featured_media":6857,"comment_status":"open","ping_status":"open","sticky":false,"template":"","format":"standard","meta":{"_acf_changed":false,"_monsterinsights_skip_tracking":false,"_monsterinsights_sitenote_active":false,"_monsterinsights_sitenote_note":"","_monsterinsights_sitenote_category":0,"ngg_post_thumbnail":0,"footnotes":""},"categories":[61,69,32,20],"tags":[],"class_list":["post-6858","post","type-post","status-publish","format-standard","has-post-thumbnail","hentry","category-activite","category-danse","category-foyer-fleury","category-theatre"],"acf":[],"yoast_head":"<!-- This site is optimized with the Yoast SEO plugin v27.3 - https:\/\/yoast.com\/product\/yoast-seo-wordpress\/ -->\n<title>F\u00eate de la danse au foyer Fleury - La Gazette des Foyers de l&#039;APEI de Meudon<\/title>\n<meta name=\"robots\" content=\"index, follow, max-snippet:-1, max-image-preview:large, max-video-preview:-1\" \/>\n<link rel=\"canonical\" href=\"http:\/\/apeimeudon.fr\/Blog-APEI\/fete-de-la-danse-au-foyer-fleury\/\" \/>\n<meta property=\"og:locale\" content=\"fr_FR\" \/>\n<meta property=\"og:type\" content=\"article\" \/>\n<meta property=\"og:title\" content=\"F\u00eate de la danse au foyer Fleury - La Gazette des Foyers de l&#039;APEI de Meudon\" \/>\n<meta property=\"og:description\" content=\"La f\u00eate de la danse c\u00e9l\u00e9br\u00e9e le mardi 18 juin avec Sophie et Lucie, accompagn\u00e9es de nos danseurs \u00e9toil\u00e9s Alexis, \u00c9ric, S\u00e9bastien, Christophe, Karim, Antoine, Medhi, et David, sans oublier la f\u00e9e Arnaud&nbsp;!!\" \/>\n<meta property=\"og:url\" content=\"http:\/\/apeimeudon.fr\/Blog-APEI\/fete-de-la-danse-au-foyer-fleury\/\" \/>\n<meta property=\"og:site_name\" content=\"La Gazette des Foyers de l&#039;APEI de Meudon\" \/>\n<meta property=\"article:published_time\" content=\"2024-06-21T19:54:46+00:00\" \/>\n<meta property=\"article:modified_time\" content=\"2024-06-21T19:54:48+00:00\" \/>\n<meta property=\"og:image\" content=\"http:\/\/apeimeudon.fr\/Blog-APEI\/wp-content\/uploads\/2024\/06\/Miniature-Fete-de-la-danse.jpg\" \/>\n\t<meta property=\"og:image:width\" content=\"500\" \/>\n\t<meta property=\"og:image:height\" content=\"240\" \/>\n\t<meta property=\"og:image:type\" content=\"image\/jpeg\" \/>\n<meta name=\"author\" content=\"Equipe r\u00e9dactionnelle Foyer FLEURY\" \/>\n<meta name=\"twitter:card\" content=\"summary_large_image\" \/>\n<meta name=\"twitter:label1\" content=\"\u00c9crit par\" \/>\n\t<meta name=\"twitter:data1\" content=\"Equipe r\u00e9dactionnelle Foyer FLEURY\" \/>\n\t<meta name=\"twitter:label2\" content=\"Dur\u00e9e de lecture estim\u00e9e\" \/>\n\t<meta name=\"twitter:data2\" content=\"1 minute\" \/>\n<script type=\"application\/ld+json\" class=\"yoast-schema-graph\">{\"@context\":\"https:\\\/\\\/schema.org\",\"@graph\":[{\"@type\":\"Article\",\"@id\":\"http:\\\/\\\/apeimeudon.fr\\\/Blog-APEI\\\/fete-de-la-danse-au-foyer-fleury\\\/#article\",\"isPartOf\":{\"@id\":\"http:\\\/\\\/apeimeudon.fr\\\/Blog-APEI\\\/fete-de-la-danse-au-foyer-fleury\\\/\"},\"author\":{\"name\":\"Equipe r\u00e9dactionnelle Foyer FLEURY\",\"@id\":\"https:\\\/\\\/apeimeudon.fr\\\/Blog-APEI\\\/#\\\/schema\\\/person\\\/a81a31019e8af8065790f5c6acfdc547\"},\"headline\":\"F\u00eate de la danse au foyer Fleury\",\"datePublished\":\"2024-06-21T19:54:46+00:00\",\"dateModified\":\"2024-06-21T19:54:48+00:00\",\"mainEntityOfPage\":{\"@id\":\"http:\\\/\\\/apeimeudon.fr\\\/Blog-APEI\\\/fete-de-la-danse-au-foyer-fleury\\\/\"},\"wordCount\":99,\"commentCount\":0,\"publisher\":{\"@id\":\"https:\\\/\\\/apeimeudon.fr\\\/Blog-APEI\\\/#organization\"},\"image\":{\"@id\":\"http:\\\/\\\/apeimeudon.fr\\\/Blog-APEI\\\/fete-de-la-danse-au-foyer-fleury\\\/#primaryimage\"},\"thumbnailUrl\":\"https:\\\/\\\/apeimeudon.fr\\\/Blog-APEI\\\/wp-content\\\/uploads\\\/2024\\\/06\\\/Miniature-Fete-de-la-danse.jpg\",\"articleSection\":[\"Activit\u00e9\",\"Danse\",\"Foyer Fleury\",\"Th\u00e9\u00e2tre\"],\"inLanguage\":\"fr-FR\",\"potentialAction\":[{\"@type\":\"CommentAction\",\"name\":\"Comment\",\"target\":[\"http:\\\/\\\/apeimeudon.fr\\\/Blog-APEI\\\/fete-de-la-danse-au-foyer-fleury\\\/#respond\"]}]},{\"@type\":\"WebPage\",\"@id\":\"http:\\\/\\\/apeimeudon.fr\\\/Blog-APEI\\\/fete-de-la-danse-au-foyer-fleury\\\/\",\"url\":\"http:\\\/\\\/apeimeudon.fr\\\/Blog-APEI\\\/fete-de-la-danse-au-foyer-fleury\\\/\",\"name\":\"F\u00eate de la danse au foyer Fleury - La Gazette des Foyers de l&#039;APEI de Meudon\",\"isPartOf\":{\"@id\":\"https:\\\/\\\/apeimeudon.fr\\\/Blog-APEI\\\/#website\"},\"primaryImageOfPage\":{\"@id\":\"http:\\\/\\\/apeimeudon.fr\\\/Blog-APEI\\\/fete-de-la-danse-au-foyer-fleury\\\/#primaryimage\"},\"image\":{\"@id\":\"http:\\\/\\\/apeimeudon.fr\\\/Blog-APEI\\\/fete-de-la-danse-au-foyer-fleury\\\/#primaryimage\"},\"thumbnailUrl\":\"https:\\\/\\\/apeimeudon.fr\\\/Blog-APEI\\\/wp-content\\\/uploads\\\/2024\\\/06\\\/Miniature-Fete-de-la-danse.jpg\",\"datePublished\":\"2024-06-21T19:54:46+00:00\",\"dateModified\":\"2024-06-21T19:54:48+00:00\",\"breadcrumb\":{\"@id\":\"http:\\\/\\\/apeimeudon.fr\\\/Blog-APEI\\\/fete-de-la-danse-au-foyer-fleury\\\/#breadcrumb\"},\"inLanguage\":\"fr-FR\",\"potentialAction\":[{\"@type\":\"ReadAction\",\"target\":[\"http:\\\/\\\/apeimeudon.fr\\\/Blog-APEI\\\/fete-de-la-danse-au-foyer-fleury\\\/\"]}]},{\"@type\":\"ImageObject\",\"inLanguage\":\"fr-FR\",\"@id\":\"http:\\\/\\\/apeimeudon.fr\\\/Blog-APEI\\\/fete-de-la-danse-au-foyer-fleury\\\/#primaryimage\",\"url\":\"https:\\\/\\\/apeimeudon.fr\\\/Blog-APEI\\\/wp-content\\\/uploads\\\/2024\\\/06\\\/Miniature-Fete-de-la-danse.jpg\",\"contentUrl\":\"https:\\\/\\\/apeimeudon.fr\\\/Blog-APEI\\\/wp-content\\\/uploads\\\/2024\\\/06\\\/Miniature-Fete-de-la-danse.jpg\",\"width\":500,\"height\":240},{\"@type\":\"BreadcrumbList\",\"@id\":\"http:\\\/\\\/apeimeudon.fr\\\/Blog-APEI\\\/fete-de-la-danse-au-foyer-fleury\\\/#breadcrumb\",\"itemListElement\":[{\"@type\":\"ListItem\",\"position\":1,\"name\":\"Accueil\",\"item\":\"https:\\\/\\\/apeimeudon.fr\\\/Blog-APEI\\\/\"},{\"@type\":\"ListItem\",\"position\":2,\"name\":\"F\u00eate de la danse au foyer Fleury\"}]},{\"@type\":\"WebSite\",\"@id\":\"https:\\\/\\\/apeimeudon.fr\\\/Blog-APEI\\\/#website\",\"url\":\"https:\\\/\\\/apeimeudon.fr\\\/Blog-APEI\\\/\",\"name\":\"La Gazette des Foyers de l&#039;APEI de Meudon\",\"description\":\"Nos diff\u00e9rences loin de nous l\u00e9ser doivent nous enrichir -  Antoine de Saint-Exup\u00e9ry\",\"publisher\":{\"@id\":\"https:\\\/\\\/apeimeudon.fr\\\/Blog-APEI\\\/#organization\"},\"potentialAction\":[{\"@type\":\"SearchAction\",\"target\":{\"@type\":\"EntryPoint\",\"urlTemplate\":\"https:\\\/\\\/apeimeudon.fr\\\/Blog-APEI\\\/?s={search_term_string}\"},\"query-input\":{\"@type\":\"PropertyValueSpecification\",\"valueRequired\":true,\"valueName\":\"search_term_string\"}}],\"inLanguage\":\"fr-FR\"},{\"@type\":\"Organization\",\"@id\":\"https:\\\/\\\/apeimeudon.fr\\\/Blog-APEI\\\/#organization\",\"name\":\"APEI de Meudon\",\"url\":\"https:\\\/\\\/apeimeudon.fr\\\/Blog-APEI\\\/\",\"logo\":{\"@type\":\"ImageObject\",\"inLanguage\":\"fr-FR\",\"@id\":\"https:\\\/\\\/apeimeudon.fr\\\/Blog-APEI\\\/#\\\/schema\\\/logo\\\/image\\\/\",\"url\":\"https:\\\/\\\/apeimeudon.fr\\\/Blog-APEI\\\/wp-content\\\/uploads\\\/2017\\\/10\\\/Icone-APEI.png\",\"contentUrl\":\"https:\\\/\\\/apeimeudon.fr\\\/Blog-APEI\\\/wp-content\\\/uploads\\\/2017\\\/10\\\/Icone-APEI.png\",\"width\":128,\"height\":128,\"caption\":\"APEI de Meudon\"},\"image\":{\"@id\":\"https:\\\/\\\/apeimeudon.fr\\\/Blog-APEI\\\/#\\\/schema\\\/logo\\\/image\\\/\"}},{\"@type\":\"Person\",\"@id\":\"https:\\\/\\\/apeimeudon.fr\\\/Blog-APEI\\\/#\\\/schema\\\/person\\\/a81a31019e8af8065790f5c6acfdc547\",\"name\":\"Equipe r\u00e9dactionnelle Foyer FLEURY\",\"image\":{\"@type\":\"ImageObject\",\"inLanguage\":\"fr-FR\",\"@id\":\"https:\\\/\\\/secure.gravatar.com\\\/avatar\\\/077b0b63c066e0ecf5a8ce55f379e3e6cc4cee7cb3fc656a19335177af2035da?s=96&d=mm&r=g\",\"url\":\"https:\\\/\\\/secure.gravatar.com\\\/avatar\\\/077b0b63c066e0ecf5a8ce55f379e3e6cc4cee7cb3fc656a19335177af2035da?s=96&d=mm&r=g\",\"contentUrl\":\"https:\\\/\\\/secure.gravatar.com\\\/avatar\\\/077b0b63c066e0ecf5a8ce55f379e3e6cc4cee7cb3fc656a19335177af2035da?s=96&d=mm&r=g\",\"caption\":\"Equipe r\u00e9dactionnelle Foyer FLEURY\"},\"url\":\"https:\\\/\\\/apeimeudon.fr\\\/Blog-APEI\\\/author\\\/fleury\\\/\"}]}<\/script>\n<!-- \/ Yoast SEO plugin. -->","yoast_head_json":{"title":"F\u00eate de la danse au foyer Fleury - La Gazette des Foyers de l&#039;APEI de Meudon","robots":{"index":"index","follow":"follow","max-snippet":"max-snippet:-1","max-image-preview":"max-image-preview:large","max-video-preview":"max-video-preview:-1"},"canonical":"http:\/\/apeimeudon.fr\/Blog-APEI\/fete-de-la-danse-au-foyer-fleury\/","og_locale":"fr_FR","og_type":"article","og_title":"F\u00eate de la danse au foyer Fleury - La Gazette des Foyers de l&#039;APEI de Meudon","og_description":"La f\u00eate de la danse c\u00e9l\u00e9br\u00e9e le mardi 18 juin avec Sophie et Lucie, accompagn\u00e9es de nos danseurs \u00e9toil\u00e9s Alexis, \u00c9ric, S\u00e9bastien, Christophe, Karim, Antoine, Medhi, et David, sans oublier la f\u00e9e Arnaud&nbsp;!!","og_url":"http:\/\/apeimeudon.fr\/Blog-APEI\/fete-de-la-danse-au-foyer-fleury\/","og_site_name":"La Gazette des Foyers de l&#039;APEI de Meudon","article_published_time":"2024-06-21T19:54:46+00:00","article_modified_time":"2024-06-21T19:54:48+00:00","og_image":[{"width":500,"height":240,"url":"http:\/\/apeimeudon.fr\/Blog-APEI\/wp-content\/uploads\/2024\/06\/Miniature-Fete-de-la-danse.jpg","type":"image\/jpeg"}],"author":"Equipe r\u00e9dactionnelle Foyer FLEURY","twitter_card":"summary_large_image","twitter_misc":{"\u00c9crit par":"Equipe r\u00e9dactionnelle Foyer FLEURY","Dur\u00e9e de lecture estim\u00e9e":"1 minute"},"schema":{"@context":"https:\/\/schema.org","@graph":[{"@type":"Article","@id":"http:\/\/apeimeudon.fr\/Blog-APEI\/fete-de-la-danse-au-foyer-fleury\/#article","isPartOf":{"@id":"http:\/\/apeimeudon.fr\/Blog-APEI\/fete-de-la-danse-au-foyer-fleury\/"},"author":{"name":"Equipe r\u00e9dactionnelle Foyer FLEURY","@id":"https:\/\/apeimeudon.fr\/Blog-APEI\/#\/schema\/person\/a81a31019e8af8065790f5c6acfdc547"},"headline":"F\u00eate de la danse au foyer Fleury","datePublished":"2024-06-21T19:54:46+00:00","dateModified":"2024-06-21T19:54:48+00:00","mainEntityOfPage":{"@id":"http:\/\/apeimeudon.fr\/Blog-APEI\/fete-de-la-danse-au-foyer-fleury\/"},"wordCount":99,"commentCount":0,"publisher":{"@id":"https:\/\/apeimeudon.fr\/Blog-APEI\/#organization"},"image":{"@id":"http:\/\/apeimeudon.fr\/Blog-APEI\/fete-de-la-danse-au-foyer-fleury\/#primaryimage"},"thumbnailUrl":"https:\/\/apeimeudon.fr\/Blog-APEI\/wp-content\/uploads\/2024\/06\/Miniature-Fete-de-la-danse.jpg","articleSection":["Activit\u00e9","Danse","Foyer Fleury","Th\u00e9\u00e2tre"],"inLanguage":"fr-FR","potentialAction":[{"@type":"CommentAction","name":"Comment","target":["http:\/\/apeimeudon.fr\/Blog-APEI\/fete-de-la-danse-au-foyer-fleury\/#respond"]}]},{"@type":"WebPage","@id":"http:\/\/apeimeudon.fr\/Blog-APEI\/fete-de-la-danse-au-foyer-fleury\/","url":"http:\/\/apeimeudon.fr\/Blog-APEI\/fete-de-la-danse-au-foyer-fleury\/","name":"F\u00eate de la danse au foyer Fleury - La Gazette des Foyers de l&#039;APEI de Meudon","isPartOf":{"@id":"https:\/\/apeimeudon.fr\/Blog-APEI\/#website"},"primaryImageOfPage":{"@id":"http:\/\/apeimeudon.fr\/Blog-APEI\/fete-de-la-danse-au-foyer-fleury\/#primaryimage"},"image":{"@id":"http:\/\/apeimeudon.fr\/Blog-APEI\/fete-de-la-danse-au-foyer-fleury\/#primaryimage"},"thumbnailUrl":"https:\/\/apeimeudon.fr\/Blog-APEI\/wp-content\/uploads\/2024\/06\/Miniature-Fete-de-la-danse.jpg","datePublished":"2024-06-21T19:54:46+00:00","dateModified":"2024-06-21T19:54:48+00:00","breadcrumb":{"@id":"http:\/\/apeimeudon.fr\/Blog-APEI\/fete-de-la-danse-au-foyer-fleury\/#breadcrumb"},"inLanguage":"fr-FR","potentialAction":[{"@type":"ReadAction","target":["http:\/\/apeimeudon.fr\/Blog-APEI\/fete-de-la-danse-au-foyer-fleury\/"]}]},{"@type":"ImageObject","inLanguage":"fr-FR","@id":"http:\/\/apeimeudon.fr\/Blog-APEI\/fete-de-la-danse-au-foyer-fleury\/#primaryimage","url":"https:\/\/apeimeudon.fr\/Blog-APEI\/wp-content\/uploads\/2024\/06\/Miniature-Fete-de-la-danse.jpg","contentUrl":"https:\/\/apeimeudon.fr\/Blog-APEI\/wp-content\/uploads\/2024\/06\/Miniature-Fete-de-la-danse.jpg","width":500,"height":240},{"@type":"BreadcrumbList","@id":"http:\/\/apeimeudon.fr\/Blog-APEI\/fete-de-la-danse-au-foyer-fleury\/#breadcrumb","itemListElement":[{"@type":"ListItem","position":1,"name":"Accueil","item":"https:\/\/apeimeudon.fr\/Blog-APEI\/"},{"@type":"ListItem","position":2,"name":"F\u00eate de la danse au foyer Fleury"}]},{"@type":"WebSite","@id":"https:\/\/apeimeudon.fr\/Blog-APEI\/#website","url":"https:\/\/apeimeudon.fr\/Blog-APEI\/","name":"La Gazette des Foyers de l&#039;APEI de Meudon","description":"Nos diff\u00e9rences loin de nous l\u00e9ser doivent nous enrichir -  Antoine de Saint-Exup\u00e9ry","publisher":{"@id":"https:\/\/apeimeudon.fr\/Blog-APEI\/#organization"},"potentialAction":[{"@type":"SearchAction","target":{"@type":"EntryPoint","urlTemplate":"https:\/\/apeimeudon.fr\/Blog-APEI\/?s={search_term_string}"},"query-input":{"@type":"PropertyValueSpecification","valueRequired":true,"valueName":"search_term_string"}}],"inLanguage":"fr-FR"},{"@type":"Organization","@id":"https:\/\/apeimeudon.fr\/Blog-APEI\/#organization","name":"APEI de Meudon","url":"https:\/\/apeimeudon.fr\/Blog-APEI\/","logo":{"@type":"ImageObject","inLanguage":"fr-FR","@id":"https:\/\/apeimeudon.fr\/Blog-APEI\/#\/schema\/logo\/image\/","url":"https:\/\/apeimeudon.fr\/Blog-APEI\/wp-content\/uploads\/2017\/10\/Icone-APEI.png","contentUrl":"https:\/\/apeimeudon.fr\/Blog-APEI\/wp-content\/uploads\/2017\/10\/Icone-APEI.png","width":128,"height":128,"caption":"APEI de Meudon"},"image":{"@id":"https:\/\/apeimeudon.fr\/Blog-APEI\/#\/schema\/logo\/image\/"}},{"@type":"Person","@id":"https:\/\/apeimeudon.fr\/Blog-APEI\/#\/schema\/person\/a81a31019e8af8065790f5c6acfdc547","name":"Equipe r\u00e9dactionnelle Foyer FLEURY","image":{"@type":"ImageObject","inLanguage":"fr-FR","@id":"https:\/\/secure.gravatar.com\/avatar\/077b0b63c066e0ecf5a8ce55f379e3e6cc4cee7cb3fc656a19335177af2035da?s=96&d=mm&r=g","url":"https:\/\/secure.gravatar.com\/avatar\/077b0b63c066e0ecf5a8ce55f379e3e6cc4cee7cb3fc656a19335177af2035da?s=96&d=mm&r=g","contentUrl":"https:\/\/secure.gravatar.com\/avatar\/077b0b63c066e0ecf5a8ce55f379e3e6cc4cee7cb3fc656a19335177af2035da?s=96&d=mm&r=g","caption":"Equipe r\u00e9dactionnelle Foyer FLEURY"},"url":"https:\/\/apeimeudon.fr\/Blog-APEI\/author\/fleury\/"}]}},"_links":{"self":[{"href":"https:\/\/apeimeudon.fr\/Blog-APEI\/wp-json\/wp\/v2\/posts\/6858","targetHints":{"allow":["GET"]}}],"collection":[{"href":"https:\/\/apeimeudon.fr\/Blog-APEI\/wp-json\/wp\/v2\/posts"}],"about":[{"href":"https:\/\/apeimeudon.fr\/Blog-APEI\/wp-json\/wp\/v2\/types\/post"}],"author":[{"embeddable":true,"href":"https:\/\/apeimeudon.fr\/Blog-APEI\/wp-json\/wp\/v2\/users\/2"}],"replies":[{"embeddable":true,"href":"https:\/\/apeimeudon.fr\/Blog-APEI\/wp-json\/wp\/v2\/comments?post=6858"}],"version-history":[{"count":5,"href":"https:\/\/apeimeudon.fr\/Blog-APEI\/wp-json\/wp\/v2\/posts\/6858\/revisions"}],"predecessor-version":[{"id":6869,"href":"https:\/\/apeimeudon.fr\/Blog-APEI\/wp-json\/wp\/v2\/posts\/6858\/revisions\/6869"}],"wp:featuredmedia":[{"embeddable":true,"href":"https:\/\/apeimeudon.fr\/Blog-APEI\/wp-json\/wp\/v2\/media\/6857"}],"wp:attachment":[{"href":"https:\/\/apeimeudon.fr\/Blog-APEI\/wp-json\/wp\/v2\/media?parent=6858"}],"wp:term":[{"taxonomy":"category","embeddable":true,"href":"https:\/\/apeimeudon.fr\/Blog-APEI\/wp-json\/wp\/v2\/categories?post=6858"},{"taxonomy":"post_tag","embeddable":true,"href":"https:\/\/apeimeudon.fr\/Blog-APEI\/wp-json\/wp\/v2\/tags?post=6858"}],"curies":[{"name":"wp","href":"https:\/\/api.w.org\/{rel}","templated":true}]}}