{"id":6973,"date":"2024-06-28T18:28:29","date_gmt":"2024-06-28T16:28:29","guid":{"rendered":"https:\/\/apeimeudon.fr\/Blog-APEI\/?p=6973"},"modified":"2024-06-28T18:28:30","modified_gmt":"2024-06-28T16:28:30","slug":"le-foyer-hourdin-fete-ses-20-ans","status":"publish","type":"post","link":"https:\/\/apeimeudon.fr\/Blog-APEI\/le-foyer-hourdin-fete-ses-20-ans\/","title":{"rendered":"Le foyer Hourdin f\u00eate ses 20 ans"},"content":{"rendered":"\n<p>Barbecue, mojito, salades compos\u00e9es, panneaux photos, arche \u00e0 ballons\u2026. <\/p>\n\n\n\n<p>Les r\u00e9sidents et leurs \u00e9ducateurs avaient \u0153uvr\u00e9 depuis plusieurs jours pour honorer leurs invit\u00e9s venus partager ce moment d\u2019exception. <\/p>\n\n\n\n<!--more-->\n\n\n\n<p>Et ce fut une f\u00eate tr\u00e8s r\u00e9ussie qui nous laissera de beaux souvenirs malgr\u00e9 un temps qui s\u2019est montr\u00e9 un peu capricieux !<\/p>\n\n\n\n<p class=\"has-text-align-right\">Anne LOZAC&rsquo;H, Cheffe de service<\/p>\n\n\n\n<p class=\"has-text-align-center\"><strong><em>Quelques photos de cette journ\u00e9e :<\/em><\/strong><\/p>\n\n\n\nngg_shortcode_0_placeholder\n","protected":false},"excerpt":{"rendered":"<p>Barbecue, mojito, salades compos\u00e9es, panneaux photos, arche \u00e0 ballons\u2026. Les r\u00e9sidents et leurs \u00e9ducateurs avaient \u0153uvr\u00e9 depuis plusieurs jours pour honorer leurs invit\u00e9s venus partager ce moment d\u2019exception.<\/p>\n","protected":false},"author":8,"featured_media":6898,"comment_status":"open","ping_status":"open","sticky":false,"template":"","format":"standard","meta":{"_acf_changed":false,"_monsterinsights_skip_tracking":false,"_monsterinsights_sitenote_active":false,"_monsterinsights_sitenote_note":"","_monsterinsights_sitenote_category":0,"ngg_post_thumbnail":0,"footnotes":""},"categories":[45,52,42],"tags":[],"class_list":["post-6973","post","type-post","status-publish","format-standard","has-post-thumbnail","hentry","category-anniversaire","category-fete","category-foyer-hourdin"],"acf":[],"yoast_head":"<!-- This site is optimized with the Yoast SEO plugin v27.3 - https:\/\/yoast.com\/product\/yoast-seo-wordpress\/ -->\n<title>Le foyer Hourdin f\u00eate ses 20 ans - La Gazette des Foyers de l&#039;APEI de Meudon<\/title>\n<meta name=\"robots\" content=\"index, follow, max-snippet:-1, max-image-preview:large, max-video-preview:-1\" \/>\n<link rel=\"canonical\" href=\"https:\/\/apeimeudon.fr\/Blog-APEI\/le-foyer-hourdin-fete-ses-20-ans\/\" \/>\n<meta property=\"og:locale\" content=\"fr_FR\" \/>\n<meta property=\"og:type\" content=\"article\" \/>\n<meta property=\"og:title\" content=\"Le foyer Hourdin f\u00eate ses 20 ans - La Gazette des Foyers de l&#039;APEI de Meudon\" \/>\n<meta property=\"og:description\" content=\"Barbecue, mojito, salades compos\u00e9es, panneaux photos, arche \u00e0 ballons\u2026. Les r\u00e9sidents et leurs \u00e9ducateurs avaient \u0153uvr\u00e9 depuis plusieurs jours pour honorer leurs invit\u00e9s venus partager ce moment d\u2019exception.\" \/>\n<meta property=\"og:url\" content=\"https:\/\/apeimeudon.fr\/Blog-APEI\/le-foyer-hourdin-fete-ses-20-ans\/\" \/>\n<meta property=\"og:site_name\" content=\"La Gazette des Foyers de l&#039;APEI de Meudon\" \/>\n<meta property=\"article:published_time\" content=\"2024-06-28T16:28:29+00:00\" \/>\n<meta property=\"article:modified_time\" content=\"2024-06-28T16:28:30+00:00\" \/>\n<meta property=\"og:image\" content=\"https:\/\/apeimeudon.fr\/Blog-APEI\/wp-content\/uploads\/2024\/06\/Miniature-6.jpg\" \/>\n\t<meta property=\"og:image:width\" content=\"400\" \/>\n\t<meta property=\"og:image:height\" content=\"238\" \/>\n\t<meta property=\"og:image:type\" content=\"image\/jpeg\" \/>\n<meta name=\"author\" content=\"Equipe r\u00e9dactionnelle Foyer Georges HOURDIN\" \/>\n<meta name=\"twitter:card\" content=\"summary_large_image\" \/>\n<meta name=\"twitter:label1\" content=\"\u00c9crit par\" \/>\n\t<meta name=\"twitter:data1\" content=\"Equipe r\u00e9dactionnelle Foyer Georges HOURDIN\" \/>\n\t<meta name=\"twitter:label2\" content=\"Dur\u00e9e de lecture estim\u00e9e\" \/>\n\t<meta name=\"twitter:data2\" content=\"1 minute\" \/>\n<script type=\"application\/ld+json\" class=\"yoast-schema-graph\">{\"@context\":\"https:\\\/\\\/schema.org\",\"@graph\":[{\"@type\":\"Article\",\"@id\":\"https:\\\/\\\/apeimeudon.fr\\\/Blog-APEI\\\/le-foyer-hourdin-fete-ses-20-ans\\\/#article\",\"isPartOf\":{\"@id\":\"https:\\\/\\\/apeimeudon.fr\\\/Blog-APEI\\\/le-foyer-hourdin-fete-ses-20-ans\\\/\"},\"author\":{\"name\":\"Equipe r\u00e9dactionnelle Foyer Georges HOURDIN\",\"@id\":\"https:\\\/\\\/apeimeudon.fr\\\/Blog-APEI\\\/#\\\/schema\\\/person\\\/564b4a79fa3998006bce7ba007dcd40a\"},\"headline\":\"Le foyer Hourdin f\u00eate ses 20 ans\",\"datePublished\":\"2024-06-28T16:28:29+00:00\",\"dateModified\":\"2024-06-28T16:28:30+00:00\",\"mainEntityOfPage\":{\"@id\":\"https:\\\/\\\/apeimeudon.fr\\\/Blog-APEI\\\/le-foyer-hourdin-fete-ses-20-ans\\\/\"},\"wordCount\":84,\"commentCount\":0,\"publisher\":{\"@id\":\"https:\\\/\\\/apeimeudon.fr\\\/Blog-APEI\\\/#organization\"},\"image\":{\"@id\":\"https:\\\/\\\/apeimeudon.fr\\\/Blog-APEI\\\/le-foyer-hourdin-fete-ses-20-ans\\\/#primaryimage\"},\"thumbnailUrl\":\"https:\\\/\\\/apeimeudon.fr\\\/Blog-APEI\\\/wp-content\\\/uploads\\\/2024\\\/06\\\/Miniature-6.jpg\",\"articleSection\":[\"Anniversaire\",\"F\u00eate\",\"Foyer Hourdin\"],\"inLanguage\":\"fr-FR\",\"potentialAction\":[{\"@type\":\"CommentAction\",\"name\":\"Comment\",\"target\":[\"https:\\\/\\\/apeimeudon.fr\\\/Blog-APEI\\\/le-foyer-hourdin-fete-ses-20-ans\\\/#respond\"]}]},{\"@type\":\"WebPage\",\"@id\":\"https:\\\/\\\/apeimeudon.fr\\\/Blog-APEI\\\/le-foyer-hourdin-fete-ses-20-ans\\\/\",\"url\":\"https:\\\/\\\/apeimeudon.fr\\\/Blog-APEI\\\/le-foyer-hourdin-fete-ses-20-ans\\\/\",\"name\":\"Le foyer Hourdin f\u00eate ses 20 ans - La Gazette des Foyers de l&#039;APEI de Meudon\",\"isPartOf\":{\"@id\":\"https:\\\/\\\/apeimeudon.fr\\\/Blog-APEI\\\/#website\"},\"primaryImageOfPage\":{\"@id\":\"https:\\\/\\\/apeimeudon.fr\\\/Blog-APEI\\\/le-foyer-hourdin-fete-ses-20-ans\\\/#primaryimage\"},\"image\":{\"@id\":\"https:\\\/\\\/apeimeudon.fr\\\/Blog-APEI\\\/le-foyer-hourdin-fete-ses-20-ans\\\/#primaryimage\"},\"thumbnailUrl\":\"https:\\\/\\\/apeimeudon.fr\\\/Blog-APEI\\\/wp-content\\\/uploads\\\/2024\\\/06\\\/Miniature-6.jpg\",\"datePublished\":\"2024-06-28T16:28:29+00:00\",\"dateModified\":\"2024-06-28T16:28:30+00:00\",\"breadcrumb\":{\"@id\":\"https:\\\/\\\/apeimeudon.fr\\\/Blog-APEI\\\/le-foyer-hourdin-fete-ses-20-ans\\\/#breadcrumb\"},\"inLanguage\":\"fr-FR\",\"potentialAction\":[{\"@type\":\"ReadAction\",\"target\":[\"https:\\\/\\\/apeimeudon.fr\\\/Blog-APEI\\\/le-foyer-hourdin-fete-ses-20-ans\\\/\"]}]},{\"@type\":\"ImageObject\",\"inLanguage\":\"fr-FR\",\"@id\":\"https:\\\/\\\/apeimeudon.fr\\\/Blog-APEI\\\/le-foyer-hourdin-fete-ses-20-ans\\\/#primaryimage\",\"url\":\"https:\\\/\\\/apeimeudon.fr\\\/Blog-APEI\\\/wp-content\\\/uploads\\\/2024\\\/06\\\/Miniature-6.jpg\",\"contentUrl\":\"https:\\\/\\\/apeimeudon.fr\\\/Blog-APEI\\\/wp-content\\\/uploads\\\/2024\\\/06\\\/Miniature-6.jpg\",\"width\":400,\"height\":238},{\"@type\":\"BreadcrumbList\",\"@id\":\"https:\\\/\\\/apeimeudon.fr\\\/Blog-APEI\\\/le-foyer-hourdin-fete-ses-20-ans\\\/#breadcrumb\",\"itemListElement\":[{\"@type\":\"ListItem\",\"position\":1,\"name\":\"Accueil\",\"item\":\"https:\\\/\\\/apeimeudon.fr\\\/Blog-APEI\\\/\"},{\"@type\":\"ListItem\",\"position\":2,\"name\":\"Le foyer Hourdin f\u00eate ses 20 ans\"}]},{\"@type\":\"WebSite\",\"@id\":\"https:\\\/\\\/apeimeudon.fr\\\/Blog-APEI\\\/#website\",\"url\":\"https:\\\/\\\/apeimeudon.fr\\\/Blog-APEI\\\/\",\"name\":\"La Gazette des Foyers de l&#039;APEI de Meudon\",\"description\":\"Nos diff\u00e9rences loin de nous l\u00e9ser doivent nous enrichir -  Antoine de Saint-Exup\u00e9ry\",\"publisher\":{\"@id\":\"https:\\\/\\\/apeimeudon.fr\\\/Blog-APEI\\\/#organization\"},\"potentialAction\":[{\"@type\":\"SearchAction\",\"target\":{\"@type\":\"EntryPoint\",\"urlTemplate\":\"https:\\\/\\\/apeimeudon.fr\\\/Blog-APEI\\\/?s={search_term_string}\"},\"query-input\":{\"@type\":\"PropertyValueSpecification\",\"valueRequired\":true,\"valueName\":\"search_term_string\"}}],\"inLanguage\":\"fr-FR\"},{\"@type\":\"Organization\",\"@id\":\"https:\\\/\\\/apeimeudon.fr\\\/Blog-APEI\\\/#organization\",\"name\":\"APEI de Meudon\",\"url\":\"https:\\\/\\\/apeimeudon.fr\\\/Blog-APEI\\\/\",\"logo\":{\"@type\":\"ImageObject\",\"inLanguage\":\"fr-FR\",\"@id\":\"https:\\\/\\\/apeimeudon.fr\\\/Blog-APEI\\\/#\\\/schema\\\/logo\\\/image\\\/\",\"url\":\"https:\\\/\\\/apeimeudon.fr\\\/Blog-APEI\\\/wp-content\\\/uploads\\\/2017\\\/10\\\/Icone-APEI.png\",\"contentUrl\":\"https:\\\/\\\/apeimeudon.fr\\\/Blog-APEI\\\/wp-content\\\/uploads\\\/2017\\\/10\\\/Icone-APEI.png\",\"width\":128,\"height\":128,\"caption\":\"APEI de Meudon\"},\"image\":{\"@id\":\"https:\\\/\\\/apeimeudon.fr\\\/Blog-APEI\\\/#\\\/schema\\\/logo\\\/image\\\/\"}},{\"@type\":\"Person\",\"@id\":\"https:\\\/\\\/apeimeudon.fr\\\/Blog-APEI\\\/#\\\/schema\\\/person\\\/564b4a79fa3998006bce7ba007dcd40a\",\"name\":\"Equipe r\u00e9dactionnelle Foyer Georges HOURDIN\",\"image\":{\"@type\":\"ImageObject\",\"inLanguage\":\"fr-FR\",\"@id\":\"https:\\\/\\\/secure.gravatar.com\\\/avatar\\\/fa4c0dacb0dc58a85b4b3bf6247ee0da5c911b8b0ac7b6a9b8b7074187222763?s=96&d=mm&r=g\",\"url\":\"https:\\\/\\\/secure.gravatar.com\\\/avatar\\\/fa4c0dacb0dc58a85b4b3bf6247ee0da5c911b8b0ac7b6a9b8b7074187222763?s=96&d=mm&r=g\",\"contentUrl\":\"https:\\\/\\\/secure.gravatar.com\\\/avatar\\\/fa4c0dacb0dc58a85b4b3bf6247ee0da5c911b8b0ac7b6a9b8b7074187222763?s=96&d=mm&r=g\",\"caption\":\"Equipe r\u00e9dactionnelle Foyer Georges HOURDIN\"},\"url\":\"https:\\\/\\\/apeimeudon.fr\\\/Blog-APEI\\\/author\\\/hourdin\\\/\"}]}<\/script>\n<!-- \/ Yoast SEO plugin. -->","yoast_head_json":{"title":"Le foyer Hourdin f\u00eate ses 20 ans - La Gazette des Foyers de l&#039;APEI de Meudon","robots":{"index":"index","follow":"follow","max-snippet":"max-snippet:-1","max-image-preview":"max-image-preview:large","max-video-preview":"max-video-preview:-1"},"canonical":"https:\/\/apeimeudon.fr\/Blog-APEI\/le-foyer-hourdin-fete-ses-20-ans\/","og_locale":"fr_FR","og_type":"article","og_title":"Le foyer Hourdin f\u00eate ses 20 ans - La Gazette des Foyers de l&#039;APEI de Meudon","og_description":"Barbecue, mojito, salades compos\u00e9es, panneaux photos, arche \u00e0 ballons\u2026. Les r\u00e9sidents et leurs \u00e9ducateurs avaient \u0153uvr\u00e9 depuis plusieurs jours pour honorer leurs invit\u00e9s venus partager ce moment d\u2019exception.","og_url":"https:\/\/apeimeudon.fr\/Blog-APEI\/le-foyer-hourdin-fete-ses-20-ans\/","og_site_name":"La Gazette des Foyers de l&#039;APEI de Meudon","article_published_time":"2024-06-28T16:28:29+00:00","article_modified_time":"2024-06-28T16:28:30+00:00","og_image":[{"width":400,"height":238,"url":"https:\/\/apeimeudon.fr\/Blog-APEI\/wp-content\/uploads\/2024\/06\/Miniature-6.jpg","type":"image\/jpeg"}],"author":"Equipe r\u00e9dactionnelle Foyer Georges HOURDIN","twitter_card":"summary_large_image","twitter_misc":{"\u00c9crit par":"Equipe r\u00e9dactionnelle Foyer Georges HOURDIN","Dur\u00e9e de lecture estim\u00e9e":"1 minute"},"schema":{"@context":"https:\/\/schema.org","@graph":[{"@type":"Article","@id":"https:\/\/apeimeudon.fr\/Blog-APEI\/le-foyer-hourdin-fete-ses-20-ans\/#article","isPartOf":{"@id":"https:\/\/apeimeudon.fr\/Blog-APEI\/le-foyer-hourdin-fete-ses-20-ans\/"},"author":{"name":"Equipe r\u00e9dactionnelle Foyer Georges HOURDIN","@id":"https:\/\/apeimeudon.fr\/Blog-APEI\/#\/schema\/person\/564b4a79fa3998006bce7ba007dcd40a"},"headline":"Le foyer Hourdin f\u00eate ses 20 ans","datePublished":"2024-06-28T16:28:29+00:00","dateModified":"2024-06-28T16:28:30+00:00","mainEntityOfPage":{"@id":"https:\/\/apeimeudon.fr\/Blog-APEI\/le-foyer-hourdin-fete-ses-20-ans\/"},"wordCount":84,"commentCount":0,"publisher":{"@id":"https:\/\/apeimeudon.fr\/Blog-APEI\/#organization"},"image":{"@id":"https:\/\/apeimeudon.fr\/Blog-APEI\/le-foyer-hourdin-fete-ses-20-ans\/#primaryimage"},"thumbnailUrl":"https:\/\/apeimeudon.fr\/Blog-APEI\/wp-content\/uploads\/2024\/06\/Miniature-6.jpg","articleSection":["Anniversaire","F\u00eate","Foyer Hourdin"],"inLanguage":"fr-FR","potentialAction":[{"@type":"CommentAction","name":"Comment","target":["https:\/\/apeimeudon.fr\/Blog-APEI\/le-foyer-hourdin-fete-ses-20-ans\/#respond"]}]},{"@type":"WebPage","@id":"https:\/\/apeimeudon.fr\/Blog-APEI\/le-foyer-hourdin-fete-ses-20-ans\/","url":"https:\/\/apeimeudon.fr\/Blog-APEI\/le-foyer-hourdin-fete-ses-20-ans\/","name":"Le foyer Hourdin f\u00eate ses 20 ans - La Gazette des Foyers de l&#039;APEI de Meudon","isPartOf":{"@id":"https:\/\/apeimeudon.fr\/Blog-APEI\/#website"},"primaryImageOfPage":{"@id":"https:\/\/apeimeudon.fr\/Blog-APEI\/le-foyer-hourdin-fete-ses-20-ans\/#primaryimage"},"image":{"@id":"https:\/\/apeimeudon.fr\/Blog-APEI\/le-foyer-hourdin-fete-ses-20-ans\/#primaryimage"},"thumbnailUrl":"https:\/\/apeimeudon.fr\/Blog-APEI\/wp-content\/uploads\/2024\/06\/Miniature-6.jpg","datePublished":"2024-06-28T16:28:29+00:00","dateModified":"2024-06-28T16:28:30+00:00","breadcrumb":{"@id":"https:\/\/apeimeudon.fr\/Blog-APEI\/le-foyer-hourdin-fete-ses-20-ans\/#breadcrumb"},"inLanguage":"fr-FR","potentialAction":[{"@type":"ReadAction","target":["https:\/\/apeimeudon.fr\/Blog-APEI\/le-foyer-hourdin-fete-ses-20-ans\/"]}]},{"@type":"ImageObject","inLanguage":"fr-FR","@id":"https:\/\/apeimeudon.fr\/Blog-APEI\/le-foyer-hourdin-fete-ses-20-ans\/#primaryimage","url":"https:\/\/apeimeudon.fr\/Blog-APEI\/wp-content\/uploads\/2024\/06\/Miniature-6.jpg","contentUrl":"https:\/\/apeimeudon.fr\/Blog-APEI\/wp-content\/uploads\/2024\/06\/Miniature-6.jpg","width":400,"height":238},{"@type":"BreadcrumbList","@id":"https:\/\/apeimeudon.fr\/Blog-APEI\/le-foyer-hourdin-fete-ses-20-ans\/#breadcrumb","itemListElement":[{"@type":"ListItem","position":1,"name":"Accueil","item":"https:\/\/apeimeudon.fr\/Blog-APEI\/"},{"@type":"ListItem","position":2,"name":"Le foyer Hourdin f\u00eate ses 20 ans"}]},{"@type":"WebSite","@id":"https:\/\/apeimeudon.fr\/Blog-APEI\/#website","url":"https:\/\/apeimeudon.fr\/Blog-APEI\/","name":"La Gazette des Foyers de l&#039;APEI de Meudon","description":"Nos diff\u00e9rences loin de nous l\u00e9ser doivent nous enrichir -  Antoine de Saint-Exup\u00e9ry","publisher":{"@id":"https:\/\/apeimeudon.fr\/Blog-APEI\/#organization"},"potentialAction":[{"@type":"SearchAction","target":{"@type":"EntryPoint","urlTemplate":"https:\/\/apeimeudon.fr\/Blog-APEI\/?s={search_term_string}"},"query-input":{"@type":"PropertyValueSpecification","valueRequired":true,"valueName":"search_term_string"}}],"inLanguage":"fr-FR"},{"@type":"Organization","@id":"https:\/\/apeimeudon.fr\/Blog-APEI\/#organization","name":"APEI de Meudon","url":"https:\/\/apeimeudon.fr\/Blog-APEI\/","logo":{"@type":"ImageObject","inLanguage":"fr-FR","@id":"https:\/\/apeimeudon.fr\/Blog-APEI\/#\/schema\/logo\/image\/","url":"https:\/\/apeimeudon.fr\/Blog-APEI\/wp-content\/uploads\/2017\/10\/Icone-APEI.png","contentUrl":"https:\/\/apeimeudon.fr\/Blog-APEI\/wp-content\/uploads\/2017\/10\/Icone-APEI.png","width":128,"height":128,"caption":"APEI de Meudon"},"image":{"@id":"https:\/\/apeimeudon.fr\/Blog-APEI\/#\/schema\/logo\/image\/"}},{"@type":"Person","@id":"https:\/\/apeimeudon.fr\/Blog-APEI\/#\/schema\/person\/564b4a79fa3998006bce7ba007dcd40a","name":"Equipe r\u00e9dactionnelle Foyer Georges HOURDIN","image":{"@type":"ImageObject","inLanguage":"fr-FR","@id":"https:\/\/secure.gravatar.com\/avatar\/fa4c0dacb0dc58a85b4b3bf6247ee0da5c911b8b0ac7b6a9b8b7074187222763?s=96&d=mm&r=g","url":"https:\/\/secure.gravatar.com\/avatar\/fa4c0dacb0dc58a85b4b3bf6247ee0da5c911b8b0ac7b6a9b8b7074187222763?s=96&d=mm&r=g","contentUrl":"https:\/\/secure.gravatar.com\/avatar\/fa4c0dacb0dc58a85b4b3bf6247ee0da5c911b8b0ac7b6a9b8b7074187222763?s=96&d=mm&r=g","caption":"Equipe r\u00e9dactionnelle Foyer Georges HOURDIN"},"url":"https:\/\/apeimeudon.fr\/Blog-APEI\/author\/hourdin\/"}]}},"_links":{"self":[{"href":"https:\/\/apeimeudon.fr\/Blog-APEI\/wp-json\/wp\/v2\/posts\/6973","targetHints":{"allow":["GET"]}}],"collection":[{"href":"https:\/\/apeimeudon.fr\/Blog-APEI\/wp-json\/wp\/v2\/posts"}],"about":[{"href":"https:\/\/apeimeudon.fr\/Blog-APEI\/wp-json\/wp\/v2\/types\/post"}],"author":[{"embeddable":true,"href":"https:\/\/apeimeudon.fr\/Blog-APEI\/wp-json\/wp\/v2\/users\/8"}],"replies":[{"embeddable":true,"href":"https:\/\/apeimeudon.fr\/Blog-APEI\/wp-json\/wp\/v2\/comments?post=6973"}],"version-history":[{"count":1,"href":"https:\/\/apeimeudon.fr\/Blog-APEI\/wp-json\/wp\/v2\/posts\/6973\/revisions"}],"predecessor-version":[{"id":6974,"href":"https:\/\/apeimeudon.fr\/Blog-APEI\/wp-json\/wp\/v2\/posts\/6973\/revisions\/6974"}],"wp:featuredmedia":[{"embeddable":true,"href":"https:\/\/apeimeudon.fr\/Blog-APEI\/wp-json\/wp\/v2\/media\/6898"}],"wp:attachment":[{"href":"https:\/\/apeimeudon.fr\/Blog-APEI\/wp-json\/wp\/v2\/media?parent=6973"}],"wp:term":[{"taxonomy":"category","embeddable":true,"href":"https:\/\/apeimeudon.fr\/Blog-APEI\/wp-json\/wp\/v2\/categories?post=6973"},{"taxonomy":"post_tag","embeddable":true,"href":"https:\/\/apeimeudon.fr\/Blog-APEI\/wp-json\/wp\/v2\/tags?post=6973"}],"curies":[{"name":"wp","href":"https:\/\/api.w.org\/{rel}","templated":true}]}}