{"id":730,"date":"2019-10-18T11:12:56","date_gmt":"2019-10-18T09:12:56","guid":{"rendered":"http:\/\/apeimeudon.fr\/Blog-APEI\/?p=730"},"modified":"2019-10-18T11:28:59","modified_gmt":"2019-10-18T09:28:59","slug":"fete-des-25-ans-du-foyer-fleury","status":"publish","type":"post","link":"https:\/\/apeimeudon.fr\/Blog-APEI\/fete-des-25-ans-du-foyer-fleury\/","title":{"rendered":"F\u00eate des 25 ans du foyer FLEURY"},"content":{"rendered":"\n<p>Le 14 septembre 2019,\nle foyer de Fleury a f\u00eat\u00e9 ses 25 ans d\u2019existence&nbsp;!!<\/p>\n\n\n\n<p>La f\u00eate a r\u00e9uni les\nmembres de l\u2019association, tout le personnel de l\u2019\u00e9tablissement, les r\u00e9sidents\net leurs familles ainsi que des anciens (r\u00e9sidents, familles et salari\u00e9s). Les\nautres foyers de l\u2019APEI \u00e9taient \u00e9galement invit\u00e9s. Quelques partenaires sont\nvenus \u00e9galement. Le maire de Meudon nous a fait l\u2019honneur de venir, en\nt\u00e9moignage de son soutien \u00e0 l\u2019APEI.<\/p>\n\n\n\n<!--more-->\n\n\n\n<p>Nous avons tous partag\u00e9\nce moment festif et joyeux autour d\u2019un buffet pr\u00e9par\u00e9 en partie par les\nr\u00e9sidents et l\u2019\u00e9quipe, dans une ambiance musicale anim\u00e9e par un DJ. Cette f\u00eate\na aussi \u00e9t\u00e9 l\u2019occasion d\u2019inaugurer notre nouvelle fresque r\u00e9alis\u00e9e par les\nr\u00e9sidents et l\u2019\u00e9quipe.<\/p>\n\n\n\n<p>Cet \u00e9v\u00e8nement, qui a\nn\u00e9cessit\u00e9 beaucoup de pr\u00e9paratifs et d\u2019organisation, s\u2019est bien d\u00e9roul\u00e9 gr\u00e2ce au\nformidable investissement de l\u2019\u00e9quipe et des r\u00e9sidents du foyer, ainsi que des\nb\u00e9n\u00e9voles de l\u2019APEI. Un grand merci et bravo \u00e0 eux&nbsp;!!!<\/p>\n\n\n\n<p>Voici quelques\nt\u00e9moignages de r\u00e9sidents du foyer&nbsp;qui tenaient \u00e0 s\u2019exprimer sur cet\n\u00e9v\u00e8nement&nbsp;:<\/p>\n\n\n\n<p><strong><em>Christine&nbsp;:<\/em><\/strong><\/p>\n\n\n\n<p>\u00ab&nbsp;C\u2019\u00e9tait bien, \u00e7a\nm\u2019a plu&nbsp;! On a bien mang\u00e9 et bu et dans\u00e9&nbsp;! On avait pr\u00e9par\u00e9 un buffet\net moi j\u2019ai particip\u00e9 \u00e0 la pr\u00e9paration des verrines. Ma s\u0153ur et ma m\u00e8re sont\nvenues et \u00e7a m\u2019a fait plaisir&nbsp;! Il y avait aussi M. Laplane qui a fait un\ndiscours et il m\u2019a f\u00e9licit\u00e9 car j\u2019habite au foyer depuis 25 ans&nbsp;!!&nbsp;\u00bb.<\/p>\n\n\n\n<p><strong><em>Camille&nbsp;:<\/em><\/strong><\/p>\n\n\n\n<p>\u00ab&nbsp;Les 25 ans de\nFleury c\u2019\u00e9tait super, \u00e7a s\u2019est bien pass\u00e9&nbsp;! J\u2019ai aim\u00e9 aider \u00e0 faire la\ncuisine&nbsp;!&nbsp;\u00bb<\/p>\n\n\n\n<p><em>Antoine&nbsp;:<\/em><\/p>\n\n\n\n<p>\u00ab&nbsp;J\u2019ai pass\u00e9 un\nbon moment aux 25 ans du foyer. Merci \u00e0 S\u00e9verine et M. Laplane, merci \u00e0 Johana\net aux M\u00e9lanie, Armelle et M\u00e9lissa. On a refait la fresque du foyer pour ce\njour l\u00e0 et aussi on a fait des pivoines et origami en papier pour d\u00e9corer les\ntables. On a aussi fait des guirlandes en cr\u00e9pon pour d\u00e9corer la cour. On a\nfait de la cuisine, des samoussas. C\u2019\u00e9tait TOP&nbsp;!!!&nbsp;Merci aussi M.\nGorcy&nbsp;!&nbsp;\u00bb<\/p>\n\n\n\n<p><strong><em>Karim&nbsp;:<\/em><\/strong><\/p>\n\n\n\n<p>\u00ab&nbsp;La f\u00eate s\u2019est\nbien pass\u00e9e. J\u2019ai appr\u00e9ci\u00e9 pr\u00e9parer \u00e0 manger avec les \u00e9ducatrices, c\u2019\u00e9tait tr\u00e8s\nbon. On a bien dans\u00e9 sur la musique. Je suis content. Je me sens bien dans ce\nfoyer, je suis comme chez moi&nbsp;!&nbsp;\u00bb.<\/p>\n\n\n\n<p><strong><em>Christian&nbsp;:<\/em><\/strong><\/p>\n\n\n\n<p>\u00ab&nbsp;J\u2019ai pass\u00e9 une\nexcellente journ\u00e9e&nbsp;! J\u2019ai retrouv\u00e9 des anciennes \u00e9ducatrices du foyer et\nun ancien veilleur de nuit. J\u2019ai pass\u00e9 de superbes moments pour les 25 ans de\nfoyer. C\u2019est une exp\u00e9rience que j\u2019aimerai refaire&nbsp;!&nbsp;\u00bb.<\/p>\n\n\n\n<p style=\"text-align:right\">S\u00e9verine Reviriaud  (Chef de service du foyer de Fleury).<\/p>\n\n\n\n<p><\/p>\n\n\n\n<p style=\"text-align:center\"><em>Pour illustrer cette journ\u00e9e, quelques clich\u00e9s :<\/em><\/p>\n\n\n\n<p><em>Les pr\u00e9paratifs \u00e0 la f\u00eate<\/em><\/p>\n\n\n<p>\r\n\t\t\t\t\t\n\r\n\t\t\t\t\t<!-- START UNITE GALLERY 1.7.62 -->\r\n\t\t\t\t\t\r\n\t\t\t\t\n\t\t\t<div id='unitegallery_43_1' class='unite-gallery' style='margin:0px auto;'>\n\t\t\t\t\n\n\t\t\t\t\t\t<img alt=\"Fleury 25 ans 001\"\n\t\t\t\t\t\t     src=\"\" data-image=\"https:\/\/apeimeudon.fr\/Blog-APEI\/wp-content\/uploads\/2019\/10\/Fleury-25-ans-001.jpg\"\n\t\t\t\t\t\t     data-thumb=\"https:\/\/apeimeudon.fr\/Blog-APEI\/wp-content\/uploads\/2019\/10\/Fleury-25-ans-001-300x168.jpg\"\n\t\t\t\t\t\t     title=\"\"\n\t\t\t\t\t\t     style=\"display:none\">\n\n\t\t\t\t\t\t<img alt=\"Fleury 25 ans 002\"\n\t\t\t\t\t\t     src=\"\" data-image=\"https:\/\/apeimeudon.fr\/Blog-APEI\/wp-content\/uploads\/2019\/10\/Fleury-25-ans-002.jpg\"\n\t\t\t\t\t\t     data-thumb=\"https:\/\/apeimeudon.fr\/Blog-APEI\/wp-content\/uploads\/2019\/10\/Fleury-25-ans-002-300x200.jpg\"\n\t\t\t\t\t\t     title=\"\"\n\t\t\t\t\t\t     style=\"display:none\">\n\n\t\t\t\t\t\t<img alt=\"Fleury 25 ans 003\"\n\t\t\t\t\t\t     src=\"\" data-image=\"https:\/\/apeimeudon.fr\/Blog-APEI\/wp-content\/uploads\/2019\/10\/Fleury-25-ans-003.jpg\"\n\t\t\t\t\t\t     data-thumb=\"https:\/\/apeimeudon.fr\/Blog-APEI\/wp-content\/uploads\/2019\/10\/Fleury-25-ans-003-300x200.jpg\"\n\t\t\t\t\t\t     title=\"\"\n\t\t\t\t\t\t     style=\"display:none\">\n\n\t\t\t\t\t\t<img alt=\"Fleury 25 ans 004\"\n\t\t\t\t\t\t     src=\"\" data-image=\"https:\/\/apeimeudon.fr\/Blog-APEI\/wp-content\/uploads\/2019\/10\/Fleury-25-ans-004.jpg\"\n\t\t\t\t\t\t     data-thumb=\"https:\/\/apeimeudon.fr\/Blog-APEI\/wp-content\/uploads\/2019\/10\/Fleury-25-ans-004-300x168.jpg\"\n\t\t\t\t\t\t     title=\"\"\n\t\t\t\t\t\t     style=\"display:none\">\n\n\t\t\t\t\t\t<img alt=\"Fleury 25 ans 005\"\n\t\t\t\t\t\t     src=\"\" data-image=\"https:\/\/apeimeudon.fr\/Blog-APEI\/wp-content\/uploads\/2019\/10\/Fleury-25-ans-005.jpg\"\n\t\t\t\t\t\t     data-thumb=\"https:\/\/apeimeudon.fr\/Blog-APEI\/wp-content\/uploads\/2019\/10\/Fleury-25-ans-005-300x200.jpg\"\n\t\t\t\t\t\t     title=\"\"\n\t\t\t\t\t\t     style=\"display:none\">\n\n\t\t\t\t\t\t<img alt=\"Fleury 25 ans 006\"\n\t\t\t\t\t\t     src=\"\" data-image=\"https:\/\/apeimeudon.fr\/Blog-APEI\/wp-content\/uploads\/2019\/10\/Fleury-25-ans-006.jpg\"\n\t\t\t\t\t\t     data-thumb=\"https:\/\/apeimeudon.fr\/Blog-APEI\/wp-content\/uploads\/2019\/10\/Fleury-25-ans-006-300x225.jpg\"\n\t\t\t\t\t\t     title=\"\"\n\t\t\t\t\t\t     style=\"display:none\">\n\n\t\t\t\t\t\t<img alt=\"Fleury 25 ans 007\"\n\t\t\t\t\t\t     src=\"\" data-image=\"https:\/\/apeimeudon.fr\/Blog-APEI\/wp-content\/uploads\/2019\/10\/Fleury-25-ans-007.jpg\"\n\t\t\t\t\t\t     data-thumb=\"https:\/\/apeimeudon.fr\/Blog-APEI\/wp-content\/uploads\/2019\/10\/Fleury-25-ans-007-300x168.jpg\"\n\t\t\t\t\t\t     title=\"\"\n\t\t\t\t\t\t     style=\"display:none\">\n\n\t\t\t\t\t\t<img alt=\"Fleury 25 ans 008\"\n\t\t\t\t\t\t     src=\"\" data-image=\"https:\/\/apeimeudon.fr\/Blog-APEI\/wp-content\/uploads\/2019\/10\/Fleury-25-ans-008.jpg\"\n\t\t\t\t\t\t     data-thumb=\"https:\/\/apeimeudon.fr\/Blog-APEI\/wp-content\/uploads\/2019\/10\/Fleury-25-ans-008-300x168.jpg\"\n\t\t\t\t\t\t     title=\"\"\n\t\t\t\t\t\t     style=\"display:none\">\n\n\t\t\t\t\t\t<img alt=\"Fleury 25 ans 009\"\n\t\t\t\t\t\t     src=\"\" data-image=\"https:\/\/apeimeudon.fr\/Blog-APEI\/wp-content\/uploads\/2019\/10\/Fleury-25-ans-009.jpg\"\n\t\t\t\t\t\t     data-thumb=\"https:\/\/apeimeudon.fr\/Blog-APEI\/wp-content\/uploads\/2019\/10\/Fleury-25-ans-009-300x225.jpg\"\n\t\t\t\t\t\t     title=\"\"\n\t\t\t\t\t\t     style=\"display:none\">\n\n\t\t\t\t\t\t<img alt=\"Fleury 25 ans 010\"\n\t\t\t\t\t\t     src=\"\" data-image=\"https:\/\/apeimeudon.fr\/Blog-APEI\/wp-content\/uploads\/2019\/10\/Fleury-25-ans-010.jpg\"\n\t\t\t\t\t\t     data-thumb=\"https:\/\/apeimeudon.fr\/Blog-APEI\/wp-content\/uploads\/2019\/10\/Fleury-25-ans-010-300x200.jpg\"\n\t\t\t\t\t\t     title=\"\"\n\t\t\t\t\t\t     style=\"display:none\">\n\n\t\t\t\t\t\t<img alt=\"Fleury 25 ans 011\"\n\t\t\t\t\t\t     src=\"\" data-image=\"https:\/\/apeimeudon.fr\/Blog-APEI\/wp-content\/uploads\/2019\/10\/Fleury-25-ans-011.jpg\"\n\t\t\t\t\t\t     data-thumb=\"https:\/\/apeimeudon.fr\/Blog-APEI\/wp-content\/uploads\/2019\/10\/Fleury-25-ans-011-300x200.jpg\"\n\t\t\t\t\t\t     title=\"\"\n\t\t\t\t\t\t     style=\"display:none\">\n\t\t\t<\/div>\n\n\t\t\t<script type='text\/javascript'>\n\t\t\t\twindow.onload = function(e) {\n\t\t\t\t\tif(typeof ugCheckForErrors == \"undefined\"){\n\t\t\t\t\t\tdocument.getElementById(\"unitegallery_43_1\").innerHTML = \"<span style='color:red'>Unite Gallery Error - gallery js and css files not included in the footer. Please make sure that wp_footer() function is added to your theme.<\/span>\";}\n\t\t\t\t\telse{ ugCheckForErrors(\"unitegallery_43_1\", \"jquery\");}\n\t\t\t\t};\n\t\t\t<\/script>\n\n\t\t\t<!-- END UNITEGALLERY --><\/p>\n\n\n\n<p>  <\/p>\n\n\n\n<p><em>La f\u00eate bat son plein<\/em><\/p>\n\n\n<p>\r\n\t\t\t\t\t\n\r\n\t\t\t\t\t<!-- START UNITE GALLERY 1.7.62 -->\r\n\t\t\t\t\t\r\n\t\t\t\t\n\t\t\t<div id='unitegallery_44_2' class='unite-gallery' style='margin:0px auto;'>\n\t\t\t\t\n\n\t\t\t\t\t\t<img alt=\"Fleury 25 ans 012\"\n\t\t\t\t\t\t     src=\"\" data-image=\"https:\/\/apeimeudon.fr\/Blog-APEI\/wp-content\/uploads\/2019\/10\/Fleury-25-ans-012.jpg\"\n\t\t\t\t\t\t     data-thumb=\"https:\/\/apeimeudon.fr\/Blog-APEI\/wp-content\/uploads\/2019\/10\/Fleury-25-ans-012-300x200.jpg\"\n\t\t\t\t\t\t     title=\"\"\n\t\t\t\t\t\t     style=\"display:none\">\n\n\t\t\t\t\t\t<img alt=\"Fleury 25 ans 013\"\n\t\t\t\t\t\t     src=\"\" data-image=\"https:\/\/apeimeudon.fr\/Blog-APEI\/wp-content\/uploads\/2019\/10\/Fleury-25-ans-013.jpg\"\n\t\t\t\t\t\t     data-thumb=\"https:\/\/apeimeudon.fr\/Blog-APEI\/wp-content\/uploads\/2019\/10\/Fleury-25-ans-013-300x200.jpg\"\n\t\t\t\t\t\t     title=\"\"\n\t\t\t\t\t\t     style=\"display:none\">\n\n\t\t\t\t\t\t<img alt=\"Fleury 25 ans 014\"\n\t\t\t\t\t\t     src=\"\" data-image=\"https:\/\/apeimeudon.fr\/Blog-APEI\/wp-content\/uploads\/2019\/10\/Fleury-25-ans-014.jpg\"\n\t\t\t\t\t\t     data-thumb=\"https:\/\/apeimeudon.fr\/Blog-APEI\/wp-content\/uploads\/2019\/10\/Fleury-25-ans-014-300x200.jpg\"\n\t\t\t\t\t\t     title=\"\"\n\t\t\t\t\t\t     style=\"display:none\">\n\n\t\t\t\t\t\t<img alt=\"Fleury 25 ans 015\"\n\t\t\t\t\t\t     src=\"\" data-image=\"https:\/\/apeimeudon.fr\/Blog-APEI\/wp-content\/uploads\/2019\/10\/Fleury-25-ans-015.jpg\"\n\t\t\t\t\t\t     data-thumb=\"https:\/\/apeimeudon.fr\/Blog-APEI\/wp-content\/uploads\/2019\/10\/Fleury-25-ans-015-300x200.jpg\"\n\t\t\t\t\t\t     title=\"\"\n\t\t\t\t\t\t     style=\"display:none\">\n\n\t\t\t\t\t\t<img alt=\"Fleury 25 ans 016\"\n\t\t\t\t\t\t     src=\"\" data-image=\"https:\/\/apeimeudon.fr\/Blog-APEI\/wp-content\/uploads\/2019\/10\/Fleury-25-ans-016.jpg\"\n\t\t\t\t\t\t     data-thumb=\"https:\/\/apeimeudon.fr\/Blog-APEI\/wp-content\/uploads\/2019\/10\/Fleury-25-ans-016-300x200.jpg\"\n\t\t\t\t\t\t     title=\"\"\n\t\t\t\t\t\t     style=\"display:none\">\n\n\t\t\t\t\t\t<img alt=\"Fleury 25 ans 017\"\n\t\t\t\t\t\t     src=\"\" data-image=\"https:\/\/apeimeudon.fr\/Blog-APEI\/wp-content\/uploads\/2019\/10\/Fleury-25-ans-017.jpg\"\n\t\t\t\t\t\t     data-thumb=\"https:\/\/apeimeudon.fr\/Blog-APEI\/wp-content\/uploads\/2019\/10\/Fleury-25-ans-017-300x200.jpg\"\n\t\t\t\t\t\t     title=\"\"\n\t\t\t\t\t\t     style=\"display:none\">\n\n\t\t\t\t\t\t<img alt=\"Fleury 25 ans 018\"\n\t\t\t\t\t\t     src=\"\" data-image=\"https:\/\/apeimeudon.fr\/Blog-APEI\/wp-content\/uploads\/2019\/10\/Fleury-25-ans-018.jpg\"\n\t\t\t\t\t\t     data-thumb=\"https:\/\/apeimeudon.fr\/Blog-APEI\/wp-content\/uploads\/2019\/10\/Fleury-25-ans-018-300x169.jpg\"\n\t\t\t\t\t\t     title=\"\"\n\t\t\t\t\t\t     style=\"display:none\">\n\n\t\t\t\t\t\t<img alt=\"Fleury 25 ans 019\"\n\t\t\t\t\t\t     src=\"\" data-image=\"https:\/\/apeimeudon.fr\/Blog-APEI\/wp-content\/uploads\/2019\/10\/Fleury-25-ans-019.jpg\"\n\t\t\t\t\t\t     data-thumb=\"https:\/\/apeimeudon.fr\/Blog-APEI\/wp-content\/uploads\/2019\/10\/Fleury-25-ans-019-300x200.jpg\"\n\t\t\t\t\t\t     title=\"\"\n\t\t\t\t\t\t     style=\"display:none\">\n\n\t\t\t\t\t\t<img alt=\"Fleury 25 ans 020\"\n\t\t\t\t\t\t     src=\"\" data-image=\"https:\/\/apeimeudon.fr\/Blog-APEI\/wp-content\/uploads\/2019\/10\/Fleury-25-ans-020.jpg\"\n\t\t\t\t\t\t     data-thumb=\"https:\/\/apeimeudon.fr\/Blog-APEI\/wp-content\/uploads\/2019\/10\/Fleury-25-ans-020-200x300.jpg\"\n\t\t\t\t\t\t     title=\"\"\n\t\t\t\t\t\t     style=\"display:none\">\n\n\t\t\t\t\t\t<img alt=\"Fleury 25 ans 021\"\n\t\t\t\t\t\t     src=\"\" data-image=\"https:\/\/apeimeudon.fr\/Blog-APEI\/wp-content\/uploads\/2019\/10\/Fleury-25-ans-021.jpg\"\n\t\t\t\t\t\t     data-thumb=\"https:\/\/apeimeudon.fr\/Blog-APEI\/wp-content\/uploads\/2019\/10\/Fleury-25-ans-021-200x300.jpg\"\n\t\t\t\t\t\t     title=\"\"\n\t\t\t\t\t\t     style=\"display:none\">\n\t\t\t<\/div>\n\n\n\t\t\t<!-- END UNITEGALLERY --><\/p>\n\n\n\n<p>    <\/p>\n\n\n\n<p><em>Maintenant dansons !<\/em><\/p>\n\n\n<p>\r\n\t\t\t\t\t\n\r\n\t\t\t\t\t<!-- START UNITE GALLERY 1.7.62 -->\r\n\t\t\t\t\t\r\n\t\t\t\t\n\t\t\t<div id='unitegallery_45_3' class='unite-gallery' style='margin:0px auto;'>\n\t\t\t\t\n\n\t\t\t\t\t\t<img alt=\"Fleury 25 ans 022\"\n\t\t\t\t\t\t     src=\"\" data-image=\"https:\/\/apeimeudon.fr\/Blog-APEI\/wp-content\/uploads\/2019\/10\/Fleury-25-ans-022.jpg\"\n\t\t\t\t\t\t     data-thumb=\"https:\/\/apeimeudon.fr\/Blog-APEI\/wp-content\/uploads\/2019\/10\/Fleury-25-ans-022-300x200.jpg\"\n\t\t\t\t\t\t     title=\"\"\n\t\t\t\t\t\t     style=\"display:none\">\n\n\t\t\t\t\t\t<img alt=\"Fleury 25 ans 023\"\n\t\t\t\t\t\t     src=\"\" data-image=\"https:\/\/apeimeudon.fr\/Blog-APEI\/wp-content\/uploads\/2019\/10\/Fleury-25-ans-023.jpg\"\n\t\t\t\t\t\t     data-thumb=\"https:\/\/apeimeudon.fr\/Blog-APEI\/wp-content\/uploads\/2019\/10\/Fleury-25-ans-023-300x200.jpg\"\n\t\t\t\t\t\t     title=\"\"\n\t\t\t\t\t\t     style=\"display:none\">\n\n\t\t\t\t\t\t<img alt=\"Fleury 25 ans 024\"\n\t\t\t\t\t\t     src=\"\" data-image=\"https:\/\/apeimeudon.fr\/Blog-APEI\/wp-content\/uploads\/2019\/10\/Fleury-25-ans-024.jpg\"\n\t\t\t\t\t\t     data-thumb=\"https:\/\/apeimeudon.fr\/Blog-APEI\/wp-content\/uploads\/2019\/10\/Fleury-25-ans-024-300x200.jpg\"\n\t\t\t\t\t\t     title=\"\"\n\t\t\t\t\t\t     style=\"display:none\">\n\n\t\t\t\t\t\t<img alt=\"Fleury 25 ans 025\"\n\t\t\t\t\t\t     src=\"\" data-image=\"https:\/\/apeimeudon.fr\/Blog-APEI\/wp-content\/uploads\/2019\/10\/Fleury-25-ans-025.jpg\"\n\t\t\t\t\t\t     data-thumb=\"https:\/\/apeimeudon.fr\/Blog-APEI\/wp-content\/uploads\/2019\/10\/Fleury-25-ans-025-300x200.jpg\"\n\t\t\t\t\t\t     title=\"\"\n\t\t\t\t\t\t     style=\"display:none\">\n\n\t\t\t\t\t\t<img alt=\"Fleury 25 ans 026\"\n\t\t\t\t\t\t     src=\"\" data-image=\"https:\/\/apeimeudon.fr\/Blog-APEI\/wp-content\/uploads\/2019\/10\/Fleury-25-ans-026.jpg\"\n\t\t\t\t\t\t     data-thumb=\"https:\/\/apeimeudon.fr\/Blog-APEI\/wp-content\/uploads\/2019\/10\/Fleury-25-ans-026-300x200.jpg\"\n\t\t\t\t\t\t     title=\"\"\n\t\t\t\t\t\t     style=\"display:none\">\n\n\t\t\t\t\t\t<img alt=\"Fleury 25 ans 027\"\n\t\t\t\t\t\t     src=\"\" data-image=\"https:\/\/apeimeudon.fr\/Blog-APEI\/wp-content\/uploads\/2019\/10\/Fleury-25-ans-027.jpg\"\n\t\t\t\t\t\t     data-thumb=\"https:\/\/apeimeudon.fr\/Blog-APEI\/wp-content\/uploads\/2019\/10\/Fleury-25-ans-027-300x200.jpg\"\n\t\t\t\t\t\t     title=\"\"\n\t\t\t\t\t\t     style=\"display:none\">\n\n\t\t\t\t\t\t<img alt=\"Fleury 25 ans 028\"\n\t\t\t\t\t\t     src=\"\" data-image=\"https:\/\/apeimeudon.fr\/Blog-APEI\/wp-content\/uploads\/2019\/10\/Fleury-25-ans-028.jpg\"\n\t\t\t\t\t\t     data-thumb=\"https:\/\/apeimeudon.fr\/Blog-APEI\/wp-content\/uploads\/2019\/10\/Fleury-25-ans-028-300x200.jpg\"\n\t\t\t\t\t\t     title=\"\"\n\t\t\t\t\t\t     style=\"display:none\">\n\n\t\t\t\t\t\t<img alt=\"Fleury 25 ans 029\"\n\t\t\t\t\t\t     src=\"\" data-image=\"https:\/\/apeimeudon.fr\/Blog-APEI\/wp-content\/uploads\/2019\/10\/Fleury-25-ans-029.jpg\"\n\t\t\t\t\t\t     data-thumb=\"https:\/\/apeimeudon.fr\/Blog-APEI\/wp-content\/uploads\/2019\/10\/Fleury-25-ans-029-300x200.jpg\"\n\t\t\t\t\t\t     title=\"\"\n\t\t\t\t\t\t     style=\"display:none\">\n\t\t\t<\/div>\n\n\n\t\t\t<!-- END UNITEGALLERY --><\/p>\n","protected":false},"excerpt":{"rendered":"<p>Le 14 septembre 2019, le foyer de Fleury a f\u00eat\u00e9 ses 25 ans d\u2019existence&nbsp;!! La f\u00eate a r\u00e9uni les membres de l\u2019association, tout le personnel de l\u2019\u00e9tablissement, les r\u00e9sidents et leurs familles ainsi que des anciens (r\u00e9sidents, familles et salari\u00e9s). Les autres foyers de l\u2019APEI \u00e9taient \u00e9galement invit\u00e9s. Quelques partenaires sont venus \u00e9galement. Le maire [&hellip;]<\/p>\n","protected":false},"author":2,"featured_media":729,"comment_status":"open","ping_status":"open","sticky":false,"template":"","format":"standard","meta":{"_acf_changed":false,"_monsterinsights_skip_tracking":false,"_monsterinsights_sitenote_active":false,"_monsterinsights_sitenote_note":"","_monsterinsights_sitenote_category":0,"ngg_post_thumbnail":0,"footnotes":""},"categories":[32],"tags":[],"class_list":["post-730","post","type-post","status-publish","format-standard","has-post-thumbnail","hentry","category-foyer-fleury"],"acf":[],"yoast_head":"<!-- This site is optimized with the Yoast SEO plugin v27.3 - https:\/\/yoast.com\/product\/yoast-seo-wordpress\/ -->\n<title>F\u00eate des 25 ans du foyer FLEURY - La Gazette des Foyers de l&#039;APEI de Meudon<\/title>\n<meta name=\"robots\" content=\"index, follow, max-snippet:-1, max-image-preview:large, max-video-preview:-1\" \/>\n<link rel=\"canonical\" href=\"https:\/\/apeimeudon.fr\/Blog-APEI\/fete-des-25-ans-du-foyer-fleury\/\" \/>\n<meta property=\"og:locale\" content=\"fr_FR\" \/>\n<meta property=\"og:type\" content=\"article\" \/>\n<meta property=\"og:title\" content=\"F\u00eate des 25 ans du foyer FLEURY - La Gazette des Foyers de l&#039;APEI de Meudon\" \/>\n<meta property=\"og:description\" content=\"Le 14 septembre 2019, le foyer de Fleury a f\u00eat\u00e9 ses 25 ans d\u2019existence&nbsp;!! La f\u00eate a r\u00e9uni les membres de l\u2019association, tout le personnel de l\u2019\u00e9tablissement, les r\u00e9sidents et leurs familles ainsi que des anciens (r\u00e9sidents, familles et salari\u00e9s). Les autres foyers de l\u2019APEI \u00e9taient \u00e9galement invit\u00e9s. Quelques partenaires sont venus \u00e9galement. Le maire [&hellip;]\" \/>\n<meta property=\"og:url\" content=\"https:\/\/apeimeudon.fr\/Blog-APEI\/fete-des-25-ans-du-foyer-fleury\/\" \/>\n<meta property=\"og:site_name\" content=\"La Gazette des Foyers de l&#039;APEI de Meudon\" \/>\n<meta property=\"article:published_time\" content=\"2019-10-18T09:12:56+00:00\" \/>\n<meta property=\"article:modified_time\" content=\"2019-10-18T09:28:59+00:00\" \/>\n<meta property=\"og:image\" content=\"https:\/\/apeimeudon.fr\/Blog-APEI\/wp-content\/uploads\/2019\/10\/Fleury-25-ans-Miniature.jpg\" \/>\n\t<meta property=\"og:image:width\" content=\"303\" \/>\n\t<meta property=\"og:image:height\" content=\"392\" \/>\n\t<meta property=\"og:image:type\" content=\"image\/jpeg\" \/>\n<meta name=\"author\" content=\"Equipe r\u00e9dactionnelle Foyer FLEURY\" \/>\n<meta name=\"twitter:card\" content=\"summary_large_image\" \/>\n<meta name=\"twitter:label1\" content=\"\u00c9crit par\" \/>\n\t<meta name=\"twitter:data1\" content=\"Equipe r\u00e9dactionnelle Foyer FLEURY\" \/>\n\t<meta name=\"twitter:label2\" content=\"Dur\u00e9e de lecture estim\u00e9e\" \/>\n\t<meta name=\"twitter:data2\" content=\"3 minutes\" \/>\n<script type=\"application\/ld+json\" class=\"yoast-schema-graph\">{\"@context\":\"https:\\\/\\\/schema.org\",\"@graph\":[{\"@type\":\"Article\",\"@id\":\"https:\\\/\\\/apeimeudon.fr\\\/Blog-APEI\\\/fete-des-25-ans-du-foyer-fleury\\\/#article\",\"isPartOf\":{\"@id\":\"https:\\\/\\\/apeimeudon.fr\\\/Blog-APEI\\\/fete-des-25-ans-du-foyer-fleury\\\/\"},\"author\":{\"name\":\"Equipe r\u00e9dactionnelle Foyer FLEURY\",\"@id\":\"https:\\\/\\\/apeimeudon.fr\\\/Blog-APEI\\\/#\\\/schema\\\/person\\\/a81a31019e8af8065790f5c6acfdc547\"},\"headline\":\"F\u00eate des 25 ans du foyer FLEURY\",\"datePublished\":\"2019-10-18T09:12:56+00:00\",\"dateModified\":\"2019-10-18T09:28:59+00:00\",\"mainEntityOfPage\":{\"@id\":\"https:\\\/\\\/apeimeudon.fr\\\/Blog-APEI\\\/fete-des-25-ans-du-foyer-fleury\\\/\"},\"wordCount\":542,\"commentCount\":0,\"publisher\":{\"@id\":\"https:\\\/\\\/apeimeudon.fr\\\/Blog-APEI\\\/#organization\"},\"image\":{\"@id\":\"https:\\\/\\\/apeimeudon.fr\\\/Blog-APEI\\\/fete-des-25-ans-du-foyer-fleury\\\/#primaryimage\"},\"thumbnailUrl\":\"https:\\\/\\\/apeimeudon.fr\\\/Blog-APEI\\\/wp-content\\\/uploads\\\/2019\\\/10\\\/Fleury-25-ans-Miniature.jpg\",\"articleSection\":[\"Foyer Fleury\"],\"inLanguage\":\"fr-FR\",\"potentialAction\":[{\"@type\":\"CommentAction\",\"name\":\"Comment\",\"target\":[\"https:\\\/\\\/apeimeudon.fr\\\/Blog-APEI\\\/fete-des-25-ans-du-foyer-fleury\\\/#respond\"]}]},{\"@type\":\"WebPage\",\"@id\":\"https:\\\/\\\/apeimeudon.fr\\\/Blog-APEI\\\/fete-des-25-ans-du-foyer-fleury\\\/\",\"url\":\"https:\\\/\\\/apeimeudon.fr\\\/Blog-APEI\\\/fete-des-25-ans-du-foyer-fleury\\\/\",\"name\":\"F\u00eate des 25 ans du foyer FLEURY - La Gazette des Foyers de l&#039;APEI de Meudon\",\"isPartOf\":{\"@id\":\"https:\\\/\\\/apeimeudon.fr\\\/Blog-APEI\\\/#website\"},\"primaryImageOfPage\":{\"@id\":\"https:\\\/\\\/apeimeudon.fr\\\/Blog-APEI\\\/fete-des-25-ans-du-foyer-fleury\\\/#primaryimage\"},\"image\":{\"@id\":\"https:\\\/\\\/apeimeudon.fr\\\/Blog-APEI\\\/fete-des-25-ans-du-foyer-fleury\\\/#primaryimage\"},\"thumbnailUrl\":\"https:\\\/\\\/apeimeudon.fr\\\/Blog-APEI\\\/wp-content\\\/uploads\\\/2019\\\/10\\\/Fleury-25-ans-Miniature.jpg\",\"datePublished\":\"2019-10-18T09:12:56+00:00\",\"dateModified\":\"2019-10-18T09:28:59+00:00\",\"breadcrumb\":{\"@id\":\"https:\\\/\\\/apeimeudon.fr\\\/Blog-APEI\\\/fete-des-25-ans-du-foyer-fleury\\\/#breadcrumb\"},\"inLanguage\":\"fr-FR\",\"potentialAction\":[{\"@type\":\"ReadAction\",\"target\":[\"https:\\\/\\\/apeimeudon.fr\\\/Blog-APEI\\\/fete-des-25-ans-du-foyer-fleury\\\/\"]}]},{\"@type\":\"ImageObject\",\"inLanguage\":\"fr-FR\",\"@id\":\"https:\\\/\\\/apeimeudon.fr\\\/Blog-APEI\\\/fete-des-25-ans-du-foyer-fleury\\\/#primaryimage\",\"url\":\"https:\\\/\\\/apeimeudon.fr\\\/Blog-APEI\\\/wp-content\\\/uploads\\\/2019\\\/10\\\/Fleury-25-ans-Miniature.jpg\",\"contentUrl\":\"https:\\\/\\\/apeimeudon.fr\\\/Blog-APEI\\\/wp-content\\\/uploads\\\/2019\\\/10\\\/Fleury-25-ans-Miniature.jpg\",\"width\":303,\"height\":392},{\"@type\":\"BreadcrumbList\",\"@id\":\"https:\\\/\\\/apeimeudon.fr\\\/Blog-APEI\\\/fete-des-25-ans-du-foyer-fleury\\\/#breadcrumb\",\"itemListElement\":[{\"@type\":\"ListItem\",\"position\":1,\"name\":\"Accueil\",\"item\":\"https:\\\/\\\/apeimeudon.fr\\\/Blog-APEI\\\/\"},{\"@type\":\"ListItem\",\"position\":2,\"name\":\"F\u00eate des 25 ans du foyer FLEURY\"}]},{\"@type\":\"WebSite\",\"@id\":\"https:\\\/\\\/apeimeudon.fr\\\/Blog-APEI\\\/#website\",\"url\":\"https:\\\/\\\/apeimeudon.fr\\\/Blog-APEI\\\/\",\"name\":\"La Gazette des Foyers de l&#039;APEI de Meudon\",\"description\":\"Nos diff\u00e9rences loin de nous l\u00e9ser doivent nous enrichir -  Antoine de Saint-Exup\u00e9ry\",\"publisher\":{\"@id\":\"https:\\\/\\\/apeimeudon.fr\\\/Blog-APEI\\\/#organization\"},\"potentialAction\":[{\"@type\":\"SearchAction\",\"target\":{\"@type\":\"EntryPoint\",\"urlTemplate\":\"https:\\\/\\\/apeimeudon.fr\\\/Blog-APEI\\\/?s={search_term_string}\"},\"query-input\":{\"@type\":\"PropertyValueSpecification\",\"valueRequired\":true,\"valueName\":\"search_term_string\"}}],\"inLanguage\":\"fr-FR\"},{\"@type\":\"Organization\",\"@id\":\"https:\\\/\\\/apeimeudon.fr\\\/Blog-APEI\\\/#organization\",\"name\":\"APEI de Meudon\",\"url\":\"https:\\\/\\\/apeimeudon.fr\\\/Blog-APEI\\\/\",\"logo\":{\"@type\":\"ImageObject\",\"inLanguage\":\"fr-FR\",\"@id\":\"https:\\\/\\\/apeimeudon.fr\\\/Blog-APEI\\\/#\\\/schema\\\/logo\\\/image\\\/\",\"url\":\"https:\\\/\\\/apeimeudon.fr\\\/Blog-APEI\\\/wp-content\\\/uploads\\\/2017\\\/10\\\/Icone-APEI.png\",\"contentUrl\":\"https:\\\/\\\/apeimeudon.fr\\\/Blog-APEI\\\/wp-content\\\/uploads\\\/2017\\\/10\\\/Icone-APEI.png\",\"width\":128,\"height\":128,\"caption\":\"APEI de Meudon\"},\"image\":{\"@id\":\"https:\\\/\\\/apeimeudon.fr\\\/Blog-APEI\\\/#\\\/schema\\\/logo\\\/image\\\/\"}},{\"@type\":\"Person\",\"@id\":\"https:\\\/\\\/apeimeudon.fr\\\/Blog-APEI\\\/#\\\/schema\\\/person\\\/a81a31019e8af8065790f5c6acfdc547\",\"name\":\"Equipe r\u00e9dactionnelle Foyer FLEURY\",\"image\":{\"@type\":\"ImageObject\",\"inLanguage\":\"fr-FR\",\"@id\":\"https:\\\/\\\/secure.gravatar.com\\\/avatar\\\/077b0b63c066e0ecf5a8ce55f379e3e6cc4cee7cb3fc656a19335177af2035da?s=96&d=mm&r=g\",\"url\":\"https:\\\/\\\/secure.gravatar.com\\\/avatar\\\/077b0b63c066e0ecf5a8ce55f379e3e6cc4cee7cb3fc656a19335177af2035da?s=96&d=mm&r=g\",\"contentUrl\":\"https:\\\/\\\/secure.gravatar.com\\\/avatar\\\/077b0b63c066e0ecf5a8ce55f379e3e6cc4cee7cb3fc656a19335177af2035da?s=96&d=mm&r=g\",\"caption\":\"Equipe r\u00e9dactionnelle Foyer FLEURY\"},\"url\":\"https:\\\/\\\/apeimeudon.fr\\\/Blog-APEI\\\/author\\\/fleury\\\/\"}]}<\/script>\n<!-- \/ Yoast SEO plugin. -->","yoast_head_json":{"title":"F\u00eate des 25 ans du foyer FLEURY - La Gazette des Foyers de l&#039;APEI de Meudon","robots":{"index":"index","follow":"follow","max-snippet":"max-snippet:-1","max-image-preview":"max-image-preview:large","max-video-preview":"max-video-preview:-1"},"canonical":"https:\/\/apeimeudon.fr\/Blog-APEI\/fete-des-25-ans-du-foyer-fleury\/","og_locale":"fr_FR","og_type":"article","og_title":"F\u00eate des 25 ans du foyer FLEURY - La Gazette des Foyers de l&#039;APEI de Meudon","og_description":"Le 14 septembre 2019, le foyer de Fleury a f\u00eat\u00e9 ses 25 ans d\u2019existence&nbsp;!! La f\u00eate a r\u00e9uni les membres de l\u2019association, tout le personnel de l\u2019\u00e9tablissement, les r\u00e9sidents et leurs familles ainsi que des anciens (r\u00e9sidents, familles et salari\u00e9s). Les autres foyers de l\u2019APEI \u00e9taient \u00e9galement invit\u00e9s. Quelques partenaires sont venus \u00e9galement. Le maire [&hellip;]","og_url":"https:\/\/apeimeudon.fr\/Blog-APEI\/fete-des-25-ans-du-foyer-fleury\/","og_site_name":"La Gazette des Foyers de l&#039;APEI de Meudon","article_published_time":"2019-10-18T09:12:56+00:00","article_modified_time":"2019-10-18T09:28:59+00:00","og_image":[{"width":303,"height":392,"url":"https:\/\/apeimeudon.fr\/Blog-APEI\/wp-content\/uploads\/2019\/10\/Fleury-25-ans-Miniature.jpg","type":"image\/jpeg"}],"author":"Equipe r\u00e9dactionnelle Foyer FLEURY","twitter_card":"summary_large_image","twitter_misc":{"\u00c9crit par":"Equipe r\u00e9dactionnelle Foyer FLEURY","Dur\u00e9e de lecture estim\u00e9e":"3 minutes"},"schema":{"@context":"https:\/\/schema.org","@graph":[{"@type":"Article","@id":"https:\/\/apeimeudon.fr\/Blog-APEI\/fete-des-25-ans-du-foyer-fleury\/#article","isPartOf":{"@id":"https:\/\/apeimeudon.fr\/Blog-APEI\/fete-des-25-ans-du-foyer-fleury\/"},"author":{"name":"Equipe r\u00e9dactionnelle Foyer FLEURY","@id":"https:\/\/apeimeudon.fr\/Blog-APEI\/#\/schema\/person\/a81a31019e8af8065790f5c6acfdc547"},"headline":"F\u00eate des 25 ans du foyer FLEURY","datePublished":"2019-10-18T09:12:56+00:00","dateModified":"2019-10-18T09:28:59+00:00","mainEntityOfPage":{"@id":"https:\/\/apeimeudon.fr\/Blog-APEI\/fete-des-25-ans-du-foyer-fleury\/"},"wordCount":542,"commentCount":0,"publisher":{"@id":"https:\/\/apeimeudon.fr\/Blog-APEI\/#organization"},"image":{"@id":"https:\/\/apeimeudon.fr\/Blog-APEI\/fete-des-25-ans-du-foyer-fleury\/#primaryimage"},"thumbnailUrl":"https:\/\/apeimeudon.fr\/Blog-APEI\/wp-content\/uploads\/2019\/10\/Fleury-25-ans-Miniature.jpg","articleSection":["Foyer Fleury"],"inLanguage":"fr-FR","potentialAction":[{"@type":"CommentAction","name":"Comment","target":["https:\/\/apeimeudon.fr\/Blog-APEI\/fete-des-25-ans-du-foyer-fleury\/#respond"]}]},{"@type":"WebPage","@id":"https:\/\/apeimeudon.fr\/Blog-APEI\/fete-des-25-ans-du-foyer-fleury\/","url":"https:\/\/apeimeudon.fr\/Blog-APEI\/fete-des-25-ans-du-foyer-fleury\/","name":"F\u00eate des 25 ans du foyer FLEURY - La Gazette des Foyers de l&#039;APEI de Meudon","isPartOf":{"@id":"https:\/\/apeimeudon.fr\/Blog-APEI\/#website"},"primaryImageOfPage":{"@id":"https:\/\/apeimeudon.fr\/Blog-APEI\/fete-des-25-ans-du-foyer-fleury\/#primaryimage"},"image":{"@id":"https:\/\/apeimeudon.fr\/Blog-APEI\/fete-des-25-ans-du-foyer-fleury\/#primaryimage"},"thumbnailUrl":"https:\/\/apeimeudon.fr\/Blog-APEI\/wp-content\/uploads\/2019\/10\/Fleury-25-ans-Miniature.jpg","datePublished":"2019-10-18T09:12:56+00:00","dateModified":"2019-10-18T09:28:59+00:00","breadcrumb":{"@id":"https:\/\/apeimeudon.fr\/Blog-APEI\/fete-des-25-ans-du-foyer-fleury\/#breadcrumb"},"inLanguage":"fr-FR","potentialAction":[{"@type":"ReadAction","target":["https:\/\/apeimeudon.fr\/Blog-APEI\/fete-des-25-ans-du-foyer-fleury\/"]}]},{"@type":"ImageObject","inLanguage":"fr-FR","@id":"https:\/\/apeimeudon.fr\/Blog-APEI\/fete-des-25-ans-du-foyer-fleury\/#primaryimage","url":"https:\/\/apeimeudon.fr\/Blog-APEI\/wp-content\/uploads\/2019\/10\/Fleury-25-ans-Miniature.jpg","contentUrl":"https:\/\/apeimeudon.fr\/Blog-APEI\/wp-content\/uploads\/2019\/10\/Fleury-25-ans-Miniature.jpg","width":303,"height":392},{"@type":"BreadcrumbList","@id":"https:\/\/apeimeudon.fr\/Blog-APEI\/fete-des-25-ans-du-foyer-fleury\/#breadcrumb","itemListElement":[{"@type":"ListItem","position":1,"name":"Accueil","item":"https:\/\/apeimeudon.fr\/Blog-APEI\/"},{"@type":"ListItem","position":2,"name":"F\u00eate des 25 ans du foyer FLEURY"}]},{"@type":"WebSite","@id":"https:\/\/apeimeudon.fr\/Blog-APEI\/#website","url":"https:\/\/apeimeudon.fr\/Blog-APEI\/","name":"La Gazette des Foyers de l&#039;APEI de Meudon","description":"Nos diff\u00e9rences loin de nous l\u00e9ser doivent nous enrichir -  Antoine de Saint-Exup\u00e9ry","publisher":{"@id":"https:\/\/apeimeudon.fr\/Blog-APEI\/#organization"},"potentialAction":[{"@type":"SearchAction","target":{"@type":"EntryPoint","urlTemplate":"https:\/\/apeimeudon.fr\/Blog-APEI\/?s={search_term_string}"},"query-input":{"@type":"PropertyValueSpecification","valueRequired":true,"valueName":"search_term_string"}}],"inLanguage":"fr-FR"},{"@type":"Organization","@id":"https:\/\/apeimeudon.fr\/Blog-APEI\/#organization","name":"APEI de Meudon","url":"https:\/\/apeimeudon.fr\/Blog-APEI\/","logo":{"@type":"ImageObject","inLanguage":"fr-FR","@id":"https:\/\/apeimeudon.fr\/Blog-APEI\/#\/schema\/logo\/image\/","url":"https:\/\/apeimeudon.fr\/Blog-APEI\/wp-content\/uploads\/2017\/10\/Icone-APEI.png","contentUrl":"https:\/\/apeimeudon.fr\/Blog-APEI\/wp-content\/uploads\/2017\/10\/Icone-APEI.png","width":128,"height":128,"caption":"APEI de Meudon"},"image":{"@id":"https:\/\/apeimeudon.fr\/Blog-APEI\/#\/schema\/logo\/image\/"}},{"@type":"Person","@id":"https:\/\/apeimeudon.fr\/Blog-APEI\/#\/schema\/person\/a81a31019e8af8065790f5c6acfdc547","name":"Equipe r\u00e9dactionnelle Foyer FLEURY","image":{"@type":"ImageObject","inLanguage":"fr-FR","@id":"https:\/\/secure.gravatar.com\/avatar\/077b0b63c066e0ecf5a8ce55f379e3e6cc4cee7cb3fc656a19335177af2035da?s=96&d=mm&r=g","url":"https:\/\/secure.gravatar.com\/avatar\/077b0b63c066e0ecf5a8ce55f379e3e6cc4cee7cb3fc656a19335177af2035da?s=96&d=mm&r=g","contentUrl":"https:\/\/secure.gravatar.com\/avatar\/077b0b63c066e0ecf5a8ce55f379e3e6cc4cee7cb3fc656a19335177af2035da?s=96&d=mm&r=g","caption":"Equipe r\u00e9dactionnelle Foyer FLEURY"},"url":"https:\/\/apeimeudon.fr\/Blog-APEI\/author\/fleury\/"}]}},"_links":{"self":[{"href":"https:\/\/apeimeudon.fr\/Blog-APEI\/wp-json\/wp\/v2\/posts\/730","targetHints":{"allow":["GET"]}}],"collection":[{"href":"https:\/\/apeimeudon.fr\/Blog-APEI\/wp-json\/wp\/v2\/posts"}],"about":[{"href":"https:\/\/apeimeudon.fr\/Blog-APEI\/wp-json\/wp\/v2\/types\/post"}],"author":[{"embeddable":true,"href":"https:\/\/apeimeudon.fr\/Blog-APEI\/wp-json\/wp\/v2\/users\/2"}],"replies":[{"embeddable":true,"href":"https:\/\/apeimeudon.fr\/Blog-APEI\/wp-json\/wp\/v2\/comments?post=730"}],"version-history":[{"count":8,"href":"https:\/\/apeimeudon.fr\/Blog-APEI\/wp-json\/wp\/v2\/posts\/730\/revisions"}],"predecessor-version":[{"id":740,"href":"https:\/\/apeimeudon.fr\/Blog-APEI\/wp-json\/wp\/v2\/posts\/730\/revisions\/740"}],"wp:featuredmedia":[{"embeddable":true,"href":"https:\/\/apeimeudon.fr\/Blog-APEI\/wp-json\/wp\/v2\/media\/729"}],"wp:attachment":[{"href":"https:\/\/apeimeudon.fr\/Blog-APEI\/wp-json\/wp\/v2\/media?parent=730"}],"wp:term":[{"taxonomy":"category","embeddable":true,"href":"https:\/\/apeimeudon.fr\/Blog-APEI\/wp-json\/wp\/v2\/categories?post=730"},{"taxonomy":"post_tag","embeddable":true,"href":"https:\/\/apeimeudon.fr\/Blog-APEI\/wp-json\/wp\/v2\/tags?post=730"}],"curies":[{"name":"wp","href":"https:\/\/api.w.org\/{rel}","templated":true}]}}