{"id":8743,"date":"2024-11-18T17:16:17","date_gmt":"2024-11-18T16:16:17","guid":{"rendered":"https:\/\/apeimeudon.fr\/Blog-APEI\/?p=8743"},"modified":"2024-11-18T17:16:18","modified_gmt":"2024-11-18T16:16:18","slug":"grande-brocante-de-lapei-de-meudon-2024","status":"publish","type":"post","link":"https:\/\/apeimeudon.fr\/Blog-APEI\/grande-brocante-de-lapei-de-meudon-2024\/","title":{"rendered":"Grande Brocante de l&rsquo;APEI de Meudon 2024"},"content":{"rendered":"\n<p>Chers amis,<\/p>\n\n\n\n<p>Voil\u00e0, la fin de l\u2019op\u00e9ration \u00ab&nbsp;Grande Brocante 2024&nbsp;\u00bb. Je suis, comme vous je pense, totalement \u00e9puis\u00e9 cependant tr\u00e8s heureux que nous ayons, ensemble, r\u00e9alis\u00e9 une op\u00e9ration remarquable parce que dans un nouveau lieu et communicant, gr\u00e2ce \u00e0 la vente aux ench\u00e8res anim\u00e9 par Jean-Charles d\u2019ORNANO, commissaire-priseur de Ch\u00e2lons-en-Champagne.<\/p>\n\n\n\n<!--more-->\n\n\n\n<p>\u00catre en centre-ville a chang\u00e9 une partie de la population de nos visiteurs. Nous avons eu des jeunes couples, des trentenaires curieux des cinquantenaires int\u00e9ress\u00e9s et bien s\u00fbr, comment les oublier, nos fid\u00e8les acheteurs et supporters !!!!!!<\/p>\n\n\n\n<p>Dans la longue liste des remerciements que je dois \u00e0 vous tous et toutes, il y a particuli\u00e8rement&nbsp;:<\/p>\n\n\n\n<ul class=\"wp-block-list\">\n<li>Sylvie et Patrick HENRY le couple parfait<\/li>\n\n\n\n<li>Genevi\u00e8ve la pro des tableaux pas mal et pas chers<\/li>\n\n\n\n<li>Isabelle pour son dynamisme<\/li>\n\n\n\n<li>Et bien s\u00fbr tous les responsables de stands et du caf\u00e9 Joyeux<\/li>\n\n\n\n<li>Jean-Charles qui a assur\u00e9 gracieusement notre premi\u00e8re vente aux ench\u00e8res<\/li>\n\n\n\n<li>Bernard JALLAS et Philippe TOUSSAINT les hommes de l\u2019ombre qui ont \u0153uvr\u00e9 pour que le d\u00e9roulement de la vente se passe au mieux.<\/li>\n\n\n\n<li>Nos manutentionnaires d\u00e9vou\u00e9s, Fr\u00e9d\u00e9ric, Jean-Marie, Philippe, Thibault, Joseph \u2026<\/li>\n\n\n\n<li>Et bien s\u00fbr nos g\u00e9n\u00e9reux donateurs meudonnais, poitevins, parisiens, boulonnais, orl\u00e9anais &#8230;<\/li>\n<\/ul>\n\n\n\n<p>Me voil\u00e0, ce lundi matin veuf de notre grande brocante, ce qui pour ma sant\u00e9 en g\u00e9n\u00e9rale, n\u2019est pas plus mal.<\/p>\n\n\n\n<p>Encore un grand MERCI \u00e0 vous toutes et tous&nbsp;!<\/p>\n\n\n\n<p class=\"has-text-align-center\">Patrick<\/p>\n\n\n\n<figure class=\"wp-block-video aligncenter\"><video controls src=\"http:\/\/apeimeudon.fr\/Blog-APEI\/wp-content\/uploads\/2024\/11\/Grande-Brocante-2024.mp4\"><\/video><\/figure>\n","protected":false},"excerpt":{"rendered":"<p>Chers amis, Voil\u00e0, la fin de l\u2019op\u00e9ration \u00ab&nbsp;Grande Brocante 2024&nbsp;\u00bb. Je suis, comme vous je pense, totalement \u00e9puis\u00e9 cependant tr\u00e8s heureux que nous ayons, ensemble, r\u00e9alis\u00e9 une op\u00e9ration remarquable parce que dans un nouveau lieu et communicant, gr\u00e2ce \u00e0 la vente aux ench\u00e8res anim\u00e9 par Jean-Charles d\u2019ORNANO, commissaire-priseur de Ch\u00e2lons-en-Champagne.<\/p>\n","protected":false},"author":1,"featured_media":8745,"comment_status":"open","ping_status":"open","sticky":false,"template":"","format":"standard","meta":{"_acf_changed":false,"_monsterinsights_skip_tracking":false,"_monsterinsights_sitenote_active":false,"_monsterinsights_sitenote_note":"","_monsterinsights_sitenote_category":0,"ngg_post_thumbnail":0,"footnotes":""},"categories":[73,74],"tags":[],"class_list":["post-8743","post","type-post","status-publish","format-standard","has-post-thumbnail","hentry","category-apei-de-meudon","category-grande-brocante-apei-de-meudon"],"acf":[],"yoast_head":"<!-- This site is optimized with the Yoast SEO plugin v27.3 - https:\/\/yoast.com\/product\/yoast-seo-wordpress\/ -->\n<title>Grande Brocante de l&#039;APEI de Meudon 2024 - La Gazette des Foyers de l&#039;APEI de Meudon<\/title>\n<meta name=\"robots\" content=\"index, follow, max-snippet:-1, max-image-preview:large, max-video-preview:-1\" \/>\n<link rel=\"canonical\" href=\"https:\/\/apeimeudon.fr\/Blog-APEI\/grande-brocante-de-lapei-de-meudon-2024\/\" \/>\n<meta property=\"og:locale\" content=\"fr_FR\" \/>\n<meta property=\"og:type\" content=\"article\" \/>\n<meta property=\"og:title\" content=\"Grande Brocante de l&#039;APEI de Meudon 2024 - La Gazette des Foyers de l&#039;APEI de Meudon\" \/>\n<meta property=\"og:description\" content=\"Chers amis, Voil\u00e0, la fin de l\u2019op\u00e9ration \u00ab&nbsp;Grande Brocante 2024&nbsp;\u00bb. Je suis, comme vous je pense, totalement \u00e9puis\u00e9 cependant tr\u00e8s heureux que nous ayons, ensemble, r\u00e9alis\u00e9 une op\u00e9ration remarquable parce que dans un nouveau lieu et communicant, gr\u00e2ce \u00e0 la vente aux ench\u00e8res anim\u00e9 par Jean-Charles d\u2019ORNANO, commissaire-priseur de Ch\u00e2lons-en-Champagne.\" \/>\n<meta property=\"og:url\" content=\"https:\/\/apeimeudon.fr\/Blog-APEI\/grande-brocante-de-lapei-de-meudon-2024\/\" \/>\n<meta property=\"og:site_name\" content=\"La Gazette des Foyers de l&#039;APEI de Meudon\" \/>\n<meta property=\"article:published_time\" content=\"2024-11-18T16:16:17+00:00\" \/>\n<meta property=\"article:modified_time\" content=\"2024-11-18T16:16:18+00:00\" \/>\n<meta property=\"og:image\" content=\"https:\/\/apeimeudon.fr\/Blog-APEI\/wp-content\/uploads\/2024\/11\/Miniature-1.jpg\" \/>\n\t<meta property=\"og:image:width\" content=\"400\" \/>\n\t<meta property=\"og:image:height\" content=\"244\" \/>\n\t<meta property=\"og:image:type\" content=\"image\/jpeg\" \/>\n<meta name=\"author\" content=\"admin\" \/>\n<meta name=\"twitter:card\" content=\"summary_large_image\" \/>\n<meta name=\"twitter:label1\" content=\"\u00c9crit par\" \/>\n\t<meta name=\"twitter:data1\" content=\"admin\" \/>\n\t<meta name=\"twitter:label2\" content=\"Dur\u00e9e de lecture estim\u00e9e\" \/>\n\t<meta name=\"twitter:data2\" content=\"2 minutes\" \/>\n<script type=\"application\/ld+json\" class=\"yoast-schema-graph\">{\"@context\":\"https:\\\/\\\/schema.org\",\"@graph\":[{\"@type\":\"Article\",\"@id\":\"https:\\\/\\\/apeimeudon.fr\\\/Blog-APEI\\\/grande-brocante-de-lapei-de-meudon-2024\\\/#article\",\"isPartOf\":{\"@id\":\"https:\\\/\\\/apeimeudon.fr\\\/Blog-APEI\\\/grande-brocante-de-lapei-de-meudon-2024\\\/\"},\"author\":{\"name\":\"admin\",\"@id\":\"https:\\\/\\\/apeimeudon.fr\\\/Blog-APEI\\\/#\\\/schema\\\/person\\\/0036ae94e919b3b6d0a126605fb77ae3\"},\"headline\":\"Grande Brocante de l&rsquo;APEI de Meudon 2024\",\"datePublished\":\"2024-11-18T16:16:17+00:00\",\"dateModified\":\"2024-11-18T16:16:18+00:00\",\"mainEntityOfPage\":{\"@id\":\"https:\\\/\\\/apeimeudon.fr\\\/Blog-APEI\\\/grande-brocante-de-lapei-de-meudon-2024\\\/\"},\"wordCount\":257,\"commentCount\":0,\"publisher\":{\"@id\":\"https:\\\/\\\/apeimeudon.fr\\\/Blog-APEI\\\/#organization\"},\"image\":{\"@id\":\"https:\\\/\\\/apeimeudon.fr\\\/Blog-APEI\\\/grande-brocante-de-lapei-de-meudon-2024\\\/#primaryimage\"},\"thumbnailUrl\":\"https:\\\/\\\/apeimeudon.fr\\\/Blog-APEI\\\/wp-content\\\/uploads\\\/2024\\\/11\\\/Miniature-1.jpg\",\"articleSection\":[\"APEI de Meudon\",\"Grande Brocante\"],\"inLanguage\":\"fr-FR\",\"potentialAction\":[{\"@type\":\"CommentAction\",\"name\":\"Comment\",\"target\":[\"https:\\\/\\\/apeimeudon.fr\\\/Blog-APEI\\\/grande-brocante-de-lapei-de-meudon-2024\\\/#respond\"]}]},{\"@type\":\"WebPage\",\"@id\":\"https:\\\/\\\/apeimeudon.fr\\\/Blog-APEI\\\/grande-brocante-de-lapei-de-meudon-2024\\\/\",\"url\":\"https:\\\/\\\/apeimeudon.fr\\\/Blog-APEI\\\/grande-brocante-de-lapei-de-meudon-2024\\\/\",\"name\":\"Grande Brocante de l'APEI de Meudon 2024 - La Gazette des Foyers de l&#039;APEI de Meudon\",\"isPartOf\":{\"@id\":\"https:\\\/\\\/apeimeudon.fr\\\/Blog-APEI\\\/#website\"},\"primaryImageOfPage\":{\"@id\":\"https:\\\/\\\/apeimeudon.fr\\\/Blog-APEI\\\/grande-brocante-de-lapei-de-meudon-2024\\\/#primaryimage\"},\"image\":{\"@id\":\"https:\\\/\\\/apeimeudon.fr\\\/Blog-APEI\\\/grande-brocante-de-lapei-de-meudon-2024\\\/#primaryimage\"},\"thumbnailUrl\":\"https:\\\/\\\/apeimeudon.fr\\\/Blog-APEI\\\/wp-content\\\/uploads\\\/2024\\\/11\\\/Miniature-1.jpg\",\"datePublished\":\"2024-11-18T16:16:17+00:00\",\"dateModified\":\"2024-11-18T16:16:18+00:00\",\"breadcrumb\":{\"@id\":\"https:\\\/\\\/apeimeudon.fr\\\/Blog-APEI\\\/grande-brocante-de-lapei-de-meudon-2024\\\/#breadcrumb\"},\"inLanguage\":\"fr-FR\",\"potentialAction\":[{\"@type\":\"ReadAction\",\"target\":[\"https:\\\/\\\/apeimeudon.fr\\\/Blog-APEI\\\/grande-brocante-de-lapei-de-meudon-2024\\\/\"]}]},{\"@type\":\"ImageObject\",\"inLanguage\":\"fr-FR\",\"@id\":\"https:\\\/\\\/apeimeudon.fr\\\/Blog-APEI\\\/grande-brocante-de-lapei-de-meudon-2024\\\/#primaryimage\",\"url\":\"https:\\\/\\\/apeimeudon.fr\\\/Blog-APEI\\\/wp-content\\\/uploads\\\/2024\\\/11\\\/Miniature-1.jpg\",\"contentUrl\":\"https:\\\/\\\/apeimeudon.fr\\\/Blog-APEI\\\/wp-content\\\/uploads\\\/2024\\\/11\\\/Miniature-1.jpg\",\"width\":400,\"height\":244},{\"@type\":\"BreadcrumbList\",\"@id\":\"https:\\\/\\\/apeimeudon.fr\\\/Blog-APEI\\\/grande-brocante-de-lapei-de-meudon-2024\\\/#breadcrumb\",\"itemListElement\":[{\"@type\":\"ListItem\",\"position\":1,\"name\":\"Accueil\",\"item\":\"https:\\\/\\\/apeimeudon.fr\\\/Blog-APEI\\\/\"},{\"@type\":\"ListItem\",\"position\":2,\"name\":\"Grande Brocante de l&rsquo;APEI de Meudon 2024\"}]},{\"@type\":\"WebSite\",\"@id\":\"https:\\\/\\\/apeimeudon.fr\\\/Blog-APEI\\\/#website\",\"url\":\"https:\\\/\\\/apeimeudon.fr\\\/Blog-APEI\\\/\",\"name\":\"La Gazette des Foyers de l&#039;APEI de Meudon\",\"description\":\"Nos diff\u00e9rences loin de nous l\u00e9ser doivent nous enrichir -  Antoine de Saint-Exup\u00e9ry\",\"publisher\":{\"@id\":\"https:\\\/\\\/apeimeudon.fr\\\/Blog-APEI\\\/#organization\"},\"potentialAction\":[{\"@type\":\"SearchAction\",\"target\":{\"@type\":\"EntryPoint\",\"urlTemplate\":\"https:\\\/\\\/apeimeudon.fr\\\/Blog-APEI\\\/?s={search_term_string}\"},\"query-input\":{\"@type\":\"PropertyValueSpecification\",\"valueRequired\":true,\"valueName\":\"search_term_string\"}}],\"inLanguage\":\"fr-FR\"},{\"@type\":\"Organization\",\"@id\":\"https:\\\/\\\/apeimeudon.fr\\\/Blog-APEI\\\/#organization\",\"name\":\"APEI de Meudon\",\"url\":\"https:\\\/\\\/apeimeudon.fr\\\/Blog-APEI\\\/\",\"logo\":{\"@type\":\"ImageObject\",\"inLanguage\":\"fr-FR\",\"@id\":\"https:\\\/\\\/apeimeudon.fr\\\/Blog-APEI\\\/#\\\/schema\\\/logo\\\/image\\\/\",\"url\":\"https:\\\/\\\/apeimeudon.fr\\\/Blog-APEI\\\/wp-content\\\/uploads\\\/2017\\\/10\\\/Icone-APEI.png\",\"contentUrl\":\"https:\\\/\\\/apeimeudon.fr\\\/Blog-APEI\\\/wp-content\\\/uploads\\\/2017\\\/10\\\/Icone-APEI.png\",\"width\":128,\"height\":128,\"caption\":\"APEI de Meudon\"},\"image\":{\"@id\":\"https:\\\/\\\/apeimeudon.fr\\\/Blog-APEI\\\/#\\\/schema\\\/logo\\\/image\\\/\"}},{\"@type\":\"Person\",\"@id\":\"https:\\\/\\\/apeimeudon.fr\\\/Blog-APEI\\\/#\\\/schema\\\/person\\\/0036ae94e919b3b6d0a126605fb77ae3\",\"name\":\"admin\",\"image\":{\"@type\":\"ImageObject\",\"inLanguage\":\"fr-FR\",\"@id\":\"https:\\\/\\\/secure.gravatar.com\\\/avatar\\\/7126bead2c4dec8de61bb2e929eb8883a3bfc2d631934833b3e8d2ebc4a183a3?s=96&d=mm&r=g\",\"url\":\"https:\\\/\\\/secure.gravatar.com\\\/avatar\\\/7126bead2c4dec8de61bb2e929eb8883a3bfc2d631934833b3e8d2ebc4a183a3?s=96&d=mm&r=g\",\"contentUrl\":\"https:\\\/\\\/secure.gravatar.com\\\/avatar\\\/7126bead2c4dec8de61bb2e929eb8883a3bfc2d631934833b3e8d2ebc4a183a3?s=96&d=mm&r=g\",\"caption\":\"admin\"},\"url\":\"https:\\\/\\\/apeimeudon.fr\\\/Blog-APEI\\\/author\\\/admin\\\/\"}]}<\/script>\n<!-- \/ Yoast SEO plugin. -->","yoast_head_json":{"title":"Grande Brocante de l'APEI de Meudon 2024 - La Gazette des Foyers de l&#039;APEI de Meudon","robots":{"index":"index","follow":"follow","max-snippet":"max-snippet:-1","max-image-preview":"max-image-preview:large","max-video-preview":"max-video-preview:-1"},"canonical":"https:\/\/apeimeudon.fr\/Blog-APEI\/grande-brocante-de-lapei-de-meudon-2024\/","og_locale":"fr_FR","og_type":"article","og_title":"Grande Brocante de l'APEI de Meudon 2024 - La Gazette des Foyers de l&#039;APEI de Meudon","og_description":"Chers amis, Voil\u00e0, la fin de l\u2019op\u00e9ration \u00ab&nbsp;Grande Brocante 2024&nbsp;\u00bb. Je suis, comme vous je pense, totalement \u00e9puis\u00e9 cependant tr\u00e8s heureux que nous ayons, ensemble, r\u00e9alis\u00e9 une op\u00e9ration remarquable parce que dans un nouveau lieu et communicant, gr\u00e2ce \u00e0 la vente aux ench\u00e8res anim\u00e9 par Jean-Charles d\u2019ORNANO, commissaire-priseur de Ch\u00e2lons-en-Champagne.","og_url":"https:\/\/apeimeudon.fr\/Blog-APEI\/grande-brocante-de-lapei-de-meudon-2024\/","og_site_name":"La Gazette des Foyers de l&#039;APEI de Meudon","article_published_time":"2024-11-18T16:16:17+00:00","article_modified_time":"2024-11-18T16:16:18+00:00","og_image":[{"width":400,"height":244,"url":"https:\/\/apeimeudon.fr\/Blog-APEI\/wp-content\/uploads\/2024\/11\/Miniature-1.jpg","type":"image\/jpeg"}],"author":"admin","twitter_card":"summary_large_image","twitter_misc":{"\u00c9crit par":"admin","Dur\u00e9e de lecture estim\u00e9e":"2 minutes"},"schema":{"@context":"https:\/\/schema.org","@graph":[{"@type":"Article","@id":"https:\/\/apeimeudon.fr\/Blog-APEI\/grande-brocante-de-lapei-de-meudon-2024\/#article","isPartOf":{"@id":"https:\/\/apeimeudon.fr\/Blog-APEI\/grande-brocante-de-lapei-de-meudon-2024\/"},"author":{"name":"admin","@id":"https:\/\/apeimeudon.fr\/Blog-APEI\/#\/schema\/person\/0036ae94e919b3b6d0a126605fb77ae3"},"headline":"Grande Brocante de l&rsquo;APEI de Meudon 2024","datePublished":"2024-11-18T16:16:17+00:00","dateModified":"2024-11-18T16:16:18+00:00","mainEntityOfPage":{"@id":"https:\/\/apeimeudon.fr\/Blog-APEI\/grande-brocante-de-lapei-de-meudon-2024\/"},"wordCount":257,"commentCount":0,"publisher":{"@id":"https:\/\/apeimeudon.fr\/Blog-APEI\/#organization"},"image":{"@id":"https:\/\/apeimeudon.fr\/Blog-APEI\/grande-brocante-de-lapei-de-meudon-2024\/#primaryimage"},"thumbnailUrl":"https:\/\/apeimeudon.fr\/Blog-APEI\/wp-content\/uploads\/2024\/11\/Miniature-1.jpg","articleSection":["APEI de Meudon","Grande Brocante"],"inLanguage":"fr-FR","potentialAction":[{"@type":"CommentAction","name":"Comment","target":["https:\/\/apeimeudon.fr\/Blog-APEI\/grande-brocante-de-lapei-de-meudon-2024\/#respond"]}]},{"@type":"WebPage","@id":"https:\/\/apeimeudon.fr\/Blog-APEI\/grande-brocante-de-lapei-de-meudon-2024\/","url":"https:\/\/apeimeudon.fr\/Blog-APEI\/grande-brocante-de-lapei-de-meudon-2024\/","name":"Grande Brocante de l'APEI de Meudon 2024 - La Gazette des Foyers de l&#039;APEI de Meudon","isPartOf":{"@id":"https:\/\/apeimeudon.fr\/Blog-APEI\/#website"},"primaryImageOfPage":{"@id":"https:\/\/apeimeudon.fr\/Blog-APEI\/grande-brocante-de-lapei-de-meudon-2024\/#primaryimage"},"image":{"@id":"https:\/\/apeimeudon.fr\/Blog-APEI\/grande-brocante-de-lapei-de-meudon-2024\/#primaryimage"},"thumbnailUrl":"https:\/\/apeimeudon.fr\/Blog-APEI\/wp-content\/uploads\/2024\/11\/Miniature-1.jpg","datePublished":"2024-11-18T16:16:17+00:00","dateModified":"2024-11-18T16:16:18+00:00","breadcrumb":{"@id":"https:\/\/apeimeudon.fr\/Blog-APEI\/grande-brocante-de-lapei-de-meudon-2024\/#breadcrumb"},"inLanguage":"fr-FR","potentialAction":[{"@type":"ReadAction","target":["https:\/\/apeimeudon.fr\/Blog-APEI\/grande-brocante-de-lapei-de-meudon-2024\/"]}]},{"@type":"ImageObject","inLanguage":"fr-FR","@id":"https:\/\/apeimeudon.fr\/Blog-APEI\/grande-brocante-de-lapei-de-meudon-2024\/#primaryimage","url":"https:\/\/apeimeudon.fr\/Blog-APEI\/wp-content\/uploads\/2024\/11\/Miniature-1.jpg","contentUrl":"https:\/\/apeimeudon.fr\/Blog-APEI\/wp-content\/uploads\/2024\/11\/Miniature-1.jpg","width":400,"height":244},{"@type":"BreadcrumbList","@id":"https:\/\/apeimeudon.fr\/Blog-APEI\/grande-brocante-de-lapei-de-meudon-2024\/#breadcrumb","itemListElement":[{"@type":"ListItem","position":1,"name":"Accueil","item":"https:\/\/apeimeudon.fr\/Blog-APEI\/"},{"@type":"ListItem","position":2,"name":"Grande Brocante de l&rsquo;APEI de Meudon 2024"}]},{"@type":"WebSite","@id":"https:\/\/apeimeudon.fr\/Blog-APEI\/#website","url":"https:\/\/apeimeudon.fr\/Blog-APEI\/","name":"La Gazette des Foyers de l&#039;APEI de Meudon","description":"Nos diff\u00e9rences loin de nous l\u00e9ser doivent nous enrichir -  Antoine de Saint-Exup\u00e9ry","publisher":{"@id":"https:\/\/apeimeudon.fr\/Blog-APEI\/#organization"},"potentialAction":[{"@type":"SearchAction","target":{"@type":"EntryPoint","urlTemplate":"https:\/\/apeimeudon.fr\/Blog-APEI\/?s={search_term_string}"},"query-input":{"@type":"PropertyValueSpecification","valueRequired":true,"valueName":"search_term_string"}}],"inLanguage":"fr-FR"},{"@type":"Organization","@id":"https:\/\/apeimeudon.fr\/Blog-APEI\/#organization","name":"APEI de Meudon","url":"https:\/\/apeimeudon.fr\/Blog-APEI\/","logo":{"@type":"ImageObject","inLanguage":"fr-FR","@id":"https:\/\/apeimeudon.fr\/Blog-APEI\/#\/schema\/logo\/image\/","url":"https:\/\/apeimeudon.fr\/Blog-APEI\/wp-content\/uploads\/2017\/10\/Icone-APEI.png","contentUrl":"https:\/\/apeimeudon.fr\/Blog-APEI\/wp-content\/uploads\/2017\/10\/Icone-APEI.png","width":128,"height":128,"caption":"APEI de Meudon"},"image":{"@id":"https:\/\/apeimeudon.fr\/Blog-APEI\/#\/schema\/logo\/image\/"}},{"@type":"Person","@id":"https:\/\/apeimeudon.fr\/Blog-APEI\/#\/schema\/person\/0036ae94e919b3b6d0a126605fb77ae3","name":"admin","image":{"@type":"ImageObject","inLanguage":"fr-FR","@id":"https:\/\/secure.gravatar.com\/avatar\/7126bead2c4dec8de61bb2e929eb8883a3bfc2d631934833b3e8d2ebc4a183a3?s=96&d=mm&r=g","url":"https:\/\/secure.gravatar.com\/avatar\/7126bead2c4dec8de61bb2e929eb8883a3bfc2d631934833b3e8d2ebc4a183a3?s=96&d=mm&r=g","contentUrl":"https:\/\/secure.gravatar.com\/avatar\/7126bead2c4dec8de61bb2e929eb8883a3bfc2d631934833b3e8d2ebc4a183a3?s=96&d=mm&r=g","caption":"admin"},"url":"https:\/\/apeimeudon.fr\/Blog-APEI\/author\/admin\/"}]}},"_links":{"self":[{"href":"https:\/\/apeimeudon.fr\/Blog-APEI\/wp-json\/wp\/v2\/posts\/8743","targetHints":{"allow":["GET"]}}],"collection":[{"href":"https:\/\/apeimeudon.fr\/Blog-APEI\/wp-json\/wp\/v2\/posts"}],"about":[{"href":"https:\/\/apeimeudon.fr\/Blog-APEI\/wp-json\/wp\/v2\/types\/post"}],"author":[{"embeddable":true,"href":"https:\/\/apeimeudon.fr\/Blog-APEI\/wp-json\/wp\/v2\/users\/1"}],"replies":[{"embeddable":true,"href":"https:\/\/apeimeudon.fr\/Blog-APEI\/wp-json\/wp\/v2\/comments?post=8743"}],"version-history":[{"count":5,"href":"https:\/\/apeimeudon.fr\/Blog-APEI\/wp-json\/wp\/v2\/posts\/8743\/revisions"}],"predecessor-version":[{"id":8762,"href":"https:\/\/apeimeudon.fr\/Blog-APEI\/wp-json\/wp\/v2\/posts\/8743\/revisions\/8762"}],"wp:featuredmedia":[{"embeddable":true,"href":"https:\/\/apeimeudon.fr\/Blog-APEI\/wp-json\/wp\/v2\/media\/8745"}],"wp:attachment":[{"href":"https:\/\/apeimeudon.fr\/Blog-APEI\/wp-json\/wp\/v2\/media?parent=8743"}],"wp:term":[{"taxonomy":"category","embeddable":true,"href":"https:\/\/apeimeudon.fr\/Blog-APEI\/wp-json\/wp\/v2\/categories?post=8743"},{"taxonomy":"post_tag","embeddable":true,"href":"https:\/\/apeimeudon.fr\/Blog-APEI\/wp-json\/wp\/v2\/tags?post=8743"}],"curies":[{"name":"wp","href":"https:\/\/api.w.org\/{rel}","templated":true}]}}