{"id":9963,"date":"2025-05-05T18:36:50","date_gmt":"2025-05-05T16:36:50","guid":{"rendered":"https:\/\/apeimeudon.fr\/Blog-APEI\/?p=9963"},"modified":"2025-05-06T01:36:37","modified_gmt":"2025-05-05T23:36:37","slug":"transfert-en-normandie","status":"publish","type":"post","link":"https:\/\/apeimeudon.fr\/Blog-APEI\/transfert-en-normandie\/","title":{"rendered":"Transfert en Normandie"},"content":{"rendered":"\n<p>Nous sommes partis 3 jours et 2 nuits en transfert \u00e0 Etretat et F\u00e9camp avec les r\u00e9sidents. Pour l\u2019occasion, nous avons r\u00e9serv\u00e9 3 mobil homes dans un camping !<\/p>\n\n\n\n<!--more-->\n\n\n\n<p class=\"has-text-align-left\"><br><strong>Au programme :<br><\/strong><br><strong>Jeudi<\/strong> : Nous sommes arriv\u00e9s en fin de matin\u00e9e \u00e0 Etretat, o\u00f9 le soleil nous attendait. Nous avons profit\u00e9 de la mer et nous nous sommes baign\u00e9s ! Apr\u00e8s \u00e7a, nous avons pique-niqu\u00e9 sur la plage. Ensuite, nous sommes mont\u00e9s en haut de la falaise o\u00f9 nous avons eu une superbe vue. Apr\u00e8s \u00eatre redescendus, nous nous sommes arr\u00eat\u00e9s pour le go\u00fbter chez un glacier artisanal o\u00f9 nous avons pu d\u00e9guster de bonnes glaces. Nous avons ensuite rejoint le camping o\u00f9 nous nous sommes install\u00e9s et nous avons profit\u00e9 de la piscine chauff\u00e9e avant de partir \u00e0 F\u00e9camp manger une bonne pizza !<\/p>\n\n\n\n<p><\/p>\n\n\n\n<figure class=\"wp-block-video aligncenter\"><video controls src=\"http:\/\/apeimeudon.fr\/Blog-APEI\/wp-content\/uploads\/2025\/05\/Transfert-Jeudi.mp4\"><\/video><figcaption class=\"wp-element-caption\"><strong><em>Journ\u00e9e de Jeudi<\/em><\/strong><\/figcaption><\/figure>\n\n\n\n<p class=\"has-text-align-left\"><\/p>\n\n\n\n<p class=\"has-text-align-left\"><br><br><strong>Vendredi <\/strong>: Nous avons profit\u00e9 de la piscine jusqu\u2019en d\u00e9but d\u2019apr\u00e8s-midi. Nous sommes ensuite partis \u00e0 F\u00e9camp pour une sortie en mer o\u00f9 nous avons pu devenir de vrais matelots ! Ce fut une tr\u00e8s bonne exp\u00e9rience. Ensuite, nous sommes all\u00e9s manger au restaurant La Boucane !<\/p>\n\n\n\n<p><\/p>\n\n\n\n<figure class=\"wp-block-video aligncenter\"><video controls src=\"http:\/\/apeimeudon.fr\/Blog-APEI\/wp-content\/uploads\/2025\/05\/Transfert-Vendredi.mp4\"><\/video><figcaption class=\"wp-element-caption\"><strong><em>Journ\u00e9e de Vendredi<\/em><\/strong><\/figcaption><\/figure>\n\n\n\n<p><\/p>\n\n\n\n<p class=\"has-text-align-left\"><br><br><strong>Samedi<\/strong> : Le beau temps nous avait quitt\u00e9, mais nous avions gard\u00e9 le moral ! Nous sommes repartis \u00e0 Etretat et nous avons march\u00e9 jusqu\u2019\u00e0 la grotte d\u2019Etretat aussi appel\u00e9 le Trou \u00e0 l\u2019homme. Apr\u00e8s un bon repas, nous sommes partis au mus\u00e9e Les P\u00eacheries \u00e0 F\u00e9camp o\u00f9 nous avons fait un jeu de piste !<\/p>\n\n\n\n<p><\/p>\n\n\n\n<figure class=\"wp-block-video aligncenter\"><video controls src=\"http:\/\/apeimeudon.fr\/Blog-APEI\/wp-content\/uploads\/2025\/05\/Transfert-Samedi.mp4\"><\/video><figcaption class=\"wp-element-caption\"><strong><em>Journ\u00e9e de Samedi<\/em><\/strong><\/figcaption><\/figure>\n\n\n\n<p><\/p>\n\n\n\n<p class=\"has-text-align-left\"><br><br>Ce transfert nous a tous beaucoup plu ! Les r\u00e9sidents ont appr\u00e9ci\u00e9 les activit\u00e9s, la piscine au camping, manger \u00e0 l\u2019ext\u00e9rieur et passer du temps \u00e0 la mer !<br><\/p>\n\n\n\n<p class=\"has-text-align-right\">\u00c9quipe foyer Fleury<\/p>\n\n\n\n<p class=\"has-text-align-center\"><strong><em>Un petit reportage photographique de notre transfert :<\/em><\/strong><\/p>\n\n\n\nngg_shortcode_0_placeholder\n\n\n\n<p><\/p>\n","protected":false},"excerpt":{"rendered":"<p>Nous sommes partis 3 jours et 2 nuits en transfert \u00e0 Etretat et F\u00e9camp avec les r\u00e9sidents. Pour l\u2019occasion, nous avons r\u00e9serv\u00e9 3 mobil homes dans un camping !<\/p>\n","protected":false},"author":2,"featured_media":9965,"comment_status":"open","ping_status":"open","sticky":false,"template":"","format":"standard","meta":{"_acf_changed":false,"_monsterinsights_skip_tracking":false,"_monsterinsights_sitenote_active":false,"_monsterinsights_sitenote_note":"","_monsterinsights_sitenote_category":0,"ngg_post_thumbnail":0,"footnotes":""},"categories":[32,51],"tags":[],"class_list":["post-9963","post","type-post","status-publish","format-standard","has-post-thumbnail","hentry","category-foyer-fleury","category-transfert"],"acf":[],"yoast_head":"<!-- This site is optimized with the Yoast SEO plugin v27.3 - https:\/\/yoast.com\/product\/yoast-seo-wordpress\/ -->\n<title>Transfert en Normandie - La Gazette des Foyers de l&#039;APEI de Meudon<\/title>\n<meta name=\"robots\" content=\"index, follow, max-snippet:-1, max-image-preview:large, max-video-preview:-1\" \/>\n<link rel=\"canonical\" href=\"https:\/\/apeimeudon.fr\/Blog-APEI\/transfert-en-normandie\/\" \/>\n<meta property=\"og:locale\" content=\"fr_FR\" \/>\n<meta property=\"og:type\" content=\"article\" \/>\n<meta property=\"og:title\" content=\"Transfert en Normandie - La Gazette des Foyers de l&#039;APEI de Meudon\" \/>\n<meta property=\"og:description\" content=\"Nous sommes partis 3 jours et 2 nuits en transfert \u00e0 Etretat et F\u00e9camp avec les r\u00e9sidents. Pour l\u2019occasion, nous avons r\u00e9serv\u00e9 3 mobil homes dans un camping !\" \/>\n<meta property=\"og:url\" content=\"https:\/\/apeimeudon.fr\/Blog-APEI\/transfert-en-normandie\/\" \/>\n<meta property=\"og:site_name\" content=\"La Gazette des Foyers de l&#039;APEI de Meudon\" \/>\n<meta property=\"article:published_time\" content=\"2025-05-05T16:36:50+00:00\" \/>\n<meta property=\"article:modified_time\" content=\"2025-05-05T23:36:37+00:00\" \/>\n<meta property=\"og:image\" content=\"https:\/\/apeimeudon.fr\/Blog-APEI\/wp-content\/uploads\/2025\/05\/Miniature-1.jpg\" \/>\n\t<meta property=\"og:image:width\" content=\"400\" \/>\n\t<meta property=\"og:image:height\" content=\"214\" \/>\n\t<meta property=\"og:image:type\" content=\"image\/jpeg\" \/>\n<meta name=\"author\" content=\"Equipe r\u00e9dactionnelle Foyer FLEURY\" \/>\n<meta name=\"twitter:card\" content=\"summary_large_image\" \/>\n<meta name=\"twitter:label1\" content=\"\u00c9crit par\" \/>\n\t<meta name=\"twitter:data1\" content=\"Equipe r\u00e9dactionnelle Foyer FLEURY\" \/>\n\t<meta name=\"twitter:label2\" content=\"Dur\u00e9e de lecture estim\u00e9e\" \/>\n\t<meta name=\"twitter:data2\" content=\"2 minutes\" \/>\n<script type=\"application\/ld+json\" class=\"yoast-schema-graph\">{\"@context\":\"https:\\\/\\\/schema.org\",\"@graph\":[{\"@type\":\"Article\",\"@id\":\"https:\\\/\\\/apeimeudon.fr\\\/Blog-APEI\\\/transfert-en-normandie\\\/#article\",\"isPartOf\":{\"@id\":\"https:\\\/\\\/apeimeudon.fr\\\/Blog-APEI\\\/transfert-en-normandie\\\/\"},\"author\":{\"name\":\"Equipe r\u00e9dactionnelle Foyer FLEURY\",\"@id\":\"https:\\\/\\\/apeimeudon.fr\\\/Blog-APEI\\\/#\\\/schema\\\/person\\\/a81a31019e8af8065790f5c6acfdc547\"},\"headline\":\"Transfert en Normandie\",\"datePublished\":\"2025-05-05T16:36:50+00:00\",\"dateModified\":\"2025-05-05T23:36:37+00:00\",\"mainEntityOfPage\":{\"@id\":\"https:\\\/\\\/apeimeudon.fr\\\/Blog-APEI\\\/transfert-en-normandie\\\/\"},\"wordCount\":310,\"commentCount\":3,\"publisher\":{\"@id\":\"https:\\\/\\\/apeimeudon.fr\\\/Blog-APEI\\\/#organization\"},\"image\":{\"@id\":\"https:\\\/\\\/apeimeudon.fr\\\/Blog-APEI\\\/transfert-en-normandie\\\/#primaryimage\"},\"thumbnailUrl\":\"https:\\\/\\\/apeimeudon.fr\\\/Blog-APEI\\\/wp-content\\\/uploads\\\/2025\\\/05\\\/Miniature-1.jpg\",\"articleSection\":[\"Foyer Fleury\",\"Transfert\"],\"inLanguage\":\"fr-FR\",\"potentialAction\":[{\"@type\":\"CommentAction\",\"name\":\"Comment\",\"target\":[\"https:\\\/\\\/apeimeudon.fr\\\/Blog-APEI\\\/transfert-en-normandie\\\/#respond\"]}]},{\"@type\":\"WebPage\",\"@id\":\"https:\\\/\\\/apeimeudon.fr\\\/Blog-APEI\\\/transfert-en-normandie\\\/\",\"url\":\"https:\\\/\\\/apeimeudon.fr\\\/Blog-APEI\\\/transfert-en-normandie\\\/\",\"name\":\"Transfert en Normandie - La Gazette des Foyers de l&#039;APEI de Meudon\",\"isPartOf\":{\"@id\":\"https:\\\/\\\/apeimeudon.fr\\\/Blog-APEI\\\/#website\"},\"primaryImageOfPage\":{\"@id\":\"https:\\\/\\\/apeimeudon.fr\\\/Blog-APEI\\\/transfert-en-normandie\\\/#primaryimage\"},\"image\":{\"@id\":\"https:\\\/\\\/apeimeudon.fr\\\/Blog-APEI\\\/transfert-en-normandie\\\/#primaryimage\"},\"thumbnailUrl\":\"https:\\\/\\\/apeimeudon.fr\\\/Blog-APEI\\\/wp-content\\\/uploads\\\/2025\\\/05\\\/Miniature-1.jpg\",\"datePublished\":\"2025-05-05T16:36:50+00:00\",\"dateModified\":\"2025-05-05T23:36:37+00:00\",\"breadcrumb\":{\"@id\":\"https:\\\/\\\/apeimeudon.fr\\\/Blog-APEI\\\/transfert-en-normandie\\\/#breadcrumb\"},\"inLanguage\":\"fr-FR\",\"potentialAction\":[{\"@type\":\"ReadAction\",\"target\":[\"https:\\\/\\\/apeimeudon.fr\\\/Blog-APEI\\\/transfert-en-normandie\\\/\"]}]},{\"@type\":\"ImageObject\",\"inLanguage\":\"fr-FR\",\"@id\":\"https:\\\/\\\/apeimeudon.fr\\\/Blog-APEI\\\/transfert-en-normandie\\\/#primaryimage\",\"url\":\"https:\\\/\\\/apeimeudon.fr\\\/Blog-APEI\\\/wp-content\\\/uploads\\\/2025\\\/05\\\/Miniature-1.jpg\",\"contentUrl\":\"https:\\\/\\\/apeimeudon.fr\\\/Blog-APEI\\\/wp-content\\\/uploads\\\/2025\\\/05\\\/Miniature-1.jpg\",\"width\":400,\"height\":214},{\"@type\":\"BreadcrumbList\",\"@id\":\"https:\\\/\\\/apeimeudon.fr\\\/Blog-APEI\\\/transfert-en-normandie\\\/#breadcrumb\",\"itemListElement\":[{\"@type\":\"ListItem\",\"position\":1,\"name\":\"Accueil\",\"item\":\"https:\\\/\\\/apeimeudon.fr\\\/Blog-APEI\\\/\"},{\"@type\":\"ListItem\",\"position\":2,\"name\":\"Transfert en Normandie\"}]},{\"@type\":\"WebSite\",\"@id\":\"https:\\\/\\\/apeimeudon.fr\\\/Blog-APEI\\\/#website\",\"url\":\"https:\\\/\\\/apeimeudon.fr\\\/Blog-APEI\\\/\",\"name\":\"La Gazette des Foyers de l&#039;APEI de Meudon\",\"description\":\"Nos diff\u00e9rences loin de nous l\u00e9ser doivent nous enrichir -  Antoine de Saint-Exup\u00e9ry\",\"publisher\":{\"@id\":\"https:\\\/\\\/apeimeudon.fr\\\/Blog-APEI\\\/#organization\"},\"potentialAction\":[{\"@type\":\"SearchAction\",\"target\":{\"@type\":\"EntryPoint\",\"urlTemplate\":\"https:\\\/\\\/apeimeudon.fr\\\/Blog-APEI\\\/?s={search_term_string}\"},\"query-input\":{\"@type\":\"PropertyValueSpecification\",\"valueRequired\":true,\"valueName\":\"search_term_string\"}}],\"inLanguage\":\"fr-FR\"},{\"@type\":\"Organization\",\"@id\":\"https:\\\/\\\/apeimeudon.fr\\\/Blog-APEI\\\/#organization\",\"name\":\"APEI de Meudon\",\"url\":\"https:\\\/\\\/apeimeudon.fr\\\/Blog-APEI\\\/\",\"logo\":{\"@type\":\"ImageObject\",\"inLanguage\":\"fr-FR\",\"@id\":\"https:\\\/\\\/apeimeudon.fr\\\/Blog-APEI\\\/#\\\/schema\\\/logo\\\/image\\\/\",\"url\":\"https:\\\/\\\/apeimeudon.fr\\\/Blog-APEI\\\/wp-content\\\/uploads\\\/2017\\\/10\\\/Icone-APEI.png\",\"contentUrl\":\"https:\\\/\\\/apeimeudon.fr\\\/Blog-APEI\\\/wp-content\\\/uploads\\\/2017\\\/10\\\/Icone-APEI.png\",\"width\":128,\"height\":128,\"caption\":\"APEI de Meudon\"},\"image\":{\"@id\":\"https:\\\/\\\/apeimeudon.fr\\\/Blog-APEI\\\/#\\\/schema\\\/logo\\\/image\\\/\"}},{\"@type\":\"Person\",\"@id\":\"https:\\\/\\\/apeimeudon.fr\\\/Blog-APEI\\\/#\\\/schema\\\/person\\\/a81a31019e8af8065790f5c6acfdc547\",\"name\":\"Equipe r\u00e9dactionnelle Foyer FLEURY\",\"image\":{\"@type\":\"ImageObject\",\"inLanguage\":\"fr-FR\",\"@id\":\"https:\\\/\\\/secure.gravatar.com\\\/avatar\\\/077b0b63c066e0ecf5a8ce55f379e3e6cc4cee7cb3fc656a19335177af2035da?s=96&d=mm&r=g\",\"url\":\"https:\\\/\\\/secure.gravatar.com\\\/avatar\\\/077b0b63c066e0ecf5a8ce55f379e3e6cc4cee7cb3fc656a19335177af2035da?s=96&d=mm&r=g\",\"contentUrl\":\"https:\\\/\\\/secure.gravatar.com\\\/avatar\\\/077b0b63c066e0ecf5a8ce55f379e3e6cc4cee7cb3fc656a19335177af2035da?s=96&d=mm&r=g\",\"caption\":\"Equipe r\u00e9dactionnelle Foyer FLEURY\"},\"url\":\"https:\\\/\\\/apeimeudon.fr\\\/Blog-APEI\\\/author\\\/fleury\\\/\"}]}<\/script>\n<!-- \/ Yoast SEO plugin. -->","yoast_head_json":{"title":"Transfert en Normandie - La Gazette des Foyers de l&#039;APEI de Meudon","robots":{"index":"index","follow":"follow","max-snippet":"max-snippet:-1","max-image-preview":"max-image-preview:large","max-video-preview":"max-video-preview:-1"},"canonical":"https:\/\/apeimeudon.fr\/Blog-APEI\/transfert-en-normandie\/","og_locale":"fr_FR","og_type":"article","og_title":"Transfert en Normandie - La Gazette des Foyers de l&#039;APEI de Meudon","og_description":"Nous sommes partis 3 jours et 2 nuits en transfert \u00e0 Etretat et F\u00e9camp avec les r\u00e9sidents. Pour l\u2019occasion, nous avons r\u00e9serv\u00e9 3 mobil homes dans un camping !","og_url":"https:\/\/apeimeudon.fr\/Blog-APEI\/transfert-en-normandie\/","og_site_name":"La Gazette des Foyers de l&#039;APEI de Meudon","article_published_time":"2025-05-05T16:36:50+00:00","article_modified_time":"2025-05-05T23:36:37+00:00","og_image":[{"width":400,"height":214,"url":"https:\/\/apeimeudon.fr\/Blog-APEI\/wp-content\/uploads\/2025\/05\/Miniature-1.jpg","type":"image\/jpeg"}],"author":"Equipe r\u00e9dactionnelle Foyer FLEURY","twitter_card":"summary_large_image","twitter_misc":{"\u00c9crit par":"Equipe r\u00e9dactionnelle Foyer FLEURY","Dur\u00e9e de lecture estim\u00e9e":"2 minutes"},"schema":{"@context":"https:\/\/schema.org","@graph":[{"@type":"Article","@id":"https:\/\/apeimeudon.fr\/Blog-APEI\/transfert-en-normandie\/#article","isPartOf":{"@id":"https:\/\/apeimeudon.fr\/Blog-APEI\/transfert-en-normandie\/"},"author":{"name":"Equipe r\u00e9dactionnelle Foyer FLEURY","@id":"https:\/\/apeimeudon.fr\/Blog-APEI\/#\/schema\/person\/a81a31019e8af8065790f5c6acfdc547"},"headline":"Transfert en Normandie","datePublished":"2025-05-05T16:36:50+00:00","dateModified":"2025-05-05T23:36:37+00:00","mainEntityOfPage":{"@id":"https:\/\/apeimeudon.fr\/Blog-APEI\/transfert-en-normandie\/"},"wordCount":310,"commentCount":3,"publisher":{"@id":"https:\/\/apeimeudon.fr\/Blog-APEI\/#organization"},"image":{"@id":"https:\/\/apeimeudon.fr\/Blog-APEI\/transfert-en-normandie\/#primaryimage"},"thumbnailUrl":"https:\/\/apeimeudon.fr\/Blog-APEI\/wp-content\/uploads\/2025\/05\/Miniature-1.jpg","articleSection":["Foyer Fleury","Transfert"],"inLanguage":"fr-FR","potentialAction":[{"@type":"CommentAction","name":"Comment","target":["https:\/\/apeimeudon.fr\/Blog-APEI\/transfert-en-normandie\/#respond"]}]},{"@type":"WebPage","@id":"https:\/\/apeimeudon.fr\/Blog-APEI\/transfert-en-normandie\/","url":"https:\/\/apeimeudon.fr\/Blog-APEI\/transfert-en-normandie\/","name":"Transfert en Normandie - La Gazette des Foyers de l&#039;APEI de Meudon","isPartOf":{"@id":"https:\/\/apeimeudon.fr\/Blog-APEI\/#website"},"primaryImageOfPage":{"@id":"https:\/\/apeimeudon.fr\/Blog-APEI\/transfert-en-normandie\/#primaryimage"},"image":{"@id":"https:\/\/apeimeudon.fr\/Blog-APEI\/transfert-en-normandie\/#primaryimage"},"thumbnailUrl":"https:\/\/apeimeudon.fr\/Blog-APEI\/wp-content\/uploads\/2025\/05\/Miniature-1.jpg","datePublished":"2025-05-05T16:36:50+00:00","dateModified":"2025-05-05T23:36:37+00:00","breadcrumb":{"@id":"https:\/\/apeimeudon.fr\/Blog-APEI\/transfert-en-normandie\/#breadcrumb"},"inLanguage":"fr-FR","potentialAction":[{"@type":"ReadAction","target":["https:\/\/apeimeudon.fr\/Blog-APEI\/transfert-en-normandie\/"]}]},{"@type":"ImageObject","inLanguage":"fr-FR","@id":"https:\/\/apeimeudon.fr\/Blog-APEI\/transfert-en-normandie\/#primaryimage","url":"https:\/\/apeimeudon.fr\/Blog-APEI\/wp-content\/uploads\/2025\/05\/Miniature-1.jpg","contentUrl":"https:\/\/apeimeudon.fr\/Blog-APEI\/wp-content\/uploads\/2025\/05\/Miniature-1.jpg","width":400,"height":214},{"@type":"BreadcrumbList","@id":"https:\/\/apeimeudon.fr\/Blog-APEI\/transfert-en-normandie\/#breadcrumb","itemListElement":[{"@type":"ListItem","position":1,"name":"Accueil","item":"https:\/\/apeimeudon.fr\/Blog-APEI\/"},{"@type":"ListItem","position":2,"name":"Transfert en Normandie"}]},{"@type":"WebSite","@id":"https:\/\/apeimeudon.fr\/Blog-APEI\/#website","url":"https:\/\/apeimeudon.fr\/Blog-APEI\/","name":"La Gazette des Foyers de l&#039;APEI de Meudon","description":"Nos diff\u00e9rences loin de nous l\u00e9ser doivent nous enrichir -  Antoine de Saint-Exup\u00e9ry","publisher":{"@id":"https:\/\/apeimeudon.fr\/Blog-APEI\/#organization"},"potentialAction":[{"@type":"SearchAction","target":{"@type":"EntryPoint","urlTemplate":"https:\/\/apeimeudon.fr\/Blog-APEI\/?s={search_term_string}"},"query-input":{"@type":"PropertyValueSpecification","valueRequired":true,"valueName":"search_term_string"}}],"inLanguage":"fr-FR"},{"@type":"Organization","@id":"https:\/\/apeimeudon.fr\/Blog-APEI\/#organization","name":"APEI de Meudon","url":"https:\/\/apeimeudon.fr\/Blog-APEI\/","logo":{"@type":"ImageObject","inLanguage":"fr-FR","@id":"https:\/\/apeimeudon.fr\/Blog-APEI\/#\/schema\/logo\/image\/","url":"https:\/\/apeimeudon.fr\/Blog-APEI\/wp-content\/uploads\/2017\/10\/Icone-APEI.png","contentUrl":"https:\/\/apeimeudon.fr\/Blog-APEI\/wp-content\/uploads\/2017\/10\/Icone-APEI.png","width":128,"height":128,"caption":"APEI de Meudon"},"image":{"@id":"https:\/\/apeimeudon.fr\/Blog-APEI\/#\/schema\/logo\/image\/"}},{"@type":"Person","@id":"https:\/\/apeimeudon.fr\/Blog-APEI\/#\/schema\/person\/a81a31019e8af8065790f5c6acfdc547","name":"Equipe r\u00e9dactionnelle Foyer FLEURY","image":{"@type":"ImageObject","inLanguage":"fr-FR","@id":"https:\/\/secure.gravatar.com\/avatar\/077b0b63c066e0ecf5a8ce55f379e3e6cc4cee7cb3fc656a19335177af2035da?s=96&d=mm&r=g","url":"https:\/\/secure.gravatar.com\/avatar\/077b0b63c066e0ecf5a8ce55f379e3e6cc4cee7cb3fc656a19335177af2035da?s=96&d=mm&r=g","contentUrl":"https:\/\/secure.gravatar.com\/avatar\/077b0b63c066e0ecf5a8ce55f379e3e6cc4cee7cb3fc656a19335177af2035da?s=96&d=mm&r=g","caption":"Equipe r\u00e9dactionnelle Foyer FLEURY"},"url":"https:\/\/apeimeudon.fr\/Blog-APEI\/author\/fleury\/"}]}},"_links":{"self":[{"href":"https:\/\/apeimeudon.fr\/Blog-APEI\/wp-json\/wp\/v2\/posts\/9963","targetHints":{"allow":["GET"]}}],"collection":[{"href":"https:\/\/apeimeudon.fr\/Blog-APEI\/wp-json\/wp\/v2\/posts"}],"about":[{"href":"https:\/\/apeimeudon.fr\/Blog-APEI\/wp-json\/wp\/v2\/types\/post"}],"author":[{"embeddable":true,"href":"https:\/\/apeimeudon.fr\/Blog-APEI\/wp-json\/wp\/v2\/users\/2"}],"replies":[{"embeddable":true,"href":"https:\/\/apeimeudon.fr\/Blog-APEI\/wp-json\/wp\/v2\/comments?post=9963"}],"version-history":[{"count":15,"href":"https:\/\/apeimeudon.fr\/Blog-APEI\/wp-json\/wp\/v2\/posts\/9963\/revisions"}],"predecessor-version":[{"id":10135,"href":"https:\/\/apeimeudon.fr\/Blog-APEI\/wp-json\/wp\/v2\/posts\/9963\/revisions\/10135"}],"wp:featuredmedia":[{"embeddable":true,"href":"https:\/\/apeimeudon.fr\/Blog-APEI\/wp-json\/wp\/v2\/media\/9965"}],"wp:attachment":[{"href":"https:\/\/apeimeudon.fr\/Blog-APEI\/wp-json\/wp\/v2\/media?parent=9963"}],"wp:term":[{"taxonomy":"category","embeddable":true,"href":"https:\/\/apeimeudon.fr\/Blog-APEI\/wp-json\/wp\/v2\/categories?post=9963"},{"taxonomy":"post_tag","embeddable":true,"href":"https:\/\/apeimeudon.fr\/Blog-APEI\/wp-json\/wp\/v2\/tags?post=9963"}],"curies":[{"name":"wp","href":"https:\/\/api.w.org\/{rel}","templated":true}]}}